{"id":3192,"date":"2019-09-18T13:49:40","date_gmt":"2019-09-18T12:49:40","guid":{"rendered":"http:\/\/montceautriathlon.com\/blog\/?p=3192"},"modified":"2019-09-18T13:49:40","modified_gmt":"2019-09-18T12:49:40","slug":"cross-triathlon-jeunes-autun-en-toute-simplicite","status":"publish","type":"post","link":"https:\/\/www.montceautriathlon.com\/blog\/2019\/09\/18\/cross-triathlon-jeunes-autun-en-toute-simplicite\/","title":{"rendered":"Cross Triathlon jeunes AUTUN  : en toute simplicit\u00e9"},"content":{"rendered":"<p><a href=\"http:\/\/montceautriathlon.com\/blog\/wp-content\/uploads\/2019\/09\/ctrosstri-autun.jpg\"><img data-attachment-id=\"3195\" data-permalink=\"https:\/\/www.montceautriathlon.com\/blog\/2019\/09\/18\/cross-triathlon-jeunes-autun-en-toute-simplicite\/ctrosstri-autun\/\" data-orig-file=\"https:\/\/www.montceautriathlon.com\/blog\/wp-content\/uploads\/2019\/09\/ctrosstri-autun.jpg\" data-orig-size=\"174,419\" data-comments-opened=\"1\" data-image-meta=\"{&quot;aperture&quot;:&quot;0&quot;,&quot;credit&quot;:&quot;&quot;,&quot;camera&quot;:&quot;&quot;,&quot;caption&quot;:&quot;&quot;,&quot;created_timestamp&quot;:&quot;0&quot;,&quot;copyright&quot;:&quot;&quot;,&quot;focal_length&quot;:&quot;0&quot;,&quot;iso&quot;:&quot;0&quot;,&quot;shutter_speed&quot;:&quot;0&quot;,&quot;title&quot;:&quot;&quot;,&quot;orientation&quot;:&quot;1&quot;}\" data-image-title=\"ctrosstri autun\" data-image-description=\"\" data-image-caption=\"\" data-medium-file=\"https:\/\/www.montceautriathlon.com\/blog\/wp-content\/uploads\/2019\/09\/ctrosstri-autun-125x300.jpg\" data-large-file=\"https:\/\/www.montceautriathlon.com\/blog\/wp-content\/uploads\/2019\/09\/ctrosstri-autun.jpg\" loading=\"lazy\" class=\" wp-image-3195 alignleft\" src=\"http:\/\/montceautriathlon.com\/blog\/wp-content\/uploads\/2019\/09\/ctrosstri-autun-125x300.jpg\" alt=\"\" width=\"108\" height=\"259\" srcset=\"https:\/\/www.montceautriathlon.com\/blog\/wp-content\/uploads\/2019\/09\/ctrosstri-autun-125x300.jpg 125w, https:\/\/www.montceautriathlon.com\/blog\/wp-content\/uploads\/2019\/09\/ctrosstri-autun.jpg 174w\" sizes=\"(max-width: 108px) 100vw, 108px\" \/><\/a>Des jeunes de trois clubs du d\u00e9partement ont fait le d\u00e9placement \u00e0 Autun ce dimanche matin pour participer \u00e0 des crosstriathlons. Une course J1, une course J2 et un animathlon au programme. Petite participation avec 26 jeunes sur les deux courses, une jolie d\u00e9l\u00e9gation de Montceau avec de\u00a0 bons r\u00e9sultats.<\/p>\n<p>Marius 1er et Antoine 2\u00e8me sur le J2G, Marine 1\u00e8re sur le J2F, Zo\u00e9 2\u00e8me et Lou 3\u00e8me sur le J1F.<\/p>\n<p>Jules, Axelle et Sarah compl\u00e8tent cette petite \u00e9quipe en J1.<\/p>\n<p>Une petite sortie sympa en toute convivialit\u00e9 !<\/p>\n<p>les r\u00e9sultats en suivant les liens : <a href=\"http:\/\/montceautriathlon.com\/blog\/wp-content\/uploads\/2019\/09\/classement-J1.pdf\" target=\"_blank\" rel=\"noopener\">classement J1<\/a> \u00a0 \u00a0 \u00a0 \u00a0 <a href=\"http:\/\/montceautriathlon.com\/blog\/wp-content\/uploads\/2019\/09\/classement-J2.pdf\" target=\"_blank\" rel=\"noopener\">classement J2<\/a><\/p>\n","protected":false},"excerpt":{"rendered":"<p>Des jeunes de trois clubs du d\u00e9partement ont fait le d\u00e9placement \u00e0 Autun ce dimanche matin pour participer \u00e0 des crosstriathlons. Une course J1, une course J2 et un animathlon au programme. Petite participation avec 26 jeunes sur les deux courses, une jolie d\u00e9l\u00e9gation de Montceau avec de\u00a0 bons r\u00e9sultats. Marius 1er et Antoine 2\u00e8me [&hellip;]<\/p>\n","protected":false},"author":5,"featured_media":0,"comment_status":"open","ping_status":"open","sticky":false,"template":"","format":"standard","meta":{"spay_email":"","jetpack_publicize_message":"","jetpack_is_tweetstorm":false},"categories":[1],"tags":[],"jetpack_featured_media_url":"","jetpack_publicize_connections":[],"jetpack_sharing_enabled":true,"jetpack_shortlink":"https:\/\/wp.me\/p8bwIy-Pu","jetpack-related-posts":[{"id":1749,"url":"https:\/\/www.montceautriathlon.com\/blog\/2018\/02\/05\/bikerun-autun-4-fevrier-2018\/","url_meta":{"origin":3192,"position":0},"title":"BIKE&#038;RUN AUTUN    4 f\u00e9vrier 2018","date":"5 f\u00e9vrier 2018","format":false,"excerpt":"Une forte participation du club avec 14 \u00e9quipes adultes et 8 \u00e9quipes jeunes \u00e0 cette huiti\u00e8me \u00e9tape du circuit Bike&Run et de belles performances \u00e0 la cl\u00e9. les r\u00e9sultats ci-dessous : course XS : 49 \u00e9quipes au d\u00e9part BONGRAND Camille LECAT Jason 1\u00e8reSE \/Homme 00:46:41 2\u00e8me\/scratch LEQUIN Ludivine GALARATTI Nicolas\u2026","rel":"","context":"Dans &quot;Non class\u00e9&quot;","img":{"alt_text":"","src":"","width":0,"height":0},"classes":[]},{"id":3201,"url":"https:\/\/www.montceautriathlon.com\/blog\/2019\/09\/24\/22-09-19triathlon-de-seurre-un-contre-la-montre-presqua-lheure\/","url_meta":{"origin":3192,"position":1},"title":"22\/09\/19,triathlon de Seurre : un contre la montre presqu&rsquo;\u00e0 l&rsquo;heure !","date":"24 septembre 2019","format":false,"excerpt":"Une petite dizaine de jeunes de l'\u00e9cole de triathlon ont r\u00e9pondu pr\u00e9sents sur les courses J1, J2 et XS ainsi que 6 adultes sur la course S en contre la montre. De bons r\u00e9sultats dans l'ensemble. Marion et Ludivine (et 1\u00e8re JUF) sur le podium f\u00e9minin, Marius et Antoine ratent\u2026","rel":"","context":"Dans &quot;Non class\u00e9&quot;","img":{"alt_text":"","src":"","width":0,"height":0},"classes":[]},{"id":2610,"url":"https:\/\/www.montceautriathlon.com\/blog\/2019\/02\/06\/3-02-2019-bike-run-dautun-les-jeunes-au-train\/","url_meta":{"origin":3192,"position":2},"title":"3\/02\/2019, Bike &#038; Run d&rsquo;Autun : les jeunes au train !","date":"6 f\u00e9vrier 2019","format":false,"excerpt":"Sept \u00e9quipes jeunes engag\u00e9es et cinq podiums ! Joli tir group\u00e9 de notre \u00e9cole de triathlon qui, ce dimanche \u00e0 Autun (sans \u00eatre hautain), n'a pas usurp\u00e9 sa septi\u00e8me place du classement 2018 des 26 \u00e9coles de triathlon de la r\u00e9gion. Bravo les jeunes et good job Sophie ! Quant\u2026","rel":"","context":"Dans &quot;Non class\u00e9&quot;","img":{"alt_text":"","src":"https:\/\/i2.wp.com\/montceautriathlon.com\/blog\/wp-content\/uploads\/2019\/02\/autun-pleins-feux-sur-le-bike-and-run-d-autun-triathlon-125438-300x200.jpg?resize=350%2C200","width":350,"height":200},"classes":[]},{"id":5395,"url":"https:\/\/www.montceautriathlon.com\/blog\/2022\/10\/15\/9-octobre-1er-triathlon-bressan-montceau-triathlon-a-decouvert-cette-nouvelle-epreuve-10-km-de-dole-pascal-sur-le-podium\/","url_meta":{"origin":3192,"position":3},"title":"9 octobre, 1er triathlon bressan : Montceau Triathlon a d\u00e9couvert cette nouvelle \u00e9preuve.                                                          10 km de D\u00f4le : Pascal sur le podium.","date":"15 octobre 2022","format":false,"excerpt":"Le Club Nautique de Louhans organisait le week-end dernier son premier triathlon avec natation en piscine. Course classique pour les J1 et J2 et contre la montre individuel pour les courses S et XS. Quelques podiums pour les jeunes et premi\u00e8re comp\u00e9tition sous les couleurs du club pour Simon Devoille\u2026","rel":"","context":"Dans &quot;Non class\u00e9&quot;","img":{"alt_text":"","src":"https:\/\/i0.wp.com\/www.montceautriathlon.com\/blog\/wp-content\/uploads\/2022\/10\/IMG-20221010-WA0004.jpg?resize=350%2C200&ssl=1","width":350,"height":200},"classes":[]},{"id":1927,"url":"https:\/\/www.montceautriathlon.com\/blog\/2018\/04\/30\/triathlon-metal-valley-montbard-29-04-2018\/","url_meta":{"origin":3192,"position":4},"title":"Triathlon M\u00e9tal Valley MONTBARD 29\/04\/2018","date":"30 avril 2018","format":false,"excerpt":"Une forte et jeune \u00e9quipe du club s'est d\u00e9plac\u00e9e ce week-end \u00e0 Montbard. Une belle colonie de benjamin(e)s et de pupilles avec pour certains leur premier vrai triathlon. De beaux r\u00e9sultats ! Mention sp\u00e9ciale \u00e0 Marius Grivault 3\u00e8me Benjamin sur le XS avec une belle 16\u00e8me place au scratch sur\u2026","rel":"","context":"Dans &quot;Non class\u00e9&quot;","img":{"alt_text":"","src":"","width":0,"height":0},"classes":[]},{"id":1983,"url":"https:\/\/www.montceautriathlon.com\/blog\/2018\/06\/06\/week-end-du-2-et-3-juin\/","url_meta":{"origin":3192,"position":5},"title":"week-end du 2 et 3 juin","date":"6 juin 2018","format":false,"excerpt":"Week-end omnisport au programme avec des triathl\u00e8tes sur tous les fronts : du triathlon,\u00a0 du\u00a0 Raid \u00e0 Autun(rien \u00e0 voir avec le GIGN) et une 4\u00e8me place en mixte pour Sammy Marc et Catherine Mauro , de la course p\u00e9destre \u00e0 Paray et du swimrun\u00a0 \u00e0 Montrevel ! Certains de\u2026","rel":"","context":"Dans &quot;Non class\u00e9&quot;","img":{"alt_text":"","src":"","width":0,"height":0},"classes":[]}],"_links":{"self":[{"href":"https:\/\/www.montceautriathlon.com\/blog\/wp-json\/wp\/v2\/posts\/3192"}],"collection":[{"href":"https:\/\/www.montceautriathlon.com\/blog\/wp-json\/wp\/v2\/posts"}],"about":[{"href":"https:\/\/www.montceautriathlon.com\/blog\/wp-json\/wp\/v2\/types\/post"}],"author":[{"embeddable":true,"href":"https:\/\/www.montceautriathlon.com\/blog\/wp-json\/wp\/v2\/users\/5"}],"replies":[{"embeddable":true,"href":"https:\/\/www.montceautriathlon.com\/blog\/wp-json\/wp\/v2\/comments?post=3192"}],"version-history":[{"count":1,"href":"https:\/\/www.montceautriathlon.com\/blog\/wp-json\/wp\/v2\/posts\/3192\/revisions"}],"predecessor-version":[{"id":3196,"href":"https:\/\/www.montceautriathlon.com\/blog\/wp-json\/wp\/v2\/posts\/3192\/revisions\/3196"}],"wp:attachment":[{"href":"https:\/\/www.montceautriathlon.com\/blog\/wp-json\/wp\/v2\/media?parent=3192"}],"wp:term":[{"taxonomy":"category","embeddable":true,"href":"https:\/\/www.montceautriathlon.com\/blog\/wp-json\/wp\/v2\/categories?post=3192"},{"taxonomy":"post_tag","embeddable":true,"href":"https:\/\/www.montceautriathlon.com\/blog\/wp-json\/wp\/v2\/tags?post=3192"}],"curies":[{"name":"wp","href":"https:\/\/api.w.org\/{rel}","templated":true}]}}