{"id":3147,"date":"2019-09-11T11:04:09","date_gmt":"2019-09-11T10:04:09","guid":{"rendered":"http:\/\/montceautriathlon.com\/blog\/?p=3147"},"modified":"2019-09-11T11:04:09","modified_gmt":"2019-09-11T10:04:09","slug":"7-09-19-triathlon-de-gerardmer-ils-ont-vu-la-vie-en-vosges","status":"publish","type":"post","link":"https:\/\/www.montceautriathlon.com\/blog\/2019\/09\/11\/7-09-19-triathlon-de-gerardmer-ils-ont-vu-la-vie-en-vosges\/","title":{"rendered":"7\/09\/19, Triathlon de Gerardmer : Ils ont vu la vie en Vosges !"},"content":{"rendered":"<p>Quelques licenci\u00e9s ont fait comme tous les ans le d\u00e9placement sur cet embl\u00e9matique \u00e9preuve du calendrier national. Comme tous les ans, assomm\u00e9s \u00e0 la bou\u00e9e des 400 m ! cram\u00e9s en v\u00e9lo mais tellement support\u00e9 par le public en haut de la c\u00f4te et affam\u00e9s en arrivant ! un triathlon toujours aussi exigeant !<\/p>\n<p>les r\u00e9sultats de nos valeureux licenci\u00e9s\u00a0 sur pr\u00e8s de 1600 partants !<\/p>\n<ul>\n<li>Christophe Delblouwe bien remis de son Ironman \u00e0 Nice en 6h06&rsquo;32\u00a0\u00a0\u00a0\u00a0 400\u00e8me scratch<\/li>\n<li>Alice Vaury qui prend go\u00fbt au long\u00a0\u00a0 en 6h50&rsquo;55\u00a0 887\u00e8me scratch<\/li>\n<li>Isabelle Vaury m\u00e9daille en chocolat dans sa cat\u00e9gorie en 7h50&rsquo;19 1260\u00e8me scratch<\/li>\n<li>Nadine Delblouwe difficile apr\u00e8s Nice ? en 8h19&rsquo;26\u00a0 1320\u00e8me scratch<\/li>\n<li>Pierre Perrin courageux et valeureux\u00a0 en DNF apr\u00e8s le second tour v\u00e9lo<\/li>\n<\/ul>\n<p>\u00e0 signaler le beau parcours de Thomas Okrezick juste devant Christophe en 6h04&rsquo;44 et 384\u00e8me scratch<\/p>\n<p>les r\u00e9sultats surlign\u00e9s : <a href=\"http:\/\/montceautriathlon.com\/blog\/wp-content\/uploads\/2019\/09\/20130.pdf\" target=\"_blank\" rel=\"noopener\">ici<\/a><\/p>\n<p>&nbsp;<\/p>\n","protected":false},"excerpt":{"rendered":"<p>Quelques licenci\u00e9s ont fait comme tous les ans le d\u00e9placement sur cet embl\u00e9matique \u00e9preuve du calendrier national. Comme tous les ans, assomm\u00e9s \u00e0 la bou\u00e9e des 400 m ! cram\u00e9s en v\u00e9lo mais tellement support\u00e9 par le public en haut de la c\u00f4te et affam\u00e9s en arrivant ! un triathlon toujours aussi exigeant ! les [&hellip;]<\/p>\n","protected":false},"author":5,"featured_media":0,"comment_status":"open","ping_status":"open","sticky":false,"template":"","format":"standard","meta":{"spay_email":"","jetpack_publicize_message":"","jetpack_is_tweetstorm":false},"categories":[1],"tags":[],"jetpack_featured_media_url":"","jetpack_publicize_connections":[],"jetpack_sharing_enabled":true,"jetpack_shortlink":"https:\/\/wp.me\/p8bwIy-OL","jetpack-related-posts":[{"id":6914,"url":"https:\/\/www.montceautriathlon.com\/blog\/2024\/06\/20\/triathlon-de-vichy\/","url_meta":{"origin":3147,"position":0},"title":"Triathlon de Vichy","date":"20 juin 2024","format":false,"excerpt":"Nos triathl\u00e8tes \u00e9taient sur tous les fronts ce week-end. Tout d'abord sur le triathlon de Vichy : Samedi avait lieu les CHAMPIONNATS DE FRANCE longue distance : Laurent Magnien, cl\u00f4ture ce longue distance en 5h16, prenant la 185, 27eMaster 2 Mickael Verdu, fini en 5h33, en 275e position , 41e\u2026","rel":"","context":"Dans &quot;Non class\u00e9&quot;","img":{"alt_text":"","src":"https:\/\/i2.wp.com\/www.montceautriathlon.com\/blog\/wp-content\/uploads\/2024\/06\/448175809_1132571504450239_864155686867222727_n.jpg?resize=350%2C200&ssl=1","width":350,"height":200},"classes":[]},{"id":4556,"url":"https:\/\/www.montceautriathlon.com\/blog\/2021\/09\/26\/sur-tous-les-fronts-dans-les-episodes-precedents\/","url_meta":{"origin":3147,"position":1},"title":"Sur tous les fronts : dans les \u00e9pisodes pr\u00e9c\u00e9dents !","date":"26 septembre 2021","format":false,"excerpt":"Peut-\u00eatre n'avez vous pas suivi l'actualit\u00e9 de nos licenci\u00e9s engag\u00e9s sur les comp\u00e9titions du W-E dernier et de ce dernier samedi : petit patchwork de r\u00e9sultats et d'images ! Le triathlon de Seurre dimanche dernier s'est transform\u00e9 en duathlon et quelques jeunes \u00e9taient engag\u00e9s en J2; Belle performance d'Oscar Turpin\u2026","rel":"","context":"Dans &quot;Non class\u00e9&quot;","img":{"alt_text":"","src":"https:\/\/i0.wp.com\/www.montceautriathlon.com\/blog\/wp-content\/uploads\/2021\/09\/Marius.jpg?resize=350%2C200&ssl=1","width":350,"height":200},"classes":[]},{"id":2487,"url":"https:\/\/www.montceautriathlon.com\/blog\/2018\/11\/04\/3-11-18-semi-marathon-du-charolais-une-douzaine-de-licencies-au-top-depart\/","url_meta":{"origin":3147,"position":2},"title":"3\/11\/18  semi marathon du Charolais : une douzaine de licenci\u00e9s au top d\u00e9part !","date":"4 novembre 2018","format":false,"excerpt":"\u00a0 \u00a0 \u00a0 \u00a0 \u00a0 250 class\u00e9s\u00a0 dont onze triathl\u00e8tes du club et une nouvelle belle perf de Laurent de Souza avec sa 7\u00e8me place au scratch et 1er v\u00e9t\u00e9ran et jolie 6\u00e8me place en VEF pour C\u00e9line sa douce et tendre.\u00a0 Bravo \u00e0 tous les participants ! Sur le\u2026","rel":"","context":"Dans &quot;Non class\u00e9&quot;","img":{"alt_text":"","src":"","width":0,"height":0},"classes":[]},{"id":1541,"url":"https:\/\/www.montceautriathlon.com\/blog\/2017\/09\/24\/triathlon-de-paladru-samedi-23-septembre-2017\/","url_meta":{"origin":3147,"position":3},"title":"Triathlon de Paladru (Samedi 23 septembre 2017)","date":"24 septembre 2017","format":false,"excerpt":"Avec 4 \u00e9quipes propos\u00e9es sur 150 \u00e9quipes engag\u00e9es, notre club a une nouvelle fois particip\u00e9 en nombre au Triathlon de Paladru\u00a0qui, pour ceux qui ne se situent pas, est entre Bourgoin-Jailleu et Voiron, proche\u00a0de Grenoble. Le soleil \u00e9tait une nouvelle fois au rendez-vous ainsi que la joie et la bonne\u2026","rel":"","context":"Dans &quot;Non class\u00e9&quot;","img":{"alt_text":"","src":"","width":0,"height":0},"classes":[]},{"id":6892,"url":"https:\/\/www.montceautriathlon.com\/blog\/2024\/06\/11\/week-end-du-9-et-10-juin-montceau-triathlon-sur-tous-les-fronts\/","url_meta":{"origin":3147,"position":4},"title":"Week end du 9 et 10 juin: Montceau triathlon sur tous les fronts","date":"11 juin 2024","format":false,"excerpt":"Montceau Triathlon \u00e9tait ce week end sur tous les fronts......Les triathl\u00e8tes montcelliens ont fait briller les couleurs du club de Vichy \u00e0 Chalain en passanr par Tours. Triathlon de Vichy - Bellerive Cinq de nos licenci\u00e9s ont pris le d\u00e9part du championnat de France de longue distance. Laurent Magnien cloture\u2026","rel":"","context":"Dans &quot;Non class\u00e9&quot;","img":{"alt_text":"","src":"https:\/\/i2.wp.com\/www.montceautriathlon.com\/blog\/wp-content\/uploads\/2024\/06\/facebook_1718131385628_7206365343268083353.jpg?resize=350%2C200&ssl=1","width":350,"height":200},"classes":[]},{"id":1317,"url":"https:\/\/www.montceautriathlon.com\/blog\/2017\/06\/13\/triathlon-de-roannevillerest-dimanche-11-juin-2017\/","url_meta":{"origin":3147,"position":5},"title":"Triathlon de Roanne\/Villerest (Dimanche 11 juin 2017)","date":"13 juin 2017","format":false,"excerpt":"Formule tr\u00e8s sympa: un S en duo avec un parcours V\u00e9lo assez relev\u00e9, \u00a0et une C\u00e0P un peu trop au soleil !!! \u00a0 malgr\u00e9 tout, une belle organisation et un site agr\u00e9able! \u00a0 \u00e0 refaire... Tous les r\u00e9sultats: Christophe DELBLOUWE\u00a0et Eric\u00a0VAUDELIN :\u00a01h13 Sophie ROUSSEAU qui a remplac\u00e9 au pied lev\u00e9\u2026","rel":"","context":"Dans &quot;slide show&quot;","img":{"alt_text":"","src":"https:\/\/i1.wp.com\/www.montceautriathlon.com\/blog\/wp-content\/uploads\/2017\/06\/roanne15.jpg?resize=350%2C200&ssl=1","width":350,"height":200},"classes":[]}],"_links":{"self":[{"href":"https:\/\/www.montceautriathlon.com\/blog\/wp-json\/wp\/v2\/posts\/3147"}],"collection":[{"href":"https:\/\/www.montceautriathlon.com\/blog\/wp-json\/wp\/v2\/posts"}],"about":[{"href":"https:\/\/www.montceautriathlon.com\/blog\/wp-json\/wp\/v2\/types\/post"}],"author":[{"embeddable":true,"href":"https:\/\/www.montceautriathlon.com\/blog\/wp-json\/wp\/v2\/users\/5"}],"replies":[{"embeddable":true,"href":"https:\/\/www.montceautriathlon.com\/blog\/wp-json\/wp\/v2\/comments?post=3147"}],"version-history":[{"count":3,"href":"https:\/\/www.montceautriathlon.com\/blog\/wp-json\/wp\/v2\/posts\/3147\/revisions"}],"predecessor-version":[{"id":3151,"href":"https:\/\/www.montceautriathlon.com\/blog\/wp-json\/wp\/v2\/posts\/3147\/revisions\/3151"}],"wp:attachment":[{"href":"https:\/\/www.montceautriathlon.com\/blog\/wp-json\/wp\/v2\/media?parent=3147"}],"wp:term":[{"taxonomy":"category","embeddable":true,"href":"https:\/\/www.montceautriathlon.com\/blog\/wp-json\/wp\/v2\/categories?post=3147"},{"taxonomy":"post_tag","embeddable":true,"href":"https:\/\/www.montceautriathlon.com\/blog\/wp-json\/wp\/v2\/tags?post=3147"}],"curies":[{"name":"wp","href":"https:\/\/api.w.org\/{rel}","templated":true}]}}