{"id":3142,"date":"2019-09-11T10:22:29","date_gmt":"2019-09-11T09:22:29","guid":{"rendered":"http:\/\/montceautriathlon.com\/blog\/?p=3142"},"modified":"2019-09-12T09:35:50","modified_gmt":"2019-09-12T08:35:50","slug":"dimanche-8-09-auxonne-aux-petits-oignons","status":"publish","type":"post","link":"https:\/\/www.montceautriathlon.com\/blog\/2019\/09\/11\/dimanche-8-09-auxonne-aux-petits-oignons\/","title":{"rendered":"dimanche 8\/09, Auxonne : Aux petits  oignons !"},"content":{"rendered":"<p><a href=\"http:\/\/montceautriathlon.com\/blog\/wp-content\/uploads\/2019\/09\/69991957_2484030101825596_8887737303498227712_n.jpg\" target=\"_blank\" rel=\"noopener\"><img data-attachment-id=\"3145\" data-permalink=\"https:\/\/www.montceautriathlon.com\/blog\/2019\/09\/11\/dimanche-8-09-auxonne-aux-petits-oignons\/69991957_2484030101825596_8887737303498227712_n\/\" data-orig-file=\"https:\/\/www.montceautriathlon.com\/blog\/wp-content\/uploads\/2019\/09\/69991957_2484030101825596_8887737303498227712_n.jpg\" data-orig-size=\"960,720\" data-comments-opened=\"1\" data-image-meta=\"{&quot;aperture&quot;:&quot;0&quot;,&quot;credit&quot;:&quot;&quot;,&quot;camera&quot;:&quot;&quot;,&quot;caption&quot;:&quot;&quot;,&quot;created_timestamp&quot;:&quot;0&quot;,&quot;copyright&quot;:&quot;&quot;,&quot;focal_length&quot;:&quot;0&quot;,&quot;iso&quot;:&quot;0&quot;,&quot;shutter_speed&quot;:&quot;0&quot;,&quot;title&quot;:&quot;&quot;,&quot;orientation&quot;:&quot;0&quot;}\" data-image-title=\"69991957_2484030101825596_8887737303498227712_n\" data-image-description=\"\" data-image-caption=\"\" data-medium-file=\"https:\/\/www.montceautriathlon.com\/blog\/wp-content\/uploads\/2019\/09\/69991957_2484030101825596_8887737303498227712_n-300x225.jpg\" data-large-file=\"https:\/\/www.montceautriathlon.com\/blog\/wp-content\/uploads\/2019\/09\/69991957_2484030101825596_8887737303498227712_n.jpg\" loading=\"lazy\" class=\"alignleft wp-image-3145\" src=\"http:\/\/montceautriathlon.com\/blog\/wp-content\/uploads\/2019\/09\/69991957_2484030101825596_8887737303498227712_n-300x225.jpg\" alt=\"\" width=\"177\" height=\"133\" srcset=\"https:\/\/www.montceautriathlon.com\/blog\/wp-content\/uploads\/2019\/09\/69991957_2484030101825596_8887737303498227712_n-300x225.jpg 300w, https:\/\/www.montceautriathlon.com\/blog\/wp-content\/uploads\/2019\/09\/69991957_2484030101825596_8887737303498227712_n-768x576.jpg 768w, https:\/\/www.montceautriathlon.com\/blog\/wp-content\/uploads\/2019\/09\/69991957_2484030101825596_8887737303498227712_n.jpg 960w\" sizes=\"(max-width: 177px) 100vw, 177px\" \/><\/a>Auxonne, ce sont les pr\u00e9mices de l&rsquo;automne &#8230; Les feuilles mortes se ramassent \u00e0 la pelle, les podiums aussi ! Et oui,\u00a0 une belle 1\u00e8re place du relais Baptiste, Maryl\u00e8ne renforc\u00e9 par &#8230;Alexandre Paweska(ancien montcelien il est vrai !) et une seconde place du relais masculin, enfin une troisi\u00e8me place pour Marius en Minime G sur la course J2 et Lou en pupF sur la J1 ! C&rsquo;est d\u00e9j\u00e0 pas mal direz-vous !<br \/>\n<strong>Les r\u00e9sultats :<a href=\"http:\/\/montceautriathlon.com\/blog\/wp-content\/uploads\/2019\/09\/auxonne-2.jpg\" target=\"_blank\" rel=\"noopener\"><img data-attachment-id=\"3153\" data-permalink=\"https:\/\/www.montceautriathlon.com\/blog\/2019\/09\/11\/dimanche-8-09-auxonne-aux-petits-oignons\/auxonne-2\/\" data-orig-file=\"https:\/\/www.montceautriathlon.com\/blog\/wp-content\/uploads\/2019\/09\/auxonne-2.jpg\" data-orig-size=\"1440,1730\" data-comments-opened=\"1\" data-image-meta=\"{&quot;aperture&quot;:&quot;0&quot;,&quot;credit&quot;:&quot;&quot;,&quot;camera&quot;:&quot;&quot;,&quot;caption&quot;:&quot;&quot;,&quot;created_timestamp&quot;:&quot;0&quot;,&quot;copyright&quot;:&quot;&quot;,&quot;focal_length&quot;:&quot;0&quot;,&quot;iso&quot;:&quot;0&quot;,&quot;shutter_speed&quot;:&quot;0&quot;,&quot;title&quot;:&quot;&quot;,&quot;orientation&quot;:&quot;0&quot;}\" data-image-title=\"auxonne 2\" data-image-description=\"\" data-image-caption=\"\" data-medium-file=\"https:\/\/www.montceautriathlon.com\/blog\/wp-content\/uploads\/2019\/09\/auxonne-2-250x300.jpg\" data-large-file=\"https:\/\/www.montceautriathlon.com\/blog\/wp-content\/uploads\/2019\/09\/auxonne-2-852x1024.jpg\" loading=\"lazy\" class=\"alignright wp-image-3153\" src=\"http:\/\/montceautriathlon.com\/blog\/wp-content\/uploads\/2019\/09\/auxonne-2-250x300.jpg\" alt=\"\" width=\"128\" height=\"154\" srcset=\"https:\/\/www.montceautriathlon.com\/blog\/wp-content\/uploads\/2019\/09\/auxonne-2-250x300.jpg 250w, https:\/\/www.montceautriathlon.com\/blog\/wp-content\/uploads\/2019\/09\/auxonne-2-768x923.jpg 768w, https:\/\/www.montceautriathlon.com\/blog\/wp-content\/uploads\/2019\/09\/auxonne-2-852x1024.jpg 852w, https:\/\/www.montceautriathlon.com\/blog\/wp-content\/uploads\/2019\/09\/auxonne-2.jpg 1440w\" sizes=\"(max-width: 128px) 100vw, 128px\" \/><\/a><\/strong><\/p>\n<p><strong>format M : 164 class\u00e9s<\/strong><\/p>\n<ul>\n<li>Claude Monnet 65\u00e8me scratch en 2h27&rsquo;59<\/li>\n<li>Eric Vaudelin\u00a0\u00a0\u00a0\u00a0\u00a0 73\u00e8me scratch en 2h30&rsquo;46<\/li>\n<\/ul>\n<p><strong>M relais : 12 \u00e9quipes<\/strong><\/p>\n<ul>\n<li>Maryl\u00e8ne Lequin, Baptiste Gueugneau, Alexandre Paweska\u00a0\u00a0\u00a0\u00a0 1er scratch en 2h04&rsquo;22<\/li>\n<li>Philippe Leboeuf,Jean charles Nosedfa, Fred\u00e9ric Ghesqui\u00e8re\u00a0\u00a0 2\u00e8me relais M en 2h26&rsquo;35<\/li>\n<li>Les tourtereaux habituels Jean-Jacques Boulay\u00a0 et Ir\u00e8neVulin\u00a0 12\u00e8me scratch en 3h04&rsquo;11<\/li>\n<\/ul>\n<p><strong>format S : 241 class\u00e9s<a href=\"http:\/\/montceautriathlon.com\/blog\/wp-content\/uploads\/2019\/09\/auxonne-1.jpg\" target=\"_blank\" rel=\"noopener\"><img data-attachment-id=\"3156\" data-permalink=\"https:\/\/www.montceautriathlon.com\/blog\/2019\/09\/11\/dimanche-8-09-auxonne-aux-petits-oignons\/auxonne-1\/\" data-orig-file=\"https:\/\/www.montceautriathlon.com\/blog\/wp-content\/uploads\/2019\/09\/auxonne-1.jpg\" data-orig-size=\"1920,1440\" data-comments-opened=\"1\" data-image-meta=\"{&quot;aperture&quot;:&quot;0&quot;,&quot;credit&quot;:&quot;&quot;,&quot;camera&quot;:&quot;&quot;,&quot;caption&quot;:&quot;&quot;,&quot;created_timestamp&quot;:&quot;0&quot;,&quot;copyright&quot;:&quot;&quot;,&quot;focal_length&quot;:&quot;0&quot;,&quot;iso&quot;:&quot;0&quot;,&quot;shutter_speed&quot;:&quot;0&quot;,&quot;title&quot;:&quot;&quot;,&quot;orientation&quot;:&quot;0&quot;}\" data-image-title=\"auxonne 1\" data-image-description=\"\" data-image-caption=\"\" data-medium-file=\"https:\/\/www.montceautriathlon.com\/blog\/wp-content\/uploads\/2019\/09\/auxonne-1-300x225.jpg\" data-large-file=\"https:\/\/www.montceautriathlon.com\/blog\/wp-content\/uploads\/2019\/09\/auxonne-1-1024x768.jpg\" loading=\"lazy\" class=\"alignright wp-image-3156\" src=\"http:\/\/montceautriathlon.com\/blog\/wp-content\/uploads\/2019\/09\/auxonne-1-300x225.jpg\" alt=\"\" width=\"209\" height=\"157\" srcset=\"https:\/\/www.montceautriathlon.com\/blog\/wp-content\/uploads\/2019\/09\/auxonne-1-300x225.jpg 300w, https:\/\/www.montceautriathlon.com\/blog\/wp-content\/uploads\/2019\/09\/auxonne-1-768x576.jpg 768w, https:\/\/www.montceautriathlon.com\/blog\/wp-content\/uploads\/2019\/09\/auxonne-1-1024x768.jpg 1024w, https:\/\/www.montceautriathlon.com\/blog\/wp-content\/uploads\/2019\/09\/auxonne-1.jpg 1920w\" sizes=\"(max-width: 209px) 100vw, 209px\" \/><\/a><\/strong><\/p>\n<ul>\n<li>Nicolas Fichet \u00a0 \u00a0 34\u00e8me scratch en 1h10&rsquo;34<\/li>\n<li>Maryl\u00e8ne Lequin 90\u00e8me scratch en 1h16&prime; 02 (4\u00e8me F !)<\/li>\n<li>Tom Ghesqui\u00e8re\u00a0 117\u00e8me scratch en 1h20&rsquo;07<\/li>\n<li>Charline Berthier 127\u00e8me scratch en 1h22&rsquo;20<\/li>\n<li>Sophie Boyer\u00a0\u00a0\u00a0\u00a0\u00a0\u00a0 186\u00e8me scratch en 1h31&rsquo;03<\/li>\n<\/ul>\n<p><strong>J2: 59 class\u00e9s<\/strong><\/p>\n<ul>\n<li>Marius Grivault 4\u00e8me scratch en 26&rsquo;59 3\u00e8me Min G<\/li>\n<li>Antoine Ballet 15\u00e8me scratch en 29&rsquo;20\u00a0 6\u00e8me Bj G<\/li>\n<\/ul>\n<p><strong>J1 : 49 class\u00e9s<a href=\"http:\/\/montceautriathlon.com\/blog\/wp-content\/uploads\/2019\/09\/auxonne-3.jpg\" target=\"_blank\" rel=\"noopener\"><img data-attachment-id=\"3155\" data-permalink=\"https:\/\/www.montceautriathlon.com\/blog\/2019\/09\/11\/dimanche-8-09-auxonne-aux-petits-oignons\/auxonne-3\/\" data-orig-file=\"https:\/\/www.montceautriathlon.com\/blog\/wp-content\/uploads\/2019\/09\/auxonne-3.jpg\" data-orig-size=\"842,719\" data-comments-opened=\"1\" data-image-meta=\"{&quot;aperture&quot;:&quot;0&quot;,&quot;credit&quot;:&quot;&quot;,&quot;camera&quot;:&quot;&quot;,&quot;caption&quot;:&quot;&quot;,&quot;created_timestamp&quot;:&quot;0&quot;,&quot;copyright&quot;:&quot;&quot;,&quot;focal_length&quot;:&quot;0&quot;,&quot;iso&quot;:&quot;0&quot;,&quot;shutter_speed&quot;:&quot;0&quot;,&quot;title&quot;:&quot;&quot;,&quot;orientation&quot;:&quot;0&quot;}\" data-image-title=\"auxonne 3\" data-image-description=\"\" data-image-caption=\"\" data-medium-file=\"https:\/\/www.montceautriathlon.com\/blog\/wp-content\/uploads\/2019\/09\/auxonne-3-300x256.jpg\" data-large-file=\"https:\/\/www.montceautriathlon.com\/blog\/wp-content\/uploads\/2019\/09\/auxonne-3.jpg\" loading=\"lazy\" class=\"alignright wp-image-3155\" src=\"http:\/\/montceautriathlon.com\/blog\/wp-content\/uploads\/2019\/09\/auxonne-3-300x256.jpg\" alt=\"\" width=\"207\" height=\"177\" srcset=\"https:\/\/www.montceautriathlon.com\/blog\/wp-content\/uploads\/2019\/09\/auxonne-3-300x256.jpg 300w, https:\/\/www.montceautriathlon.com\/blog\/wp-content\/uploads\/2019\/09\/auxonne-3-768x656.jpg 768w, https:\/\/www.montceautriathlon.com\/blog\/wp-content\/uploads\/2019\/09\/auxonne-3.jpg 842w\" sizes=\"(max-width: 207px) 100vw, 207px\" \/><\/a><\/strong><\/p>\n<ul>\n<li>Lou Grivault\u00a0\u00a0 30\u00e8me scratch en 18&rsquo;59 3\u00e8me pup F<\/li>\n<li>Zo\u00e9 da Eira \u00a0\u00a0 31\u00e8me scratch 18&rsquo;59\u00a0 4\u00e8me pup F<\/li>\n<li>Axelle da Eira 40\u00e8me scratchen 20&rsquo;33 5\u00e8me pous F<\/li>\n<\/ul>\n<ul>\n<li>tous les r\u00e9sultats en suivant le lien : <a href=\"http:\/\/montceautriathlon.com\/blog\/wp-content\/uploads\/2019\/09\/189-20190908043542-RsultatsAuxonne2019.xlsx\" target=\"_blank\" rel=\"noopener\">189-20190908043542-RsultatsAuxonne2019<\/a><\/li>\n<\/ul>\n<p>&nbsp;<\/p>\n<p>&nbsp;<\/p>\n","protected":false},"excerpt":{"rendered":"<p>Auxonne, ce sont les pr\u00e9mices de l&rsquo;automne &#8230; Les feuilles mortes se ramassent \u00e0 la pelle, les podiums aussi ! Et oui,\u00a0 une belle 1\u00e8re place du relais Baptiste, Maryl\u00e8ne renforc\u00e9 par &#8230;Alexandre Paweska(ancien montcelien il est vrai !) et une seconde place du relais masculin, enfin une troisi\u00e8me place pour Marius en Minime G [&hellip;]<\/p>\n","protected":false},"author":5,"featured_media":0,"comment_status":"open","ping_status":"open","sticky":false,"template":"","format":"standard","meta":{"spay_email":"","jetpack_publicize_message":"","jetpack_is_tweetstorm":false},"categories":[1],"tags":[],"jetpack_featured_media_url":"","jetpack_publicize_connections":[],"jetpack_sharing_enabled":true,"jetpack_shortlink":"https:\/\/wp.me\/p8bwIy-OG","jetpack-related-posts":[{"id":5245,"url":"https:\/\/www.montceautriathlon.com\/blog\/2022\/09\/17\/triathlon-dauxonne-vous-reprendrez-bien-un-petit-triathlon-avant-lautomne\/","url_meta":{"origin":3142,"position":0},"title":"triathlon d&rsquo;Auxonne : vous reprendrez bien un petit triathlon avant l&rsquo;automne ?","date":"17 septembre 2022","format":false,"excerpt":"Le club encore bien repr\u00e9sent\u00e9 sur les diff\u00e9rentes \u00e9preuves , des plus jeunes aux v\u00e9t\u00e9ran(e)s et quelques podiums avec l'inamovible Berteline en J1 qui s'adjuge la course et les relais mixtes et f\u00e9minins \u00e9galement sur la plus haute marche. De belles prestations chez les plus jeunes avec une belle course\u2026","rel":"","context":"Dans &quot;Non class\u00e9&quot;","img":{"alt_text":"","src":"https:\/\/i1.wp.com\/www.montceautriathlon.com\/blog\/wp-content\/uploads\/2022\/09\/auxonne-1.jpg?resize=350%2C200&ssl=1","width":350,"height":200},"classes":[]},{"id":2161,"url":"https:\/\/www.montceautriathlon.com\/blog\/2018\/09\/10\/auxonne-ca-fonctionne-9-09-2018\/","url_meta":{"origin":3142,"position":1},"title":"Auxonne, \u00e7a fonctionne !     9\/09\/2018","date":"10 septembre 2018","format":false,"excerpt":"A Auxonne, peu\u00a0 de couronnes sauf Ludivine et Maryl\u00e8ne\u00a0 Lequin qui (dans leur cat\u00e9gorie ) rayonnent ! (1\u00e8re FJU et 1\u00e8reFS1)\u00a0 En ce presque d\u00e9but d'automne, l'\u00e9preuve d'Auxonne a fait d\u00e9placer une bonne colonne du club sur les formats M et S (une\u00a0 trentaine de licenci\u00e9s \u00e9tait en effet pr\u00e9sente\u2026","rel":"","context":"Dans &quot;Non class\u00e9&quot;","img":{"alt_text":"","src":"","width":0,"height":0},"classes":[]},{"id":4485,"url":"https:\/\/www.montceautriathlon.com\/blog\/2021\/09\/14\/triathlon-dauxonne-pas-une-course-a-lechalote-mais-une-course-aux-petits-oignons\/","url_meta":{"origin":3142,"position":2},"title":"Triathlon d&rsquo;Auxonne : pas une course \u00e0 l&rsquo;\u00e9chalote ! Mais une course aux petits oignons !","date":"14 septembre 2021","format":false,"excerpt":"Joli d\u00e9placement du Club \u00e0 Auxonne ce dimanche ! L'\u00e9cole de tri avec de bons r\u00e9sultats ! Un Titouan Rondier encore dominateur en J2, Une Berteline toujours bien pr\u00e9sente sur la plus haute marche en J1 f\u00e9minine et petit oignon sur le g\u00e2teau, la qualification de Jeanne Rondier aux France\u2026","rel":"","context":"Dans &quot;Non class\u00e9&quot;","img":{"alt_text":"","src":"https:\/\/i0.wp.com\/www.montceautriathlon.com\/blog\/wp-content\/uploads\/2021\/09\/auxonne-6.jpg?resize=350%2C200&ssl=1","width":350,"height":200},"classes":[]},{"id":7036,"url":"https:\/\/www.montceautriathlon.com\/blog\/2024\/09\/17\/triathlon-auxonne\/","url_meta":{"origin":3142,"position":3},"title":"Triathlon Auxonne","date":"17 septembre 2024","format":false,"excerpt":"Sur la course S Arnaud Rondier termine 73e au scratch en 1h13\u201937 , 26e V Jeanne Rondier fini quelques minutes derri\u00e8re son papa en 1h15\u201944, lui offrant ainsi la 12e place chez les , 6e Cadette Sur le XS Les deux amis Eliott Lhote & Celina Schaffer Fouel termine ensemble\u2026","rel":"","context":"Dans &quot;Non class\u00e9&quot;","img":{"alt_text":"","src":"https:\/\/i0.wp.com\/www.montceautriathlon.com\/blog\/wp-content\/uploads\/2024\/09\/459033171_1188025922238130_621373496481415936_n.jpg?resize=350%2C200&ssl=1","width":350,"height":200},"classes":[]},{"id":7368,"url":"https:\/\/www.montceautriathlon.com\/blog\/2025\/03\/12\/bike-and-run-auxonne-2\/","url_meta":{"origin":3142,"position":4},"title":"Bike and Run Auxonne","date":"12 mars 2025","format":false,"excerpt":"Ce dimanche avait lieu le Bike and Run organis\u00e9 par Triathlon Club Auxonnais. Sur un parcours plat mais boueux , de nombreuses \u00e9quipes de Montceau ont d\u00e9fendu nos couleurs\u00a0 \u00a0Voici leurs r\u00e9sultats :\u00a0 SUR LA COURSE J1 \u00a0Jules Vendramini et Jules Vinck 6e au scratch , 5e \u00e9quipe masculine en\u2026","rel":"","context":"Dans &quot;Non class\u00e9&quot;","img":{"alt_text":"","src":"","width":0,"height":0},"classes":[]},{"id":4449,"url":"https:\/\/www.montceautriathlon.com\/blog\/2021\/09\/08\/triathlon-de-chalon-lecole-en-petit-nombre-les-coachs-en-clm-mixte\/","url_meta":{"origin":3142,"position":5},"title":"triathlon de Chalon: l&rsquo;\u00e9cole en petit nombre, les coachs en clm mixte !","date":"8 septembre 2021","format":false,"excerpt":"Des formats courts pour tous les go\u00fbts pour le renouveau du triathlon \u00e0 Chalon ! Du XS, du S, des courses jeunes et un CLM en \u00e9quipe distance S. Berteline encha\u00eene en J1, 11\u00e8me au scratch et 4\u00e8me poussin F sur 23 jeunes pousses ! Titouan a encore frapp\u00e9, 1er\u2026","rel":"","context":"Dans &quot;Non class\u00e9&quot;","img":{"alt_text":"","src":"https:\/\/i0.wp.com\/www.montceautriathlon.com\/blog\/wp-content\/uploads\/2021\/09\/IMG-20210908-WA0004.jpg?resize=350%2C200&ssl=1","width":350,"height":200},"classes":[]}],"_links":{"self":[{"href":"https:\/\/www.montceautriathlon.com\/blog\/wp-json\/wp\/v2\/posts\/3142"}],"collection":[{"href":"https:\/\/www.montceautriathlon.com\/blog\/wp-json\/wp\/v2\/posts"}],"about":[{"href":"https:\/\/www.montceautriathlon.com\/blog\/wp-json\/wp\/v2\/types\/post"}],"author":[{"embeddable":true,"href":"https:\/\/www.montceautriathlon.com\/blog\/wp-json\/wp\/v2\/users\/5"}],"replies":[{"embeddable":true,"href":"https:\/\/www.montceautriathlon.com\/blog\/wp-json\/wp\/v2\/comments?post=3142"}],"version-history":[{"count":6,"href":"https:\/\/www.montceautriathlon.com\/blog\/wp-json\/wp\/v2\/posts\/3142\/revisions"}],"predecessor-version":[{"id":3158,"href":"https:\/\/www.montceautriathlon.com\/blog\/wp-json\/wp\/v2\/posts\/3142\/revisions\/3158"}],"wp:attachment":[{"href":"https:\/\/www.montceautriathlon.com\/blog\/wp-json\/wp\/v2\/media?parent=3142"}],"wp:term":[{"taxonomy":"category","embeddable":true,"href":"https:\/\/www.montceautriathlon.com\/blog\/wp-json\/wp\/v2\/categories?post=3142"},{"taxonomy":"post_tag","embeddable":true,"href":"https:\/\/www.montceautriathlon.com\/blog\/wp-json\/wp\/v2\/tags?post=3142"}],"curies":[{"name":"wp","href":"https:\/\/api.w.org\/{rel}","templated":true}]}}