{"id":3119,"date":"2019-09-05T16:05:55","date_gmt":"2019-09-05T15:05:55","guid":{"rendered":"http:\/\/montceautriathlon.com\/blog\/?p=3119"},"modified":"2019-09-05T16:05:55","modified_gmt":"2019-09-05T15:05:55","slug":"retour-sur-le-triathlon-passy-triathlon-des-inconnus","status":"publish","type":"post","link":"https:\/\/www.montceautriathlon.com\/blog\/2019\/09\/05\/retour-sur-le-triathlon-passy-triathlon-des-inconnus\/","title":{"rendered":"Retour sur le triathlon Passy : Triathlon des Inconnus ?"},"content":{"rendered":"<p><a href=\"http:\/\/montceautriathlon.com\/blog\/wp-content\/uploads\/2019\/09\/IMG_20190824_2220161.jpg\"><img data-attachment-id=\"3121\" data-permalink=\"https:\/\/www.montceautriathlon.com\/blog\/2019\/09\/05\/retour-sur-le-triathlon-passy-triathlon-des-inconnus\/img_20190824_2220161\/\" data-orig-file=\"https:\/\/www.montceautriathlon.com\/blog\/wp-content\/uploads\/2019\/09\/IMG_20190824_2220161.jpg\" data-orig-size=\"1024,576\" data-comments-opened=\"1\" data-image-meta=\"{&quot;aperture&quot;:&quot;0&quot;,&quot;credit&quot;:&quot;&quot;,&quot;camera&quot;:&quot;&quot;,&quot;caption&quot;:&quot;&quot;,&quot;created_timestamp&quot;:&quot;0&quot;,&quot;copyright&quot;:&quot;&quot;,&quot;focal_length&quot;:&quot;0&quot;,&quot;iso&quot;:&quot;0&quot;,&quot;shutter_speed&quot;:&quot;0&quot;,&quot;title&quot;:&quot;&quot;,&quot;orientation&quot;:&quot;0&quot;}\" data-image-title=\"IMG_20190824_2220161\" data-image-description=\"\" data-image-caption=\"\" data-medium-file=\"https:\/\/www.montceautriathlon.com\/blog\/wp-content\/uploads\/2019\/09\/IMG_20190824_2220161-300x169.jpg\" data-large-file=\"https:\/\/www.montceautriathlon.com\/blog\/wp-content\/uploads\/2019\/09\/IMG_20190824_2220161-1024x576.jpg\" loading=\"lazy\" class=\" wp-image-3121 alignleft\" src=\"http:\/\/montceautriathlon.com\/blog\/wp-content\/uploads\/2019\/09\/IMG_20190824_2220161-300x169.jpg\" alt=\"\" width=\"257\" height=\"145\" srcset=\"https:\/\/www.montceautriathlon.com\/blog\/wp-content\/uploads\/2019\/09\/IMG_20190824_2220161-300x169.jpg 300w, https:\/\/www.montceautriathlon.com\/blog\/wp-content\/uploads\/2019\/09\/IMG_20190824_2220161-768x432.jpg 768w, https:\/\/www.montceautriathlon.com\/blog\/wp-content\/uploads\/2019\/09\/IMG_20190824_2220161.jpg 1024w\" sizes=\"(max-width: 257px) 100vw, 257px\" \/><\/a><\/p>\n<p><a href=\"http:\/\/montceautriathlon.com\/blog\/wp-content\/uploads\/2019\/09\/mms_img57905726711.jpg\"><img data-attachment-id=\"3122\" data-permalink=\"https:\/\/www.montceautriathlon.com\/blog\/2019\/09\/05\/retour-sur-le-triathlon-passy-triathlon-des-inconnus\/mms_img57905726711\/\" data-orig-file=\"https:\/\/www.montceautriathlon.com\/blog\/wp-content\/uploads\/2019\/09\/mms_img57905726711.jpg\" data-orig-size=\"1024,576\" data-comments-opened=\"1\" data-image-meta=\"{&quot;aperture&quot;:&quot;0&quot;,&quot;credit&quot;:&quot;&quot;,&quot;camera&quot;:&quot;&quot;,&quot;caption&quot;:&quot;&quot;,&quot;created_timestamp&quot;:&quot;0&quot;,&quot;copyright&quot;:&quot;&quot;,&quot;focal_length&quot;:&quot;0&quot;,&quot;iso&quot;:&quot;0&quot;,&quot;shutter_speed&quot;:&quot;0&quot;,&quot;title&quot;:&quot;&quot;,&quot;orientation&quot;:&quot;0&quot;}\" data-image-title=\"mms_img57905726711\" data-image-description=\"\" data-image-caption=\"\" data-medium-file=\"https:\/\/www.montceautriathlon.com\/blog\/wp-content\/uploads\/2019\/09\/mms_img57905726711-300x169.jpg\" data-large-file=\"https:\/\/www.montceautriathlon.com\/blog\/wp-content\/uploads\/2019\/09\/mms_img57905726711-1024x576.jpg\" loading=\"lazy\" class=\"wp-image-3122 alignright\" src=\"http:\/\/montceautriathlon.com\/blog\/wp-content\/uploads\/2019\/09\/mms_img57905726711-300x169.jpg\" alt=\"\" width=\"234\" height=\"132\" srcset=\"https:\/\/www.montceautriathlon.com\/blog\/wp-content\/uploads\/2019\/09\/mms_img57905726711-300x169.jpg 300w, https:\/\/www.montceautriathlon.com\/blog\/wp-content\/uploads\/2019\/09\/mms_img57905726711-768x432.jpg 768w, https:\/\/www.montceautriathlon.com\/blog\/wp-content\/uploads\/2019\/09\/mms_img57905726711.jpg 1024w\" sizes=\"(max-width: 234px) 100vw, 234px\" \/><\/a><strong>Triathlon Passy Mont Blanc<\/strong> : \u00ab\u00a0C&rsquo;est pas du g\u00e2teau ! tel est notre ghetto !\u00a0\u00bb<br \/>\nMais non ! Ce ne sont pas des Inconnus mais bien Sandrine, Tom, Fred, Ir\u00e8ne, Jean Jacques, Micka\u00ebl et Catherine qui se sont align\u00e9s sur les diff\u00e9rentes distances de ce magnifique triathlon. 1er L pour Micka\u00ebl (1800D+)avec un super r\u00e9sultat et 1er M(900D+) pour Catherine ! On y prend go\u00fbt !<br \/>\nTom, Ir\u00e8ne et Jean Jacques sur le S<br \/>\nFred, Sandrine, Jean Jacques et Ir\u00e8ne en relai (On ne les arr\u00eate plus !) sur le M et enfin Mickael sur le L. Du d\u00e9nivel\u00e9, des cols c\u00e9l\u00e8bres (Combloux, Plaine Joux, Bettex) des pourcentages \u00e0 13 ou 15%, des paysages superbes ! \u00e7a pique, \u00e7a pique comme dirait Sandrine !<br \/>\nA coup s\u00fbr un triathlon qui vaut le d\u00e9tour et le retour !<\/p>\n<p><a href=\"http:\/\/montceautriathlon.com\/blog\/wp-content\/uploads\/2019\/09\/IMG-20190824-WA00021-1.jpg\"><img data-attachment-id=\"3128\" data-permalink=\"https:\/\/www.montceautriathlon.com\/blog\/2019\/09\/05\/retour-sur-le-triathlon-passy-triathlon-des-inconnus\/img-20190824-wa00021-2\/\" data-orig-file=\"https:\/\/www.montceautriathlon.com\/blog\/wp-content\/uploads\/2019\/09\/IMG-20190824-WA00021-1.jpg\" data-orig-size=\"1357,1018\" data-comments-opened=\"1\" data-image-meta=\"{&quot;aperture&quot;:&quot;0&quot;,&quot;credit&quot;:&quot;&quot;,&quot;camera&quot;:&quot;&quot;,&quot;caption&quot;:&quot;&quot;,&quot;created_timestamp&quot;:&quot;0&quot;,&quot;copyright&quot;:&quot;&quot;,&quot;focal_length&quot;:&quot;0&quot;,&quot;iso&quot;:&quot;0&quot;,&quot;shutter_speed&quot;:&quot;0&quot;,&quot;title&quot;:&quot;&quot;,&quot;orientation&quot;:&quot;0&quot;}\" data-image-title=\"IMG-20190824-WA00021\" data-image-description=\"\" data-image-caption=\"\" data-medium-file=\"https:\/\/www.montceautriathlon.com\/blog\/wp-content\/uploads\/2019\/09\/IMG-20190824-WA00021-1-300x225.jpg\" data-large-file=\"https:\/\/www.montceautriathlon.com\/blog\/wp-content\/uploads\/2019\/09\/IMG-20190824-WA00021-1-1024x768.jpg\" loading=\"lazy\" class=\"size-medium wp-image-3128 alignleft\" src=\"http:\/\/montceautriathlon.com\/blog\/wp-content\/uploads\/2019\/09\/IMG-20190824-WA00021-1-300x225.jpg\" alt=\"\" width=\"300\" height=\"225\" srcset=\"https:\/\/www.montceautriathlon.com\/blog\/wp-content\/uploads\/2019\/09\/IMG-20190824-WA00021-1-300x225.jpg 300w, https:\/\/www.montceautriathlon.com\/blog\/wp-content\/uploads\/2019\/09\/IMG-20190824-WA00021-1-768x576.jpg 768w, https:\/\/www.montceautriathlon.com\/blog\/wp-content\/uploads\/2019\/09\/IMG-20190824-WA00021-1-1024x768.jpg 1024w, https:\/\/www.montceautriathlon.com\/blog\/wp-content\/uploads\/2019\/09\/IMG-20190824-WA00021-1.jpg 1357w\" sizes=\"(max-width: 300px) 100vw, 300px\" \/><\/a><\/p>\n<p><strong>Les r\u00e9sultats ;<\/strong><\/p>\n<p>Mickael Verdu 42\u00e8me sur 251 10\u00e8me VM en 5h19&rsquo;26 sur le format L<\/p>\n<p>Fred Ghesqui\u00e8re 228\u00e8me\u00a0 sur 670 en 3h20&rsquo;00<br \/>\nSandrine Ghesqui\u00e8re 245\u00e8me en 3h22&rsquo;5<br \/>\nCatherine Mauro 233\u00e8me en 3h20&rsquo;52 sur le format M<\/p>\n<p>Ir\u00e8ne Vulin, J-Jacques Boulay 20\u00e8me relais sur 26\u00a0 en 3h34&rsquo;26 format M<\/p>\n<p>Tom Ghesqui\u00e8re 129\u00e8me sur 460\u00a0 en 1h26&rsquo;53<br \/>\nj-Jacques Boulay 135\u00e8me en 1h27&rsquo;27<br \/>\nIr\u00e8ne Vulin 350\u00e8me en 1h44&prime; 32\u00a0 sur le format S<\/p>\n<p>les r\u00e9sultats complets :\u00a0\u00a0\u00a0\u00a0\u00a0 <a href=\"http:\/\/montceautriathlon.com\/blog\/wp-content\/uploads\/2019\/09\/L.pdf\" target=\"_blank\" rel=\"noopener\">L<\/a> <a href=\"http:\/\/montceautriathlon.com\/blog\/wp-content\/uploads\/2019\/09\/M-relai.pdf\" target=\"_blank\" rel=\"noopener\">M relai<\/a> <a href=\"http:\/\/montceautriathlon.com\/blog\/wp-content\/uploads\/2019\/09\/M7.pdf\" target=\"_blank\" rel=\"noopener\">M(7)<\/a> <a href=\"http:\/\/montceautriathlon.com\/blog\/wp-content\/uploads\/2019\/09\/scratch-S.pdf\" target=\"_blank\" rel=\"noopener\">scratch S<\/a><\/p>\n<p><a href=\"http:\/\/montceautriathlon.com\/blog\/wp-content\/uploads\/2019\/09\/10702380471.jpg\"><img data-attachment-id=\"3129\" data-permalink=\"https:\/\/www.montceautriathlon.com\/blog\/2019\/09\/05\/retour-sur-le-triathlon-passy-triathlon-des-inconnus\/attachment\/10702380471\/\" data-orig-file=\"https:\/\/www.montceautriathlon.com\/blog\/wp-content\/uploads\/2019\/09\/10702380471.jpg\" data-orig-size=\"508,677\" data-comments-opened=\"1\" data-image-meta=\"{&quot;aperture&quot;:&quot;0&quot;,&quot;credit&quot;:&quot;&quot;,&quot;camera&quot;:&quot;&quot;,&quot;caption&quot;:&quot;&quot;,&quot;created_timestamp&quot;:&quot;0&quot;,&quot;copyright&quot;:&quot;&quot;,&quot;focal_length&quot;:&quot;0&quot;,&quot;iso&quot;:&quot;0&quot;,&quot;shutter_speed&quot;:&quot;0&quot;,&quot;title&quot;:&quot;&quot;,&quot;orientation&quot;:&quot;0&quot;}\" data-image-title=\"-10702380471\" data-image-description=\"\" data-image-caption=\"\" data-medium-file=\"https:\/\/www.montceautriathlon.com\/blog\/wp-content\/uploads\/2019\/09\/10702380471-225x300.jpg\" data-large-file=\"https:\/\/www.montceautriathlon.com\/blog\/wp-content\/uploads\/2019\/09\/10702380471.jpg\" loading=\"lazy\" class=\" wp-image-3129 alignleft\" src=\"http:\/\/montceautriathlon.com\/blog\/wp-content\/uploads\/2019\/09\/10702380471-225x300.jpg\" alt=\"\" width=\"143\" height=\"191\" srcset=\"https:\/\/www.montceautriathlon.com\/blog\/wp-content\/uploads\/2019\/09\/10702380471-225x300.jpg 225w, https:\/\/www.montceautriathlon.com\/blog\/wp-content\/uploads\/2019\/09\/10702380471.jpg 508w\" sizes=\"(max-width: 143px) 100vw, 143px\" \/><\/a>\u00a0 <a href=\"http:\/\/montceautriathlon.com\/blog\/wp-content\/uploads\/2019\/09\/IMG_20190824_094729_11.jpg\"><img data-attachment-id=\"3134\" data-permalink=\"https:\/\/www.montceautriathlon.com\/blog\/2019\/09\/05\/retour-sur-le-triathlon-passy-triathlon-des-inconnus\/img_20190824_094729_11\/\" data-orig-file=\"https:\/\/www.montceautriathlon.com\/blog\/wp-content\/uploads\/2019\/09\/IMG_20190824_094729_11.jpg\" data-orig-size=\"508,677\" data-comments-opened=\"1\" data-image-meta=\"{&quot;aperture&quot;:&quot;0&quot;,&quot;credit&quot;:&quot;&quot;,&quot;camera&quot;:&quot;&quot;,&quot;caption&quot;:&quot;&quot;,&quot;created_timestamp&quot;:&quot;0&quot;,&quot;copyright&quot;:&quot;&quot;,&quot;focal_length&quot;:&quot;0&quot;,&quot;iso&quot;:&quot;0&quot;,&quot;shutter_speed&quot;:&quot;0&quot;,&quot;title&quot;:&quot;&quot;,&quot;orientation&quot;:&quot;0&quot;}\" data-image-title=\"IMG_20190824_094729_11\" data-image-description=\"\" data-image-caption=\"\" data-medium-file=\"https:\/\/www.montceautriathlon.com\/blog\/wp-content\/uploads\/2019\/09\/IMG_20190824_094729_11-225x300.jpg\" data-large-file=\"https:\/\/www.montceautriathlon.com\/blog\/wp-content\/uploads\/2019\/09\/IMG_20190824_094729_11.jpg\" loading=\"lazy\" class=\"alignnone  wp-image-3134\" src=\"http:\/\/montceautriathlon.com\/blog\/wp-content\/uploads\/2019\/09\/IMG_20190824_094729_11-225x300.jpg\" alt=\"\" width=\"148\" height=\"197\" srcset=\"https:\/\/www.montceautriathlon.com\/blog\/wp-content\/uploads\/2019\/09\/IMG_20190824_094729_11-225x300.jpg 225w, https:\/\/www.montceautriathlon.com\/blog\/wp-content\/uploads\/2019\/09\/IMG_20190824_094729_11.jpg 508w\" sizes=\"(max-width: 148px) 100vw, 148px\" \/><\/a><\/p>\n","protected":false},"excerpt":{"rendered":"<p>Triathlon Passy Mont Blanc : \u00ab\u00a0C&rsquo;est pas du g\u00e2teau ! tel est notre ghetto !\u00a0\u00bb Mais non ! Ce ne sont pas des Inconnus mais bien Sandrine, Tom, Fred, Ir\u00e8ne, Jean Jacques, Micka\u00ebl et Catherine qui se sont align\u00e9s sur les diff\u00e9rentes distances de ce magnifique triathlon. 1er L pour Micka\u00ebl (1800D+)avec un super r\u00e9sultat [&hellip;]<\/p>\n","protected":false},"author":5,"featured_media":0,"comment_status":"open","ping_status":"open","sticky":false,"template":"","format":"standard","meta":{"spay_email":"","jetpack_publicize_message":"","jetpack_is_tweetstorm":false},"categories":[1],"tags":[],"jetpack_featured_media_url":"","jetpack_publicize_connections":[],"jetpack_sharing_enabled":true,"jetpack_shortlink":"https:\/\/wp.me\/p8bwIy-Oj","jetpack-related-posts":[{"id":5208,"url":"https:\/\/www.montceautriathlon.com\/blog\/2022\/09\/05\/triathlon-passy-mont-blanc-nos-licencies-ont-ils-atteint-des-sommets\/","url_meta":{"origin":3119,"position":0},"title":"triathlon Passy Mont-Blanc : Nos licenci\u00e9s ont-ils atteint des sommets ?","date":"5 septembre 2022","format":false,"excerpt":"Une d\u00e9l\u00e9gation montcellienne s'est d\u00e9plac\u00e9e le week end du 20 et 21 aout au pied du Mont Blanc pour le triathlon international Passy Mont Blanc.Le samedi, m\u00e8re et fils (Isabelle et Pierre\u00a0 Vaury) ont particip\u00e9 au triathlon M. Pierre boucle la distance (1.5km de natation dans le lac de Passy,\u2026","rel":"","context":"Dans &quot;Non class\u00e9&quot;","img":{"alt_text":"","src":"https:\/\/i0.wp.com\/www.montceautriathlon.com\/blog\/wp-content\/uploads\/2022\/09\/IMG-20220821-WA0017.jpg?resize=350%2C200&ssl=1","width":350,"height":200},"classes":[]},{"id":7995,"url":"https:\/\/www.montceautriathlon.com\/blog\/2025\/07\/14\/12-et-13-juillet-2025-triathlon-du-lac-du-bouchet\/","url_meta":{"origin":3119,"position":1},"title":"12 et 13 juillet 2025: Triathlon du lac du Bouchet","date":"14 juillet 2025","format":false,"excerpt":"Une petite d\u00e9l\u00e9gation du club s'est retrouv\u00e9e en Auvergne, dans le d\u00e9partement de la Haute Loire pour participer aux triathlons du lac du Bouchet. Les triathl\u00e8tes montcelliens se sont align\u00e9s en individuel ou en \u00e9quipe sut les courses M et L. Voici les r\u00e9sultats: D\u00e8s le samedi matin, 7 d'entre\u2026","rel":"","context":"Dans &quot;Non class\u00e9&quot;","img":{"alt_text":"","src":"https:\/\/i0.wp.com\/www.montceautriathlon.com\/blog\/wp-content\/uploads\/2025\/07\/IMG-20250712-WA0000.jpg?resize=350%2C200&ssl=1","width":350,"height":200},"classes":[]},{"id":6192,"url":"https:\/\/www.montceautriathlon.com\/blog\/2023\/09\/27\/triathlon-de-paladru\/","url_meta":{"origin":3119,"position":2},"title":"Triathlon de Paladru","date":"27 septembre 2023","format":false,"excerpt":"Une importante d\u00e9l\u00e9gation de Montceau Triathlon s'est retrouv\u00e9e \u00e0 Paladru (Is\u00e8re) pour le triathlon en \u00e9quipe. Les 32 triathl\u00e8tes, composant 7 \u00e9quipes, se sont engag\u00e9es sur un triathlon distance L. Avec une m\u00e9t\u00e9o favorable, tous et toutes ont aval\u00e9s les 1700m de natation, 80 km de v\u00e9lo et 17km de\u2026","rel":"","context":"Dans &quot;Non class\u00e9&quot;","img":{"alt_text":"","src":"https:\/\/i2.wp.com\/www.montceautriathlon.com\/blog\/wp-content\/uploads\/2023\/09\/IMG-20230923-WA00021-1.jpg?resize=350%2C200&ssl=1","width":350,"height":200},"classes":[]},{"id":7796,"url":"https:\/\/www.montceautriathlon.com\/blog\/2025\/06\/03\/week-end-de-lascension-jean-christophe-a-troyes-laurent-a-tours-catherine-et-mickael-a-albertville\/","url_meta":{"origin":3119,"position":3},"title":"Week end de l&rsquo;ascension: Jean Christophe \u00e0 Troyes, Laurent \u00e0 Tours, Catherine et Mickael \u00e0 Albertville","date":"3 juin 2025","format":false,"excerpt":"Jean Christophe Bernigaud, pour sa premi\u00e8re participation a un triathlon longue distance, \u00e9tait dans l'Aube au triathlon de Troyes. C'est parmi 500 concurrents qu il a pris le d\u00e9part du format L. Il a aval\u00e9 les 1.9km de natation, 90km de v\u00e9lo et 21km de course \u00e0 pied en 5:08:48\u2026","rel":"","context":"Dans &quot;Non class\u00e9&quot;","img":{"alt_text":"","src":"https:\/\/i1.wp.com\/www.montceautriathlon.com\/blog\/wp-content\/uploads\/2025\/06\/IMG-20250601-WA0016.jpg?resize=350%2C200&ssl=1","width":350,"height":200},"classes":[]},{"id":3206,"url":"https:\/\/www.montceautriathlon.com\/blog\/2019\/09\/24\/21-09-19-triathlon-de-paladru-jamais-decus-encore-convaincus\/","url_meta":{"origin":3119,"position":4},"title":"21\/09\/ 19, Triathlon de Paladru : Jamais d\u00e9\u00e7us, encore convaincus !","date":"24 septembre 2019","format":false,"excerpt":"Paladru a encore convaincu ! Si certains ne comptent plus leur nombre de participation \u00e0 ce magnifique triathlon L par \u00e9quipe, les nouvelles recrues qui pour certains gouttaient \u00e0 leur premier longue distance, ne sont pas repartis d\u00e9\u00e7us. Joli parcours, lac avec une eau limpide, m\u00e9t\u00e9o nickel, convivialit\u00e9 et super\u2026","rel":"","context":"Dans &quot;Non class\u00e9&quot;","img":{"alt_text":"","src":"","width":0,"height":0},"classes":[]},{"id":736,"url":"https:\/\/www.montceautriathlon.com\/blog\/2016\/07\/05\/resultats-du-1ier-triathlon-de-langres-03-juillet-2016\/","url_meta":{"origin":3119,"position":5},"title":"R\u00e9sultats du 1ier Triathlon de Langres (03 juillet 2016)","date":"5 juillet 2016","format":false,"excerpt":"C'\u00e9tait la 1ere \u00e9dition pour ce triathlon nature de Langres, avec un beau soleil et une belle ambiance ... Le club de Montceau Triathlon \u00e9tait au rendez-vous sur le M avec Nadine DORME et Sandrine GHESQUIERE en individuel et en relais pour Ir\u00e8ne VULIN et Jean Jacques BOULAY (malheureusement abandon\u2026","rel":"","context":"Dans &quot;slide show&quot;","img":{"alt_text":"","src":"https:\/\/i2.wp.com\/www.montceautriathlon.com\/blog\/wp-content\/uploads\/2016\/07\/triathlon-langres.jpg?resize=350%2C200&ssl=1","width":350,"height":200},"classes":[]}],"_links":{"self":[{"href":"https:\/\/www.montceautriathlon.com\/blog\/wp-json\/wp\/v2\/posts\/3119"}],"collection":[{"href":"https:\/\/www.montceautriathlon.com\/blog\/wp-json\/wp\/v2\/posts"}],"about":[{"href":"https:\/\/www.montceautriathlon.com\/blog\/wp-json\/wp\/v2\/types\/post"}],"author":[{"embeddable":true,"href":"https:\/\/www.montceautriathlon.com\/blog\/wp-json\/wp\/v2\/users\/5"}],"replies":[{"embeddable":true,"href":"https:\/\/www.montceautriathlon.com\/blog\/wp-json\/wp\/v2\/comments?post=3119"}],"version-history":[{"count":8,"href":"https:\/\/www.montceautriathlon.com\/blog\/wp-json\/wp\/v2\/posts\/3119\/revisions"}],"predecessor-version":[{"id":3138,"href":"https:\/\/www.montceautriathlon.com\/blog\/wp-json\/wp\/v2\/posts\/3119\/revisions\/3138"}],"wp:attachment":[{"href":"https:\/\/www.montceautriathlon.com\/blog\/wp-json\/wp\/v2\/media?parent=3119"}],"wp:term":[{"taxonomy":"category","embeddable":true,"href":"https:\/\/www.montceautriathlon.com\/blog\/wp-json\/wp\/v2\/categories?post=3119"},{"taxonomy":"post_tag","embeddable":true,"href":"https:\/\/www.montceautriathlon.com\/blog\/wp-json\/wp\/v2\/tags?post=3119"}],"curies":[{"name":"wp","href":"https:\/\/api.w.org\/{rel}","templated":true}]}}