{"id":3113,"date":"2019-09-04T15:12:09","date_gmt":"2019-09-04T14:12:09","guid":{"rendered":"http:\/\/montceautriathlon.com\/blog\/?p=3113"},"modified":"2019-09-04T15:12:09","modified_gmt":"2019-09-04T14:12:09","slug":"finale-d3-feminine-a-saint-pierre-dalbigny-en-bonne-compagnie","status":"publish","type":"post","link":"https:\/\/www.montceautriathlon.com\/blog\/2019\/09\/04\/finale-d3-feminine-a-saint-pierre-dalbigny-en-bonne-compagnie\/","title":{"rendered":"Finale D3 f\u00e9minine \u00e0 Saint Pierre d&rsquo;Albigny : en bonne compagnie"},"content":{"rendered":"<p>Nos quatre mousquetaires f\u00e9minines ont donc boucl\u00e9 leur nouvelle aventure D3 \u00e0 Saint Pierre d&rsquo;Albigny pr\u00e8s de Chamb\u00e9ry. Peut-\u00eatre d\u00e9\u00e7ues par leur 16\u00e8me place sur 18 \u00e9quipes engag\u00e9es, elles n&rsquo;auront pas d\u00e9m\u00e9rit\u00e9 et \u00e0 nouveau fait briller les couleurs du club sur une finale d&rsquo;\u00e9preuve nationale \u00e0 laquelle elles s&rsquo;\u00e9taient brillamment qualifi\u00e9es.<br \/>\nbravo \u00e0 elles !<br \/>\n<strong>les r\u00e9sultats :<\/strong> 89 engag\u00e9es sur un format S<\/p>\n<ul>\n<li>Marion Raclot\u00a0 44\u00e8me scratch en 1h31&rsquo;52<\/li>\n<li>Maryl\u00e8ne Lequin 57\u00e8me scratch en 1h35&rsquo;05<\/li>\n<li>Ludivine Lequin 77\u00e8me scratch en 1h40&rsquo;00<\/li>\n<li>Aude Demorti\u00e8re 88\u00e8me scratch en 1h54&rsquo;53<\/li>\n<\/ul>\n<p>Les r\u00e9sultats complets :\u00a0 <a href=\"http:\/\/montceautriathlon.com\/blog\/wp-content\/uploads\/2019\/09\/scratch-D3-\u00e9quip-.pdf\" target=\"_blank\" rel=\"noopener\">scratch D3 \u00e9quip<\/a> \u00a0 \u00a0 <a href=\"http:\/\/montceautriathlon.com\/blog\/wp-content\/uploads\/2019\/09\/scratch-D3-indi.pdf\" target=\"_blank\" rel=\"noopener\">scratch D3 indi<\/a><\/p>\n<p><a href=\"http:\/\/montceautriathlon.com\/blog\/wp-content\/uploads\/2019\/06\/IMG-20190617-WA0000001.jpg\"><img data-attachment-id=\"2948\" data-permalink=\"https:\/\/www.montceautriathlon.com\/blog\/2019\/06\/18\/16-juin-2019-triathlon-vauban-la-citadelle-netait-pas-imprenable\/img-20190617-wa0000001\/\" data-orig-file=\"https:\/\/www.montceautriathlon.com\/blog\/wp-content\/uploads\/2019\/06\/IMG-20190617-WA0000001.jpg\" data-orig-size=\"1440,1080\" data-comments-opened=\"1\" data-image-meta=\"{&quot;aperture&quot;:&quot;0&quot;,&quot;credit&quot;:&quot;&quot;,&quot;camera&quot;:&quot;&quot;,&quot;caption&quot;:&quot;&quot;,&quot;created_timestamp&quot;:&quot;0&quot;,&quot;copyright&quot;:&quot;&quot;,&quot;focal_length&quot;:&quot;0&quot;,&quot;iso&quot;:&quot;0&quot;,&quot;shutter_speed&quot;:&quot;0&quot;,&quot;title&quot;:&quot;&quot;,&quot;orientation&quot;:&quot;0&quot;}\" data-image-title=\"IMG-20190617-WA0000001\" data-image-description=\"\" data-image-caption=\"\" data-medium-file=\"https:\/\/www.montceautriathlon.com\/blog\/wp-content\/uploads\/2019\/06\/IMG-20190617-WA0000001-300x225.jpg\" data-large-file=\"https:\/\/www.montceautriathlon.com\/blog\/wp-content\/uploads\/2019\/06\/IMG-20190617-WA0000001-1024x768.jpg\" loading=\"lazy\" class=\" wp-image-2948 aligncenter\" src=\"http:\/\/montceautriathlon.com\/blog\/wp-content\/uploads\/2019\/06\/IMG-20190617-WA0000001-300x225.jpg\" alt=\"\" width=\"183\" height=\"137\" srcset=\"https:\/\/www.montceautriathlon.com\/blog\/wp-content\/uploads\/2019\/06\/IMG-20190617-WA0000001-300x225.jpg 300w, https:\/\/www.montceautriathlon.com\/blog\/wp-content\/uploads\/2019\/06\/IMG-20190617-WA0000001-768x576.jpg 768w, https:\/\/www.montceautriathlon.com\/blog\/wp-content\/uploads\/2019\/06\/IMG-20190617-WA0000001-1024x768.jpg 1024w, https:\/\/www.montceautriathlon.com\/blog\/wp-content\/uploads\/2019\/06\/IMG-20190617-WA0000001.jpg 1440w\" sizes=\"(max-width: 183px) 100vw, 183px\" \/><\/a><em>\u00a0\u00a0\u00a0\u00a0\u00a0\u00a0\u00a0\u00a0\u00a0\u00a0\u00a0\u00a0\u00a0\u00a0\u00a0\u00a0\u00a0\u00a0\u00a0\u00a0\u00a0\u00a0\u00a0\u00a0\u00a0\u00a0\u00a0\u00a0\u00a0\u00a0\u00a0\u00a0\u00a0\u00a0\u00a0\u00a0\u00a0\u00a0\u00a0\u00a0\u00a0\u00a0\u00a0\u00a0\u00a0\u00a0\u00a0\u00a0\u00a0\u00a0\u00a0\u00a0\u00a0\u00a0\u00a0\u00a0\u00a0\u00a0\u00a0\u00a0\u00a0\u00a0\u00a0\u00a0\u00a0\u00a0\u00a0\u00a0\u00a0 photo d&rsquo;archive<\/em><\/p>\n","protected":false},"excerpt":{"rendered":"<p>Nos quatre mousquetaires f\u00e9minines ont donc boucl\u00e9 leur nouvelle aventure D3 \u00e0 Saint Pierre d&rsquo;Albigny pr\u00e8s de Chamb\u00e9ry. Peut-\u00eatre d\u00e9\u00e7ues par leur 16\u00e8me place sur 18 \u00e9quipes engag\u00e9es, elles n&rsquo;auront pas d\u00e9m\u00e9rit\u00e9 et \u00e0 nouveau fait briller les couleurs du club sur une finale d&rsquo;\u00e9preuve nationale \u00e0 laquelle elles s&rsquo;\u00e9taient brillamment qualifi\u00e9es. bravo \u00e0 elles [&hellip;]<\/p>\n","protected":false},"author":5,"featured_media":0,"comment_status":"open","ping_status":"open","sticky":false,"template":"","format":"standard","meta":{"spay_email":"","jetpack_publicize_message":"","jetpack_is_tweetstorm":false},"categories":[1],"tags":[],"jetpack_featured_media_url":"","jetpack_publicize_connections":[],"jetpack_sharing_enabled":true,"jetpack_shortlink":"https:\/\/wp.me\/p8bwIy-Od","jetpack-related-posts":[{"id":832,"url":"https:\/\/www.montceautriathlon.com\/blog\/2016\/09\/14\/resultats-du-championnat-de-france-d3-1011-septembre-2016\/","url_meta":{"origin":3113,"position":0},"title":"R\u00e9sultats du championnat de France D3 (10&#038;11 septembre 2016)","date":"14 septembre 2016","format":false,"excerpt":"Ce weekend s\u2019est d\u00e9roul\u00e9 la finale des championnats de France de D3 \u00e0 Saint Gilles Crois de Vie sur laquelle quatre de nos f\u00e9minines participaient apr\u00e8s avoir durement gagn\u00e9 leur s\u00e9lection \u00e0 Besan\u00e7on. L\u2019\u00e9quipe de la finale \u00e9tait compos\u00e9e de\u00a0: Ludivine et Maryl\u00e8ne LEQUIN, Aude DEMORTIERE et Marion RACLOT. C\u2019est\u2026","rel":"","context":"Dans &quot;slide show&quot;","img":{"alt_text":"","src":"https:\/\/i2.wp.com\/www.montceautriathlon.com\/blog\/wp-content\/uploads\/2016\/09\/20160910_152803.jpg?resize=350%2C200&ssl=1","width":350,"height":200},"classes":[]},{"id":2005,"url":"https:\/\/www.montceautriathlon.com\/blog\/2018\/06\/18\/besancon25-cublize69vassiviere87-aurillac-15-week-end-charge-ces-16-et-17-juin\/","url_meta":{"origin":3113,"position":1},"title":"Besan\u00e7on(25), Cublize(69),Vassivi\u00e8re(87), Aurillac (15) week-end charg\u00e9 ces 16 et 17 juin !","date":"18 juin 2018","format":false,"excerpt":"Week-end charg\u00e9 effectivement avec notre \u00e9quipe f\u00e9minine \u00e0 Besan\u00e7on qui s'est brillamment qualifi\u00e9e pour la finale D3 de triathlon en remportant l'\u00e9preuve Grand\/Est \u00e0 Besan\u00e7on , une grosse douzaines de triathl\u00e8tes du club sur le difficile triathlon courte distance (format M) du lac des Sapins \u00e0 Cublize avec une belle\u2026","rel":"","context":"Dans &quot;Non class\u00e9&quot;","img":{"alt_text":"","src":"https:\/\/i0.wp.com\/montceautriathlon.com\/blog\/wp-content\/uploads\/2018\/06\/podium-1-300x288.jpg?resize=350%2C200","width":350,"height":200},"classes":[]},{"id":2814,"url":"https:\/\/www.montceautriathlon.com\/blog\/2019\/05\/17\/12-mai-2019-triathlon-dautun-matin-chagrin\/","url_meta":{"origin":3113,"position":2},"title":"12 mai 2019, Triathlon d&rsquo;Autun : matin chagrin !","date":"17 mai 2019","format":false,"excerpt":"L'eau du plan d'eau du Vallon \u00e0 Autun \u00e9tait particuli\u00e8rement fraiche pour ne pas dire froide(proche des 10\u00b0 !) avec pour cons\u00e9quence la transformation du triathlon S en duathlon et de\u00a0 la premi\u00e8re \u00e9preuve (benjamines et minimes F)\u00a0 des demi-finales jeunes de triathlon zone grand Est qualificatives pour les Championnats\u2026","rel":"","context":"Dans &quot;Non class\u00e9&quot;","img":{"alt_text":"","src":"https:\/\/i1.wp.com\/montceautriathlon.com\/blog\/wp-content\/uploads\/2019\/05\/Autun-12-mai-300x225.jpg?resize=350%2C200","width":350,"height":200},"classes":[]},{"id":3411,"url":"https:\/\/www.montceautriathlon.com\/blog\/2020\/01\/21\/19-01-2020-br-de-bourbon-nos-triranausores-toujours-aussi-gloutons\/","url_meta":{"origin":3113,"position":3},"title":"19\/01\/2020, B&#038;R de Bourbon : nos triranausores toujours aussi gloutons !","date":"21 janvier 2020","format":false,"excerpt":"Il faisait beau, l'air \u00e9tait frais et le trac\u00e9 pas trop compliqu\u00e9 malgr\u00e9 un passage herbeux plut\u00f4t boueux. Bref un temps\u00a0 et un parcours \"id\u00e9al\" pour cette discipline ! De quoi ouvrir l'app\u00e9tit de nos \u00e9quipes ! Qu'elles soient licornes, triranausores, tortues joyeuses ou bolides ! Silencieuses ou au carr\u00e9,\u2026","rel":"","context":"Dans &quot;Non class\u00e9&quot;","img":{"alt_text":"","src":"https:\/\/i2.wp.com\/www.montceautriathlon.com\/blog\/wp-content\/uploads\/2020\/01\/br-bourbon-1-1.jpg?resize=350%2C200&ssl=1","width":350,"height":200},"classes":[]},{"id":2161,"url":"https:\/\/www.montceautriathlon.com\/blog\/2018\/09\/10\/auxonne-ca-fonctionne-9-09-2018\/","url_meta":{"origin":3113,"position":4},"title":"Auxonne, \u00e7a fonctionne !     9\/09\/2018","date":"10 septembre 2018","format":false,"excerpt":"A Auxonne, peu\u00a0 de couronnes sauf Ludivine et Maryl\u00e8ne\u00a0 Lequin qui (dans leur cat\u00e9gorie ) rayonnent ! (1\u00e8re FJU et 1\u00e8reFS1)\u00a0 En ce presque d\u00e9but d'automne, l'\u00e9preuve d'Auxonne a fait d\u00e9placer une bonne colonne du club sur les formats M et S (une\u00a0 trentaine de licenci\u00e9s \u00e9tait en effet pr\u00e9sente\u2026","rel":"","context":"Dans &quot;Non class\u00e9&quot;","img":{"alt_text":"","src":"","width":0,"height":0},"classes":[]},{"id":1543,"url":"https:\/\/www.montceautriathlon.com\/blog\/2017\/10\/01\/coupe-de-france-de-triathlon-a-laiguillon-sur-mer-samedi-30-septembre-2017\/","url_meta":{"origin":3113,"position":5},"title":"Coupe de France de Triathlon \u00e0 l&rsquo;Aiguillon-sur-Mer (Samedi 30 septembre 2017)","date":"1 octobre 2017","format":false,"excerpt":"Ce week-end avait lieu la coupe de France des Clubs de Triathlon \u00e0 l'Aiguillon-sur-Mer. Avec la pr\u00e9sence d'une \u00e9quipe f\u00e9minine et d'une \u00e9quipe masculine, les triathl\u00e8tes de Montceau ont repr\u00e9sent\u00e9 avec panache, les couleurs du club. Bravo \u00e0 vous tou(te)s ! Vu de l'int\u00e9rieur par Maryl\u00e8ne. \"Apr\u00e8s 6h30 de route,\u2026","rel":"","context":"Dans &quot;Non class\u00e9&quot;","img":{"alt_text":"","src":"https:\/\/i0.wp.com\/www.montceautriathlon.com\/blog\/wp-content\/uploads\/2017\/10\/Image-5.png.jpeg?resize=350%2C200&ssl=1","width":350,"height":200},"classes":[]}],"_links":{"self":[{"href":"https:\/\/www.montceautriathlon.com\/blog\/wp-json\/wp\/v2\/posts\/3113"}],"collection":[{"href":"https:\/\/www.montceautriathlon.com\/blog\/wp-json\/wp\/v2\/posts"}],"about":[{"href":"https:\/\/www.montceautriathlon.com\/blog\/wp-json\/wp\/v2\/types\/post"}],"author":[{"embeddable":true,"href":"https:\/\/www.montceautriathlon.com\/blog\/wp-json\/wp\/v2\/users\/5"}],"replies":[{"embeddable":true,"href":"https:\/\/www.montceautriathlon.com\/blog\/wp-json\/wp\/v2\/comments?post=3113"}],"version-history":[{"count":3,"href":"https:\/\/www.montceautriathlon.com\/blog\/wp-json\/wp\/v2\/posts\/3113\/revisions"}],"predecessor-version":[{"id":3118,"href":"https:\/\/www.montceautriathlon.com\/blog\/wp-json\/wp\/v2\/posts\/3113\/revisions\/3118"}],"wp:attachment":[{"href":"https:\/\/www.montceautriathlon.com\/blog\/wp-json\/wp\/v2\/media?parent=3113"}],"wp:term":[{"taxonomy":"category","embeddable":true,"href":"https:\/\/www.montceautriathlon.com\/blog\/wp-json\/wp\/v2\/categories?post=3113"},{"taxonomy":"post_tag","embeddable":true,"href":"https:\/\/www.montceautriathlon.com\/blog\/wp-json\/wp\/v2\/tags?post=3113"}],"curies":[{"name":"wp","href":"https:\/\/api.w.org\/{rel}","templated":true}]}}