{"id":3111,"date":"2019-09-04T12:59:51","date_gmt":"2019-09-04T11:59:51","guid":{"rendered":"http:\/\/montceautriathlon.com\/blog\/?p=3111"},"modified":"2019-09-25T14:23:33","modified_gmt":"2019-09-25T13:23:33","slug":"cest-la-rentree","status":"publish","type":"post","link":"https:\/\/www.montceautriathlon.com\/blog\/2019\/09\/04\/cest-la-rentree\/","title":{"rendered":"C&rsquo;est la rentr\u00e9e !"},"content":{"rendered":"<p><strong>Dates de reprise des entra\u00eenements:<\/strong><\/p>\n<ul>\n<li><strong>Natation<\/strong> : \u00e0 partir du lundi 16 septembre\n<ul>\n<li>Adultes:\n<ul>\n<li>lundi de 12h15 \u00e0 13h30 (cr\u00e9neau libre)<\/li>\n<li>mercredi de 19h \u00e0 20h30<\/li>\n<li>vendredi de 19h \u00e0 20h30<\/li>\n<li>samedi de 10h \u00e0 11h30<\/li>\n<\/ul>\n<\/li>\n<li>Adolescents (benjamins \u00e0 juniors):\n<ul>\n<li>lundi de 18h00 \u00e0 19h00<\/li>\n<li>mercredi de 18h00 \u00e0 19h00<\/li>\n<li>ou mercredi de 19h00 \u00e0 20h30 (en fonction du niveau)<\/li>\n<\/ul>\n<\/li>\n<li>Enfants:\n<ul>\n<li>mercredi de 18h00 \u00e0 19h00<\/li>\n<\/ul>\n<\/li>\n<\/ul>\n<\/li>\n<\/ul>\n<ul>\n<li><strong>V\u00e9lo<\/strong> : d\u00e9j\u00e0 repris\n<ul>\n<li>Adultes:\n<ul>\n<li>dimanche, rdv sur le parking de la piscine \u00e0 09h00<\/li>\n<\/ul>\n<\/li>\n<li>Adolescents (benjamins \u00e0 juniors)\n<ul>\n<li>vendredi, rdv sur le parking de la piscine \u00e0 17h30<\/li>\n<\/ul>\n<\/li>\n<\/ul>\n<\/li>\n<\/ul>\n<ul>\n<li><strong>VTT<\/strong> : <strong>A partir du 28 septembre<\/strong>\n<ul>\n<li>Enfants:\n<ul>\n<li>samedi, rdv sur le parking de la piscine \u00e0 10h00<\/li>\n<\/ul>\n<\/li>\n<\/ul>\n<\/li>\n<\/ul>\n<ul>\n<li><strong>Course \u00e0 pied <\/strong>: \u00e0 partir du mardi 03 septembre\n<ul>\n<li>mardi de 18h30 \u00e0 19h30 (stade Jean Bouveri)<\/li>\n<\/ul>\n<\/li>\n<\/ul>\n<ul>\n<li><strong>Renforcement musculaire <\/strong>: date de reprise non d\u00e9finie\n<ul>\n<li>jeudi de 18h00 \u00e0 19h00 au cosec<\/li>\n<\/ul>\n<\/li>\n<\/ul>\n<p><strong>Pour tous renseignements:<\/strong> clubmontceautriathlon@gmail.com<\/p>\n","protected":false},"excerpt":{"rendered":"<p>Dates de reprise des entra\u00eenements: Natation : \u00e0 partir du lundi 16 septembre Adultes: lundi de 12h15 \u00e0 13h30 (cr\u00e9neau libre) mercredi de 19h \u00e0 20h30 vendredi de 19h \u00e0 20h30 samedi de 10h \u00e0 11h30 Adolescents (benjamins \u00e0 juniors): lundi de 18h00 \u00e0 19h00 mercredi de 18h00 \u00e0 19h00 ou mercredi de 19h00 \u00e0 [&hellip;]<\/p>\n","protected":false},"author":1,"featured_media":0,"comment_status":"open","ping_status":"open","sticky":false,"template":"","format":"standard","meta":{"spay_email":"","jetpack_publicize_message":"","jetpack_is_tweetstorm":false},"categories":[1],"tags":[],"jetpack_featured_media_url":"","jetpack_publicize_connections":[],"jetpack_sharing_enabled":true,"jetpack_shortlink":"https:\/\/wp.me\/p8bwIy-Ob","jetpack-related-posts":[{"id":1508,"url":"https:\/\/www.montceautriathlon.com\/blog\/2017\/09\/11\/cest-egalement-la-rentree-pour-montceau-triathlon\/","url_meta":{"origin":3111,"position":0},"title":"C&rsquo;est \u00e9galement la rentr\u00e9e pour Montceau Triathlon !","date":"11 septembre 2017","format":false,"excerpt":"Horaires d'entrainement pour la rentr\u00e9e 2017-2018 : Pour les jeunes (mini poussins \u00e0 benjamins) : Course \u00e0 pied: tous les mardi de 18h30 \u00e0 19h30, au stade Jean Bouveri\u00a0(\u00e0 partir du 19 septembre) Natation: mercredi de 18h \u00e0 19h au centre nautique (\u00e0 partir du 27 septembre) V\u00e9lo: samedi de\u2026","rel":"","context":"Dans &quot;Non class\u00e9&quot;","img":{"alt_text":"","src":"","width":0,"height":0},"classes":[]},{"id":5221,"url":"https:\/\/www.montceautriathlon.com\/blog\/2022\/09\/05\/cest-la-rentree-reprise-des-entrainements\/","url_meta":{"origin":3111,"position":1},"title":"C&rsquo;est la rentr\u00e9e !                                              reprise des entrainements !","date":"5 septembre 2022","format":false,"excerpt":"Reprise des entrainements CAP ce mardi 6 septembre \u00e0 18h30(horaire habituel) devant l'entr\u00e9e du stade Jean Bouveri c\u00f4t\u00e9 lac. Comme d'hab ! s'encha\u00eeneront v\u00e9lo et VTT ensuite en fin de semaine (voir ci-dessous) Pour les personnes int\u00e9ress\u00e9es par le triathlon et ses disciplines encha\u00een\u00e9es, c'est l'occasion de prendre contact avec\u2026","rel":"","context":"Dans &quot;Non class\u00e9&quot;","img":{"alt_text":"","src":"https:\/\/i1.wp.com\/www.montceautriathlon.com\/blog\/wp-content\/uploads\/2022\/09\/IMG-20220903-WA0002.jpg?resize=350%2C200&ssl=1","width":350,"height":200},"classes":[]},{"id":3777,"url":"https:\/\/www.montceautriathlon.com\/blog\/2020\/09\/02\/reprise-des-entrainements-saison-2020-2021-a-partir-du-7-septembre\/","url_meta":{"origin":3111,"position":2},"title":"REPRISE DES ENTRAINEMENTS SAISON 2020\/2021 \u00e0 partir du 7 septembre","date":"2 septembre 2020","format":false,"excerpt":"Il faut bien reprendre !\u00a0 Avec les mesures sanitaires contre la Covid bien entendu ! Si vous \u00eates une personne int\u00e9ress\u00e9e et qui d\u00e9couvrez cette page, vous pouvez nous rejoindre aux horaires indiqu\u00e9s pour une prise de contact. Vous pouvez nous contacter \u00e9galement\u00a0 et nous apporter un pass club pour\u2026","rel":"","context":"Dans &quot;Non class\u00e9&quot;","img":{"alt_text":"","src":"","width":0,"height":0},"classes":[]},{"id":3267,"url":"https:\/\/www.montceautriathlon.com\/blog\/2019\/10\/16\/entrainements-vacances-de-toussaint-et-dates-a-retenir\/","url_meta":{"origin":3111,"position":3},"title":"entra\u00eenements vacances de Toussaint et dates \u00e0 retenir","date":"16 octobre 2019","format":false,"excerpt":"1\u00e8re semaine des vacances (du 21 au 27 octobre): Les jeunes (mini poussin \u00e0 benjamin): pas d'entrainement Les ados (minimes \u00e0 juniors): mardi : cap de 18h30 \u00e0 19h30 \u00a0 \u00a0 \u00a0 \u00a0 \u00a0 \u00a0 \u00a0 \u00a0 \u00a0 \u00a0 \u00a0 \u00a0 \u00a0 \u00a0 \u00a0 \u00a0 \u00a0 \u00a0 \u00a0 \u00a0 \u00a0\u2026","rel":"","context":"Dans &quot;Non class\u00e9&quot;","img":{"alt_text":"","src":"","width":0,"height":0},"classes":[]},{"id":2573,"url":"https:\/\/www.montceautriathlon.com\/blog\/2018\/12\/15\/attention-creneaux-dentrainements-fin-dannee\/","url_meta":{"origin":3111,"position":4},"title":"Attention ! Cr\u00e9neaux d&rsquo;entra\u00eenements fin d&rsquo;ann\u00e9e","date":"15 d\u00e9cembre 2018","format":false,"excerpt":"Les cr\u00e9neaux d'entra\u00eenements sont les suivants : \u00e0 lire attentivement ! LUNDI 17\/12 : 12h\/13h30: natation libre 18h\/19h: natation ados MARDI 18\/12 : 18h30\/19h30: cap jeunes, ados, adultes MERCREDI 19\/12 : 18h\/19h: natation jeunes, ados 19h\/20h30: natation annul\u00e9e (tests MON) JEUDI 20\/12 : 18h\/19h15: Renforcement musculaire adultes, ados VENDREDI 21\/12\u2026","rel":"","context":"Dans &quot;Non class\u00e9&quot;","img":{"alt_text":"","src":"","width":0,"height":0},"classes":[]},{"id":8069,"url":"https:\/\/www.montceautriathlon.com\/blog\/2025\/08\/27\/montceau-triathlon-cest-la-rentree\/","url_meta":{"origin":3111,"position":5},"title":"Montceau triathlon: c&rsquo;est la rentr\u00e9e","date":"27 ao\u00fbt 2025","format":false,"excerpt":"Que vous soyez \u00e0 la recherche d'une activit\u00e9\u00a0ludique pour vos enfants, d'une pratique de loisir ou de comp\u00e9tition, notre club a une place pour chacun. Avec une seule licence, vous pouvez\u00a0pratiquer\u00a03 disciplines: la natation, le v\u00e9lo et la course\u00a0\u00e0 pied mais aussi le home trainer et le renforcement\u00a0musculaire. Les s\u00e9ances\u2026","rel":"","context":"Dans &quot;Non class\u00e9&quot;","img":{"alt_text":"","src":"https:\/\/i2.wp.com\/www.montceautriathlon.com\/blog\/wp-content\/uploads\/2025\/08\/20250826_171719-scaled.jpg?resize=350%2C200&ssl=1","width":350,"height":200},"classes":[]}],"_links":{"self":[{"href":"https:\/\/www.montceautriathlon.com\/blog\/wp-json\/wp\/v2\/posts\/3111"}],"collection":[{"href":"https:\/\/www.montceautriathlon.com\/blog\/wp-json\/wp\/v2\/posts"}],"about":[{"href":"https:\/\/www.montceautriathlon.com\/blog\/wp-json\/wp\/v2\/types\/post"}],"author":[{"embeddable":true,"href":"https:\/\/www.montceautriathlon.com\/blog\/wp-json\/wp\/v2\/users\/1"}],"replies":[{"embeddable":true,"href":"https:\/\/www.montceautriathlon.com\/blog\/wp-json\/wp\/v2\/comments?post=3111"}],"version-history":[{"count":3,"href":"https:\/\/www.montceautriathlon.com\/blog\/wp-json\/wp\/v2\/posts\/3111\/revisions"}],"predecessor-version":[{"id":3141,"href":"https:\/\/www.montceautriathlon.com\/blog\/wp-json\/wp\/v2\/posts\/3111\/revisions\/3141"}],"wp:attachment":[{"href":"https:\/\/www.montceautriathlon.com\/blog\/wp-json\/wp\/v2\/media?parent=3111"}],"wp:term":[{"taxonomy":"category","embeddable":true,"href":"https:\/\/www.montceautriathlon.com\/blog\/wp-json\/wp\/v2\/categories?post=3111"},{"taxonomy":"post_tag","embeddable":true,"href":"https:\/\/www.montceautriathlon.com\/blog\/wp-json\/wp\/v2\/tags?post=3111"}],"curies":[{"name":"wp","href":"https:\/\/api.w.org\/{rel}","templated":true}]}}