{"id":3093,"date":"2019-08-30T21:22:04","date_gmt":"2019-08-30T20:22:04","guid":{"rendered":"http:\/\/montceautriathlon.com\/blog\/?p=3093"},"modified":"2019-08-30T21:22:04","modified_gmt":"2019-08-30T20:22:04","slug":"triathlon-des-settons-sait-on-jamais","status":"publish","type":"post","link":"https:\/\/www.montceautriathlon.com\/blog\/2019\/08\/30\/triathlon-des-settons-sait-on-jamais\/","title":{"rendered":"Triathlon des Settons : Sait-on jamais ?"},"content":{"rendered":"<p>Ce dernier week-end, un petit peloton de triathl\u00e8tes du club s&rsquo;est rendu sur les bords de ce beau lac du Morvan pas si loin que \u00e7a de Montceau. Du M,du S, du XS, j1, J2, aquathlon au programme !<br \/>\nDe quoi satisfaire un large panel de comp\u00e9titeurs:<br \/>\nLes r\u00e9sultats :<br \/>\n<strong>distance M : 221 class\u00e9s<a href=\"http:\/\/montceautriathlon.com\/blog\/wp-content\/uploads\/2019\/08\/IMG_3438.jpg\" target=\"_blank\" rel=\"noopener\"><img data-attachment-id=\"3102\" data-permalink=\"https:\/\/www.montceautriathlon.com\/blog\/2019\/08\/30\/triathlon-des-settons-sait-on-jamais\/img_3438\/\" data-orig-file=\"https:\/\/www.montceautriathlon.com\/blog\/wp-content\/uploads\/2019\/08\/IMG_3438.jpg\" data-orig-size=\"4898,3265\" data-comments-opened=\"1\" data-image-meta=\"{&quot;aperture&quot;:&quot;5&quot;,&quot;credit&quot;:&quot;&quot;,&quot;camera&quot;:&quot;Canon EOS 650D&quot;,&quot;caption&quot;:&quot;&quot;,&quot;created_timestamp&quot;:&quot;1566747209&quot;,&quot;copyright&quot;:&quot;&quot;,&quot;focal_length&quot;:&quot;160&quot;,&quot;iso&quot;:&quot;2500&quot;,&quot;shutter_speed&quot;:&quot;0.000625&quot;,&quot;title&quot;:&quot;&quot;,&quot;orientation&quot;:&quot;1&quot;}\" data-image-title=\"IMG_3438\" data-image-description=\"\" data-image-caption=\"\" data-medium-file=\"https:\/\/www.montceautriathlon.com\/blog\/wp-content\/uploads\/2019\/08\/IMG_3438-300x200.jpg\" data-large-file=\"https:\/\/www.montceautriathlon.com\/blog\/wp-content\/uploads\/2019\/08\/IMG_3438-1024x683.jpg\" loading=\"lazy\" class=\"alignright wp-image-3102\" src=\"http:\/\/montceautriathlon.com\/blog\/wp-content\/uploads\/2019\/08\/IMG_3438-300x200.jpg\" alt=\"\" width=\"165\" height=\"110\" srcset=\"https:\/\/www.montceautriathlon.com\/blog\/wp-content\/uploads\/2019\/08\/IMG_3438-300x200.jpg 300w, https:\/\/www.montceautriathlon.com\/blog\/wp-content\/uploads\/2019\/08\/IMG_3438-768x512.jpg 768w, https:\/\/www.montceautriathlon.com\/blog\/wp-content\/uploads\/2019\/08\/IMG_3438-1024x683.jpg 1024w\" sizes=\"(max-width: 165px) 100vw, 165px\" \/><\/a><\/strong><\/p>\n<ul>\n<li>Laurent Magnien en 2h37&rsquo;04\u00a0\u00a0 31\u00e8me scratch 4\u00e8me V1<\/li>\n<li>Bertrand De Sars en 3h11&rsquo;38\u00a0\u00a0 153\u00e8me scratch 23\u00e8me V3<\/li>\n<li>Sophie Rousseau en 3h44&rsquo;17\u00a0 208\u00e8me scratch 4\u00e8me V1F<\/li>\n<li>Philippe Renard en 3h44&rsquo;58\u00a0 210\u00e8me scratch\u00a0 29\u00e8me V3<\/li>\n<\/ul>\n<p><strong>distance S : 214 class\u00e9s<a href=\"http:\/\/montceautriathlon.com\/blog\/wp-content\/uploads\/2019\/08\/IMG_3340.jpg\" target=\"_blank\" rel=\"noopener\"><img data-attachment-id=\"3100\" data-permalink=\"https:\/\/www.montceautriathlon.com\/blog\/2019\/08\/30\/triathlon-des-settons-sait-on-jamais\/img_3340\/\" data-orig-file=\"https:\/\/www.montceautriathlon.com\/blog\/wp-content\/uploads\/2019\/08\/IMG_3340.jpg\" data-orig-size=\"4898,3265\" data-comments-opened=\"1\" data-image-meta=\"{&quot;aperture&quot;:&quot;5.6&quot;,&quot;credit&quot;:&quot;&quot;,&quot;camera&quot;:&quot;Canon EOS 650D&quot;,&quot;caption&quot;:&quot;&quot;,&quot;created_timestamp&quot;:&quot;1566729557&quot;,&quot;copyright&quot;:&quot;&quot;,&quot;focal_length&quot;:&quot;300&quot;,&quot;iso&quot;:&quot;400&quot;,&quot;shutter_speed&quot;:&quot;0.000625&quot;,&quot;title&quot;:&quot;&quot;,&quot;orientation&quot;:&quot;1&quot;}\" data-image-title=\"IMG_3340\" data-image-description=\"\" data-image-caption=\"\" data-medium-file=\"https:\/\/www.montceautriathlon.com\/blog\/wp-content\/uploads\/2019\/08\/IMG_3340-300x200.jpg\" data-large-file=\"https:\/\/www.montceautriathlon.com\/blog\/wp-content\/uploads\/2019\/08\/IMG_3340-1024x683.jpg\" loading=\"lazy\" class=\"alignright wp-image-3100\" src=\"http:\/\/montceautriathlon.com\/blog\/wp-content\/uploads\/2019\/08\/IMG_3340-300x200.jpg\" alt=\"\" width=\"161\" height=\"107\" srcset=\"https:\/\/www.montceautriathlon.com\/blog\/wp-content\/uploads\/2019\/08\/IMG_3340-300x200.jpg 300w, https:\/\/www.montceautriathlon.com\/blog\/wp-content\/uploads\/2019\/08\/IMG_3340-768x512.jpg 768w, https:\/\/www.montceautriathlon.com\/blog\/wp-content\/uploads\/2019\/08\/IMG_3340-1024x683.jpg 1024w\" sizes=\"(max-width: 161px) 100vw, 161px\" \/><\/a><\/strong><\/p>\n<ul>\n<li>Maryl\u00e8ne Lequin en 1h33&rsquo;32 90\u00e8me scratch\u00a0 8\u00e8me SF<\/li>\n<li>Elisabeth Guenot en1h39&rsquo;23 134\u00e8me scratch 4\u00e8me VF<\/li>\n<li>Martial Delorme en 2h14&rsquo;03\u00a0 211\u00e8me scratch 74\u00e8me VM<\/li>\n<\/ul>\n<p><strong>distance XS : 128 class\u00e9s<\/strong><\/p>\n<ul>\n<li><strong>Antoine Ballet en 48&rsquo;54\u00a0 20\u00e8me scratch 2\u00e8me Bj<\/strong><\/li>\n<li>Jules Gouraud en 51&rsquo;27 36\u00e8me scratch\u00a0 5\u00e8me Bj<a href=\"http:\/\/montceautriathlon.com\/blog\/wp-content\/uploads\/2019\/08\/IMG_3251.jpg\" target=\"_blank\" rel=\"noopener\"><img data-attachment-id=\"3099\" data-permalink=\"https:\/\/www.montceautriathlon.com\/blog\/2019\/08\/30\/triathlon-des-settons-sait-on-jamais\/img_3251\/\" data-orig-file=\"https:\/\/www.montceautriathlon.com\/blog\/wp-content\/uploads\/2019\/08\/IMG_3251.jpg\" data-orig-size=\"4898,3265\" data-comments-opened=\"1\" data-image-meta=\"{&quot;aperture&quot;:&quot;4.5&quot;,&quot;credit&quot;:&quot;&quot;,&quot;camera&quot;:&quot;Canon EOS 650D&quot;,&quot;caption&quot;:&quot;&quot;,&quot;created_timestamp&quot;:&quot;1566728100&quot;,&quot;copyright&quot;:&quot;&quot;,&quot;focal_length&quot;:&quot;95&quot;,&quot;iso&quot;:&quot;800&quot;,&quot;shutter_speed&quot;:&quot;0.001&quot;,&quot;title&quot;:&quot;&quot;,&quot;orientation&quot;:&quot;1&quot;}\" data-image-title=\"IMG_3251\" data-image-description=\"\" data-image-caption=\"\" data-medium-file=\"https:\/\/www.montceautriathlon.com\/blog\/wp-content\/uploads\/2019\/08\/IMG_3251-300x200.jpg\" data-large-file=\"https:\/\/www.montceautriathlon.com\/blog\/wp-content\/uploads\/2019\/08\/IMG_3251-1024x683.jpg\" loading=\"lazy\" class=\"alignright wp-image-3099\" src=\"http:\/\/montceautriathlon.com\/blog\/wp-content\/uploads\/2019\/08\/IMG_3251-300x200.jpg\" alt=\"\" width=\"140\" height=\"93\" srcset=\"https:\/\/www.montceautriathlon.com\/blog\/wp-content\/uploads\/2019\/08\/IMG_3251-300x200.jpg 300w, https:\/\/www.montceautriathlon.com\/blog\/wp-content\/uploads\/2019\/08\/IMG_3251-768x512.jpg 768w, https:\/\/www.montceautriathlon.com\/blog\/wp-content\/uploads\/2019\/08\/IMG_3251-1024x683.jpg 1024w\" sizes=\"(max-width: 140px) 100vw, 140px\" \/><\/a><\/li>\n<li><strong>Marine Da Eira en 53&rsquo;25\u00a0 54\u00e8me scratch 3\u00e8me MinF<\/strong><\/li>\n<li>Louis Renard en 57&rsquo;47\u00a0 73\u00e8me scratch\u00a0\u00a0 12\u00e8me MinG<\/li>\n<li>Camille FRan\u00e7ois en 1h01&rsquo;03 86\u00e8me scratch\u00a0 7\u00e8me MinF<\/li>\n<li>Antoine Renard (futur licenci\u00e9) en 1h03&rsquo;08 94\u00e8me scratch 8\u00e8me BjG<a href=\"http:\/\/montceautriathlon.com\/blog\/wp-content\/uploads\/2019\/08\/IMG_3367.jpg\" target=\"_blank\" rel=\"noopener\"><img data-attachment-id=\"3103\" data-permalink=\"https:\/\/www.montceautriathlon.com\/blog\/2019\/08\/30\/triathlon-des-settons-sait-on-jamais\/img_3367\/\" data-orig-file=\"https:\/\/www.montceautriathlon.com\/blog\/wp-content\/uploads\/2019\/08\/IMG_3367.jpg\" data-orig-size=\"4898,3265\" data-comments-opened=\"1\" data-image-meta=\"{&quot;aperture&quot;:&quot;5&quot;,&quot;credit&quot;:&quot;&quot;,&quot;camera&quot;:&quot;Canon EOS 650D&quot;,&quot;caption&quot;:&quot;&quot;,&quot;created_timestamp&quot;:&quot;1566731570&quot;,&quot;copyright&quot;:&quot;&quot;,&quot;focal_length&quot;:&quot;170&quot;,&quot;iso&quot;:&quot;2000&quot;,&quot;shutter_speed&quot;:&quot;0.000625&quot;,&quot;title&quot;:&quot;&quot;,&quot;orientation&quot;:&quot;1&quot;}\" data-image-title=\"IMG_3367\" data-image-description=\"\" data-image-caption=\"\" data-medium-file=\"https:\/\/www.montceautriathlon.com\/blog\/wp-content\/uploads\/2019\/08\/IMG_3367-300x200.jpg\" data-large-file=\"https:\/\/www.montceautriathlon.com\/blog\/wp-content\/uploads\/2019\/08\/IMG_3367-1024x683.jpg\" loading=\"lazy\" class=\"alignright wp-image-3103\" src=\"http:\/\/montceautriathlon.com\/blog\/wp-content\/uploads\/2019\/08\/IMG_3367-300x200.jpg\" alt=\"\" width=\"128\" height=\"85\" srcset=\"https:\/\/www.montceautriathlon.com\/blog\/wp-content\/uploads\/2019\/08\/IMG_3367-300x200.jpg 300w, https:\/\/www.montceautriathlon.com\/blog\/wp-content\/uploads\/2019\/08\/IMG_3367-768x512.jpg 768w, https:\/\/www.montceautriathlon.com\/blog\/wp-content\/uploads\/2019\/08\/IMG_3367-1024x683.jpg 1024w\" sizes=\"(max-width: 128px) 100vw, 128px\" \/><\/a><\/li>\n<li>No\u00e9mie Magnien en 1h08&rsquo;08 110\u00e8me scratch 8\u00e8me MinF<\/li>\n<\/ul>\n<p><strong>\u00a0Et chez les plus jeunes, Axelle Da Eira 1\u00e8re F en J1<\/strong>, Zo\u00e9 da Eira 4\u00e8me F en J2 et Anthonin Gauthier 4\u00e8meBj sur l&rsquo;aquathlon<\/p>\n<p>de belles photos de Christelle en suivant le lien : <a href=\"https:\/\/photos.app.goo.gl\/Ki2DaMJecM5dp6rHA\">ici<\/a><\/p>\n","protected":false},"excerpt":{"rendered":"<p>Ce dernier week-end, un petit peloton de triathl\u00e8tes du club s&rsquo;est rendu sur les bords de ce beau lac du Morvan pas si loin que \u00e7a de Montceau. Du M,du S, du XS, j1, J2, aquathlon au programme ! De quoi satisfaire un large panel de comp\u00e9titeurs: Les r\u00e9sultats : distance M : 221 class\u00e9s [&hellip;]<\/p>\n","protected":false},"author":5,"featured_media":0,"comment_status":"open","ping_status":"open","sticky":false,"template":"","format":"standard","meta":{"spay_email":"","jetpack_publicize_message":"","jetpack_is_tweetstorm":false},"categories":[1],"tags":[],"jetpack_featured_media_url":"","jetpack_publicize_connections":[],"jetpack_sharing_enabled":true,"jetpack_shortlink":"https:\/\/wp.me\/p8bwIy-NT","jetpack-related-posts":[{"id":3142,"url":"https:\/\/www.montceautriathlon.com\/blog\/2019\/09\/11\/dimanche-8-09-auxonne-aux-petits-oignons\/","url_meta":{"origin":3093,"position":0},"title":"dimanche 8\/09, Auxonne : Aux petits  oignons !","date":"11 septembre 2019","format":false,"excerpt":"Auxonne, ce sont les pr\u00e9mices de l'automne ... Les feuilles mortes se ramassent \u00e0 la pelle, les podiums aussi ! Et oui,\u00a0 une belle 1\u00e8re place du relais Baptiste, Maryl\u00e8ne renforc\u00e9 par ...Alexandre Paweska(ancien montcelien il est vrai !) et une seconde place du relais masculin, enfin une troisi\u00e8me place\u2026","rel":"","context":"Dans &quot;Non class\u00e9&quot;","img":{"alt_text":"","src":"","width":0,"height":0},"classes":[]},{"id":2020,"url":"https:\/\/www.montceautriathlon.com\/blog\/2018\/06\/25\/cap-a-lest-ces-23-et-24-juin-triathlon-de-st-point25-annecy74-et-xterra-switzerland\/","url_meta":{"origin":3093,"position":1},"title":"Cap \u00e0 l&rsquo;Est ces 23 et 24 juin ! Triathlon de St Point(25), Annecy(74) et Xterra Switzerland !","date":"25 juin 2018","format":false,"excerpt":"Belle performance au triathlon XTerra des Charbonni\u00e8res en Suisse ce samedi 23 juin d'Olivier Grivault au d\u00e9part de la formule light (S).\u00a0 \"Un parcours VTT tr\u00e8s technique o\u00f9 il faut dominer son appr\u00e9hension\"\u00a0 1h34'47\" 19\u00e8me scratch et 5\u00e8me VEM ! Bravo Olivier ! Triathlon du Lac de St Point\u00a0 pr\u00e8s\u2026","rel":"","context":"Dans &quot;Non class\u00e9&quot;","img":{"alt_text":"","src":"","width":0,"height":0},"classes":[]},{"id":2865,"url":"https:\/\/www.montceautriathlon.com\/blog\/2019\/05\/27\/25-et-26mai-2019triathlon-de-dijon-un-ptit-kir-patron-avec-moderation\/","url_meta":{"origin":3093,"position":2},"title":"25 et 26mai 2019,triathlon de Dijon : \u00ab\u00a0un p&rsquo;tit Kir Patron !\u00a0\u00bb avec mod\u00e9ration&#8230;","date":"27 mai 2019","format":false,"excerpt":"Ce week-end c'\u00e9tait jour de triathlon international \u00e0 Dijon.(4 secondes de retransmission sur FR3 ! Y'a encore du boulot pour m\u00e9diatiser notre sport !) Formats S et M le samedi et L + courses jeunes le dimanche. Peu de triathl\u00e8tes montceliens (les week-ends se suivent mais ne se ressemblent pas\u2026","rel":"","context":"Dans &quot;Non class\u00e9&quot;","img":{"alt_text":"","src":"","width":0,"height":0},"classes":[]},{"id":3035,"url":"https:\/\/www.montceautriathlon.com\/blog\/2019\/07\/09\/7-juillet-2019-triathlon-de-macon-un-triathlon-fecond\/","url_meta":{"origin":3093,"position":3},"title":"7 juillet 2019, triathlon de M\u00e2con: un triathlon f\u00e9cond !","date":"9 juillet 2019","format":false,"excerpt":"Ce dimanche 7 juillet, ce n'est pas le rubicond qu'il fallait franchir \u00e0 M\u00e2con mais plut\u00f4t la chaleur le long de la Sa\u00f4ne comme un peu partout sur les triathlons. C'est donc 27 courageux triathl\u00e8tes du club dont 13 jeunes de l'\u00e9cole de tri qui se sont align\u00e9s sur les\u2026","rel":"","context":"Dans &quot;Non class\u00e9&quot;","img":{"alt_text":"","src":"","width":0,"height":0},"classes":[]},{"id":1960,"url":"https:\/\/www.montceautriathlon.com\/blog\/2018\/05\/23\/triathlon-du-pilon-dimanche-20-mai-2018\/","url_meta":{"origin":3093,"position":4},"title":"Triathlon du Pilon (Dimanche 20 mai 2018)","date":"23 mai 2018","format":false,"excerpt":"Course jeunes 6-9 ans\u00a0 32 class\u00e9s : Titouan RONDIER\u00a0\u00a0\u00a0\u00a0\u00a0\u00a0\u00a0 5\u00e8me scratch\u00a0\u00a0\u00a0\u00a0\u00a0 5\u00e8me POM \u00a0\u00a0\u00a0\u00a0\u00a0\u00a0 04'49'' Jules ENCINAS \u00a0\u00a0\u00a0\u00a0\u00a0\u00a0\u00a0\u00a0\u00a0\u00a0 13\u00e8me scratch\u00a0\u00a0\u00a0 11\u00e8me POM \u00a0\u00a0\u00a0\u00a0\u00a0 05\u201924\" El\u00e9a BERARDAN\u00a0\u00a0\u00a0\u00a0\u00a0\u00a0\u00a0 14\u00e8me scratch\u00a0\u00a0\u00a0 3\u00e8me POF \u00a0\u00a0\u00a0\u00a0\u00a0\u00a0\u00a0 05\u201929\" Lou GRIVAULT\u00a0\u00a0\u00a0\u00a0\u00a0\u00a0\u00a0\u00a0\u00a0\u00a0 19\u00e8me scratch\u00a0\u00a0\u00a0 6\u00e8me\u00a0 POF \u00a0\u00a0\u00a0\u00a0\u00a0\u00a0\u00a0 05'44\" Julie DEMORTIERE\u00a0\u00a0\u00a0 20\u00e8me scratch\u00a0 \u00a0 7\u00e8me POF\u00a0\u00a0\u00a0\u00a0\u00a0\u00a0\u00a0\u00a0\u00a0 05'47\" Axelle DA\u2026","rel":"","context":"Dans &quot;Non class\u00e9&quot;","img":{"alt_text":"","src":"","width":0,"height":0},"classes":[]},{"id":1949,"url":"https:\/\/www.montceautriathlon.com\/blog\/2018\/05\/15\/triathlon-dautun-13-05-2018\/","url_meta":{"origin":3093,"position":5},"title":"Triathlon d&rsquo;Autun 13\/05\/2018","date":"15 mai 2018","format":false,"excerpt":"Un beau d\u00e9placement de nos jeunes de l'\u00e9cole de triathlon ce week-end ! 15 partants sur les courses J1 et J2 du dimanche et 10 repr\u00e9sentants sur les 1\/2 finales du Championnat de France ! Malgr\u00e9 une m\u00e9t\u00e9o plus que fraiche ! Bravo \u00e0 eux ! Le samedi, Autun organisait\u2026","rel":"","context":"Dans &quot;Non class\u00e9&quot;","img":{"alt_text":"","src":"","width":0,"height":0},"classes":[]}],"_links":{"self":[{"href":"https:\/\/www.montceautriathlon.com\/blog\/wp-json\/wp\/v2\/posts\/3093"}],"collection":[{"href":"https:\/\/www.montceautriathlon.com\/blog\/wp-json\/wp\/v2\/posts"}],"about":[{"href":"https:\/\/www.montceautriathlon.com\/blog\/wp-json\/wp\/v2\/types\/post"}],"author":[{"embeddable":true,"href":"https:\/\/www.montceautriathlon.com\/blog\/wp-json\/wp\/v2\/users\/5"}],"replies":[{"embeddable":true,"href":"https:\/\/www.montceautriathlon.com\/blog\/wp-json\/wp\/v2\/comments?post=3093"}],"version-history":[{"count":8,"href":"https:\/\/www.montceautriathlon.com\/blog\/wp-json\/wp\/v2\/posts\/3093\/revisions"}],"predecessor-version":[{"id":3105,"href":"https:\/\/www.montceautriathlon.com\/blog\/wp-json\/wp\/v2\/posts\/3093\/revisions\/3105"}],"wp:attachment":[{"href":"https:\/\/www.montceautriathlon.com\/blog\/wp-json\/wp\/v2\/media?parent=3093"}],"wp:term":[{"taxonomy":"category","embeddable":true,"href":"https:\/\/www.montceautriathlon.com\/blog\/wp-json\/wp\/v2\/categories?post=3093"},{"taxonomy":"post_tag","embeddable":true,"href":"https:\/\/www.montceautriathlon.com\/blog\/wp-json\/wp\/v2\/tags?post=3093"}],"curies":[{"name":"wp","href":"https:\/\/api.w.org\/{rel}","templated":true}]}}