{"id":3084,"date":"2019-08-29T20:47:11","date_gmt":"2019-08-29T19:47:11","guid":{"rendered":"http:\/\/montceautriathlon.com\/blog\/?p=3084"},"modified":"2019-08-29T20:47:11","modified_gmt":"2019-08-29T19:47:11","slug":"quelques-nouvelles-de-ce-mois-daout","status":"publish","type":"post","link":"https:\/\/www.montceautriathlon.com\/blog\/2019\/08\/29\/quelques-nouvelles-de-ce-mois-daout\/","title":{"rendered":"quelques nouvelles de ce mois d&rsquo;ao\u00fbt"},"content":{"rendered":"<p><strong>Embrun<\/strong> : Laurent Xypolitas finisher du mythique IronMan en 14h44&prime; et 55&Prime;<br \/>\n1h05&rsquo;49\u00a0\u00bb pour la natation, T1 en 9&rsquo;48, V\u00e9lo en 9h01&prime; 18, T2 rapide de 4&rsquo;40 et marathon en 4h19&rsquo;13\u00a0\u00bb. Et de trois dans la besace !<br \/>\nUne petite pens\u00e9e \u00e0 Beno\u00eet qui s&rsquo;est pr\u00e9par\u00e9 toute l&rsquo;ann\u00e9e et qui malheureusement n&rsquo;a pas pu s&rsquo;aligner au d\u00e9part en raison d&rsquo;une douloureuse nouvelle.<\/p>\n<p><strong>Saint Bonnet de Tron\u00e7ais :<\/strong><br \/>\nApr\u00e8s onze mois de blessures encha\u00een\u00e9es, Claude Monnet a repris go\u00fbt au triple effort sur un format S en 1h20&rsquo;32\u00a0\u00bb. 39\u00e8me sur 136 partants ! Une jolie reprise qui appelle de nouvelles performances pour cette fin de saison !<\/p>\n<p><a href=\"http:\/\/montceautriathlon.com\/blog\/wp-content\/uploads\/2019\/08\/St-Bonnet-de-tron\u00e7ais-e1567107485732.jpg\"><img data-attachment-id=\"3085\" data-permalink=\"https:\/\/www.montceautriathlon.com\/blog\/2019\/08\/29\/quelques-nouvelles-de-ce-mois-daout\/st-bonnet-de-troncais\/\" data-orig-file=\"https:\/\/www.montceautriathlon.com\/blog\/wp-content\/uploads\/2019\/08\/St-Bonnet-de-tron\u00e7ais-e1567107485732.jpg\" data-orig-size=\"3264,2448\" data-comments-opened=\"1\" data-image-meta=\"{&quot;aperture&quot;:&quot;2.2&quot;,&quot;credit&quot;:&quot;&quot;,&quot;camera&quot;:&quot;iPhone 6&quot;,&quot;caption&quot;:&quot;&quot;,&quot;created_timestamp&quot;:&quot;1566066163&quot;,&quot;copyright&quot;:&quot;&quot;,&quot;focal_length&quot;:&quot;4.15&quot;,&quot;iso&quot;:&quot;32&quot;,&quot;shutter_speed&quot;:&quot;0.0023529411764706&quot;,&quot;title&quot;:&quot;&quot;,&quot;orientation&quot;:&quot;3&quot;}\" data-image-title=\"St Bonnet de tron\u00e7ais\" data-image-description=\"\" data-image-caption=\"\" data-medium-file=\"https:\/\/www.montceautriathlon.com\/blog\/wp-content\/uploads\/2019\/08\/St-Bonnet-de-tron\u00e7ais-e1567107485732-300x225.jpg\" data-large-file=\"https:\/\/www.montceautriathlon.com\/blog\/wp-content\/uploads\/2019\/08\/St-Bonnet-de-tron\u00e7ais-e1567107485732-1024x768.jpg\" loading=\"lazy\" class=\"alignnone size-medium wp-image-3085\" src=\"http:\/\/montceautriathlon.com\/blog\/wp-content\/uploads\/2019\/08\/St-Bonnet-de-tron\u00e7ais-e1567107485732-300x225.jpg\" alt=\"\" width=\"300\" height=\"225\" srcset=\"https:\/\/www.montceautriathlon.com\/blog\/wp-content\/uploads\/2019\/08\/St-Bonnet-de-tron\u00e7ais-e1567107485732-300x225.jpg 300w, https:\/\/www.montceautriathlon.com\/blog\/wp-content\/uploads\/2019\/08\/St-Bonnet-de-tron\u00e7ais-e1567107485732-768x576.jpg 768w, https:\/\/www.montceautriathlon.com\/blog\/wp-content\/uploads\/2019\/08\/St-Bonnet-de-tron\u00e7ais-e1567107485732-1024x768.jpg 1024w\" sizes=\"(max-width: 300px) 100vw, 300px\" \/><\/a><\/p>\n","protected":false},"excerpt":{"rendered":"<p>Embrun : Laurent Xypolitas finisher du mythique IronMan en 14h44&prime; et 55&Prime; 1h05&rsquo;49\u00a0\u00bb pour la natation, T1 en 9&rsquo;48, V\u00e9lo en 9h01&prime; 18, T2 rapide de 4&rsquo;40 et marathon en 4h19&rsquo;13\u00a0\u00bb. Et de trois dans la besace ! Une petite pens\u00e9e \u00e0 Beno\u00eet qui s&rsquo;est pr\u00e9par\u00e9 toute l&rsquo;ann\u00e9e et qui malheureusement n&rsquo;a pas pu s&rsquo;aligner [&hellip;]<\/p>\n","protected":false},"author":5,"featured_media":0,"comment_status":"open","ping_status":"open","sticky":false,"template":"","format":"standard","meta":{"spay_email":"","jetpack_publicize_message":"","jetpack_is_tweetstorm":false},"categories":[1],"tags":[],"jetpack_featured_media_url":"","jetpack_publicize_connections":[],"jetpack_sharing_enabled":true,"jetpack_shortlink":"https:\/\/wp.me\/p8bwIy-NK","jetpack-related-posts":[{"id":4556,"url":"https:\/\/www.montceautriathlon.com\/blog\/2021\/09\/26\/sur-tous-les-fronts-dans-les-episodes-precedents\/","url_meta":{"origin":3084,"position":0},"title":"Sur tous les fronts : dans les \u00e9pisodes pr\u00e9c\u00e9dents !","date":"26 septembre 2021","format":false,"excerpt":"Peut-\u00eatre n'avez vous pas suivi l'actualit\u00e9 de nos licenci\u00e9s engag\u00e9s sur les comp\u00e9titions du W-E dernier et de ce dernier samedi : petit patchwork de r\u00e9sultats et d'images ! Le triathlon de Seurre dimanche dernier s'est transform\u00e9 en duathlon et quelques jeunes \u00e9taient engag\u00e9s en J2; Belle performance d'Oscar Turpin\u2026","rel":"","context":"Dans &quot;Non class\u00e9&quot;","img":{"alt_text":"","src":"https:\/\/i0.wp.com\/www.montceautriathlon.com\/blog\/wp-content\/uploads\/2021\/09\/Marius.jpg?resize=350%2C200&ssl=1","width":350,"height":200},"classes":[]},{"id":818,"url":"https:\/\/www.montceautriathlon.com\/blog\/2016\/09\/09\/resultats-du-triathlon-de-gerardmer-34-septembre-2016\/","url_meta":{"origin":3084,"position":1},"title":"R\u00e9sultats du triathlon de G\u00e9rardmer (3&#038;4 septembre 2016)","date":"9 septembre 2016","format":false,"excerpt":"Nous part\u00eemes 13 triathl\u00e8tes de la Team Montceau triathlon et par un prompt renfort de supporters nous nous v\u00eemes une arm\u00e9e... En effet, le jour J, 7 triathl\u00e8tes f\u00e9minines et 6 masculins ont pris le d\u00e9part du triathlon XL de G\u00e9rardmer. Pour certains et certaines, c'\u00e9tait le 1er triathlon longue\u2026","rel":"","context":"Dans &quot;Non class\u00e9&quot;","img":{"alt_text":"","src":"","width":0,"height":0},"classes":[]},{"id":4146,"url":"https:\/\/www.montceautriathlon.com\/blog\/2021\/06\/03\/et-ce-fut-montceau-trihoublon\/","url_meta":{"origin":3084,"position":2},"title":"Et ce f\u00fbt Montceau Trihoublon !","date":"3 juin 2021","format":false,"excerpt":"Quelle belle surprise en ces temps de disette en terme de comp\u00e9tition ! A RACE ! A virtual race en pr\u00e9sentiel ! Le concept avait de quoi surprendre : Courir seul(e) ou en groupe en respectant les pr\u00e9conisations sanitaires, sur des parcours trac\u00e9s, fl\u00e9ch\u00e9s par la Team Houblon. 7km, 14km,21km\u2026","rel":"","context":"Dans &quot;Non class\u00e9&quot;","img":{"alt_text":"","src":"https:\/\/i2.wp.com\/www.montceautriathlon.com\/blog\/wp-content\/uploads\/2021\/06\/FB_IMG_1622698047152.jpg?resize=350%2C200&ssl=1","width":350,"height":200},"classes":[]},{"id":4902,"url":"https:\/\/www.montceautriathlon.com\/blog\/2022\/03\/22\/quelques-nouvelles-de-ces-derniers-w-e\/","url_meta":{"origin":3084,"position":3},"title":"quelques nouvelles de ces derniers W-E","date":"22 mars 2022","format":false,"excerpt":"C'est le printemps, les chaussures de running pi\u00e9tinent d'impatience, les semelles chatouillent. Enfin la douce odeur de transpiration, adieu la froideur des sentiers gel\u00e9s. C'est le printemps et les courses germent de toute part ! Elles vont lib\u00e9rer la foul\u00e9e ! Allez, assez de pau\u00e9sie, place aux r\u00e9sultats ! En\u2026","rel":"","context":"Dans &quot;Non class\u00e9&quot;","img":{"alt_text":"","src":"https:\/\/i0.wp.com\/www.montceautriathlon.com\/blog\/wp-content\/uploads\/2022\/03\/IMG-20220306-WA0004.jpg?resize=350%2C200&ssl=1","width":350,"height":200},"classes":[]},{"id":832,"url":"https:\/\/www.montceautriathlon.com\/blog\/2016\/09\/14\/resultats-du-championnat-de-france-d3-1011-septembre-2016\/","url_meta":{"origin":3084,"position":4},"title":"R\u00e9sultats du championnat de France D3 (10&#038;11 septembre 2016)","date":"14 septembre 2016","format":false,"excerpt":"Ce weekend s\u2019est d\u00e9roul\u00e9 la finale des championnats de France de D3 \u00e0 Saint Gilles Crois de Vie sur laquelle quatre de nos f\u00e9minines participaient apr\u00e8s avoir durement gagn\u00e9 leur s\u00e9lection \u00e0 Besan\u00e7on. L\u2019\u00e9quipe de la finale \u00e9tait compos\u00e9e de\u00a0: Ludivine et Maryl\u00e8ne LEQUIN, Aude DEMORTIERE et Marion RACLOT. C\u2019est\u2026","rel":"","context":"Dans &quot;slide show&quot;","img":{"alt_text":"","src":"https:\/\/i2.wp.com\/www.montceautriathlon.com\/blog\/wp-content\/uploads\/2016\/09\/20160910_152803.jpg?resize=350%2C200&ssl=1","width":350,"height":200},"classes":[]},{"id":2125,"url":"https:\/\/www.montceautriathlon.com\/blog\/2018\/09\/02\/petit-tour-dhorizon-de-ce-bel-ete\/","url_meta":{"origin":3084,"position":5},"title":"petit tour d&rsquo;horizon de ce bel \u00e9t\u00e9.","date":"2 septembre 2018","format":false,"excerpt":"De Verruyes \u00e0 Vouglan en passant par Thaon les Vosges, Nevers, le Levezou, Saint Bonnet de Tron\u00e7ais, Gray, Les Settons, Vichy ou G\u00e9rardmer ,les triathl\u00e8tes du club ont profit\u00e9 de ce bel \u00e9t\u00e9 pour se d\u00e9placer hors du d\u00e9partement et montrer les couleurs du club. formats S, XS, M ou\u2026","rel":"","context":"Dans &quot;Non class\u00e9&quot;","img":{"alt_text":"","src":"https:\/\/i2.wp.com\/montceautriathlon.com\/blog\/wp-content\/uploads\/2018\/09\/podium-Marion-300x300.jpg?resize=350%2C200","width":350,"height":200},"classes":[]}],"_links":{"self":[{"href":"https:\/\/www.montceautriathlon.com\/blog\/wp-json\/wp\/v2\/posts\/3084"}],"collection":[{"href":"https:\/\/www.montceautriathlon.com\/blog\/wp-json\/wp\/v2\/posts"}],"about":[{"href":"https:\/\/www.montceautriathlon.com\/blog\/wp-json\/wp\/v2\/types\/post"}],"author":[{"embeddable":true,"href":"https:\/\/www.montceautriathlon.com\/blog\/wp-json\/wp\/v2\/users\/5"}],"replies":[{"embeddable":true,"href":"https:\/\/www.montceautriathlon.com\/blog\/wp-json\/wp\/v2\/comments?post=3084"}],"version-history":[{"count":1,"href":"https:\/\/www.montceautriathlon.com\/blog\/wp-json\/wp\/v2\/posts\/3084\/revisions"}],"predecessor-version":[{"id":3086,"href":"https:\/\/www.montceautriathlon.com\/blog\/wp-json\/wp\/v2\/posts\/3084\/revisions\/3086"}],"wp:attachment":[{"href":"https:\/\/www.montceautriathlon.com\/blog\/wp-json\/wp\/v2\/media?parent=3084"}],"wp:term":[{"taxonomy":"category","embeddable":true,"href":"https:\/\/www.montceautriathlon.com\/blog\/wp-json\/wp\/v2\/categories?post=3084"},{"taxonomy":"post_tag","embeddable":true,"href":"https:\/\/www.montceautriathlon.com\/blog\/wp-json\/wp\/v2\/tags?post=3084"}],"curies":[{"name":"wp","href":"https:\/\/api.w.org\/{rel}","templated":true}]}}