{"id":308,"date":"2016-04-28T11:40:11","date_gmt":"2016-04-28T10:40:11","guid":{"rendered":"http:\/\/montceautriathlon.com\/blog\/?p=308"},"modified":"2016-04-28T20:19:40","modified_gmt":"2016-04-28T19:19:40","slug":"sortie-annuelle-du-club-16-23-avril-2016","status":"publish","type":"post","link":"https:\/\/www.montceautriathlon.com\/blog\/2016\/04\/28\/sortie-annuelle-du-club-16-23-avril-2016\/","title":{"rendered":"Sortie annuelle du club (16-23 avril 2016)"},"content":{"rendered":"<p><span style=\"font-size: small;\">Les tr\u00e9pidations Triathlon<\/span><\/p>\n<p><span style=\"font-size: small;\">C&rsquo;est \u00e0<\/span> <span style=\"font-size: small;\">la Londe-les-Maures que f\u00fbt planter le d\u00e9cor.. Et cette ann\u00e9e encore, c&rsquo;est une bonne \u00e9quipe qui avait choisi de partager sport, bonne humeur, et convivialit\u00e9. <\/span><br \/>\n<span style=\"font-size: small;\">Le soleil aussi s&rsquo;\u00e9tait invit\u00e9 pour que tous puissent en profiter. Les sorties v\u00e9lo matinales furent tr\u00e8s fr\u00e9quent\u00e9es car la r\u00e9gion regorgeait de petites routes sympa parfois escarp\u00e9es et l&rsquo;apr\u00e8s midi plages de proximit\u00e9 ou visites improvis\u00e9es. Que de bons moments..!!! Le soir, autour des tables regroup\u00e9es, c&rsquo;\u00e9tait<\/span> <span style=\"font-size: small;\">le d\u00e9fil\u00e9 des amuse gueules, des salades et des bonnes cuv\u00e9es&#8230;<\/span><br \/>\n<span style=\"font-size: small;\">Ah juste de l&rsquo;\u00e9crire, je referais ma valise pour repartir..!! Que nous proposera notre si gentille Isa la prochaine fois..? Une chose est s\u00fbre \u00a0\u00bb moi j&rsquo;y va !!! \u00ab\u00a0<\/span><\/p>\n<p style=\"text-align: right;\">Philou<\/p>\n","protected":false},"excerpt":{"rendered":"<p>Les tr\u00e9pidations Triathlon C&rsquo;est \u00e0 la Londe-les-Maures que f\u00fbt planter le d\u00e9cor.. Et cette ann\u00e9e encore, c&rsquo;est une bonne \u00e9quipe qui avait choisi de partager sport, bonne humeur, et convivialit\u00e9. Le soleil aussi s&rsquo;\u00e9tait invit\u00e9 pour que tous puissent en profiter. Les sorties v\u00e9lo matinales furent tr\u00e8s fr\u00e9quent\u00e9es car la r\u00e9gion regorgeait de petites routes [&hellip;]<\/p>\n","protected":false},"author":1,"featured_media":311,"comment_status":"open","ping_status":"open","sticky":false,"template":"","format":"standard","meta":{"spay_email":"","jetpack_publicize_message":"","jetpack_is_tweetstorm":false},"categories":[1,3],"tags":[],"jetpack_featured_media_url":"https:\/\/www.montceautriathlon.com\/blog\/wp-content\/uploads\/2016\/04\/20160419_110355.jpg","jetpack_publicize_connections":[],"jetpack_sharing_enabled":true,"jetpack_shortlink":"https:\/\/wp.me\/p8bwIy-4Y","jetpack-related-posts":[{"id":1300,"url":"https:\/\/www.montceautriathlon.com\/blog\/2017\/06\/07\/resultats-du-ventouxman-dimanche-04-juin-2017\/","url_meta":{"origin":308,"position":0},"title":"R\u00e9sultats du Ventouxman (Dimanche 04 juin 2017)","date":"7 juin 2017","format":false,"excerpt":"Apres l'annulation de derni\u00e8re minute l'an pass\u00e9, pour cause de mauvais temps, une seule triathl\u00e8tes du club a brav\u00e9 les 2km \/ 90km \/ 20km du Ventouxman : c'est une fille qui c'est lanc\u00e9 le d\u00e9fi, pour ces 40 piges, de faire son premier triathlon formule XXL et pas des\u2026","rel":"","context":"Dans &quot;Non class\u00e9&quot;","img":{"alt_text":"","src":"","width":0,"height":0},"classes":[]},{"id":5166,"url":"https:\/\/www.montceautriathlon.com\/blog\/2022\/07\/11\/triathlon-dautun-une-bonne-preparation-pour-titouan-eliott-et-paul-avant-les-france-daquathlon-la-semaine-prochaine\/","url_meta":{"origin":308,"position":1},"title":"Triathlon d&rsquo;Autun : Une bonne pr\u00e9paration pour Titouan, Eliott et Paul avant les France d&rsquo;aquathlon la semaine prochaine.","date":"11 juillet 2022","format":false,"excerpt":"Le club d'Autun organisait son triathlon ce dimanche. Les jeunes de Montceau et des adultes ont fait le d\u00e9placement pour se retrouver sur les diff\u00e9rentes courses.A noter des podiums pour plusieurs jeunes. Course 6\/9ans :Berteline termine 2e au scratch et 1e poussine Course 10\/13ans: Titouan: 2e au scratch et 2e\u2026","rel":"","context":"Dans &quot;Non class\u00e9&quot;","img":{"alt_text":"","src":"https:\/\/i2.wp.com\/www.montceautriathlon.com\/blog\/wp-content\/uploads\/2022\/07\/Resized_20220710_1133081.jpg?resize=350%2C200&ssl=1","width":350,"height":200},"classes":[]},{"id":5169,"url":"https:\/\/www.montceautriathlon.com\/blog\/2022\/07\/18\/france-daquathlon-2022-une-belle-premiere-pour-nos-trois-jeunes-qualifies\/","url_meta":{"origin":308,"position":2},"title":"France d&rsquo;Aquathlon 2022 : Une belle premi\u00e8re pour nos trois jeunes qualifi\u00e9s.","date":"18 juillet 2022","format":false,"excerpt":"Ce samedi 16 juillet sur le coup des 8h30 du matin, Paul, Titouan et Eliott s'\u00e9lan\u00e7aient dans le Maine pour leur premier championnat de France d'aquathlon. Une eau \u00e0 25\u00b0, pas de combinaison, c'est pr\u00e8s de 115 benjamins qui courent se jeter \u00e0 l'eau. S\u00fbrement impressionnant pour nos trois loupiots\u2026","rel":"","context":"Dans &quot;Non class\u00e9&quot;","img":{"alt_text":"","src":"https:\/\/i2.wp.com\/www.montceautriathlon.com\/blog\/wp-content\/uploads\/2022\/07\/IMG-20220716-WA0002.jpg?resize=350%2C200&ssl=1","width":350,"height":200},"classes":[]},{"id":1543,"url":"https:\/\/www.montceautriathlon.com\/blog\/2017\/10\/01\/coupe-de-france-de-triathlon-a-laiguillon-sur-mer-samedi-30-septembre-2017\/","url_meta":{"origin":308,"position":3},"title":"Coupe de France de Triathlon \u00e0 l&rsquo;Aiguillon-sur-Mer (Samedi 30 septembre 2017)","date":"1 octobre 2017","format":false,"excerpt":"Ce week-end avait lieu la coupe de France des Clubs de Triathlon \u00e0 l'Aiguillon-sur-Mer. Avec la pr\u00e9sence d'une \u00e9quipe f\u00e9minine et d'une \u00e9quipe masculine, les triathl\u00e8tes de Montceau ont repr\u00e9sent\u00e9 avec panache, les couleurs du club. Bravo \u00e0 vous tou(te)s ! Vu de l'int\u00e9rieur par Maryl\u00e8ne. \"Apr\u00e8s 6h30 de route,\u2026","rel":"","context":"Dans &quot;Non class\u00e9&quot;","img":{"alt_text":"","src":"https:\/\/i0.wp.com\/www.montceautriathlon.com\/blog\/wp-content\/uploads\/2017\/10\/Image-5.png.jpeg?resize=350%2C200&ssl=1","width":350,"height":200},"classes":[]},{"id":2278,"url":"https:\/\/www.montceautriathlon.com\/blog\/2018\/09\/25\/clm-de-nanton-une-bonne-preparation-pour-les-filles-du-duathlon\/","url_meta":{"origin":308,"position":4},"title":"CLM de NANTON : une bonne pr\u00e9paration pour les filles du duathlon !","date":"25 septembre 2018","format":false,"excerpt":"Dimanche 23 septembre 2018, l\u2019Union V\u00e9locip\u00e9dique Chalonnaise\u00a0a organis\u00e9 le contre la montre de\u00a0Nanton, championnat FSGT 71 par \u00e9quipes de 4 pour les \u00e9quipes de clubs cyclistes Fsgt mais ouvert \u00e0 tous. 50 \u00e9quipes \u00e9taient au d\u00e9part dont 2 de Montceau Triathlon.\u00a0La meilleure \u00e9quipe finit les 21 km en 25\u201955\u201d81.\u00a0 \u00a0\u00a0\u00a0\u00a0\u00a0\u00a0\u00a0\u00a0\u00a0\u00a0\u00a0\u00a0\u00a0\u00a0\u00a0\u00a0\u00a0\u00a0\u00a0\u00a0\u00a0\u00a0\u00a0\u00a0\u00a0\u00a0\u00a0\u00a0\u00a0\u00a0\u00a0\u00a0\u00a0\u00a0\u00a0\u00a0\u00a0\u00a0\u00a0\u00a0\u00a0\u00a0\u00a0\u00a0\u00a0\u00a0\u00a0\u00a0\u00a0\u00a0\u00a0\u00a0\u00a0\u00a0\u00a0\u00a0\u00a0\u00a0\u00a0\u00a0\u00a0\u00a0\u00a0\u00a0\u00a0\u00a0\u00a0\u00a0\u00a0\u00a0\u00a0\u00a0\u00a0\u00a0\u00a0\u00a0\u00a0\u00a0\u00a0\u00a0\u00a0\u00a0\u00a0\u00a0\u00a0\u00a0\u00a0\u00a0\u00a0\u00a0\u00a0\u00a0\u00a0\u00a0\u00a0\u00a0\u00a0\u00a0\u00a0\u00a0\u00a0\u00a0\u00a0\u00a0\u00a0\u00a0\u00a0\u00a0\u00a0\u00a0\u00a0\u00a0\u00a0\u00a0\u00a0\u00a0\u00a0\u00a0\u00a0\u00a0\u00a0\u00a0\u00a0\u00a0\u00a0\u00a0\u00a0\u00a0\u00a0\u00a0\u00a0\u00a0\u00a0\u00a0\u00a0\u00a0\u00a0\u00a0\u00a0\u00a0\u00a0\u00a0\u00a0\u00a0\u00a0\u00a0\u00a0\u00a0\u00a0\u00a0\u00a0\u00a0\u00a0\u00a0\u00a0\u00a0\u00a0\u00a0\u00a0\u00a0\u00a0\u00a0\u00a0\u00a0\u00a0\u00a0\u00a0\u00a0\u00a0\u00a0\u00a0\u00a0\u00a0\u00a0\u00a0\u00a0\u00a0\u00a0\u00a0\u00a0\u00a0\u00a0\u00a0\u00a0\u00a0\u00a0\u00a0\u00a0\u00a0\u2026","rel":"","context":"Dans &quot;Non class\u00e9&quot;","img":{"alt_text":"","src":"https:\/\/i0.wp.com\/montceautriathlon.com\/blog\/wp-content\/uploads\/2018\/09\/filles-300x300.jpg?resize=350%2C200","width":350,"height":200},"classes":[]},{"id":7482,"url":"https:\/\/www.montceautriathlon.com\/blog\/2025\/05\/04\/stage-club\/","url_meta":{"origin":308,"position":5},"title":"Stage club","date":"4 mai 2025","format":false,"excerpt":"Les adultes de Montceau Triathlon se sont retrouv\u00e9s au camping de Nans les Pins pour une semaine de sport, d\u00e9tente et convivialit\u00e9 du 26 avril au 3 mai. Le semaine a d\u00e9but\u00e9 sous un ciel plutot gris et charg\u00e9 de pluie. Cela n'a pas emp\u00each\u00e9 nos vaillants triathl\u00e8tes de sortir\u2026","rel":"","context":"Dans &quot;Non class\u00e9&quot;","img":{"alt_text":"","src":"https:\/\/i2.wp.com\/www.montceautriathlon.com\/blog\/wp-content\/uploads\/2025\/05\/10.jpg?resize=350%2C200&ssl=1","width":350,"height":200},"classes":[]}],"_links":{"self":[{"href":"https:\/\/www.montceautriathlon.com\/blog\/wp-json\/wp\/v2\/posts\/308"}],"collection":[{"href":"https:\/\/www.montceautriathlon.com\/blog\/wp-json\/wp\/v2\/posts"}],"about":[{"href":"https:\/\/www.montceautriathlon.com\/blog\/wp-json\/wp\/v2\/types\/post"}],"author":[{"embeddable":true,"href":"https:\/\/www.montceautriathlon.com\/blog\/wp-json\/wp\/v2\/users\/1"}],"replies":[{"embeddable":true,"href":"https:\/\/www.montceautriathlon.com\/blog\/wp-json\/wp\/v2\/comments?post=308"}],"version-history":[{"count":1,"href":"https:\/\/www.montceautriathlon.com\/blog\/wp-json\/wp\/v2\/posts\/308\/revisions"}],"predecessor-version":[{"id":309,"href":"https:\/\/www.montceautriathlon.com\/blog\/wp-json\/wp\/v2\/posts\/308\/revisions\/309"}],"wp:featuredmedia":[{"embeddable":true,"href":"https:\/\/www.montceautriathlon.com\/blog\/wp-json\/wp\/v2\/media\/311"}],"wp:attachment":[{"href":"https:\/\/www.montceautriathlon.com\/blog\/wp-json\/wp\/v2\/media?parent=308"}],"wp:term":[{"taxonomy":"category","embeddable":true,"href":"https:\/\/www.montceautriathlon.com\/blog\/wp-json\/wp\/v2\/categories?post=308"},{"taxonomy":"post_tag","embeddable":true,"href":"https:\/\/www.montceautriathlon.com\/blog\/wp-json\/wp\/v2\/tags?post=308"}],"curies":[{"name":"wp","href":"https:\/\/api.w.org\/{rel}","templated":true}]}}