{"id":3078,"date":"2019-07-24T18:19:46","date_gmt":"2019-07-24T17:19:46","guid":{"rendered":"http:\/\/montceautriathlon.com\/blog\/?p=3078"},"modified":"2019-07-24T18:19:46","modified_gmt":"2019-07-24T17:19:46","slug":"21-juillet-2019-apres-le-bourget-le-bouchet","status":"publish","type":"post","link":"https:\/\/www.montceautriathlon.com\/blog\/2019\/07\/24\/21-juillet-2019-apres-le-bourget-le-bouchet\/","title":{"rendered":"21  juillet 2019 : apr\u00e8s le Bourget, le Bouchet !"},"content":{"rendered":"<p><a href=\"http:\/\/montceautriathlon.com\/blog\/wp-content\/uploads\/2019\/07\/DSC_1123.jpg\"><img data-attachment-id=\"3081\" data-permalink=\"https:\/\/www.montceautriathlon.com\/blog\/2019\/07\/24\/21-juillet-2019-apres-le-bourget-le-bouchet\/dsc_1123\/\" data-orig-file=\"https:\/\/www.montceautriathlon.com\/blog\/wp-content\/uploads\/2019\/07\/DSC_1123.jpg\" data-orig-size=\"720,1280\" data-comments-opened=\"1\" data-image-meta=\"{&quot;aperture&quot;:&quot;0&quot;,&quot;credit&quot;:&quot;&quot;,&quot;camera&quot;:&quot;&quot;,&quot;caption&quot;:&quot;&quot;,&quot;created_timestamp&quot;:&quot;0&quot;,&quot;copyright&quot;:&quot;&quot;,&quot;focal_length&quot;:&quot;0&quot;,&quot;iso&quot;:&quot;0&quot;,&quot;shutter_speed&quot;:&quot;0&quot;,&quot;title&quot;:&quot;&quot;,&quot;orientation&quot;:&quot;0&quot;}\" data-image-title=\"DSC_1123\" data-image-description=\"\" data-image-caption=\"\" data-medium-file=\"https:\/\/www.montceautriathlon.com\/blog\/wp-content\/uploads\/2019\/07\/DSC_1123-169x300.jpg\" data-large-file=\"https:\/\/www.montceautriathlon.com\/blog\/wp-content\/uploads\/2019\/07\/DSC_1123-576x1024.jpg\" loading=\"lazy\" class=\"size-medium wp-image-3081 alignleft\" src=\"http:\/\/montceautriathlon.com\/blog\/wp-content\/uploads\/2019\/07\/DSC_1123-169x300.jpg\" alt=\"\" width=\"169\" height=\"300\" srcset=\"https:\/\/www.montceautriathlon.com\/blog\/wp-content\/uploads\/2019\/07\/DSC_1123-169x300.jpg 169w, https:\/\/www.montceautriathlon.com\/blog\/wp-content\/uploads\/2019\/07\/DSC_1123-576x1024.jpg 576w, https:\/\/www.montceautriathlon.com\/blog\/wp-content\/uploads\/2019\/07\/DSC_1123.jpg 720w\" sizes=\"(max-width: 169px) 100vw, 169px\" \/><\/a>Petit tour des lacs de nos triathl\u00e8tes en vacances ou en d\u00e9couverte :<br \/>\nApr\u00e8s Philippe au lac du Bourget, Ir\u00e8ne et Jean-Jacques au lac du Bouchet en Haute-Loire ! Pour un triathlon M en relais ! Qui au Tibet la semaine prochaine ?<br \/>\nPetite carte postale d&rsquo;un triathlon qui a l&rsquo;air bien sympathique !<\/p>\n<p><a href=\"http:\/\/montceautriathlon.com\/blog\/wp-content\/uploads\/2019\/07\/DSC_1118.jpg\"><img data-attachment-id=\"3080\" data-permalink=\"https:\/\/www.montceautriathlon.com\/blog\/2019\/07\/24\/21-juillet-2019-apres-le-bourget-le-bouchet\/dsc_1118\/\" data-orig-file=\"https:\/\/www.montceautriathlon.com\/blog\/wp-content\/uploads\/2019\/07\/DSC_1118.jpg\" data-orig-size=\"1280,720\" data-comments-opened=\"1\" data-image-meta=\"{&quot;aperture&quot;:&quot;0&quot;,&quot;credit&quot;:&quot;&quot;,&quot;camera&quot;:&quot;&quot;,&quot;caption&quot;:&quot;&quot;,&quot;created_timestamp&quot;:&quot;0&quot;,&quot;copyright&quot;:&quot;&quot;,&quot;focal_length&quot;:&quot;0&quot;,&quot;iso&quot;:&quot;0&quot;,&quot;shutter_speed&quot;:&quot;0&quot;,&quot;title&quot;:&quot;&quot;,&quot;orientation&quot;:&quot;0&quot;}\" data-image-title=\"DSC_1118\" data-image-description=\"\" data-image-caption=\"\" data-medium-file=\"https:\/\/www.montceautriathlon.com\/blog\/wp-content\/uploads\/2019\/07\/DSC_1118-300x169.jpg\" data-large-file=\"https:\/\/www.montceautriathlon.com\/blog\/wp-content\/uploads\/2019\/07\/DSC_1118-1024x576.jpg\" loading=\"lazy\" class=\"alignnone size-medium wp-image-3080\" src=\"http:\/\/montceautriathlon.com\/blog\/wp-content\/uploads\/2019\/07\/DSC_1118-300x169.jpg\" alt=\"\" width=\"300\" height=\"169\" srcset=\"https:\/\/www.montceautriathlon.com\/blog\/wp-content\/uploads\/2019\/07\/DSC_1118-300x169.jpg 300w, https:\/\/www.montceautriathlon.com\/blog\/wp-content\/uploads\/2019\/07\/DSC_1118-768x432.jpg 768w, https:\/\/www.montceautriathlon.com\/blog\/wp-content\/uploads\/2019\/07\/DSC_1118-1024x576.jpg 1024w, https:\/\/www.montceautriathlon.com\/blog\/wp-content\/uploads\/2019\/07\/DSC_1118.jpg 1280w\" sizes=\"(max-width: 300px) 100vw, 300px\" \/><\/a><\/p>\n","protected":false},"excerpt":{"rendered":"<p>Petit tour des lacs de nos triathl\u00e8tes en vacances ou en d\u00e9couverte : Apr\u00e8s Philippe au lac du Bourget, Ir\u00e8ne et Jean-Jacques au lac du Bouchet en Haute-Loire ! Pour un triathlon M en relais ! Qui au Tibet la semaine prochaine ? Petite carte postale d&rsquo;un triathlon qui a l&rsquo;air bien sympathique !<\/p>\n","protected":false},"author":5,"featured_media":0,"comment_status":"open","ping_status":"open","sticky":false,"template":"","format":"standard","meta":{"spay_email":"","jetpack_publicize_message":"","jetpack_is_tweetstorm":false},"categories":[1],"tags":[],"jetpack_featured_media_url":"","jetpack_publicize_connections":[],"jetpack_sharing_enabled":true,"jetpack_shortlink":"https:\/\/wp.me\/p8bwIy-NE","jetpack-related-posts":[{"id":6075,"url":"https:\/\/www.montceautriathlon.com\/blog\/2023\/07\/12\/9-juillet-triathlon-du-lac-du-bouchet-et-triathlon-de-gray\/","url_meta":{"origin":3078,"position":0},"title":"9 juillet : Triathlon du lac du Bouchet et triathlon de Gray.","date":"12 juillet 2023","format":false,"excerpt":"Certains Montcelliens (Ir\u00e8ne, Jean Jacques, Mika et Catherine ) sont partis en Haute-Loire pour le triathlon du Bouchet Ils se sont engag\u00e9s sur le triathlon M.Mickael Verdu 30e au scratch et 6e V1 en 2h27Catherine Piter 120e au scratch et 2e V3 en 2h53Irene Vulin et Jean Jacques Boulay termine\u2026","rel":"","context":"Dans &quot;Non class\u00e9&quot;","img":{"alt_text":"","src":"https:\/\/i2.wp.com\/www.montceautriathlon.com\/blog\/wp-content\/uploads\/2023\/07\/IMG-20230709-WA0000.jpg?resize=350%2C200&ssl=1","width":350,"height":200},"classes":[]},{"id":7995,"url":"https:\/\/www.montceautriathlon.com\/blog\/2025\/07\/14\/12-et-13-juillet-2025-triathlon-du-lac-du-bouchet\/","url_meta":{"origin":3078,"position":1},"title":"12 et 13 juillet 2025: Triathlon du lac du Bouchet","date":"14 juillet 2025","format":false,"excerpt":"Une petite d\u00e9l\u00e9gation du club s'est retrouv\u00e9e en Auvergne, dans le d\u00e9partement de la Haute Loire pour participer aux triathlons du lac du Bouchet. Les triathl\u00e8tes montcelliens se sont align\u00e9s en individuel ou en \u00e9quipe sut les courses M et L. Voici les r\u00e9sultats: D\u00e8s le samedi matin, 7 d'entre\u2026","rel":"","context":"Dans &quot;Non class\u00e9&quot;","img":{"alt_text":"","src":"https:\/\/i0.wp.com\/www.montceautriathlon.com\/blog\/wp-content\/uploads\/2025\/07\/IMG-20250712-WA0000.jpg?resize=350%2C200&ssl=1","width":350,"height":200},"classes":[]},{"id":3071,"url":"https:\/\/www.montceautriathlon.com\/blog\/2019\/07\/15\/14-juillet-2019-aquathlon-du-bourget-un-beau-sujet\/","url_meta":{"origin":3078,"position":2},"title":"14 juillet 2019, Aquathlon du Bourget : un beau sujet !","date":"15 juillet 2019","format":false,"excerpt":"Plus rien n 'arr\u00eate Philippe Renard ! Et il nous met l'eau \u00e0 la bouche ! On saute, on nage 3km dans le lac et on court 10km autour du lac ! Un aquathlon bien all\u00e9chant \u00e0 noter sur nos agendas. Et m\u00eame si ce fut pas un feu d'artifice\u2026","rel":"","context":"Dans &quot;Non class\u00e9&quot;","img":{"alt_text":"","src":"","width":0,"height":0},"classes":[]},{"id":5208,"url":"https:\/\/www.montceautriathlon.com\/blog\/2022\/09\/05\/triathlon-passy-mont-blanc-nos-licencies-ont-ils-atteint-des-sommets\/","url_meta":{"origin":3078,"position":3},"title":"triathlon Passy Mont-Blanc : Nos licenci\u00e9s ont-ils atteint des sommets ?","date":"5 septembre 2022","format":false,"excerpt":"Une d\u00e9l\u00e9gation montcellienne s'est d\u00e9plac\u00e9e le week end du 20 et 21 aout au pied du Mont Blanc pour le triathlon international Passy Mont Blanc.Le samedi, m\u00e8re et fils (Isabelle et Pierre\u00a0 Vaury) ont particip\u00e9 au triathlon M. Pierre boucle la distance (1.5km de natation dans le lac de Passy,\u2026","rel":"","context":"Dans &quot;Non class\u00e9&quot;","img":{"alt_text":"","src":"https:\/\/i0.wp.com\/www.montceautriathlon.com\/blog\/wp-content\/uploads\/2022\/09\/IMG-20220821-WA0017.jpg?resize=350%2C200&ssl=1","width":350,"height":200},"classes":[]},{"id":8056,"url":"https:\/\/www.montceautriathlon.com\/blog\/2025\/08\/16\/week-end-du-15-aout-traversee-du-lac-dannecy-et-triathlon-de-vouglans\/","url_meta":{"origin":3078,"position":4},"title":"Week end du 15 ao\u00fbt: travers\u00e9e du lac d&rsquo;Annecy et triathlon de Vouglans","date":"16 ao\u00fbt 2025","format":false,"excerpt":"Aur\u00e9lie Agius a fait le d\u00e9placement en Haute Savoie pour participer \u00e0 l'une des plus importante \u00e9preuve de natation en eau libre de France, \u00e0 savoir la travers\u00e9e du Lac D'Annecy. Engag\u00e9e sur l'\u00e9preuve du 5 km, le d\u00e9part \u00e9tait sur la plage de la Brume \u00e0 Veyrier du Lac\u2026","rel":"","context":"Dans &quot;Non class\u00e9&quot;","img":{"alt_text":"","src":"https:\/\/i0.wp.com\/www.montceautriathlon.com\/blog\/wp-content\/uploads\/2025\/08\/IMG-20250816-WA0019.jpg?resize=350%2C200&ssl=1","width":350,"height":200},"classes":[]},{"id":722,"url":"https:\/\/www.montceautriathlon.com\/blog\/2016\/07\/01\/resultats-du-triathlon-du-lac-st-point-26-juin-2016\/","url_meta":{"origin":3078,"position":5},"title":"R\u00e9sultats du Triathlon du Lac St Point (26 juin 2016)","date":"1 juillet 2016","format":false,"excerpt":"Tous les r\u00e9sultats: Avenir 1 Avenir 2 S F\u00e9minin S Relais F\u00e9minin S Masculin S Relais Masculin M individuel M Relais","rel":"","context":"Dans &quot;Non class\u00e9&quot;","img":{"alt_text":"","src":"https:\/\/i2.wp.com\/www.montceautriathlon.com\/blog\/wp-content\/uploads\/2016\/07\/Affiche_Triathlon_Lac_St_Point_2016.png?resize=350%2C200&ssl=1","width":350,"height":200},"classes":[]}],"_links":{"self":[{"href":"https:\/\/www.montceautriathlon.com\/blog\/wp-json\/wp\/v2\/posts\/3078"}],"collection":[{"href":"https:\/\/www.montceautriathlon.com\/blog\/wp-json\/wp\/v2\/posts"}],"about":[{"href":"https:\/\/www.montceautriathlon.com\/blog\/wp-json\/wp\/v2\/types\/post"}],"author":[{"embeddable":true,"href":"https:\/\/www.montceautriathlon.com\/blog\/wp-json\/wp\/v2\/users\/5"}],"replies":[{"embeddable":true,"href":"https:\/\/www.montceautriathlon.com\/blog\/wp-json\/wp\/v2\/comments?post=3078"}],"version-history":[{"count":2,"href":"https:\/\/www.montceautriathlon.com\/blog\/wp-json\/wp\/v2\/posts\/3078\/revisions"}],"predecessor-version":[{"id":3082,"href":"https:\/\/www.montceautriathlon.com\/blog\/wp-json\/wp\/v2\/posts\/3078\/revisions\/3082"}],"wp:attachment":[{"href":"https:\/\/www.montceautriathlon.com\/blog\/wp-json\/wp\/v2\/media?parent=3078"}],"wp:term":[{"taxonomy":"category","embeddable":true,"href":"https:\/\/www.montceautriathlon.com\/blog\/wp-json\/wp\/v2\/categories?post=3078"},{"taxonomy":"post_tag","embeddable":true,"href":"https:\/\/www.montceautriathlon.com\/blog\/wp-json\/wp\/v2\/tags?post=3078"}],"curies":[{"name":"wp","href":"https:\/\/api.w.org\/{rel}","templated":true}]}}