{"id":3071,"date":"2019-07-15T14:19:52","date_gmt":"2019-07-15T13:19:52","guid":{"rendered":"http:\/\/montceautriathlon.com\/blog\/?p=3071"},"modified":"2019-07-15T14:19:52","modified_gmt":"2019-07-15T13:19:52","slug":"14-juillet-2019-aquathlon-du-bourget-un-beau-sujet","status":"publish","type":"post","link":"https:\/\/www.montceautriathlon.com\/blog\/2019\/07\/15\/14-juillet-2019-aquathlon-du-bourget-un-beau-sujet\/","title":{"rendered":"14 juillet 2019, Aquathlon du Bourget : un beau sujet !"},"content":{"rendered":"<p><a href=\"http:\/\/montceautriathlon.com\/blog\/wp-content\/uploads\/2019\/07\/Philippe-Bourget-e1563196641913.jpg\"><img data-attachment-id=\"3072\" data-permalink=\"https:\/\/www.montceautriathlon.com\/blog\/2019\/07\/15\/14-juillet-2019-aquathlon-du-bourget-un-beau-sujet\/philippe-bourget\/\" data-orig-file=\"https:\/\/www.montceautriathlon.com\/blog\/wp-content\/uploads\/2019\/07\/Philippe-Bourget-e1563196641913.jpg\" data-orig-size=\"3024,4032\" data-comments-opened=\"1\" data-image-meta=\"{&quot;aperture&quot;:&quot;2.2&quot;,&quot;credit&quot;:&quot;&quot;,&quot;camera&quot;:&quot;iPhone 6s&quot;,&quot;caption&quot;:&quot;&quot;,&quot;created_timestamp&quot;:&quot;1563102993&quot;,&quot;copyright&quot;:&quot;&quot;,&quot;focal_length&quot;:&quot;4.15&quot;,&quot;iso&quot;:&quot;25&quot;,&quot;shutter_speed&quot;:&quot;0.00037693177534866&quot;,&quot;title&quot;:&quot;&quot;,&quot;orientation&quot;:&quot;6&quot;}\" data-image-title=\"Philippe Bourget\" data-image-description=\"\" data-image-caption=\"\" data-medium-file=\"https:\/\/www.montceautriathlon.com\/blog\/wp-content\/uploads\/2019\/07\/Philippe-Bourget-e1563196641913-225x300.jpg\" data-large-file=\"https:\/\/www.montceautriathlon.com\/blog\/wp-content\/uploads\/2019\/07\/Philippe-Bourget-e1563196641913-768x1024.jpg\" loading=\"lazy\" class=\" wp-image-3072 alignleft\" src=\"http:\/\/montceautriathlon.com\/blog\/wp-content\/uploads\/2019\/07\/Philippe-Bourget-e1563196641913-225x300.jpg\" alt=\"\" width=\"188\" height=\"251\" srcset=\"https:\/\/www.montceautriathlon.com\/blog\/wp-content\/uploads\/2019\/07\/Philippe-Bourget-e1563196641913-225x300.jpg 225w, https:\/\/www.montceautriathlon.com\/blog\/wp-content\/uploads\/2019\/07\/Philippe-Bourget-e1563196641913-768x1024.jpg 768w\" sizes=\"(max-width: 188px) 100vw, 188px\" \/><\/a>Plus rien n &lsquo;arr\u00eate Philippe Renard ! Et il nous met l&rsquo;eau \u00e0 la bouche !<br \/>\nOn saute, on nage 3km dans le lac et on court 10km autour du lac !<br \/>\nUn aquathlon bien all\u00e9chant \u00e0 noter sur nos agendas.<br \/>\nEt m\u00eame si ce fut pas un feu d&rsquo;artifice (14 juillet oblige&#8230;), Philippe en nageant les 3km en 1h16&prime; et courant les 10km en 59&rsquo; aura bien boucl\u00e9 de mani\u00e8re plus qu&rsquo;honorable ce bel aquathlon.<br \/>\nF\u00e9licitations !<\/p>\n","protected":false},"excerpt":{"rendered":"<p>Plus rien n &lsquo;arr\u00eate Philippe Renard ! Et il nous met l&rsquo;eau \u00e0 la bouche ! On saute, on nage 3km dans le lac et on court 10km autour du lac ! Un aquathlon bien all\u00e9chant \u00e0 noter sur nos agendas. Et m\u00eame si ce fut pas un feu d&rsquo;artifice (14 juillet oblige&#8230;), Philippe en [&hellip;]<\/p>\n","protected":false},"author":5,"featured_media":0,"comment_status":"open","ping_status":"open","sticky":false,"template":"","format":"standard","meta":{"spay_email":"","jetpack_publicize_message":"","jetpack_is_tweetstorm":false},"categories":[1],"tags":[],"jetpack_featured_media_url":"","jetpack_publicize_connections":[],"jetpack_sharing_enabled":true,"jetpack_shortlink":"https:\/\/wp.me\/p8bwIy-Nx","jetpack-related-posts":[{"id":7548,"url":"https:\/\/www.montceautriathlon.com\/blog\/2025\/05\/22\/11-mai-2025-aquathlon-de-montceau-les-mines\/","url_meta":{"origin":3071,"position":0},"title":"11 mai 2025: aquathlon de Montceau les Mines","date":"22 mai 2025","format":false,"excerpt":"L'\u00e9quipe de Montceau triathlon a organis\u00e9 sont traditionnel aquathlon ce dimanche 11 mai sur le site du Plessis. Cette \u00e9preuve a \u00e9t\u00e9 comme les ann\u00e9es pr\u00e9c\u00e9dentes s\u00e9lective pour les championnats de France jeune d'aquathlon qui auront lieu le 5 juillet \u00e0 Angoul\u00eame. Cette nouvelle \u00e9dition s\u2019est d\u00e9roul\u00e9e sous un beau\u2026","rel":"","context":"Dans &quot;Non class\u00e9&quot;","img":{"alt_text":"","src":"https:\/\/i2.wp.com\/www.montceautriathlon.com\/blog\/wp-content\/uploads\/2025\/05\/IMG_2196-scaled.jpg?resize=350%2C200&ssl=1","width":350,"height":200},"classes":[]},{"id":5915,"url":"https:\/\/www.montceautriathlon.com\/blog\/2023\/05\/25\/aquathlon-montceau-2023\/","url_meta":{"origin":3071,"position":1},"title":"Aquathlon Montceau 2023","date":"25 mai 2023","format":false,"excerpt":"L'aquathlon du club a eu lieu le dimanche 14 mai dernier au centre nautique de Montceau les Mines. Plusieurs clubs de la r\u00e9gion se sont retrouv\u00e9s lors cette journ\u00e9e sportive. Malgr\u00e9 un temps difficile \u00e0 dompter et une eau plus que fra\u00eeche, joie et bonne humeur \u00e9taient au rendez-vous !\u2026","rel":"","context":"Dans &quot;Non class\u00e9&quot;","img":{"alt_text":"","src":"https:\/\/i0.wp.com\/www.montceautriathlon.com\/blog\/wp-content\/uploads\/2023\/05\/IMG_8364-scaled.jpg?resize=350%2C200&ssl=1","width":350,"height":200},"classes":[]},{"id":4266,"url":"https:\/\/www.montceautriathlon.com\/blog\/2021\/06\/29\/aquathlon-le-plaisir-de-se-retrouver\/","url_meta":{"origin":3071,"position":2},"title":"Aquathlon : le plaisir de se retrouver !","date":"29 juin 2021","format":false,"excerpt":"Notre aquathlon a \u00e9t\u00e9 une r\u00e9ussite. La ligue, les arbitres, la municipalit\u00e9, les comp\u00e9titeurs, les parents enchant\u00e9s par cette \u00e9preuve qui plus est sous le soleil ! Une belle journ\u00e9e bien soulign\u00e9e par la presse locale. Il faut f\u00e9liciter toute notre jeune \u00e9cole de triathlon qui a particip\u00e9 en nombre\u2026","rel":"","context":"Dans &quot;Non class\u00e9&quot;","img":{"alt_text":"","src":"https:\/\/i0.wp.com\/www.montceautriathlon.com\/blog\/wp-content\/uploads\/2021\/06\/aquathlion1.jpg?resize=350%2C200&ssl=1","width":350,"height":200},"classes":[]},{"id":2686,"url":"https:\/\/www.montceautriathlon.com\/blog\/2019\/04\/02\/31-03-19-aquathlon-du-creusot-merci-montceautriathlon\/","url_meta":{"origin":3071,"position":3},"title":"31\/03\/19, Aquathlon du Creusot : merci MontceauTriathlon !","date":"2 avril 2019","format":false,"excerpt":"Creusot Triathlon organisait ce dimanche son premier aquathlon sous un soleil resplendissant. Le club s'est d\u00e9plac\u00e9 en nombre dans toutes les courses du programme de la journ\u00e9e. Il y avait du rouge et blanc partout autour de la piscine r\u00e9nov\u00e9e !\u00a0 39 licenci\u00e9s du club ont particip\u00e9 \u00e0 une ou\u2026","rel":"","context":"Dans &quot;Non class\u00e9&quot;","img":{"alt_text":"","src":"https:\/\/i0.wp.com\/montceautriathlon.com\/blog\/wp-content\/uploads\/2019\/04\/aquathlon-3-300x211.jpg?resize=350%2C200","width":350,"height":200},"classes":[]},{"id":1892,"url":"https:\/\/www.montceautriathlon.com\/blog\/2018\/04\/23\/aquathlon-dachicourt-15-avril-2018\/","url_meta":{"origin":3071,"position":4},"title":"Aquathlon d&rsquo;Achicourt 15 avril 2018","date":"23 avril 2018","format":false,"excerpt":"La famille B\u00e9rardan \u00e9tait dans les Hauts de France en ce 15 avril. El\u00e9a a goutt\u00e9 \u00e0 son premier aquathlon et termine 1\u00e8re \"poussine\" en 9'53\" tandis que son papa sur le format XS\u00a0 finissait 15\u00e8me au scratch et 3\u00e8me SEM en 18'44\". De belles performances et les couleurs du\u2026","rel":"","context":"Dans &quot;Non class\u00e9&quot;","img":{"alt_text":"","src":"","width":0,"height":0},"classes":[]},{"id":5840,"url":"https:\/\/www.montceautriathlon.com\/blog\/2023\/05\/10\/aquathlon-cest-dimanche\/","url_meta":{"origin":3071,"position":5},"title":"AQUATHLON: C&rsquo;est dimanche ! Modifications de derni\u00e8re minute \u00e0 prendre en compte&#8230;","date":"10 mai 2023","format":false,"excerpt":"Attention : Modifications d'horaires pour les courses para-aquathlon et XXS par \u00e9quipe course para-aquathlon : d\u00e9part avanc\u00e9 avec la course open XS du matin de 08h00 \u00e0 09h00: Retrait des dossards09h25: Regroupement Zone d\u2019appel09h30: D\u00e9partde 13h30 \u00e0 14h00: Podium course XXS par \u00e9quipe en relais : d\u00e9part avanc\u00e9 car course\u2026","rel":"","context":"Dans &quot;Non class\u00e9&quot;","img":{"alt_text":"","src":"https:\/\/i2.wp.com\/www.montceautriathlon.com\/blog\/wp-content\/uploads\/2023\/04\/Affiche-Aquathlon-2023.png?resize=350%2C200&ssl=1","width":350,"height":200},"classes":[]}],"_links":{"self":[{"href":"https:\/\/www.montceautriathlon.com\/blog\/wp-json\/wp\/v2\/posts\/3071"}],"collection":[{"href":"https:\/\/www.montceautriathlon.com\/blog\/wp-json\/wp\/v2\/posts"}],"about":[{"href":"https:\/\/www.montceautriathlon.com\/blog\/wp-json\/wp\/v2\/types\/post"}],"author":[{"embeddable":true,"href":"https:\/\/www.montceautriathlon.com\/blog\/wp-json\/wp\/v2\/users\/5"}],"replies":[{"embeddable":true,"href":"https:\/\/www.montceautriathlon.com\/blog\/wp-json\/wp\/v2\/comments?post=3071"}],"version-history":[{"count":2,"href":"https:\/\/www.montceautriathlon.com\/blog\/wp-json\/wp\/v2\/posts\/3071\/revisions"}],"predecessor-version":[{"id":3074,"href":"https:\/\/www.montceautriathlon.com\/blog\/wp-json\/wp\/v2\/posts\/3071\/revisions\/3074"}],"wp:attachment":[{"href":"https:\/\/www.montceautriathlon.com\/blog\/wp-json\/wp\/v2\/media?parent=3071"}],"wp:term":[{"taxonomy":"category","embeddable":true,"href":"https:\/\/www.montceautriathlon.com\/blog\/wp-json\/wp\/v2\/categories?post=3071"},{"taxonomy":"post_tag","embeddable":true,"href":"https:\/\/www.montceautriathlon.com\/blog\/wp-json\/wp\/v2\/tags?post=3071"}],"curies":[{"name":"wp","href":"https:\/\/api.w.org\/{rel}","templated":true}]}}