{"id":3035,"date":"2019-07-09T15:22:57","date_gmt":"2019-07-09T14:22:57","guid":{"rendered":"http:\/\/montceautriathlon.com\/blog\/?p=3035"},"modified":"2019-07-09T18:41:06","modified_gmt":"2019-07-09T17:41:06","slug":"7-juillet-2019-triathlon-de-macon-un-triathlon-fecond","status":"publish","type":"post","link":"https:\/\/www.montceautriathlon.com\/blog\/2019\/07\/09\/7-juillet-2019-triathlon-de-macon-un-triathlon-fecond\/","title":{"rendered":"7 juillet 2019, triathlon de M\u00e2con: un triathlon f\u00e9cond !"},"content":{"rendered":"<p><a href=\"http:\/\/montceautriathlon.com\/blog\/wp-content\/uploads\/2019\/07\/IMG_0499.jpg\"><img data-attachment-id=\"3042\" data-permalink=\"https:\/\/www.montceautriathlon.com\/blog\/2019\/07\/09\/7-juillet-2019-triathlon-de-macon-un-triathlon-fecond\/img_0499\/\" data-orig-file=\"https:\/\/www.montceautriathlon.com\/blog\/wp-content\/uploads\/2019\/07\/IMG_0499.jpg\" data-orig-size=\"3024,4032\" data-comments-opened=\"1\" data-image-meta=\"{&quot;aperture&quot;:&quot;1.8&quot;,&quot;credit&quot;:&quot;&quot;,&quot;camera&quot;:&quot;iPhone 8 Plus&quot;,&quot;caption&quot;:&quot;&quot;,&quot;created_timestamp&quot;:&quot;1562506755&quot;,&quot;copyright&quot;:&quot;&quot;,&quot;focal_length&quot;:&quot;3.99&quot;,&quot;iso&quot;:&quot;20&quot;,&quot;shutter_speed&quot;:&quot;0.0016891891891892&quot;,&quot;title&quot;:&quot;&quot;,&quot;orientation&quot;:&quot;0&quot;}\" data-image-title=\"IMG_0499\" data-image-description=\"\" data-image-caption=\"\" data-medium-file=\"https:\/\/www.montceautriathlon.com\/blog\/wp-content\/uploads\/2019\/07\/IMG_0499-225x300.jpg\" data-large-file=\"https:\/\/www.montceautriathlon.com\/blog\/wp-content\/uploads\/2019\/07\/IMG_0499-768x1024.jpg\" loading=\"lazy\" class=\"wp-image-3042 alignnone\" src=\"http:\/\/montceautriathlon.com\/blog\/wp-content\/uploads\/2019\/07\/IMG_0499-225x300.jpg\" alt=\"\" width=\"180\" height=\"240\" srcset=\"https:\/\/www.montceautriathlon.com\/blog\/wp-content\/uploads\/2019\/07\/IMG_0499-225x300.jpg 225w, https:\/\/www.montceautriathlon.com\/blog\/wp-content\/uploads\/2019\/07\/IMG_0499-768x1024.jpg 768w\" sizes=\"(max-width: 180px) 100vw, 180px\" \/><\/a> <a href=\"http:\/\/montceautriathlon.com\/blog\/wp-content\/uploads\/2019\/07\/IMG_0501-e1562680461243.jpg\"><img data-attachment-id=\"3043\" data-permalink=\"https:\/\/www.montceautriathlon.com\/blog\/2019\/07\/09\/7-juillet-2019-triathlon-de-macon-un-triathlon-fecond\/img_0501\/\" data-orig-file=\"https:\/\/www.montceautriathlon.com\/blog\/wp-content\/uploads\/2019\/07\/IMG_0501-e1562680461243.jpg\" data-orig-size=\"3024,4032\" data-comments-opened=\"1\" data-image-meta=\"{&quot;aperture&quot;:&quot;1.8&quot;,&quot;credit&quot;:&quot;&quot;,&quot;camera&quot;:&quot;iPhone 8 Plus&quot;,&quot;caption&quot;:&quot;&quot;,&quot;created_timestamp&quot;:&quot;1562506844&quot;,&quot;copyright&quot;:&quot;&quot;,&quot;focal_length&quot;:&quot;3.99&quot;,&quot;iso&quot;:&quot;20&quot;,&quot;shutter_speed&quot;:&quot;0.0017921146953405&quot;,&quot;title&quot;:&quot;&quot;,&quot;orientation&quot;:&quot;6&quot;}\" data-image-title=\"IMG_0501\" data-image-description=\"\" data-image-caption=\"\" data-medium-file=\"https:\/\/www.montceautriathlon.com\/blog\/wp-content\/uploads\/2019\/07\/IMG_0501-e1562680461243-225x300.jpg\" data-large-file=\"https:\/\/www.montceautriathlon.com\/blog\/wp-content\/uploads\/2019\/07\/IMG_0501-e1562680461243-768x1024.jpg\" loading=\"lazy\" class=\"wp-image-3043 alignnone\" src=\"http:\/\/montceautriathlon.com\/blog\/wp-content\/uploads\/2019\/07\/IMG_0501-e1562680461243-225x300.jpg\" alt=\"\" width=\"178\" height=\"237\" srcset=\"https:\/\/www.montceautriathlon.com\/blog\/wp-content\/uploads\/2019\/07\/IMG_0501-e1562680461243-225x300.jpg 225w, https:\/\/www.montceautriathlon.com\/blog\/wp-content\/uploads\/2019\/07\/IMG_0501-e1562680461243-768x1024.jpg 768w\" sizes=\"(max-width: 178px) 100vw, 178px\" \/><\/a><a href=\"http:\/\/montceautriathlon.com\/blog\/wp-content\/uploads\/2019\/07\/IMG_0502.jpg\"><img data-attachment-id=\"3044\" data-permalink=\"https:\/\/www.montceautriathlon.com\/blog\/2019\/07\/09\/7-juillet-2019-triathlon-de-macon-un-triathlon-fecond\/img_0502\/\" data-orig-file=\"https:\/\/www.montceautriathlon.com\/blog\/wp-content\/uploads\/2019\/07\/IMG_0502.jpg\" data-orig-size=\"3024,4032\" data-comments-opened=\"1\" data-image-meta=\"{&quot;aperture&quot;:&quot;2.8&quot;,&quot;credit&quot;:&quot;&quot;,&quot;camera&quot;:&quot;iPhone 8 Plus&quot;,&quot;caption&quot;:&quot;&quot;,&quot;created_timestamp&quot;:&quot;1562506927&quot;,&quot;copyright&quot;:&quot;&quot;,&quot;focal_length&quot;:&quot;6.6&quot;,&quot;iso&quot;:&quot;20&quot;,&quot;shutter_speed&quot;:&quot;0.0052356020942408&quot;,&quot;title&quot;:&quot;&quot;,&quot;orientation&quot;:&quot;0&quot;}\" data-image-title=\"IMG_0502\" data-image-description=\"\" data-image-caption=\"\" data-medium-file=\"https:\/\/www.montceautriathlon.com\/blog\/wp-content\/uploads\/2019\/07\/IMG_0502-225x300.jpg\" data-large-file=\"https:\/\/www.montceautriathlon.com\/blog\/wp-content\/uploads\/2019\/07\/IMG_0502-768x1024.jpg\" loading=\"lazy\" class=\"wp-image-3044 alignnone\" src=\"http:\/\/montceautriathlon.com\/blog\/wp-content\/uploads\/2019\/07\/IMG_0502-225x300.jpg\" alt=\"\" width=\"177\" height=\"236\" srcset=\"https:\/\/www.montceautriathlon.com\/blog\/wp-content\/uploads\/2019\/07\/IMG_0502-225x300.jpg 225w, https:\/\/www.montceautriathlon.com\/blog\/wp-content\/uploads\/2019\/07\/IMG_0502-768x1024.jpg 768w\" sizes=\"(max-width: 177px) 100vw, 177px\" \/><\/a><a href=\"http:\/\/montceautriathlon.com\/blog\/wp-content\/uploads\/2019\/07\/triathlon_M\u00e2con_2019_260.jpg\"><img data-attachment-id=\"3046\" data-permalink=\"https:\/\/www.montceautriathlon.com\/blog\/2019\/07\/09\/7-juillet-2019-triathlon-de-macon-un-triathlon-fecond\/triathlon_macon_2019_260\/\" data-orig-file=\"https:\/\/www.montceautriathlon.com\/blog\/wp-content\/uploads\/2019\/07\/triathlon_M\u00e2con_2019_260.jpg\" data-orig-size=\"546,750\" data-comments-opened=\"1\" data-image-meta=\"{&quot;aperture&quot;:&quot;4&quot;,&quot;credit&quot;:&quot;&quot;,&quot;camera&quot;:&quot;Canon EOS 1200D&quot;,&quot;caption&quot;:&quot;&quot;,&quot;created_timestamp&quot;:&quot;1562582484&quot;,&quot;copyright&quot;:&quot;&quot;,&quot;focal_length&quot;:&quot;18&quot;,&quot;iso&quot;:&quot;100&quot;,&quot;shutter_speed&quot;:&quot;0.003125&quot;,&quot;title&quot;:&quot;&quot;,&quot;orientation&quot;:&quot;1&quot;}\" data-image-title=\"triathlon_M\u00e2con_2019_260\" data-image-description=\"\" data-image-caption=\"\" data-medium-file=\"https:\/\/www.montceautriathlon.com\/blog\/wp-content\/uploads\/2019\/07\/triathlon_M\u00e2con_2019_260-218x300.jpg\" data-large-file=\"https:\/\/www.montceautriathlon.com\/blog\/wp-content\/uploads\/2019\/07\/triathlon_M\u00e2con_2019_260.jpg\" loading=\"lazy\" class=\"wp-image-3046 alignleft\" src=\"http:\/\/montceautriathlon.com\/blog\/wp-content\/uploads\/2019\/07\/triathlon_M\u00e2con_2019_260-218x300.jpg\" alt=\"\" width=\"171\" height=\"235\" srcset=\"https:\/\/www.montceautriathlon.com\/blog\/wp-content\/uploads\/2019\/07\/triathlon_M\u00e2con_2019_260-218x300.jpg 218w, https:\/\/www.montceautriathlon.com\/blog\/wp-content\/uploads\/2019\/07\/triathlon_M\u00e2con_2019_260.jpg 546w\" sizes=\"(max-width: 171px) 100vw, 171px\" \/><\/a><\/p>\n<p>Ce dimanche 7 juillet, ce n&rsquo;est pas le rubicond qu&rsquo;il fallait franchir \u00e0 M\u00e2con mais plut\u00f4t la chaleur le long de la Sa\u00f4ne comme un peu partout sur les triathlons. C&rsquo;est donc 27 courageux triathl\u00e8tes du club dont 13 jeunes de l&rsquo;\u00e9cole de tri qui se sont align\u00e9s sur les diff\u00e9rents formats propos\u00e9s. Une manche m\u00e2connaise importante\u00a0 du Championnat D\u00e9partemental de Triathlon. Plusieurs podiums \u00e0 la cl\u00e9 et on peut \u00e0 nouveau f\u00e9liciter Antoine, Marius, Marine et Ludivine chez les jeunes et Marion et Sophie chez les moins jeunes. A noter aussi\u00a0 la nouvelle belle performance de Laurent avec une belle 15\u00e8me place sur le M.\u00a0 Tous,\u00a0 jeunes et moins jeunes auront une nouvelle fois souffert sur l&rsquo;asphalte m\u00e2connaise, une sacr\u00e9e performance quel que soit le r\u00e9sultat !<\/p>\n<p><em><strong>Un prochain article \u00e0 venir pour les r\u00e9sultats du Championnat d\u00e9partemental.<\/strong><\/em><\/p>\n<p>les r\u00e9sultats des licenci\u00e9s du club ci-dessous :\u00a0<em><strong><a href=\"http:\/\/montceautriathlon.com\/blog\/wp-content\/uploads\/2019\/07\/IMG_0497.jpg\"><img data-attachment-id=\"3041\" data-permalink=\"https:\/\/www.montceautriathlon.com\/blog\/2019\/07\/09\/7-juillet-2019-triathlon-de-macon-un-triathlon-fecond\/img_0497\/\" data-orig-file=\"https:\/\/www.montceautriathlon.com\/blog\/wp-content\/uploads\/2019\/07\/IMG_0497.jpg\" data-orig-size=\"4032,3024\" data-comments-opened=\"1\" data-image-meta=\"{&quot;aperture&quot;:&quot;2.8&quot;,&quot;credit&quot;:&quot;&quot;,&quot;camera&quot;:&quot;iPhone 8 Plus&quot;,&quot;caption&quot;:&quot;&quot;,&quot;created_timestamp&quot;:&quot;1562504704&quot;,&quot;copyright&quot;:&quot;&quot;,&quot;focal_length&quot;:&quot;6.6&quot;,&quot;iso&quot;:&quot;20&quot;,&quot;shutter_speed&quot;:&quot;0.0082644628099174&quot;,&quot;title&quot;:&quot;&quot;,&quot;orientation&quot;:&quot;1&quot;}\" data-image-title=\"IMG_0497\" data-image-description=\"\" data-image-caption=\"\" data-medium-file=\"https:\/\/www.montceautriathlon.com\/blog\/wp-content\/uploads\/2019\/07\/IMG_0497-300x225.jpg\" data-large-file=\"https:\/\/www.montceautriathlon.com\/blog\/wp-content\/uploads\/2019\/07\/IMG_0497-1024x768.jpg\" loading=\"lazy\" class=\"wp-image-3041 alignright\" src=\"http:\/\/montceautriathlon.com\/blog\/wp-content\/uploads\/2019\/07\/IMG_0497-300x225.jpg\" alt=\"\" width=\"256\" height=\"192\" srcset=\"https:\/\/www.montceautriathlon.com\/blog\/wp-content\/uploads\/2019\/07\/IMG_0497-300x225.jpg 300w, https:\/\/www.montceautriathlon.com\/blog\/wp-content\/uploads\/2019\/07\/IMG_0497-768x576.jpg 768w, https:\/\/www.montceautriathlon.com\/blog\/wp-content\/uploads\/2019\/07\/IMG_0497-1024x768.jpg 1024w\" sizes=\"(max-width: 256px) 100vw, 256px\" \/><\/a><br \/>\n<\/strong><\/em><\/p>\n<p><strong><em>8\/11ans : 55 class\u00e9s<br \/>\n<\/em><\/strong><\/p>\n<ul>\n<li>Titouan Rondier\u00a0 13\u00e8me scratch\u00a0\u00a0 16&rsquo;21 <strong>2\u00e8me pousG<\/strong><\/li>\n<li>Lou Grivault\u00a0\u00a0\u00a0 36\u00e8me scratch\u00a0\u00a0\u00a0\u00a0\u00a0 18&rsquo;21\u00a0\u00a0 4\u00e8me pupF<\/li>\n<li>Zo\u00e9 Da Eira\u00a0 42\u00e8me scratch\u00a0\u00a0 \u00a0 \u00a0 \u00a0 18&rsquo;44\u00a0\u00a0 8\u00e8me pupF<\/li>\n<li>El\u00e9a B\u00e9rardan 44\u00e8me scratch \u00a0 \u00a0 \u00a0 19&rsquo;29\u00a0 9 pupF<\/li>\n<li>Axelle Da Eira 48\u00e8me scratch\u00a0\u00a0\u00a0\u00a0\u00a0\u00a0 20&rsquo;30 7\u00e8me pousF<\/li>\n<\/ul>\n<p><em><strong>12\/15 ans : 50 class\u00e9s<\/strong><\/em><\/p>\n<ul>\n<li>Marius Grivault 3\u00e8me scratch\u00a0 \u00a0 \u00a0 23&rsquo;55\u00a0<strong> 3\u00e8me minG<\/strong><\/li>\n<li>Antoine Ballet\u00a0 8\u00e8me scratch\u00a0\u00a0\u00a0\u00a0\u00a0\u00a0 25&rsquo;05\u00a0\u00a0 <strong>1er BjG<\/strong><\/li>\n<li>Marine Da Eira 20\u00e8me scratch \u00a0 \u00a0\u00a0 27&rsquo;29\u00a0 <strong>2\u00e8me minF<\/strong><\/li>\n<li>Jules Gouraud 23\u00e8me scratch\u00a0\u00a0\u00a0\u00a0\u00a0\u00a0 27&rsquo;37\u00a0 6\u00e8me BjG<\/li>\n<li>Mathieu Perroux\u00a0 28\u00e8me scratch\u00a0 29&rsquo;17\u00a0 12\u00e8me minG<\/li>\n<li>Louis Renard\u00a0 33\u00e8me scratch \u00a0 \u00a0 \u00a0 \u00a0 29&rsquo;41\u00a0 13\u00e8me minG<\/li>\n<li>Antonin Gauthier\u00a0 48\u00e8me scratch\u00a0 36&rsquo;16 13\u00e8me BjG<\/li>\n<\/ul>\n<p><em><strong>S : 142 class\u00e9s<a href=\"http:\/\/montceautriathlon.com\/blog\/wp-content\/uploads\/2019\/07\/lF5_uMDpL3h4vTD7EjPSd291AZCWS4vFqF2eeZKdZhaGX5l4RmOZf61aUZoXzgs7z2IBodIwAEMHlLLSf6YJEaxjaAoRIUp1wY86lVlGIXrhcmPSbPksDv_Gn8XAfqcmUJ88tGkaUOIw1280-h623-no.jpg\"><img data-attachment-id=\"3057\" data-permalink=\"https:\/\/www.montceautriathlon.com\/blog\/2019\/07\/09\/7-juillet-2019-triathlon-de-macon-un-triathlon-fecond\/lf5_umdpl3h4vtd7ejpsd291azcws4vfqf2eezkdzhagx5l4rmozf61auzoxzgs7z2ibodiwaemhlllsf6yjeaxjaaoriup1wy86lvlgixrhcmpsbpksdv_gn8xafqcmuj88tgkauoiw1280-h623-no\/\" data-orig-file=\"https:\/\/www.montceautriathlon.com\/blog\/wp-content\/uploads\/2019\/07\/lF5_uMDpL3h4vTD7EjPSd291AZCWS4vFqF2eeZKdZhaGX5l4RmOZf61aUZoXzgs7z2IBodIwAEMHlLLSf6YJEaxjaAoRIUp1wY86lVlGIXrhcmPSbPksDv_Gn8XAfqcmUJ88tGkaUOIw1280-h623-no.jpg\" data-orig-size=\"1280,622\" data-comments-opened=\"1\" data-image-meta=\"{&quot;aperture&quot;:&quot;0&quot;,&quot;credit&quot;:&quot;&quot;,&quot;camera&quot;:&quot;&quot;,&quot;caption&quot;:&quot;&quot;,&quot;created_timestamp&quot;:&quot;0&quot;,&quot;copyright&quot;:&quot;&quot;,&quot;focal_length&quot;:&quot;0&quot;,&quot;iso&quot;:&quot;0&quot;,&quot;shutter_speed&quot;:&quot;0&quot;,&quot;title&quot;:&quot;&quot;,&quot;orientation&quot;:&quot;0&quot;}\" data-image-title=\"lF5_uMDpL3h4vTD7EjPSd291AZCWS4vFqF2eeZKdZhaGX5l4RmOZf61aUZoXzgs7z2IBodIwAEMHlLLSf6YJEaxjaAoRIUp1wY86lVlGIXrhcmPSbPksDv_Gn8XAfqcmUJ88tGkaUOI=w1280-h623-no\" data-image-description=\"\" data-image-caption=\"\" data-medium-file=\"https:\/\/www.montceautriathlon.com\/blog\/wp-content\/uploads\/2019\/07\/lF5_uMDpL3h4vTD7EjPSd291AZCWS4vFqF2eeZKdZhaGX5l4RmOZf61aUZoXzgs7z2IBodIwAEMHlLLSf6YJEaxjaAoRIUp1wY86lVlGIXrhcmPSbPksDv_Gn8XAfqcmUJ88tGkaUOIw1280-h623-no-300x146.jpg\" data-large-file=\"https:\/\/www.montceautriathlon.com\/blog\/wp-content\/uploads\/2019\/07\/lF5_uMDpL3h4vTD7EjPSd291AZCWS4vFqF2eeZKdZhaGX5l4RmOZf61aUZoXzgs7z2IBodIwAEMHlLLSf6YJEaxjaAoRIUp1wY86lVlGIXrhcmPSbPksDv_Gn8XAfqcmUJ88tGkaUOIw1280-h623-no-1024x498.jpg\" loading=\"lazy\" class=\" wp-image-3057 alignright\" src=\"http:\/\/montceautriathlon.com\/blog\/wp-content\/uploads\/2019\/07\/lF5_uMDpL3h4vTD7EjPSd291AZCWS4vFqF2eeZKdZhaGX5l4RmOZf61aUZoXzgs7z2IBodIwAEMHlLLSf6YJEaxjaAoRIUp1wY86lVlGIXrhcmPSbPksDv_Gn8XAfqcmUJ88tGkaUOIw1280-h623-no-300x146.jpg\" alt=\"\" width=\"269\" height=\"131\" srcset=\"https:\/\/www.montceautriathlon.com\/blog\/wp-content\/uploads\/2019\/07\/lF5_uMDpL3h4vTD7EjPSd291AZCWS4vFqF2eeZKdZhaGX5l4RmOZf61aUZoXzgs7z2IBodIwAEMHlLLSf6YJEaxjaAoRIUp1wY86lVlGIXrhcmPSbPksDv_Gn8XAfqcmUJ88tGkaUOIw1280-h623-no-300x146.jpg 300w, https:\/\/www.montceautriathlon.com\/blog\/wp-content\/uploads\/2019\/07\/lF5_uMDpL3h4vTD7EjPSd291AZCWS4vFqF2eeZKdZhaGX5l4RmOZf61aUZoXzgs7z2IBodIwAEMHlLLSf6YJEaxjaAoRIUp1wY86lVlGIXrhcmPSbPksDv_Gn8XAfqcmUJ88tGkaUOIw1280-h623-no-768x373.jpg 768w, https:\/\/www.montceautriathlon.com\/blog\/wp-content\/uploads\/2019\/07\/lF5_uMDpL3h4vTD7EjPSd291AZCWS4vFqF2eeZKdZhaGX5l4RmOZf61aUZoXzgs7z2IBodIwAEMHlLLSf6YJEaxjaAoRIUp1wY86lVlGIXrhcmPSbPksDv_Gn8XAfqcmUJ88tGkaUOIw1280-h623-no-1024x498.jpg 1024w, https:\/\/www.montceautriathlon.com\/blog\/wp-content\/uploads\/2019\/07\/lF5_uMDpL3h4vTD7EjPSd291AZCWS4vFqF2eeZKdZhaGX5l4RmOZf61aUZoXzgs7z2IBodIwAEMHlLLSf6YJEaxjaAoRIUp1wY86lVlGIXrhcmPSbPksDv_Gn8XAfqcmUJ88tGkaUOIw1280-h623-no.jpg 1280w\" sizes=\"(max-width: 269px) 100vw, 269px\" \/><\/a><\/strong><\/em><\/p>\n<ul>\n<li>Olivier Grivault\u00a0 28\u00e8me scratch\u00a0\u00a0\u00a0\u00a0\u00a0 1h20&rsquo;46 7\u00e8me MasH<\/li>\n<li>Marion Raclot\u00a0 30\u00e8me scratch\u00a0\u00a0\u00a0\u00a0\u00a0\u00a0 1h21&rsquo;15\u00a0<strong> 1\u00e8re SEF<\/strong> <strong>(2\u00e8meF)<\/strong><\/li>\n<li>Ludivine Lequin 34\u00e8me scratch \u00a0 \u00a0\u00a0 1h23&rsquo;03\u00a0 <strong>1\u00e8re JUF (3\u00e8me F)<\/strong><\/li>\n<li>Eric Vaudelin\u00a0 43\u00e8me scratch\u00a0\u00a0\u00a0\u00a0\u00a0\u00a0\u00a0\u00a0 1h25&rsquo;31\u00a0 12\u00e8me MasH<\/li>\n<li>Fernand B\u00e9ranguer\u00a0 44\u00e8me scratch\u00a0 1h25&rsquo;34\u00a0 13\u00e8me MasH<\/li>\n<li>Pierre Bouillon\u00a0\u00a0 76\u00e8me scratch\u00a0\u00a0\u00a0\u00a0 1h32&rsquo;11\u00a0 26\u00e8me SEH<\/li>\n<li>Philippe Renard\u00a0 99\u00e8me scratch \u00a0\u00a0 1h36&rsquo;18\u00a0 32\u00e8me SEH<\/li>\n<li>Jean Da Eira\u00a0 111\u00e8me scratch\u00a0\u00a0\u00a0\u00a0\u00a0\u00a0\u00a0 1h39&rsquo;38\u00a0 37\u00e8me MasH<\/li>\n<li>Sophie Rousseau\u00a0 113\u00e8me scratch\u00a0 1h40&rsquo;58\u00a0 <strong>3\u00e8me MasF<\/strong><\/li>\n<li>Isabelle Vaury\u00a0 114\u00e8me scratch\u00a0\u00a0\u00a0\u00a0\u00a0 1h41&rsquo;10\u00a0 4\u00e8me MasF\u00a0\u00a0\u00a0\u00a0\u00a0 <a href=\"http:\/\/montceautriathlon.com\/blog\/wp-content\/uploads\/2019\/07\/triathlon_2019_M_M\u00e2con_61.jpg\"><img data-attachment-id=\"3045\" data-permalink=\"https:\/\/www.montceautriathlon.com\/blog\/2019\/07\/09\/7-juillet-2019-triathlon-de-macon-un-triathlon-fecond\/triathlon_2019_m_macon_61\/\" data-orig-file=\"https:\/\/www.montceautriathlon.com\/blog\/wp-content\/uploads\/2019\/07\/triathlon_2019_M_M\u00e2con_61.jpg\" data-orig-size=\"750,593\" data-comments-opened=\"1\" data-image-meta=\"{&quot;aperture&quot;:&quot;5.6&quot;,&quot;credit&quot;:&quot;&quot;,&quot;camera&quot;:&quot;Canon EOS 1200D&quot;,&quot;caption&quot;:&quot;&quot;,&quot;created_timestamp&quot;:&quot;1562604797&quot;,&quot;copyright&quot;:&quot;&quot;,&quot;focal_length&quot;:&quot;55&quot;,&quot;iso&quot;:&quot;320&quot;,&quot;shutter_speed&quot;:&quot;0.00125&quot;,&quot;title&quot;:&quot;&quot;,&quot;orientation&quot;:&quot;1&quot;}\" data-image-title=\"triathlon_2019_M_M\u00e2con_61\" data-image-description=\"\" data-image-caption=\"\" data-medium-file=\"https:\/\/www.montceautriathlon.com\/blog\/wp-content\/uploads\/2019\/07\/triathlon_2019_M_M\u00e2con_61-300x237.jpg\" data-large-file=\"https:\/\/www.montceautriathlon.com\/blog\/wp-content\/uploads\/2019\/07\/triathlon_2019_M_M\u00e2con_61.jpg\" loading=\"lazy\" class=\" wp-image-3045 alignright\" src=\"http:\/\/montceautriathlon.com\/blog\/wp-content\/uploads\/2019\/07\/triathlon_2019_M_M\u00e2con_61-300x237.jpg\" alt=\"\" width=\"227\" height=\"179\" srcset=\"https:\/\/www.montceautriathlon.com\/blog\/wp-content\/uploads\/2019\/07\/triathlon_2019_M_M\u00e2con_61-300x237.jpg 300w, https:\/\/www.montceautriathlon.com\/blog\/wp-content\/uploads\/2019\/07\/triathlon_2019_M_M\u00e2con_61.jpg 750w\" sizes=\"(max-width: 227px) 100vw, 227px\" \/><\/a><\/li>\n<\/ul>\n<p><em><strong>M : 110 class\u00e9s<\/strong><\/em><\/p>\n<ul>\n<li>Laurent Magnien 15\u00e8me scratch\u00a0\u00a0\u00a0 \u00a0 2h19&rsquo;02\u00a0 5\u00e8me MasH<\/li>\n<li>Arnaud Rondier 31\u00e8me scratch\u00a0\u00a0\u00a0\u00a0\u00a0\u00a0\u00a0 2h32&rsquo;36\u00a0 13MasH<\/li>\n<li>Patrick Emorine\u00a0 84\u00e8me scratch \u00a0 \u00a0 \u00a0 2h55&rsquo;30\u00a0 47MasH<\/li>\n<li>Philippe Bongrand\u00a0 87\u00e8me scratch\u00a0\u00a0 2h59&rsquo;33\u00a0 48MasH<\/li>\n<li>David Michel\u00a0 103\u00e8me scratch\u00a0\u00a0\u00a0\u00a0\u00a0\u00a0\u00a0\u00a0 3h23&rsquo;15\u00a0 58\u00e8me MasH<\/li>\n<\/ul>\n<p><strong>les r\u00e9sultats d\u00e9taill\u00e9s<\/strong> : <a href=\"http:\/\/www.yaka-events.com\/yaka-chrono\/resultats\" target=\"_blank\" rel=\"noopener\">http:\/\/www.yaka-events.com\/yaka-chrono\/resultats<\/a><\/p>\n<p><strong>de belles photos de Christelle<\/strong> : <a href=\"https:\/\/photos.app.goo.gl\/LcVrLetwrj4oZ3VbA\" target=\"_blank\" rel=\"noopener\">ici<\/a>\u00a0 <strong>ou de Philippe<\/strong> : <a href=\"https:\/\/www.dropbox.com\/sh\/wuh8g260uragv90\/AAAd_K2N_9kIK7xxn51MrAbYa?dl=0\" target=\"_blank\" rel=\"noopener\">ici<\/a><\/p>\n<p>et aussi : <a href=\"https:\/\/www.macon-infos.com\/index.php?option=com_content&amp;view=article&amp;id=22613:photos-le-triathlon-de-macon-c-est-maintenant&amp;catid=169&amp;lang=fr&amp;Itemid=663\" target=\"_blank\" rel=\"noopener\">infos web M\u00e2con<\/a>\u00a0 et encore\u00a0 <a href=\"https:\/\/www.macon-infos.com\/index.php?option=com_content&amp;view=article&amp;id=22615:triathlon-de-macon-on-connait-les-vainqueurs-de-l-edition-2019&amp;catid=169&amp;lang=fr&amp;Itemid=663\" target=\"_blank\" rel=\"noopener\">infos web M\u00e2con 2<\/a><\/p>\n","protected":false},"excerpt":{"rendered":"<p>Ce dimanche 7 juillet, ce n&rsquo;est pas le rubicond qu&rsquo;il fallait franchir \u00e0 M\u00e2con mais plut\u00f4t la chaleur le long de la Sa\u00f4ne comme un peu partout sur les triathlons. C&rsquo;est donc 27 courageux triathl\u00e8tes du club dont 13 jeunes de l&rsquo;\u00e9cole de tri qui se sont align\u00e9s sur les diff\u00e9rents formats propos\u00e9s. Une manche [&hellip;]<\/p>\n","protected":false},"author":5,"featured_media":0,"comment_status":"open","ping_status":"open","sticky":false,"template":"","format":"standard","meta":{"spay_email":"","jetpack_publicize_message":"","jetpack_is_tweetstorm":false},"categories":[1],"tags":[],"jetpack_featured_media_url":"","jetpack_publicize_connections":[],"jetpack_sharing_enabled":true,"jetpack_shortlink":"https:\/\/wp.me\/p8bwIy-MX","jetpack-related-posts":[{"id":4300,"url":"https:\/\/www.montceautriathlon.com\/blog\/2021\/07\/05\/montceau-triathlon-sur-tous-les-fronts\/","url_meta":{"origin":3035,"position":0},"title":"Montceau Triathlon sur tous les fronts !","date":"5 juillet 2021","format":false,"excerpt":"Ce week-end du 4 juillet, les couleurs du club auront brill\u00e9 de Xonrupt, \u00e0 M\u00e2con en passant par Gu\u00e9ret et les Sable d'Olonne. Des jeunes, des relais, du half Iron man, de l'Xterra, du swimrun, du duathlon, du CLM par \u00e9quipe. Toute la diversit\u00e9 des disciplines encha\u00een\u00e9es port\u00e9e par nos\u2026","rel":"","context":"Dans &quot;Non class\u00e9&quot;","img":{"alt_text":"","src":"https:\/\/i2.wp.com\/www.montceautriathlon.com\/blog\/wp-content\/uploads\/2021\/07\/IMG-20210703-WA0010.jpg?resize=350%2C200&ssl=1","width":350,"height":200},"classes":[]},{"id":753,"url":"https:\/\/www.montceautriathlon.com\/blog\/2016\/07\/21\/resultats-du-triathlon-de-gray-1617-juillet-2016\/","url_meta":{"origin":3035,"position":1},"title":"R\u00e9sultats du triathlon de Gray (16&#038;17 juillet 2016)","date":"21 juillet 2016","format":false,"excerpt":"Les week-ends se suivent et se ressemblent avec encore une forte chaleur ce dimanche. Une dizaine de triathl\u00e8tes du club ont fait le d\u00e9placement \u00e0 Gray, avec \u00e0 la cl\u00e9 un podium pour Sandrine MARCHAND qui termine 3i\u00e8me sur l'\u00e9preuve M. Lien Photos de Christelle MAGNIEN Tous les r\u00e9sultats: \u00c9preuve\u2026","rel":"","context":"Dans &quot;Non class\u00e9&quot;","img":{"alt_text":"","src":"","width":0,"height":0},"classes":[]},{"id":7327,"url":"https:\/\/www.montceautriathlon.com\/blog\/2025\/02\/10\/class-triathlon-interclubs-2025\/","url_meta":{"origin":3035,"position":2},"title":"Class Triathlon interclubs 2025","date":"10 f\u00e9vrier 2025","format":false,"excerpt":"C'est ce dimanche 9 f\u00e9vrier, sous un beau soleil hivernal, que Montceau Triathlon et le Comit\u00e9 D\u00e9partemental de Saone et Loire de Triathlon ont organis\u00e9 des class triathlon interclubs. Les 91 jeunes triathl\u00e8tes benjamins, minimes, cadets et juniors se sont affront\u00e9s sur 1000, 1500m ou 3000m de course \u00e0 pieds\u2026","rel":"","context":"Dans &quot;Non class\u00e9&quot;","img":{"alt_text":"","src":"https:\/\/i2.wp.com\/www.montceautriathlon.com\/blog\/wp-content\/uploads\/2025\/02\/4381282875009438512.jpg?resize=350%2C200&ssl=1","width":350,"height":200},"classes":[]},{"id":7985,"url":"https:\/\/www.montceautriathlon.com\/blog\/2025\/07\/11\/lecole-de-triathlon\/","url_meta":{"origin":3035,"position":3},"title":"L&rsquo;\u00e9cole de triathlon","date":"11 juillet 2025","format":false,"excerpt":"Ce samedi 5 juillet marque la fin des entrainements des jeunes de l'\u00e9cole. A cette occasion, les jeunes \u00e9taient convi\u00e9s \u00e0 un dernier entrainement ludique avec des jeux collectifs. A l'issue de celui ci, les bracelets EFT (\u00e9cole fran\u00e7aise de triathlon) ont \u00e9t\u00e9 remis aux jeunes. Cette remise a \u00e9t\u00e9\u2026","rel":"","context":"Dans &quot;Non class\u00e9&quot;","img":{"alt_text":"","src":"https:\/\/i1.wp.com\/www.montceautriathlon.com\/blog\/wp-content\/uploads\/2025\/07\/IMG-20250705-WA0004-1.jpg?resize=350%2C200&ssl=1","width":350,"height":200},"classes":[]},{"id":4320,"url":"https:\/\/www.montceautriathlon.com\/blog\/2021\/07\/18\/dole-le-triathlon-des-idoles\/","url_meta":{"origin":3035,"position":4},"title":"Dole : le triathlon des idoles ?","date":"18 juillet 2021","format":false,"excerpt":"Le dimanche 11 juillet, les familles Renard p\u00e8re et fils et Rousseau\/Da Eira m\u00e8re et filles se sont retrouv\u00e9es sur le triathlon de Dole.Malgr\u00e9 une natation tr\u00e8s fra\u00eeche (- de 18\u00b0), le v\u00e9lo et la cap se sont d\u00e9roul\u00e9s sous un beau soleil.\u00a0 leurs r\u00e9sultats : http:\/\/www.yaka-events.com\/YAKA-CHRONO\/RESULTATS\u00a0","rel":"","context":"Dans &quot;Non class\u00e9&quot;","img":{"alt_text":"","src":"https:\/\/i1.wp.com\/www.montceautriathlon.com\/blog\/wp-content\/uploads\/2021\/07\/IMG_27641_2.jpg?resize=350%2C200&ssl=1","width":350,"height":200},"classes":[]},{"id":2621,"url":"https:\/\/www.montceautriathlon.com\/blog\/2019\/02\/23\/tests-class-triathlon-a-montceau-ce-17-fevrier-des-jeunes-vraiment-pas-a-louest\/","url_meta":{"origin":3035,"position":5},"title":"Tests Class Triathlon \u00e0 Montceau ce 17 f\u00e9vrier : des jeunes vraiment pas \u00e0 l&rsquo;Ouest !","date":"23 f\u00e9vrier 2019","format":false,"excerpt":"\u00a0 Trente jeunes des clubs de M\u00e2con, Autun, Bourbon et Montceau (Tom, Th\u00e9o, Nicolas, Marine, Marius, Jeanne, Hugo, Antonin, Neige, Camille, No\u00e9mie, Robin, Zo\u00e9) ont pass\u00e9 les tests du Classtriathlon ce dimanche 17 f\u00e9vrier sous un beau soleil et dans le calme de la piscine qui leur \u00e9tait enti\u00e8rement d\u00e9di\u00e9e.\u2026","rel":"","context":"Dans &quot;Non class\u00e9&quot;","img":{"alt_text":"","src":"https:\/\/i2.wp.com\/montceautriathlon.com\/blog\/wp-content\/uploads\/2019\/02\/classtri-nata-2-300x200.jpg?resize=350%2C200","width":350,"height":200},"classes":[]}],"_links":{"self":[{"href":"https:\/\/www.montceautriathlon.com\/blog\/wp-json\/wp\/v2\/posts\/3035"}],"collection":[{"href":"https:\/\/www.montceautriathlon.com\/blog\/wp-json\/wp\/v2\/posts"}],"about":[{"href":"https:\/\/www.montceautriathlon.com\/blog\/wp-json\/wp\/v2\/types\/post"}],"author":[{"embeddable":true,"href":"https:\/\/www.montceautriathlon.com\/blog\/wp-json\/wp\/v2\/users\/5"}],"replies":[{"embeddable":true,"href":"https:\/\/www.montceautriathlon.com\/blog\/wp-json\/wp\/v2\/comments?post=3035"}],"version-history":[{"count":21,"href":"https:\/\/www.montceautriathlon.com\/blog\/wp-json\/wp\/v2\/posts\/3035\/revisions"}],"predecessor-version":[{"id":3064,"href":"https:\/\/www.montceautriathlon.com\/blog\/wp-json\/wp\/v2\/posts\/3035\/revisions\/3064"}],"wp:attachment":[{"href":"https:\/\/www.montceautriathlon.com\/blog\/wp-json\/wp\/v2\/media?parent=3035"}],"wp:term":[{"taxonomy":"category","embeddable":true,"href":"https:\/\/www.montceautriathlon.com\/blog\/wp-json\/wp\/v2\/categories?post=3035"},{"taxonomy":"post_tag","embeddable":true,"href":"https:\/\/www.montceautriathlon.com\/blog\/wp-json\/wp\/v2\/tags?post=3035"}],"curies":[{"name":"wp","href":"https:\/\/api.w.org\/{rel}","templated":true}]}}