{"id":3013,"date":"2019-07-08T07:52:59","date_gmt":"2019-07-08T06:52:59","guid":{"rendered":"http:\/\/montceautriathlon.com\/blog\/?p=3013"},"modified":"2019-07-09T11:48:32","modified_gmt":"2019-07-09T10:48:32","slug":"6-juillet-2019-triathlon-des-gorges-de-lardeche-fallait-avoir-la-peche","status":"publish","type":"post","link":"https:\/\/www.montceautriathlon.com\/blog\/2019\/07\/08\/6-juillet-2019-triathlon-des-gorges-de-lardeche-fallait-avoir-la-peche\/","title":{"rendered":"6 juillet 2019, Triathlon des Gorges de l&rsquo;Ard\u00e8che : fallait avoir la p\u00eache !"},"content":{"rendered":"<p><a href=\"http:\/\/montceautriathlon.com\/blog\/wp-content\/uploads\/2019\/07\/Resized_20190706_0716301.jpg\"><img data-attachment-id=\"3017\" data-permalink=\"https:\/\/www.montceautriathlon.com\/blog\/2019\/07\/08\/6-juillet-2019-triathlon-des-gorges-de-lardeche-fallait-avoir-la-peche\/resized_20190706_0716301\/\" data-orig-file=\"https:\/\/www.montceautriathlon.com\/blog\/wp-content\/uploads\/2019\/07\/Resized_20190706_0716301.jpg\" data-orig-size=\"1632,918\" data-comments-opened=\"1\" data-image-meta=\"{&quot;aperture&quot;:&quot;0&quot;,&quot;credit&quot;:&quot;&quot;,&quot;camera&quot;:&quot;&quot;,&quot;caption&quot;:&quot;&quot;,&quot;created_timestamp&quot;:&quot;0&quot;,&quot;copyright&quot;:&quot;&quot;,&quot;focal_length&quot;:&quot;0&quot;,&quot;iso&quot;:&quot;0&quot;,&quot;shutter_speed&quot;:&quot;0&quot;,&quot;title&quot;:&quot;&quot;,&quot;orientation&quot;:&quot;0&quot;}\" data-image-title=\"Resized_20190706_0716301\" data-image-description=\"\" data-image-caption=\"\" data-medium-file=\"https:\/\/www.montceautriathlon.com\/blog\/wp-content\/uploads\/2019\/07\/Resized_20190706_0716301-300x169.jpg\" data-large-file=\"https:\/\/www.montceautriathlon.com\/blog\/wp-content\/uploads\/2019\/07\/Resized_20190706_0716301-1024x576.jpg\" loading=\"lazy\" class=\"size-medium wp-image-3017 alignleft\" src=\"http:\/\/montceautriathlon.com\/blog\/wp-content\/uploads\/2019\/07\/Resized_20190706_0716301-300x169.jpg\" alt=\"\" width=\"300\" height=\"169\" srcset=\"https:\/\/www.montceautriathlon.com\/blog\/wp-content\/uploads\/2019\/07\/Resized_20190706_0716301-300x169.jpg 300w, https:\/\/www.montceautriathlon.com\/blog\/wp-content\/uploads\/2019\/07\/Resized_20190706_0716301-768x432.jpg 768w, https:\/\/www.montceautriathlon.com\/blog\/wp-content\/uploads\/2019\/07\/Resized_20190706_0716301-1024x576.jpg 1024w, https:\/\/www.montceautriathlon.com\/blog\/wp-content\/uploads\/2019\/07\/Resized_20190706_0716301.jpg 1632w\" sizes=\"(max-width: 300px) 100vw, 300px\" \/><\/a><a href=\"http:\/\/montceautriathlon.com\/blog\/wp-content\/uploads\/2019\/07\/Resized_20190705_1142451.jpg\"><img data-attachment-id=\"3016\" data-permalink=\"https:\/\/www.montceautriathlon.com\/blog\/2019\/07\/08\/6-juillet-2019-triathlon-des-gorges-de-lardeche-fallait-avoir-la-peche\/resized_20190705_1142451\/\" data-orig-file=\"https:\/\/www.montceautriathlon.com\/blog\/wp-content\/uploads\/2019\/07\/Resized_20190705_1142451.jpg\" data-orig-size=\"1920,933\" data-comments-opened=\"1\" data-image-meta=\"{&quot;aperture&quot;:&quot;0&quot;,&quot;credit&quot;:&quot;&quot;,&quot;camera&quot;:&quot;&quot;,&quot;caption&quot;:&quot;&quot;,&quot;created_timestamp&quot;:&quot;0&quot;,&quot;copyright&quot;:&quot;&quot;,&quot;focal_length&quot;:&quot;0&quot;,&quot;iso&quot;:&quot;0&quot;,&quot;shutter_speed&quot;:&quot;0&quot;,&quot;title&quot;:&quot;&quot;,&quot;orientation&quot;:&quot;0&quot;}\" data-image-title=\"Resized_20190705_1142451\" data-image-description=\"\" data-image-caption=\"\" data-medium-file=\"https:\/\/www.montceautriathlon.com\/blog\/wp-content\/uploads\/2019\/07\/Resized_20190705_1142451-300x146.jpg\" data-large-file=\"https:\/\/www.montceautriathlon.com\/blog\/wp-content\/uploads\/2019\/07\/Resized_20190705_1142451-1024x498.jpg\" loading=\"lazy\" class=\"size-medium wp-image-3016 alignleft\" src=\"http:\/\/montceautriathlon.com\/blog\/wp-content\/uploads\/2019\/07\/Resized_20190705_1142451-300x146.jpg\" alt=\"\" width=\"300\" height=\"146\" srcset=\"https:\/\/www.montceautriathlon.com\/blog\/wp-content\/uploads\/2019\/07\/Resized_20190705_1142451-300x146.jpg 300w, https:\/\/www.montceautriathlon.com\/blog\/wp-content\/uploads\/2019\/07\/Resized_20190705_1142451-768x373.jpg 768w, https:\/\/www.montceautriathlon.com\/blog\/wp-content\/uploads\/2019\/07\/Resized_20190705_1142451-1024x498.jpg 1024w, https:\/\/www.montceautriathlon.com\/blog\/wp-content\/uploads\/2019\/07\/Resized_20190705_1142451.jpg 1920w\" sizes=\"(max-width: 300px) 100vw, 300px\" \/><\/a>Une petite \u00e9quipe du club avait d\u00e9cid\u00e9 de s&rsquo;aligner sur le tr\u00e8s all\u00e9chant triathlon longue distance\u00a0 des Gorges de l&rsquo;Ard\u00e8che. Beno\u00eet Thierry avait m\u00eame d\u00e9cid\u00e9 d&rsquo;effectuer le combin\u00e9 en trois jours : M\/s le jeudi soir, XS\/s le vendredi matin et L le samedi matin ! Une bonne pr\u00e9pa pour Embrun ! Marjolaine et Tom s&rsquo;alignaient aussi le vendredi sur le XS. Jean Charles et Elisabeth Noseda, Fred et Sandrine Ghesqui\u00e8re , Sandrine Marchand et Christian Poutissou avec Beno\u00eet s &lsquo;alignaient sur le L. Philippe Leboeuf, \u00e0 cours de pr\u00e9paration, ne ferait que la partie natation, histoire de se rafraichir un peu ! Car une chaleur torride(36 \u00e0 38\u00b0) \u00e9tait annonc\u00e9e. D\u00e9part avanc\u00e9 \u00e0 7h30 et CAP r\u00e9duite \u00e0 14,5 km du fait de ces conditions m\u00e9t\u00e9o d\u00e9licates. Et tout le monde appr\u00e9hendait la partie CAP avec le fameux pont de cano\u00e9s et surtout la mont\u00e9e sur le nid d&rsquo;aigle d&rsquo;Aigu\u00e8ze \u00e0 effectuer 3 fois(800m \u00e0 10% en plein cagna !)\u00a0 Un triathlon \u00e9prouvant avec un d\u00e9part dans tr\u00e8s peu d&rsquo;eau \u00e0 27,5\u00b0 provoquant une belle baston sur environ 500m jusqu&rsquo;au pont, un parcours v\u00e9lo plus que vallonn\u00e9 avec de belles portions \u00e0 plus de 10% et enfin la CAP sous un cagna terrible. \u00a0\u00bb le triathlon le plus difficile que j&rsquo;ai fait c\u00f4t\u00e9 chaleur\u00a0\u00bbnous dira Jean-Charles \u00a0\u00bb mais des paysages sublimes qui nous faisaient oublier chaleur et fatigue\u00a0\u00bb compl\u00e8tera Christian. Enfin, pour une premi\u00e8re sur longue distance, Elisabeth n&rsquo;aura pas choisi la facilit\u00e9 ! F\u00e9licitations pour cette belle r\u00e9ussite !<\/p>\n<p>Les r\u00e9sultats : <a href=\"http:\/\/montceautriathlon.com\/blog\/wp-content\/uploads\/2019\/07\/dans-la-fournaise-du-triathlon-des-gorges-1562524905.jpg\"><img data-attachment-id=\"3014\" data-permalink=\"https:\/\/www.montceautriathlon.com\/blog\/2019\/07\/08\/6-juillet-2019-triathlon-des-gorges-de-lardeche-fallait-avoir-la-peche\/dans-la-fournaise-du-triathlon-des-gorges-1562524905\/\" data-orig-file=\"https:\/\/www.montceautriathlon.com\/blog\/wp-content\/uploads\/2019\/07\/dans-la-fournaise-du-triathlon-des-gorges-1562524905.jpg\" data-orig-size=\"250,165\" data-comments-opened=\"1\" data-image-meta=\"{&quot;aperture&quot;:&quot;0&quot;,&quot;credit&quot;:&quot;&quot;,&quot;camera&quot;:&quot;&quot;,&quot;caption&quot;:&quot;&quot;,&quot;created_timestamp&quot;:&quot;0&quot;,&quot;copyright&quot;:&quot;&quot;,&quot;focal_length&quot;:&quot;0&quot;,&quot;iso&quot;:&quot;0&quot;,&quot;shutter_speed&quot;:&quot;0&quot;,&quot;title&quot;:&quot;&quot;,&quot;orientation&quot;:&quot;1&quot;}\" data-image-title=\"dans-la-fournaise-du-triathlon-des-gorges-1562524905\" data-image-description=\"\" data-image-caption=\"\" data-medium-file=\"https:\/\/www.montceautriathlon.com\/blog\/wp-content\/uploads\/2019\/07\/dans-la-fournaise-du-triathlon-des-gorges-1562524905.jpg\" data-large-file=\"https:\/\/www.montceautriathlon.com\/blog\/wp-content\/uploads\/2019\/07\/dans-la-fournaise-du-triathlon-des-gorges-1562524905.jpg\" loading=\"lazy\" class=\"size-full wp-image-3014 alignright\" src=\"http:\/\/montceautriathlon.com\/blog\/wp-content\/uploads\/2019\/07\/dans-la-fournaise-du-triathlon-des-gorges-1562524905.jpg\" alt=\"\" width=\"250\" height=\"165\" \/><\/a><\/p>\n<p><strong>sur le L<\/strong> : 586 inscrits<\/p>\n<ul>\n<li>Beno\u00eet\u00a0 208\u00e8me scratch\u00a0 35\u00e8me V2H\u00a0 4h46&rsquo;57<\/li>\n<li>Fred\u00a0 372\u00e8me scratch 70\u00e8me V2H\u00a0 5h16&rsquo;16<\/li>\n<li>Sandrine G 389\u00e8me scratch 5\u00e8me V1F\u00a0 5h20&rsquo;49<\/li>\n<li>J-Ccharles 396\u00e8me scratch\u00a0 74V2H\u00a0 5h24&rsquo;27<\/li>\n<li>Christian\u00a0 428\u00e8me scratch\u00a0 28\u00e8me V4H 5h34&rsquo;35<\/li>\n<li>Sandrine M 444\u00e8me scratch 11\u00e8me V2F\u00a0 5h44&rsquo;22<\/li>\n<li>Elisabeth\u00a0 498\u00e8me scratch\u00a0 70\u00e8me V2F\u00a0 6h30&rsquo;45<\/li>\n<li>Philippe DNF apr\u00e8s la natation\u00a0\u00a0 les r\u00e9sultats d\u00e9taill\u00e9s :<a href=\"http:\/\/montceautriathlon.com\/blog\/wp-content\/uploads\/2019\/07\/19681.pdf\" target=\"_blank\" rel=\"noopener\">ici<\/a><\/li>\n<\/ul>\n<p><strong>sur le M\/S<\/strong>: 518 inscrits<\/p>\n<ul>\n<li>Benoit\u00a0\u00a0 2h01&prime; 131\u00e8me scratch<a href=\"http:\/\/montceautriathlon.com\/blog\/wp-content\/uploads\/2019\/07\/IMG-20190706-WA0001.jpg\"><img data-attachment-id=\"3015\" data-permalink=\"https:\/\/www.montceautriathlon.com\/blog\/2019\/07\/08\/6-juillet-2019-triathlon-des-gorges-de-lardeche-fallait-avoir-la-peche\/img-20190706-wa0001\/\" data-orig-file=\"https:\/\/www.montceautriathlon.com\/blog\/wp-content\/uploads\/2019\/07\/IMG-20190706-WA0001.jpg\" data-orig-size=\"1200,1600\" data-comments-opened=\"1\" data-image-meta=\"{&quot;aperture&quot;:&quot;0&quot;,&quot;credit&quot;:&quot;&quot;,&quot;camera&quot;:&quot;&quot;,&quot;caption&quot;:&quot;&quot;,&quot;created_timestamp&quot;:&quot;0&quot;,&quot;copyright&quot;:&quot;&quot;,&quot;focal_length&quot;:&quot;0&quot;,&quot;iso&quot;:&quot;0&quot;,&quot;shutter_speed&quot;:&quot;0&quot;,&quot;title&quot;:&quot;&quot;,&quot;orientation&quot;:&quot;0&quot;}\" data-image-title=\"IMG-20190706-WA0001\" data-image-description=\"\" data-image-caption=\"\" data-medium-file=\"https:\/\/www.montceautriathlon.com\/blog\/wp-content\/uploads\/2019\/07\/IMG-20190706-WA0001-225x300.jpg\" data-large-file=\"https:\/\/www.montceautriathlon.com\/blog\/wp-content\/uploads\/2019\/07\/IMG-20190706-WA0001-768x1024.jpg\" loading=\"lazy\" class=\"wp-image-3015 alignright\" src=\"http:\/\/montceautriathlon.com\/blog\/wp-content\/uploads\/2019\/07\/IMG-20190706-WA0001-225x300.jpg\" alt=\"\" width=\"157\" height=\"209\" srcset=\"https:\/\/www.montceautriathlon.com\/blog\/wp-content\/uploads\/2019\/07\/IMG-20190706-WA0001-225x300.jpg 225w, https:\/\/www.montceautriathlon.com\/blog\/wp-content\/uploads\/2019\/07\/IMG-20190706-WA0001-768x1024.jpg 768w, https:\/\/www.montceautriathlon.com\/blog\/wp-content\/uploads\/2019\/07\/IMG-20190706-WA0001.jpg 1200w\" sizes=\"(max-width: 157px) 100vw, 157px\" \/><\/a><\/li>\n<\/ul>\n<p><strong>sur le XS\/S :<\/strong>\u00a0 225 inscrits<\/p>\n<ul>\n<li>Benoit\u00a0 50\u00e8me scratch 40&rsquo;19\u00a0\u00bb<\/li>\n<li>Tom\u00a0 101\u00e8me scratch 44&rsquo;40\u00a0\u00bb<\/li>\n<li>Marjolaine\u00a0 135\u00e8me scratch 49&rsquo;14\u00a0\u00bb<\/li>\n<\/ul>\n<p><strong>Challenge trois \u00e9preuves\u00a0 (combin\u00e9):<\/strong><\/p>\n<ul>\n<li>Benoit : 38\u00e8me sur 65 partants<\/li>\n<\/ul>\n<p>&nbsp;<\/p>\n<p>&nbsp;<\/p>\n<p>&nbsp;<\/p>\n<p>&nbsp;<\/p>\n","protected":false},"excerpt":{"rendered":"<p>Une petite \u00e9quipe du club avait d\u00e9cid\u00e9 de s&rsquo;aligner sur le tr\u00e8s all\u00e9chant triathlon longue distance\u00a0 des Gorges de l&rsquo;Ard\u00e8che. Beno\u00eet Thierry avait m\u00eame d\u00e9cid\u00e9 d&rsquo;effectuer le combin\u00e9 en trois jours : M\/s le jeudi soir, XS\/s le vendredi matin et L le samedi matin ! Une bonne pr\u00e9pa pour Embrun ! Marjolaine et Tom [&hellip;]<\/p>\n","protected":false},"author":5,"featured_media":0,"comment_status":"open","ping_status":"open","sticky":false,"template":"","format":"standard","meta":{"spay_email":"","jetpack_publicize_message":"","jetpack_is_tweetstorm":false},"categories":[1],"tags":[],"jetpack_featured_media_url":"","jetpack_publicize_connections":[],"jetpack_sharing_enabled":true,"jetpack_shortlink":"https:\/\/wp.me\/p8bwIy-MB","jetpack-related-posts":[{"id":4351,"url":"https:\/\/www.montceautriathlon.com\/blog\/2021\/08\/01\/triathlon-de-lalpe-dhuez-fallait-etre-baleze\/","url_meta":{"origin":3013,"position":0},"title":"triathlon de l&rsquo;Alpe d&rsquo;Huez : fallait \u00eatre bal\u00e8ze !","date":"1 ao\u00fbt 2021","format":false,"excerpt":"Cette semaine, une petite dizaine de triathl\u00e8tes montcelliens avait d\u00e9cid\u00e9 de s'aligner sur les mythiques 21 lacets de la station. Pascal sur un duathlon sprint (6,5-15-5,5) le mercredi avec un joli final sur la deuxi\u00e8me partie termine en un peu plus de deux heures. Le jeudi, ils \u00e9taient six (Alice,\u2026","rel":"","context":"Dans &quot;Non class\u00e9&quot;","img":{"alt_text":"","src":"https:\/\/i1.wp.com\/www.montceautriathlon.com\/blog\/wp-content\/uploads\/2021\/08\/IMG-20210729-WA0023.jpg?resize=350%2C200&ssl=1","width":350,"height":200},"classes":[]},{"id":2328,"url":"https:\/\/www.montceautriathlon.com\/blog\/2018\/10\/08\/sale-temps-aux-salles-sur-verdon-fallait-pas-lacher-le-guidon\/","url_meta":{"origin":3013,"position":1},"title":"Sale temps aux  Salles sur Verdon : fallait pas l\u00e2cher le guidon !","date":"8 octobre 2018","format":false,"excerpt":"\u00a0 \u00a0 \u00a0 \u00a0 \u00a0 \u00a0 \u00a0 \u00a0 D\u00e9cid\u00e9ment, les longues distances dans le Sud n'auront pas r\u00e9ussi \u00e0 nos triathl\u00e8tes c\u00f4t\u00e9 m\u00e9t\u00e9o. Apr\u00e8s Aix au printemps, la pluie a contraint les organisateurs \u00e0 modifier et raccourcir le parcours v\u00e9lo! Mais le groupe montcellien a brav\u00e9 les \u00e9l\u00e9ments et remarquons\u2026","rel":"","context":"Dans &quot;Non class\u00e9&quot;","img":{"alt_text":"","src":"https:\/\/i2.wp.com\/montceautriathlon.com\/blog\/wp-content\/uploads\/2018\/10\/IMG_72071-225x300.jpg?resize=350%2C200","width":350,"height":200},"classes":[]},{"id":2954,"url":"https:\/\/www.montceautriathlon.com\/blog\/2019\/06\/18\/16-juin-2019-triathlon-de-cublize-une-competition-exquise\/","url_meta":{"origin":3013,"position":2},"title":"16 juin 2019, triathlon de Cublize : une comp\u00e9tition exquise !","date":"18 juin 2019","format":false,"excerpt":"Le triathlon de Cublize ou triathlon du Lac des sapins a une nouvelle fois attir\u00e9 les foules dans ce magnifique site du Beaujolais vert : un beau lac \u00e0 l'eau toujours aussi fra\u00eeche, un parcours v\u00e9lo de 50km exigeant et splendide et une course \u00e0 pieds version trail dans les\u2026","rel":"","context":"Dans &quot;Non class\u00e9&quot;","img":{"alt_text":"","src":"https:\/\/i1.wp.com\/www.montceautriathlon.com\/blog\/wp-content\/uploads\/2019\/06\/Cublize.jpg?resize=350%2C200&ssl=1","width":350,"height":200},"classes":[]},{"id":2610,"url":"https:\/\/www.montceautriathlon.com\/blog\/2019\/02\/06\/3-02-2019-bike-run-dautun-les-jeunes-au-train\/","url_meta":{"origin":3013,"position":3},"title":"3\/02\/2019, Bike &#038; Run d&rsquo;Autun : les jeunes au train !","date":"6 f\u00e9vrier 2019","format":false,"excerpt":"Sept \u00e9quipes jeunes engag\u00e9es et cinq podiums ! Joli tir group\u00e9 de notre \u00e9cole de triathlon qui, ce dimanche \u00e0 Autun (sans \u00eatre hautain), n'a pas usurp\u00e9 sa septi\u00e8me place du classement 2018 des 26 \u00e9coles de triathlon de la r\u00e9gion. Bravo les jeunes et good job Sophie ! Quant\u2026","rel":"","context":"Dans &quot;Non class\u00e9&quot;","img":{"alt_text":"","src":"https:\/\/i2.wp.com\/montceautriathlon.com\/blog\/wp-content\/uploads\/2019\/02\/autun-pleins-feux-sur-le-bike-and-run-d-autun-triathlon-125438-300x200.jpg?resize=350%2C200","width":350,"height":200},"classes":[]},{"id":2005,"url":"https:\/\/www.montceautriathlon.com\/blog\/2018\/06\/18\/besancon25-cublize69vassiviere87-aurillac-15-week-end-charge-ces-16-et-17-juin\/","url_meta":{"origin":3013,"position":4},"title":"Besan\u00e7on(25), Cublize(69),Vassivi\u00e8re(87), Aurillac (15) week-end charg\u00e9 ces 16 et 17 juin !","date":"18 juin 2018","format":false,"excerpt":"Week-end charg\u00e9 effectivement avec notre \u00e9quipe f\u00e9minine \u00e0 Besan\u00e7on qui s'est brillamment qualifi\u00e9e pour la finale D3 de triathlon en remportant l'\u00e9preuve Grand\/Est \u00e0 Besan\u00e7on , une grosse douzaines de triathl\u00e8tes du club sur le difficile triathlon courte distance (format M) du lac des Sapins \u00e0 Cublize avec une belle\u2026","rel":"","context":"Dans &quot;Non class\u00e9&quot;","img":{"alt_text":"","src":"https:\/\/i0.wp.com\/montceautriathlon.com\/blog\/wp-content\/uploads\/2018\/06\/podium-1-300x288.jpg?resize=350%2C200","width":350,"height":200},"classes":[]},{"id":6914,"url":"https:\/\/www.montceautriathlon.com\/blog\/2024\/06\/20\/triathlon-de-vichy\/","url_meta":{"origin":3013,"position":5},"title":"Triathlon de Vichy","date":"20 juin 2024","format":false,"excerpt":"Nos triathl\u00e8tes \u00e9taient sur tous les fronts ce week-end. Tout d'abord sur le triathlon de Vichy : Samedi avait lieu les CHAMPIONNATS DE FRANCE longue distance : Laurent Magnien, cl\u00f4ture ce longue distance en 5h16, prenant la 185, 27eMaster 2 Mickael Verdu, fini en 5h33, en 275e position , 41e\u2026","rel":"","context":"Dans &quot;Non class\u00e9&quot;","img":{"alt_text":"","src":"https:\/\/i2.wp.com\/www.montceautriathlon.com\/blog\/wp-content\/uploads\/2024\/06\/448175809_1132571504450239_864155686867222727_n.jpg?resize=350%2C200&ssl=1","width":350,"height":200},"classes":[]}],"_links":{"self":[{"href":"https:\/\/www.montceautriathlon.com\/blog\/wp-json\/wp\/v2\/posts\/3013"}],"collection":[{"href":"https:\/\/www.montceautriathlon.com\/blog\/wp-json\/wp\/v2\/posts"}],"about":[{"href":"https:\/\/www.montceautriathlon.com\/blog\/wp-json\/wp\/v2\/types\/post"}],"author":[{"embeddable":true,"href":"https:\/\/www.montceautriathlon.com\/blog\/wp-json\/wp\/v2\/users\/5"}],"replies":[{"embeddable":true,"href":"https:\/\/www.montceautriathlon.com\/blog\/wp-json\/wp\/v2\/comments?post=3013"}],"version-history":[{"count":17,"href":"https:\/\/www.montceautriathlon.com\/blog\/wp-json\/wp\/v2\/posts\/3013\/revisions"}],"predecessor-version":[{"id":3037,"href":"https:\/\/www.montceautriathlon.com\/blog\/wp-json\/wp\/v2\/posts\/3013\/revisions\/3037"}],"wp:attachment":[{"href":"https:\/\/www.montceautriathlon.com\/blog\/wp-json\/wp\/v2\/media?parent=3013"}],"wp:term":[{"taxonomy":"category","embeddable":true,"href":"https:\/\/www.montceautriathlon.com\/blog\/wp-json\/wp\/v2\/categories?post=3013"},{"taxonomy":"post_tag","embeddable":true,"href":"https:\/\/www.montceautriathlon.com\/blog\/wp-json\/wp\/v2\/tags?post=3013"}],"curies":[{"name":"wp","href":"https:\/\/api.w.org\/{rel}","templated":true}]}}