{"id":3009,"date":"2019-07-03T11:11:30","date_gmt":"2019-07-03T10:11:30","guid":{"rendered":"http:\/\/montceautriathlon.com\/blog\/?p=3009"},"modified":"2019-07-03T11:11:30","modified_gmt":"2019-07-03T10:11:30","slug":"30-juin-2019-triathlon-du-lac-de-st-point-cuits-juste-a-point","status":"publish","type":"post","link":"https:\/\/www.montceautriathlon.com\/blog\/2019\/07\/03\/30-juin-2019-triathlon-du-lac-de-st-point-cuits-juste-a-point\/","title":{"rendered":"30 juin 2019, Triathlon du lac de St Point : cuits juste \u00e0 point !"},"content":{"rendered":"<p><a href=\"http:\/\/montceautriathlon.com\/blog\/wp-content\/uploads\/2019\/07\/eau-St-Point.jpg\"><img data-attachment-id=\"3010\" data-permalink=\"https:\/\/www.montceautriathlon.com\/blog\/2019\/07\/03\/30-juin-2019-triathlon-du-lac-de-st-point-cuits-juste-a-point\/eau-st-point\/\" data-orig-file=\"https:\/\/www.montceautriathlon.com\/blog\/wp-content\/uploads\/2019\/07\/eau-St-Point.jpg\" data-orig-size=\"1360,939\" data-comments-opened=\"1\" data-image-meta=\"{&quot;aperture&quot;:&quot;0&quot;,&quot;credit&quot;:&quot;&quot;,&quot;camera&quot;:&quot;&quot;,&quot;caption&quot;:&quot;&quot;,&quot;created_timestamp&quot;:&quot;0&quot;,&quot;copyright&quot;:&quot;&quot;,&quot;focal_length&quot;:&quot;0&quot;,&quot;iso&quot;:&quot;0&quot;,&quot;shutter_speed&quot;:&quot;0&quot;,&quot;title&quot;:&quot;&quot;,&quot;orientation&quot;:&quot;1&quot;}\" data-image-title=\"eau St Point\" data-image-description=\"\" data-image-caption=\"\" data-medium-file=\"https:\/\/www.montceautriathlon.com\/blog\/wp-content\/uploads\/2019\/07\/eau-St-Point-300x207.jpg\" data-large-file=\"https:\/\/www.montceautriathlon.com\/blog\/wp-content\/uploads\/2019\/07\/eau-St-Point-1024x707.jpg\" loading=\"lazy\" class=\"size-medium wp-image-3010 alignleft\" src=\"http:\/\/montceautriathlon.com\/blog\/wp-content\/uploads\/2019\/07\/eau-St-Point-300x207.jpg\" alt=\"\" width=\"300\" height=\"207\" srcset=\"https:\/\/www.montceautriathlon.com\/blog\/wp-content\/uploads\/2019\/07\/eau-St-Point-300x207.jpg 300w, https:\/\/www.montceautriathlon.com\/blog\/wp-content\/uploads\/2019\/07\/eau-St-Point-768x530.jpg 768w, https:\/\/www.montceautriathlon.com\/blog\/wp-content\/uploads\/2019\/07\/eau-St-Point-1024x707.jpg 1024w, https:\/\/www.montceautriathlon.com\/blog\/wp-content\/uploads\/2019\/07\/eau-St-Point.jpg 1360w\" sizes=\"(max-width: 300px) 100vw, 300px\" \/><\/a>Horaires avanc\u00e9s , CAP r\u00e9duite, la chaleur \u00e9tait aussi bien pr\u00e9sente sur les hauteurs du Jura !<\/p>\n<p>Peu de licenci\u00e9s du club mais un relai in\u00e9dit align\u00e9 sur le S ! Marion rate le podium de peu sur le S : 4\u00e8me !<\/p>\n<p><strong>les r\u00e9sultats\u00a0 du S :<\/strong><\/p>\n<p>Marion Raclot\u00a0 1h16&rsquo;18\u00a0\u00a0\u00a0\u00a0\u00a0\u00a0\u00a0\u00a0 4\u00e8me F et 3\u00e8me SEF<br \/>\nen relai : Les Montcelliens ( Marine Da Eira, Olivier et Marius Grivault)\u00a0 en 1h11&rsquo;08<\/p>\n<p><strong>et sur la course Avenir 1<\/strong><br \/>\nZo\u00e9 Da Eira 13&rsquo;29\u00a0 \u00a0 59\u00e8me scratch<br \/>\nlou Grivault 13&rsquo;52\u00a0\u00a0\u00a0 62\u00e8me scratch<br \/>\nAxelle Da Eira 14&rsquo;00 64\u00e8me scratch<\/p>\n","protected":false},"excerpt":{"rendered":"<p>Horaires avanc\u00e9s , CAP r\u00e9duite, la chaleur \u00e9tait aussi bien pr\u00e9sente sur les hauteurs du Jura ! Peu de licenci\u00e9s du club mais un relai in\u00e9dit align\u00e9 sur le S ! Marion rate le podium de peu sur le S : 4\u00e8me ! les r\u00e9sultats\u00a0 du S : Marion Raclot\u00a0 1h16&rsquo;18\u00a0\u00a0\u00a0\u00a0\u00a0\u00a0\u00a0\u00a0 4\u00e8me F et 3\u00e8me [&hellip;]<\/p>\n","protected":false},"author":5,"featured_media":0,"comment_status":"open","ping_status":"open","sticky":false,"template":"","format":"standard","meta":{"spay_email":"","jetpack_publicize_message":"","jetpack_is_tweetstorm":false},"categories":[1],"tags":[],"jetpack_featured_media_url":"","jetpack_publicize_connections":[],"jetpack_sharing_enabled":true,"jetpack_shortlink":"https:\/\/wp.me\/p8bwIy-Mx","jetpack-related-posts":[{"id":3201,"url":"https:\/\/www.montceautriathlon.com\/blog\/2019\/09\/24\/22-09-19triathlon-de-seurre-un-contre-la-montre-presqua-lheure\/","url_meta":{"origin":3009,"position":0},"title":"22\/09\/19,triathlon de Seurre : un contre la montre presqu&rsquo;\u00e0 l&rsquo;heure !","date":"24 septembre 2019","format":false,"excerpt":"Une petite dizaine de jeunes de l'\u00e9cole de triathlon ont r\u00e9pondu pr\u00e9sents sur les courses J1, J2 et XS ainsi que 6 adultes sur la course S en contre la montre. De bons r\u00e9sultats dans l'ensemble. Marion et Ludivine (et 1\u00e8re JUF) sur le podium f\u00e9minin, Marius et Antoine ratent\u2026","rel":"","context":"Dans &quot;Non class\u00e9&quot;","img":{"alt_text":"","src":"","width":0,"height":0},"classes":[]},{"id":2300,"url":"https:\/\/www.montceautriathlon.com\/blog\/2018\/10\/02\/cross-duathlon-de-chenove-30-09-18\/","url_meta":{"origin":3009,"position":1},"title":"CROSS DUATHLON de Chen\u00f4ve 30\/09\/18","date":"2 octobre 2018","format":false,"excerpt":"Deux beaux podiums pour l'\u00e9cole de triathlon. El\u00e9a B\u00e9rardan 1\u00e8re poussine et Marius Grivault, 2\u00e8me benjamin, tous les deux tr\u00e8s en forme en cette fin de saison ! Belle 4\u00e8me place aussi pour Antoine Ballet en benjamin. Seul triathl\u00e8te du club \u00e0 se pr\u00e9senter\u00a0 sur le S, Olivier Grivault\u00a0 termine\u2026","rel":"","context":"Dans &quot;Non class\u00e9&quot;","img":{"alt_text":"","src":"https:\/\/i2.wp.com\/montceautriathlon.com\/blog\/wp-content\/uploads\/2018\/10\/IMG_7781-225x300.jpg?resize=350%2C200","width":350,"height":200},"classes":[]},{"id":3035,"url":"https:\/\/www.montceautriathlon.com\/blog\/2019\/07\/09\/7-juillet-2019-triathlon-de-macon-un-triathlon-fecond\/","url_meta":{"origin":3009,"position":2},"title":"7 juillet 2019, triathlon de M\u00e2con: un triathlon f\u00e9cond !","date":"9 juillet 2019","format":false,"excerpt":"Ce dimanche 7 juillet, ce n'est pas le rubicond qu'il fallait franchir \u00e0 M\u00e2con mais plut\u00f4t la chaleur le long de la Sa\u00f4ne comme un peu partout sur les triathlons. C'est donc 27 courageux triathl\u00e8tes du club dont 13 jeunes de l'\u00e9cole de tri qui se sont align\u00e9s sur les\u2026","rel":"","context":"Dans &quot;Non class\u00e9&quot;","img":{"alt_text":"","src":"","width":0,"height":0},"classes":[]},{"id":2062,"url":"https:\/\/www.montceautriathlon.com\/blog\/2018\/07\/02\/triathlon-de-macon-1er-juillet-2018\/","url_meta":{"origin":3009,"position":3},"title":"Triathlon de M\u00e2con 1er juillet 2018","date":"2 juillet 2018","format":false,"excerpt":"Si la chaleur annonc\u00e9e a pu rebuter certains d'entre nous d'effectuer le d\u00e9placement, celle-ci a permis \u00e0 nos f\u00e9minines de briller au soleil. Marion Raclot 1\u00e8re f\u00e9minine\u00a0 (1\u00e8re SEF), Aude Demorti\u00e8re 3\u00e8me f\u00e9minine(1\u00e8re VE F)\u00a0 sur le S ! Bravo \u00e0 elles !\u00a0 Un joli podium du club !\u00a0 Chez\u2026","rel":"","context":"Dans &quot;Non class\u00e9&quot;","img":{"alt_text":"","src":"https:\/\/i0.wp.com\/montceautriathlon.com\/blog\/wp-content\/uploads\/2018\/07\/celine-et-laurent-300x225.jpg?resize=350%2C200","width":350,"height":200},"classes":[]},{"id":2865,"url":"https:\/\/www.montceautriathlon.com\/blog\/2019\/05\/27\/25-et-26mai-2019triathlon-de-dijon-un-ptit-kir-patron-avec-moderation\/","url_meta":{"origin":3009,"position":4},"title":"25 et 26mai 2019,triathlon de Dijon : \u00ab\u00a0un p&rsquo;tit Kir Patron !\u00a0\u00bb avec mod\u00e9ration&#8230;","date":"27 mai 2019","format":false,"excerpt":"Ce week-end c'\u00e9tait jour de triathlon international \u00e0 Dijon.(4 secondes de retransmission sur FR3 ! Y'a encore du boulot pour m\u00e9diatiser notre sport !) Formats S et M le samedi et L + courses jeunes le dimanche. Peu de triathl\u00e8tes montceliens (les week-ends se suivent mais ne se ressemblent pas\u2026","rel":"","context":"Dans &quot;Non class\u00e9&quot;","img":{"alt_text":"","src":"","width":0,"height":0},"classes":[]},{"id":3582,"url":"https:\/\/www.montceautriathlon.com\/blog\/2020\/04\/11\/resultats-challenge-bikerun-regional-bon-pour-le-moral\/","url_meta":{"origin":3009,"position":5},"title":"r\u00e9sultats challenge Bike&#038;Run r\u00e9gional : Bon pour le moral !","date":"11 avril 2020","format":false,"excerpt":"A l'heure o\u00f9 les comp\u00e9titions sont \u00e0 l'arr\u00eat, o\u00f9 l'avenir de l'ensemble de nos comp\u00e9titions \u00e0 venir ( \u00e0 proche et moyen terme pour \u00eatre optimiste) semble compromis, les r\u00e9sultats du Challenge R\u00e9gional Bourgogne\/Franche Comt\u00e9 toutes cat\u00e9gories sont tomb\u00e9s. Et ils font chaud au coeur avec notamment les victoire au\u2026","rel":"","context":"Dans &quot;Non class\u00e9&quot;","img":{"alt_text":"","src":"https:\/\/i2.wp.com\/montceautriathlon.com\/blog\/wp-content\/uploads\/2020\/04\/15650166230-213x300.jpg?resize=350%2C200","width":350,"height":200},"classes":[]}],"_links":{"self":[{"href":"https:\/\/www.montceautriathlon.com\/blog\/wp-json\/wp\/v2\/posts\/3009"}],"collection":[{"href":"https:\/\/www.montceautriathlon.com\/blog\/wp-json\/wp\/v2\/posts"}],"about":[{"href":"https:\/\/www.montceautriathlon.com\/blog\/wp-json\/wp\/v2\/types\/post"}],"author":[{"embeddable":true,"href":"https:\/\/www.montceautriathlon.com\/blog\/wp-json\/wp\/v2\/users\/5"}],"replies":[{"embeddable":true,"href":"https:\/\/www.montceautriathlon.com\/blog\/wp-json\/wp\/v2\/comments?post=3009"}],"version-history":[{"count":2,"href":"https:\/\/www.montceautriathlon.com\/blog\/wp-json\/wp\/v2\/posts\/3009\/revisions"}],"predecessor-version":[{"id":3012,"href":"https:\/\/www.montceautriathlon.com\/blog\/wp-json\/wp\/v2\/posts\/3009\/revisions\/3012"}],"wp:attachment":[{"href":"https:\/\/www.montceautriathlon.com\/blog\/wp-json\/wp\/v2\/media?parent=3009"}],"wp:term":[{"taxonomy":"category","embeddable":true,"href":"https:\/\/www.montceautriathlon.com\/blog\/wp-json\/wp\/v2\/categories?post=3009"},{"taxonomy":"post_tag","embeddable":true,"href":"https:\/\/www.montceautriathlon.com\/blog\/wp-json\/wp\/v2\/tags?post=3009"}],"curies":[{"name":"wp","href":"https:\/\/api.w.org\/{rel}","templated":true}]}}