{"id":3004,"date":"2019-07-01T18:32:51","date_gmt":"2019-07-01T17:32:51","guid":{"rendered":"http:\/\/montceautriathlon.com\/blog\/?p=3004"},"modified":"2019-07-01T18:32:51","modified_gmt":"2019-07-01T17:32:51","slug":"30-juin-2019-triathlon-du-lac-dannecy-chaud-mais-reussi","status":"publish","type":"post","link":"https:\/\/www.montceautriathlon.com\/blog\/2019\/07\/01\/30-juin-2019-triathlon-du-lac-dannecy-chaud-mais-reussi\/","title":{"rendered":"30 juin 2019, triathlon du lac d&rsquo;Annecy : chaud mais r\u00e9ussi !"},"content":{"rendered":"<p>Alice\u00a0 en solitaire du c\u00f4t\u00e9 d&rsquo;Annecy ! M\u00eame sous la canicule, un bon chrono sur ce magnifique<\/p>\n<p>site autour du lac ! et avec la nouvelle tenue !<\/p>\n<p>format M :<\/p>\n<p>Alice Vaury : 508\u00e8me scratch en 3h17&rsquo;12\u00a0\u00bb sur 954 class\u00e9s et une quarantaine de DNF.<\/p>\n<p><a href=\"http:\/\/montceautriathlon.com\/blog\/wp-content\/uploads\/2019\/07\/IMG_1072-e1562002286786.jpg\"><img data-attachment-id=\"3005\" data-permalink=\"https:\/\/www.montceautriathlon.com\/blog\/2019\/07\/01\/30-juin-2019-triathlon-du-lac-dannecy-chaud-mais-reussi\/img_1072\/\" data-orig-file=\"https:\/\/www.montceautriathlon.com\/blog\/wp-content\/uploads\/2019\/07\/IMG_1072-e1562002286786.jpg\" data-orig-size=\"3024,4032\" data-comments-opened=\"1\" data-image-meta=\"{&quot;aperture&quot;:&quot;0&quot;,&quot;credit&quot;:&quot;&quot;,&quot;camera&quot;:&quot;&quot;,&quot;caption&quot;:&quot;&quot;,&quot;created_timestamp&quot;:&quot;0&quot;,&quot;copyright&quot;:&quot;&quot;,&quot;focal_length&quot;:&quot;0&quot;,&quot;iso&quot;:&quot;0&quot;,&quot;shutter_speed&quot;:&quot;0&quot;,&quot;title&quot;:&quot;&quot;,&quot;orientation&quot;:&quot;6&quot;}\" data-image-title=\"IMG_1072\" data-image-description=\"\" data-image-caption=\"\" data-medium-file=\"https:\/\/www.montceautriathlon.com\/blog\/wp-content\/uploads\/2019\/07\/IMG_1072-e1562002286786-225x300.jpg\" data-large-file=\"https:\/\/www.montceautriathlon.com\/blog\/wp-content\/uploads\/2019\/07\/IMG_1072-e1562002286786-768x1024.jpg\" loading=\"lazy\" class=\"size-medium wp-image-3005 aligncenter\" src=\"http:\/\/montceautriathlon.com\/blog\/wp-content\/uploads\/2019\/07\/IMG_1072-e1562002286786-225x300.jpg\" alt=\"\" width=\"225\" height=\"300\" srcset=\"https:\/\/www.montceautriathlon.com\/blog\/wp-content\/uploads\/2019\/07\/IMG_1072-e1562002286786-225x300.jpg 225w, https:\/\/www.montceautriathlon.com\/blog\/wp-content\/uploads\/2019\/07\/IMG_1072-e1562002286786-768x1024.jpg 768w\" sizes=\"(max-width: 225px) 100vw, 225px\" \/><\/a><\/p>\n","protected":false},"excerpt":{"rendered":"<p>Alice\u00a0 en solitaire du c\u00f4t\u00e9 d&rsquo;Annecy ! M\u00eame sous la canicule, un bon chrono sur ce magnifique site autour du lac ! et avec la nouvelle tenue ! format M : Alice Vaury : 508\u00e8me scratch en 3h17&rsquo;12\u00a0\u00bb sur 954 class\u00e9s et une quarantaine de DNF.<\/p>\n","protected":false},"author":5,"featured_media":0,"comment_status":"open","ping_status":"open","sticky":false,"template":"","format":"standard","meta":{"spay_email":"","jetpack_publicize_message":"","jetpack_is_tweetstorm":false},"categories":[1],"tags":[],"jetpack_featured_media_url":"","jetpack_publicize_connections":[],"jetpack_sharing_enabled":true,"jetpack_shortlink":"https:\/\/wp.me\/p8bwIy-Ms","jetpack-related-posts":[{"id":8056,"url":"https:\/\/www.montceautriathlon.com\/blog\/2025\/08\/16\/week-end-du-15-aout-traversee-du-lac-dannecy-et-triathlon-de-vouglans\/","url_meta":{"origin":3004,"position":0},"title":"Week end du 15 ao\u00fbt: travers\u00e9e du lac d&rsquo;Annecy et triathlon de Vouglans","date":"16 ao\u00fbt 2025","format":false,"excerpt":"Aur\u00e9lie Agius a fait le d\u00e9placement en Haute Savoie pour participer \u00e0 l'une des plus importante \u00e9preuve de natation en eau libre de France, \u00e0 savoir la travers\u00e9e du Lac D'Annecy. Engag\u00e9e sur l'\u00e9preuve du 5 km, le d\u00e9part \u00e9tait sur la plage de la Brume \u00e0 Veyrier du Lac\u2026","rel":"","context":"Dans &quot;Non class\u00e9&quot;","img":{"alt_text":"","src":"https:\/\/i0.wp.com\/www.montceautriathlon.com\/blog\/wp-content\/uploads\/2025\/08\/IMG-20250816-WA0019.jpg?resize=350%2C200&ssl=1","width":350,"height":200},"classes":[]},{"id":1395,"url":"https:\/\/www.montceautriathlon.com\/blog\/2017\/06\/27\/triathlon-du-lac-dannecy-25-juin-2017\/","url_meta":{"origin":3004,"position":1},"title":"Triathlon du Lac d&rsquo;Annecy (25 juin 2017)","date":"27 juin 2017","format":false,"excerpt":"Tous les r\u00e9sultats: Distance M: (1200 participants) Fr\u00e9d\u00e9ric GHESQUIERE : 640\u00b0 scratch \/ 78\u00b0 V2M \/ 03:13:45 Sandrine GHESQUIERE : 641\u00b0 \/ 8\u00b0 V1F \/ 03:13:45 Jean Charles NOSEDA : 652\u00b0 \/ 81\u00b0 V2M \/ 03:14:37 Pascal JUSSEAU : 911\u00b0 \/ 123\u00b0 V2M \/ 03:38:10 Val\u00e9rie JUSSEAU : 974\u00b0 \/\u2026","rel":"","context":"Dans &quot;Non class\u00e9&quot;","img":{"alt_text":"","src":"https:\/\/i0.wp.com\/montceautriathlon.com\/blog\/wp-content\/uploads\/2017\/06\/20170625_090414-300x225.jpg?resize=350%2C200","width":350,"height":200},"classes":[]},{"id":4765,"url":"https:\/\/www.montceautriathlon.com\/blog\/2021\/11\/29\/la-saintelyon-78km-de-nuit-et-dans-le-froid-bonnet-bas-les-gars\/","url_meta":{"origin":3004,"position":2},"title":"La Saint\u00e9Lyon : 78km de nuit et dans le froid, bonnet bas les gars !","date":"29 novembre 2021","format":false,"excerpt":"Ils \u00e9taient deux samedi soir \u00e0 rejoindre la patrie des Verts pour rejoindre la cit\u00e9 des Gones \u00e0 travers routes et sentiers, en montant \u00e0 pr\u00e8s de 1000 m\u00e8tres du c\u00f4t\u00e9 de Sainte Catherine ! Bien entra\u00een\u00e9s( d\u00e9j\u00e0 finishers il ya peu de la maxi race du lac d'Annecy), bien\u2026","rel":"","context":"Dans &quot;Non class\u00e9&quot;","img":{"alt_text":"","src":"https:\/\/i2.wp.com\/www.montceautriathlon.com\/blog\/wp-content\/uploads\/2021\/11\/stl1.jpg?resize=350%2C200&ssl=1","width":350,"height":200},"classes":[]},{"id":4767,"url":"https:\/\/www.montceautriathlon.com\/blog\/2021\/11\/29\/dans-la-famille-ghesquiere-je-demande-euh-le-pere-la-mere-le-fils\/","url_meta":{"origin":3004,"position":3},"title":"Dans la famille Ghesqui\u00e8re, je demande&#8230;euh&#8230; le p\u00e8re ? la m\u00e8re ? le fils ?","date":"29 novembre 2021","format":false,"excerpt":"Fred, habitu\u00e9 de triathlons longue distance, vient de s'illustrer comme finisher de la Saint\u00e9Lyon, il avait termin\u00e9 le 30 octobre dernier la Maxi race du Lac d'Annecy, (tiens tiens, d\u00e9j\u00e0 avec Beno\u00eet), et avec Sandrine notre coach CAP adepte du trail longue distance qui aurait certainement bien eu envie de\u2026","rel":"","context":"Dans &quot;Non class\u00e9&quot;","img":{"alt_text":"","src":"https:\/\/i0.wp.com\/www.montceautriathlon.com\/blog\/wp-content\/uploads\/2021\/11\/IMG-20211106-WA0005.jpg?resize=350%2C200&ssl=1","width":350,"height":200},"classes":[]},{"id":4712,"url":"https:\/\/www.montceautriathlon.com\/blog\/2021\/11\/15\/une-corrida-une-charolaise-et-un-bike-run-en-dessert-de-ce-week-end-charge\/","url_meta":{"origin":3004,"position":4},"title":"Une corrida, une charolaise et un bike &#038; run en dessert de ce week-end charg\u00e9 !","date":"15 novembre 2021","format":false,"excerpt":"C'est le mois de novembre, le temps des courses a pied, corrida et autres marathons ! Derni\u00e8rement, plusieurs licenci\u00e9s s'\u00e9taient align\u00e9s sur de belles courses, trial du lac d'Annecy, marathon du Charolais et roc d'Aluze avec de belles performances \u00e0 la cl\u00e9 ! Ce week-end nos licenci\u00e9s se sont align\u00e9s\u2026","rel":"","context":"Dans &quot;Non class\u00e9&quot;","img":{"alt_text":"","src":"https:\/\/i1.wp.com\/www.montceautriathlon.com\/blog\/wp-content\/uploads\/2021\/11\/beaune-4.jpg?resize=350%2C200&ssl=1","width":350,"height":200},"classes":[]},{"id":2020,"url":"https:\/\/www.montceautriathlon.com\/blog\/2018\/06\/25\/cap-a-lest-ces-23-et-24-juin-triathlon-de-st-point25-annecy74-et-xterra-switzerland\/","url_meta":{"origin":3004,"position":5},"title":"Cap \u00e0 l&rsquo;Est ces 23 et 24 juin ! Triathlon de St Point(25), Annecy(74) et Xterra Switzerland !","date":"25 juin 2018","format":false,"excerpt":"Belle performance au triathlon XTerra des Charbonni\u00e8res en Suisse ce samedi 23 juin d'Olivier Grivault au d\u00e9part de la formule light (S).\u00a0 \"Un parcours VTT tr\u00e8s technique o\u00f9 il faut dominer son appr\u00e9hension\"\u00a0 1h34'47\" 19\u00e8me scratch et 5\u00e8me VEM ! Bravo Olivier ! Triathlon du Lac de St Point\u00a0 pr\u00e8s\u2026","rel":"","context":"Dans &quot;Non class\u00e9&quot;","img":{"alt_text":"","src":"","width":0,"height":0},"classes":[]}],"_links":{"self":[{"href":"https:\/\/www.montceautriathlon.com\/blog\/wp-json\/wp\/v2\/posts\/3004"}],"collection":[{"href":"https:\/\/www.montceautriathlon.com\/blog\/wp-json\/wp\/v2\/posts"}],"about":[{"href":"https:\/\/www.montceautriathlon.com\/blog\/wp-json\/wp\/v2\/types\/post"}],"author":[{"embeddable":true,"href":"https:\/\/www.montceautriathlon.com\/blog\/wp-json\/wp\/v2\/users\/5"}],"replies":[{"embeddable":true,"href":"https:\/\/www.montceautriathlon.com\/blog\/wp-json\/wp\/v2\/comments?post=3004"}],"version-history":[{"count":2,"href":"https:\/\/www.montceautriathlon.com\/blog\/wp-json\/wp\/v2\/posts\/3004\/revisions"}],"predecessor-version":[{"id":3007,"href":"https:\/\/www.montceautriathlon.com\/blog\/wp-json\/wp\/v2\/posts\/3004\/revisions\/3007"}],"wp:attachment":[{"href":"https:\/\/www.montceautriathlon.com\/blog\/wp-json\/wp\/v2\/media?parent=3004"}],"wp:term":[{"taxonomy":"category","embeddable":true,"href":"https:\/\/www.montceautriathlon.com\/blog\/wp-json\/wp\/v2\/categories?post=3004"},{"taxonomy":"post_tag","embeddable":true,"href":"https:\/\/www.montceautriathlon.com\/blog\/wp-json\/wp\/v2\/tags?post=3004"}],"curies":[{"name":"wp","href":"https:\/\/api.w.org\/{rel}","templated":true}]}}