{"id":2998,"date":"2019-07-01T14:19:03","date_gmt":"2019-07-01T13:19:03","guid":{"rendered":"http:\/\/montceautriathlon.com\/blog\/?p=2998"},"modified":"2019-07-01T14:19:03","modified_gmt":"2019-07-01T13:19:03","slug":"29-juin-2019-90km-du-trail-du-mont-blanc-qui-rime-evidemment-avec-berardan","status":"publish","type":"post","link":"https:\/\/www.montceautriathlon.com\/blog\/2019\/07\/01\/29-juin-2019-90km-du-trail-du-mont-blanc-qui-rime-evidemment-avec-berardan\/","title":{"rendered":"29 juin 2019, 90km du Trail du Mont Blanc : qui rime \u00e9videmment avec B\u00e9rardan !"},"content":{"rendered":"<p><a href=\"http:\/\/montceautriathlon.com\/blog\/wp-content\/uploads\/2019\/07\/D3A9137-436e594fab.jpg\"><img data-attachment-id=\"3002\" data-permalink=\"https:\/\/www.montceautriathlon.com\/blog\/2019\/07\/01\/29-juin-2019-90km-du-trail-du-mont-blanc-qui-rime-evidemment-avec-berardan\/_d3a9137-436e594fab\/\" data-orig-file=\"https:\/\/www.montceautriathlon.com\/blog\/wp-content\/uploads\/2019\/07\/D3A9137-436e594fab.jpg\" data-orig-size=\"900,600\" data-comments-opened=\"1\" data-image-meta=\"{&quot;aperture&quot;:&quot;0&quot;,&quot;credit&quot;:&quot;&quot;,&quot;camera&quot;:&quot;&quot;,&quot;caption&quot;:&quot;&quot;,&quot;created_timestamp&quot;:&quot;0&quot;,&quot;copyright&quot;:&quot;&quot;,&quot;focal_length&quot;:&quot;0&quot;,&quot;iso&quot;:&quot;0&quot;,&quot;shutter_speed&quot;:&quot;0&quot;,&quot;title&quot;:&quot;&quot;,&quot;orientation&quot;:&quot;0&quot;}\" data-image-title=\"_D3A9137-436e594fab\" data-image-description=\"\" data-image-caption=\"\" data-medium-file=\"https:\/\/www.montceautriathlon.com\/blog\/wp-content\/uploads\/2019\/07\/D3A9137-436e594fab-300x200.jpg\" data-large-file=\"https:\/\/www.montceautriathlon.com\/blog\/wp-content\/uploads\/2019\/07\/D3A9137-436e594fab.jpg\" loading=\"lazy\" class=\" wp-image-3002 alignleft\" src=\"http:\/\/montceautriathlon.com\/blog\/wp-content\/uploads\/2019\/07\/D3A9137-436e594fab-300x200.jpg\" alt=\"\" width=\"264\" height=\"176\" srcset=\"https:\/\/www.montceautriathlon.com\/blog\/wp-content\/uploads\/2019\/07\/D3A9137-436e594fab-300x200.jpg 300w, https:\/\/www.montceautriathlon.com\/blog\/wp-content\/uploads\/2019\/07\/D3A9137-436e594fab-768x512.jpg 768w, https:\/\/www.montceautriathlon.com\/blog\/wp-content\/uploads\/2019\/07\/D3A9137-436e594fab.jpg 900w\" sizes=\"(max-width: 264px) 100vw, 264px\" \/><\/a><\/p>\n<p>&nbsp;<\/p>\n<p><strong>Une nouvelle grosse performance<\/strong> de Cyrille B\u00e9rardan qui a boucl\u00e9 cet ultra trail de 90km(6220D+ !) en 16h17&rsquo;58\u00a0\u00bb \u00e0 la 68\u00e8me place au scratch. 554 traileurs sur plus de mille inscrits ont termin\u00e9 entiers sous la chaleur cet exceptionnel trail.<\/p>\n<p>&nbsp;<\/p>\n","protected":false},"excerpt":{"rendered":"<p>&nbsp; Une nouvelle grosse performance de Cyrille B\u00e9rardan qui a boucl\u00e9 cet ultra trail de 90km(6220D+ !) en 16h17&rsquo;58\u00a0\u00bb \u00e0 la 68\u00e8me place au scratch. 554 traileurs sur plus de mille inscrits ont termin\u00e9 entiers sous la chaleur cet exceptionnel trail. &nbsp;<\/p>\n","protected":false},"author":5,"featured_media":0,"comment_status":"open","ping_status":"open","sticky":false,"template":"","format":"standard","meta":{"spay_email":"","jetpack_publicize_message":"","jetpack_is_tweetstorm":false},"categories":[1],"tags":[],"jetpack_featured_media_url":"","jetpack_publicize_connections":[],"jetpack_sharing_enabled":true,"jetpack_shortlink":"https:\/\/wp.me\/p8bwIy-Mm","jetpack-related-posts":[{"id":2450,"url":"https:\/\/www.montceautriathlon.com\/blog\/2018\/10\/19\/trail-des-templiers-100km-cyrille-berardan-en-course-vers-larrivee\/","url_meta":{"origin":2998,"position":0},"title":"Trail des Templiers 100km ; Cyrille B\u00e9rardan en course vers l&rsquo;arriv\u00e9e ! ET FINISHER !","date":"19 octobre 2018","format":false,"excerpt":"16h17 Cyrille a parcouru 88km et se trouve \u00e0 la 84\u00e8me place pour le moment sur 1300 engag\u00e9s ! Tu y es presque ! News vers 17h15 ! \u00e0 17h22 Plus que 6 km !\u00a0 \u00e7a se pr\u00e9cise ! Courage ! 18h45 : FINISHER ! En 14h 29' 05\" 85\u00e8me\u2026","rel":"","context":"Dans &quot;Non class\u00e9&quot;","img":{"alt_text":"","src":"","width":0,"height":0},"classes":[]},{"id":1899,"url":"https:\/\/www.montceautriathlon.com\/blog\/2018\/04\/24\/22-trail-du-mont-avril\/","url_meta":{"origin":2998,"position":1},"title":"22 ! Trail du Mont Avril.","date":"24 avril 2018","format":false,"excerpt":"Belle performance de Pascal Vaury sur le 27 Km. 14\u00e8me au scratch sur 118 class\u00e9s en 2h30'24\". 5\u00e8me VEM et 2\u00e8me VE2M . Joli classement \u00e9galement pour Cyrille B\u00e9rardan, 28\u00e8me en 2h39'58\" et 13\u00e8me SEM ! Bravo \u00e0 eux deux !","rel":"","context":"Dans &quot;Non class\u00e9&quot;","img":{"alt_text":"","src":"","width":0,"height":0},"classes":[]},{"id":7887,"url":"https:\/\/www.montceautriathlon.com\/blog\/2025\/07\/11\/dernier-week-end-de-juin-un-week-end-tres-riche-en-competitions-ultra-marin-vichy-macon-et-nice\/","url_meta":{"origin":2998,"position":2},"title":"Dernier week end de juin: un week end tr\u00e8s riche en comp\u00e9titions (Ultra Marin, Vichy, Macon et Nice)","date":"11 juillet 2025","format":false,"excerpt":"Fr\u00e9d\u00e9ric Ghesqui\u00e8re et Benoit Thierry ont ouvert le bal en prenant le d\u00e9part vendredi soir de l'Ultra Marin dans le golf du Morbihan. C'est un trail de 175km avec 1400m de d\u00e9nivel\u00e9 + pour effectu\u00e9 le tour complet du golfe du Morbihan. Nos deux comp\u00e8res ont fait, comme \u00e0 l\u2019entra\u00eenement,\u2026","rel":"","context":"Dans &quot;Non class\u00e9&quot;","img":{"alt_text":"","src":"https:\/\/i2.wp.com\/www.montceautriathlon.com\/blog\/wp-content\/uploads\/2025\/07\/IMG_4293-scaled.jpg?resize=350%2C200&ssl=1","width":350,"height":200},"classes":[]},{"id":2962,"url":"https:\/\/www.montceautriathlon.com\/blog\/2019\/06\/19\/trail-des-cadoles-a-brancion-avec-de-bonnes-guiboles-on-senvole\/","url_meta":{"origin":2998,"position":3},"title":"Trail des Cadoles \u00e0 Brancion : avec de bonnes guiboles on s&rsquo;envole !","date":"19 juin 2019","format":false,"excerpt":"Cyril B\u00e9rardan a une nouvelle fois r\u00e9alis\u00e9 une belle performance en terminant pour la deuxi\u00e8me ann\u00e9e cons\u00e9cutive sur la troisi\u00e8me marche du podium du parcours de 25km avec 950D+. Et tout cela en 2h07'42 ! S\u00fbrement une bonne pr\u00e9paration pour de futurs ultras trails...","rel":"","context":"Dans &quot;Non class\u00e9&quot;","img":{"alt_text":"","src":"https:\/\/i0.wp.com\/montceautriathlon.com\/blog\/wp-content\/uploads\/2019\/06\/trail-des-cadoles-300x300.jpg?resize=350%2C200","width":350,"height":200},"classes":[]},{"id":1999,"url":"https:\/\/www.montceautriathlon.com\/blog\/2018\/06\/12\/triathlon-des-cadoles-brancion-2018\/","url_meta":{"origin":2998,"position":4},"title":"Trail des Cadoles Brancion 2018","date":"12 juin 2018","format":false,"excerpt":"Notre tr\u00e8s discret mais tr\u00e8s performant trailer Cyril B\u00e9rardan termine une nouvelle fois sur le podium du 30km avec arriv\u00e9e de nuit en 2h 52' 59\" et troisi\u00e8me SEM. Bravo \u00e0 toi\u00a0 champion ! \u00a0","rel":"","context":"Dans &quot;Non class\u00e9&quot;","img":{"alt_text":"","src":"","width":0,"height":0},"classes":[]},{"id":2479,"url":"https:\/\/www.montceautriathlon.com\/blog\/2018\/11\/04\/trail-nocturne-31-10-18-nos-triathletes-avaient-fiere-aluze\/","url_meta":{"origin":2998,"position":5},"title":"Trail nocturne 31\/10\/18 : nos triathl\u00e8tes avaient fi\u00e8re aluze !","date":"4 novembre 2018","format":false,"excerpt":"ROC D'ALUZE : Trail de nuit du c\u00f4t\u00e9 de Rully et Bouzeron ! D\u00e9part 20h00 ! Frontale de mise pour la dizaine de triathl\u00e8tes pr\u00e9sents sur les 11 et 17km propos\u00e9s 11km - 266 class\u00e9s :\u00a0\u00a0\u00a0\u00a0\u00a0\u00a0\u00a0\u00a0\u00a0\u00a0\u00a0\u00a0\u00a0\u00a0\u00a0\u00a0\u00a0\u00a0\u00a0\u00a0\u00a0\u00a0\u00a0\u00a0\u00a0\u00a0\u00a0\u00a0\u00a0\u00a0\u00a0\u00a0\u00a0\u00a0\u00a0\u00a0\u00a0\u00a0\u00a0\u00a0\u00a0\u00a0\u00a0\u00a0\u00a0\u00a0\u00a0\u00a0\u00a0\u00a0\u00a0\u00a0\u00a0\u00a0\u00a0\u00a0 Beno\u00eet Thierry\u00a0\u00a0\u00a0\u00a0\u00a0\u00a0\u00a0\u00a0\u00a0\u00a0\u00a0\u00a0 29\u00e8me scratch\u00a0\u00a0\u00a0 1h01'02\" Olivier Grivault\u00a0\u00a0\u00a0\u00a0\u00a0\u00a0\u00a0\u00a0\u00a0\u00a0\u00a0 28 \u00e8me scratch\u00a0\u00a0 1h01'02\" Fred\u00e9ric Ghesqui\u00e8re 58\u00e8me\u2026","rel":"","context":"Dans &quot;Non class\u00e9&quot;","img":{"alt_text":"","src":"","width":0,"height":0},"classes":[]}],"_links":{"self":[{"href":"https:\/\/www.montceautriathlon.com\/blog\/wp-json\/wp\/v2\/posts\/2998"}],"collection":[{"href":"https:\/\/www.montceautriathlon.com\/blog\/wp-json\/wp\/v2\/posts"}],"about":[{"href":"https:\/\/www.montceautriathlon.com\/blog\/wp-json\/wp\/v2\/types\/post"}],"author":[{"embeddable":true,"href":"https:\/\/www.montceautriathlon.com\/blog\/wp-json\/wp\/v2\/users\/5"}],"replies":[{"embeddable":true,"href":"https:\/\/www.montceautriathlon.com\/blog\/wp-json\/wp\/v2\/comments?post=2998"}],"version-history":[{"count":1,"href":"https:\/\/www.montceautriathlon.com\/blog\/wp-json\/wp\/v2\/posts\/2998\/revisions"}],"predecessor-version":[{"id":3003,"href":"https:\/\/www.montceautriathlon.com\/blog\/wp-json\/wp\/v2\/posts\/2998\/revisions\/3003"}],"wp:attachment":[{"href":"https:\/\/www.montceautriathlon.com\/blog\/wp-json\/wp\/v2\/media?parent=2998"}],"wp:term":[{"taxonomy":"category","embeddable":true,"href":"https:\/\/www.montceautriathlon.com\/blog\/wp-json\/wp\/v2\/categories?post=2998"},{"taxonomy":"post_tag","embeddable":true,"href":"https:\/\/www.montceautriathlon.com\/blog\/wp-json\/wp\/v2\/tags?post=2998"}],"curies":[{"name":"wp","href":"https:\/\/api.w.org\/{rel}","templated":true}]}}