{"id":2996,"date":"2019-07-01T14:16:37","date_gmt":"2019-07-01T13:16:37","guid":{"rendered":"http:\/\/montceautriathlon.com\/blog\/?p=2996"},"modified":"2019-07-01T14:16:37","modified_gmt":"2019-07-01T13:16:37","slug":"30-06-2019ironman-nice-too-nice","status":"publish","type":"post","link":"https:\/\/www.montceautriathlon.com\/blog\/2019\/07\/01\/30-06-2019ironman-nice-too-nice\/","title":{"rendered":"30\/06\/2019,IRONMAN Nice : Too nice  !!!"},"content":{"rendered":"<p><strong><a href=\"http:\/\/montceautriathlon.com\/blog\/wp-content\/uploads\/2019\/07\/received_2383617475249613.jpg\"><img data-attachment-id=\"2999\" data-permalink=\"https:\/\/www.montceautriathlon.com\/blog\/2019\/07\/01\/30-06-2019ironman-nice-too-nice\/received_2383617475249613\/\" data-orig-file=\"https:\/\/www.montceautriathlon.com\/blog\/wp-content\/uploads\/2019\/07\/received_2383617475249613.jpg\" data-orig-size=\"1919,1080\" data-comments-opened=\"1\" data-image-meta=\"{&quot;aperture&quot;:&quot;0&quot;,&quot;credit&quot;:&quot;&quot;,&quot;camera&quot;:&quot;&quot;,&quot;caption&quot;:&quot;&quot;,&quot;created_timestamp&quot;:&quot;0&quot;,&quot;copyright&quot;:&quot;&quot;,&quot;focal_length&quot;:&quot;0&quot;,&quot;iso&quot;:&quot;0&quot;,&quot;shutter_speed&quot;:&quot;0&quot;,&quot;title&quot;:&quot;&quot;,&quot;orientation&quot;:&quot;0&quot;}\" data-image-title=\"received_2383617475249613\" data-image-description=\"\" data-image-caption=\"\" data-medium-file=\"https:\/\/www.montceautriathlon.com\/blog\/wp-content\/uploads\/2019\/07\/received_2383617475249613-300x169.jpg\" data-large-file=\"https:\/\/www.montceautriathlon.com\/blog\/wp-content\/uploads\/2019\/07\/received_2383617475249613-1024x576.jpg\" loading=\"lazy\" class=\"alignnone size-medium wp-image-2999\" src=\"http:\/\/montceautriathlon.com\/blog\/wp-content\/uploads\/2019\/07\/received_2383617475249613-300x169.jpg\" alt=\"\" width=\"300\" height=\"169\" srcset=\"https:\/\/www.montceautriathlon.com\/blog\/wp-content\/uploads\/2019\/07\/received_2383617475249613-300x169.jpg 300w, https:\/\/www.montceautriathlon.com\/blog\/wp-content\/uploads\/2019\/07\/received_2383617475249613-768x432.jpg 768w, https:\/\/www.montceautriathlon.com\/blog\/wp-content\/uploads\/2019\/07\/received_2383617475249613-1024x576.jpg 1024w, https:\/\/www.montceautriathlon.com\/blog\/wp-content\/uploads\/2019\/07\/received_2383617475249613.jpg 1919w\" sizes=\"(max-width: 300px) 100vw, 300px\" \/><\/a><a href=\"http:\/\/montceautriathlon.com\/blog\/wp-content\/uploads\/2019\/07\/Resized_20190701_143401_2844.jpg\"><img data-attachment-id=\"3000\" data-permalink=\"https:\/\/www.montceautriathlon.com\/blog\/2019\/07\/01\/30-06-2019ironman-nice-too-nice\/resized_20190701_143401_2844\/\" data-orig-file=\"https:\/\/www.montceautriathlon.com\/blog\/wp-content\/uploads\/2019\/07\/Resized_20190701_143401_2844.jpg\" data-orig-size=\"1080,1080\" data-comments-opened=\"1\" data-image-meta=\"{&quot;aperture&quot;:&quot;0&quot;,&quot;credit&quot;:&quot;&quot;,&quot;camera&quot;:&quot;&quot;,&quot;caption&quot;:&quot;&quot;,&quot;created_timestamp&quot;:&quot;0&quot;,&quot;copyright&quot;:&quot;&quot;,&quot;focal_length&quot;:&quot;0&quot;,&quot;iso&quot;:&quot;0&quot;,&quot;shutter_speed&quot;:&quot;0&quot;,&quot;title&quot;:&quot;&quot;,&quot;orientation&quot;:&quot;0&quot;}\" data-image-title=\"Resized_20190701_143401_2844\" data-image-description=\"\" data-image-caption=\"\" data-medium-file=\"https:\/\/www.montceautriathlon.com\/blog\/wp-content\/uploads\/2019\/07\/Resized_20190701_143401_2844-300x300.jpg\" data-large-file=\"https:\/\/www.montceautriathlon.com\/blog\/wp-content\/uploads\/2019\/07\/Resized_20190701_143401_2844-1024x1024.jpg\" loading=\"lazy\" class=\"alignnone  wp-image-3000\" src=\"http:\/\/montceautriathlon.com\/blog\/wp-content\/uploads\/2019\/07\/Resized_20190701_143401_2844-300x300.jpg\" alt=\"\" width=\"210\" height=\"210\" srcset=\"https:\/\/www.montceautriathlon.com\/blog\/wp-content\/uploads\/2019\/07\/Resized_20190701_143401_2844-300x300.jpg 300w, https:\/\/www.montceautriathlon.com\/blog\/wp-content\/uploads\/2019\/07\/Resized_20190701_143401_2844-150x150.jpg 150w, https:\/\/www.montceautriathlon.com\/blog\/wp-content\/uploads\/2019\/07\/Resized_20190701_143401_2844-768x768.jpg 768w, https:\/\/www.montceautriathlon.com\/blog\/wp-content\/uploads\/2019\/07\/Resized_20190701_143401_2844-1024x1024.jpg 1024w, https:\/\/www.montceautriathlon.com\/blog\/wp-content\/uploads\/2019\/07\/Resized_20190701_143401_2844.jpg 1080w\" sizes=\"(max-width: 210px) 100vw, 210px\" \/><\/a><\/strong><\/p>\n<p><strong>Elle l&rsquo;a fait Nadine\u00a0 !<\/strong> En compagnie de Christophe qui signe l\u00e0 une nouvelle belle performance dans la continuit\u00e9 d&rsquo;Embrun ! Vous \u00eates notre premier Ironcouple ! La chaleur de ce 30 juin\u00a0 renforce votre performance m\u00eame si les distances en v\u00e9lo et en natation ont \u00e9t\u00e9 l\u00e9g\u00e8rement diminu\u00e9es ! 150km\/180 et 30km\/42 habituels, la natation \u00e9tant inchang\u00e9e.<br \/>\nChapeau bas ! vos r\u00e9sultats :<br \/>\n<strong>Christophe<\/strong><br \/>\n1006 scratch\u00a0\u00a0\u00a0 <strong>Time10:48:01<\/strong> &#8211; Swim 1:10:26 &#8211;\u00a0 T1\u00a0 6:11- \u00a0 Bike 5:39:21-\u00a0 T2 10:30 &#8211; Run 3:41:36<br \/>\nNadine :<br \/>\n2091 scratch\u00a0\u00a0\u00a0\u00a0 T<strong>ime 13:11:19<\/strong> &#8211; Swim 1:19:53 &#8211; T1 10:48 &#8211;\u00a0 Bike 7:09:16\u00a0 T211:56\u00a0\u00a0 &#8211; Run 4:19:28<\/p>\n","protected":false},"excerpt":{"rendered":"<p>Elle l&rsquo;a fait Nadine\u00a0 ! En compagnie de Christophe qui signe l\u00e0 une nouvelle belle performance dans la continuit\u00e9 d&rsquo;Embrun ! Vous \u00eates notre premier Ironcouple ! La chaleur de ce 30 juin\u00a0 renforce votre performance m\u00eame si les distances en v\u00e9lo et en natation ont \u00e9t\u00e9 l\u00e9g\u00e8rement diminu\u00e9es ! 150km\/180 et 30km\/42 habituels, la [&hellip;]<\/p>\n","protected":false},"author":5,"featured_media":0,"comment_status":"open","ping_status":"open","sticky":false,"template":"","format":"standard","meta":{"spay_email":"","jetpack_publicize_message":"","jetpack_is_tweetstorm":false},"categories":[1],"tags":[],"jetpack_featured_media_url":"","jetpack_publicize_connections":[],"jetpack_sharing_enabled":true,"jetpack_shortlink":"https:\/\/wp.me\/p8bwIy-Mk","jetpack-related-posts":[{"id":7796,"url":"https:\/\/www.montceautriathlon.com\/blog\/2025\/06\/03\/week-end-de-lascension-jean-christophe-a-troyes-laurent-a-tours-catherine-et-mickael-a-albertville\/","url_meta":{"origin":2996,"position":0},"title":"Week end de l&rsquo;ascension: Jean Christophe \u00e0 Troyes, Laurent \u00e0 Tours, Catherine et Mickael \u00e0 Albertville","date":"3 juin 2025","format":false,"excerpt":"Jean Christophe Bernigaud, pour sa premi\u00e8re participation a un triathlon longue distance, \u00e9tait dans l'Aube au triathlon de Troyes. C'est parmi 500 concurrents qu il a pris le d\u00e9part du format L. Il a aval\u00e9 les 1.9km de natation, 90km de v\u00e9lo et 21km de course \u00e0 pied en 5:08:48\u2026","rel":"","context":"Dans &quot;Non class\u00e9&quot;","img":{"alt_text":"","src":"https:\/\/i1.wp.com\/www.montceautriathlon.com\/blog\/wp-content\/uploads\/2025\/06\/IMG-20250601-WA0016.jpg?resize=350%2C200&ssl=1","width":350,"height":200},"classes":[]},{"id":818,"url":"https:\/\/www.montceautriathlon.com\/blog\/2016\/09\/09\/resultats-du-triathlon-de-gerardmer-34-septembre-2016\/","url_meta":{"origin":2996,"position":1},"title":"R\u00e9sultats du triathlon de G\u00e9rardmer (3&#038;4 septembre 2016)","date":"9 septembre 2016","format":false,"excerpt":"Nous part\u00eemes 13 triathl\u00e8tes de la Team Montceau triathlon et par un prompt renfort de supporters nous nous v\u00eemes une arm\u00e9e... En effet, le jour J, 7 triathl\u00e8tes f\u00e9minines et 6 masculins ont pris le d\u00e9part du triathlon XL de G\u00e9rardmer. Pour certains et certaines, c'\u00e9tait le 1er triathlon longue\u2026","rel":"","context":"Dans &quot;Non class\u00e9&quot;","img":{"alt_text":"","src":"","width":0,"height":0},"classes":[]},{"id":8226,"url":"https:\/\/www.montceautriathlon.com\/blog\/2025\/09\/28\/t24-mont-blanc-passy\/","url_meta":{"origin":2996,"position":2},"title":"T24 Mont Blanc Passy","date":"28 septembre 2025","format":false,"excerpt":"Une grande d\u00e9l\u00e9gation montcellienne s'est retrouv\u00e9e au pied du Mont Blanc pour cette \u00e9preuve de 24h. Le T 24 Mont Blanc Passy 2025 est un triathlon dont l'objectif est de r\u00e9aliser la plus grande distance possible en 4h de natation, 12h de v\u00e9lo et enfin 8h de course \u00e0 pied.\u2026","rel":"","context":"Dans &quot;Non class\u00e9&quot;","img":{"alt_text":"","src":"https:\/\/i2.wp.com\/www.montceautriathlon.com\/blog\/wp-content\/uploads\/2025\/09\/4483978213654323508.jpg?resize=350%2C200&ssl=1","width":350,"height":200},"classes":[]},{"id":3267,"url":"https:\/\/www.montceautriathlon.com\/blog\/2019\/10\/16\/entrainements-vacances-de-toussaint-et-dates-a-retenir\/","url_meta":{"origin":2996,"position":3},"title":"entra\u00eenements vacances de Toussaint et dates \u00e0 retenir","date":"16 octobre 2019","format":false,"excerpt":"1\u00e8re semaine des vacances (du 21 au 27 octobre): Les jeunes (mini poussin \u00e0 benjamin): pas d'entrainement Les ados (minimes \u00e0 juniors): mardi : cap de 18h30 \u00e0 19h30 \u00a0 \u00a0 \u00a0 \u00a0 \u00a0 \u00a0 \u00a0 \u00a0 \u00a0 \u00a0 \u00a0 \u00a0 \u00a0 \u00a0 \u00a0 \u00a0 \u00a0 \u00a0 \u00a0 \u00a0 \u00a0\u2026","rel":"","context":"Dans &quot;Non class\u00e9&quot;","img":{"alt_text":"","src":"","width":0,"height":0},"classes":[]},{"id":6914,"url":"https:\/\/www.montceautriathlon.com\/blog\/2024\/06\/20\/triathlon-de-vichy\/","url_meta":{"origin":2996,"position":4},"title":"Triathlon de Vichy","date":"20 juin 2024","format":false,"excerpt":"Nos triathl\u00e8tes \u00e9taient sur tous les fronts ce week-end. Tout d'abord sur le triathlon de Vichy : Samedi avait lieu les CHAMPIONNATS DE FRANCE longue distance : Laurent Magnien, cl\u00f4ture ce longue distance en 5h16, prenant la 185, 27eMaster 2 Mickael Verdu, fini en 5h33, en 275e position , 41e\u2026","rel":"","context":"Dans &quot;Non class\u00e9&quot;","img":{"alt_text":"","src":"https:\/\/i2.wp.com\/www.montceautriathlon.com\/blog\/wp-content\/uploads\/2024\/06\/448175809_1132571504450239_864155686867222727_n.jpg?resize=350%2C200&ssl=1","width":350,"height":200},"classes":[]},{"id":2573,"url":"https:\/\/www.montceautriathlon.com\/blog\/2018\/12\/15\/attention-creneaux-dentrainements-fin-dannee\/","url_meta":{"origin":2996,"position":5},"title":"Attention ! Cr\u00e9neaux d&rsquo;entra\u00eenements fin d&rsquo;ann\u00e9e","date":"15 d\u00e9cembre 2018","format":false,"excerpt":"Les cr\u00e9neaux d'entra\u00eenements sont les suivants : \u00e0 lire attentivement ! LUNDI 17\/12 : 12h\/13h30: natation libre 18h\/19h: natation ados MARDI 18\/12 : 18h30\/19h30: cap jeunes, ados, adultes MERCREDI 19\/12 : 18h\/19h: natation jeunes, ados 19h\/20h30: natation annul\u00e9e (tests MON) JEUDI 20\/12 : 18h\/19h15: Renforcement musculaire adultes, ados VENDREDI 21\/12\u2026","rel":"","context":"Dans &quot;Non class\u00e9&quot;","img":{"alt_text":"","src":"","width":0,"height":0},"classes":[]}],"_links":{"self":[{"href":"https:\/\/www.montceautriathlon.com\/blog\/wp-json\/wp\/v2\/posts\/2996"}],"collection":[{"href":"https:\/\/www.montceautriathlon.com\/blog\/wp-json\/wp\/v2\/posts"}],"about":[{"href":"https:\/\/www.montceautriathlon.com\/blog\/wp-json\/wp\/v2\/types\/post"}],"author":[{"embeddable":true,"href":"https:\/\/www.montceautriathlon.com\/blog\/wp-json\/wp\/v2\/users\/5"}],"replies":[{"embeddable":true,"href":"https:\/\/www.montceautriathlon.com\/blog\/wp-json\/wp\/v2\/comments?post=2996"}],"version-history":[{"count":2,"href":"https:\/\/www.montceautriathlon.com\/blog\/wp-json\/wp\/v2\/posts\/2996\/revisions"}],"predecessor-version":[{"id":3001,"href":"https:\/\/www.montceautriathlon.com\/blog\/wp-json\/wp\/v2\/posts\/2996\/revisions\/3001"}],"wp:attachment":[{"href":"https:\/\/www.montceautriathlon.com\/blog\/wp-json\/wp\/v2\/media?parent=2996"}],"wp:term":[{"taxonomy":"category","embeddable":true,"href":"https:\/\/www.montceautriathlon.com\/blog\/wp-json\/wp\/v2\/categories?post=2996"},{"taxonomy":"post_tag","embeddable":true,"href":"https:\/\/www.montceautriathlon.com\/blog\/wp-json\/wp\/v2\/tags?post=2996"}],"curies":[{"name":"wp","href":"https:\/\/api.w.org\/{rel}","templated":true}]}}