{"id":2979,"date":"2019-06-25T09:00:14","date_gmt":"2019-06-25T08:00:14","guid":{"rendered":"http:\/\/montceautriathlon.com\/blog\/?p=2979"},"modified":"2019-06-27T19:14:27","modified_gmt":"2019-06-27T18:14:27","slug":"23-juin-2019-triathlon-de-chalain-25-montceliens-plein-dentrain-dans-le-grand-bain","status":"publish","type":"post","link":"https:\/\/www.montceautriathlon.com\/blog\/2019\/06\/25\/23-juin-2019-triathlon-de-chalain-25-montceliens-plein-dentrain-dans-le-grand-bain\/","title":{"rendered":"23 juin 2019, triathlon de Chalain : 25 montceliens plein d&rsquo;entrain dans le grand bain !"},"content":{"rendered":"<p><a href=\"http:\/\/montceautriathlon.com\/blog\/wp-content\/uploads\/2019\/06\/gy4-RN3fu3iWNFg4-xZqExOERJU7oGJhoibVVQ1PzDQPfdCl8NMKve-ua7g4k3BhVbirRUCgtp9wN6i93zWY6_NDZZkzIdh4ojZnkC_PSzm9vo3ucUN5VrmZU2O3eFB_3KphbaeF1nAw1280-h623-no.jpg\"><img data-attachment-id=\"2983\" data-permalink=\"https:\/\/www.montceautriathlon.com\/blog\/2019\/06\/25\/23-juin-2019-triathlon-de-chalain-25-montceliens-plein-dentrain-dans-le-grand-bain\/gy4-rn3fu3iwnfg4-xzqexoerju7ogjhoibvvq1pzdqpfdcl8nmkve-ua7g4k3bhvbirrucgtp9wn6i93zwy6_ndzzkzidh4ojznkc_pszm9vo3ucun5vrmzu2o3efb_3kphbaef1naw1280-h623-no\/\" data-orig-file=\"https:\/\/www.montceautriathlon.com\/blog\/wp-content\/uploads\/2019\/06\/gy4-RN3fu3iWNFg4-xZqExOERJU7oGJhoibVVQ1PzDQPfdCl8NMKve-ua7g4k3BhVbirRUCgtp9wN6i93zWY6_NDZZkzIdh4ojZnkC_PSzm9vo3ucUN5VrmZU2O3eFB_3KphbaeF1nAw1280-h623-no.jpg\" data-orig-size=\"1280,622\" data-comments-opened=\"1\" data-image-meta=\"{&quot;aperture&quot;:&quot;0&quot;,&quot;credit&quot;:&quot;&quot;,&quot;camera&quot;:&quot;&quot;,&quot;caption&quot;:&quot;&quot;,&quot;created_timestamp&quot;:&quot;0&quot;,&quot;copyright&quot;:&quot;&quot;,&quot;focal_length&quot;:&quot;0&quot;,&quot;iso&quot;:&quot;0&quot;,&quot;shutter_speed&quot;:&quot;0&quot;,&quot;title&quot;:&quot;&quot;,&quot;orientation&quot;:&quot;0&quot;}\" data-image-title=\"gy4-RN3fu3iWNFg4-xZqExOERJU7oGJhoibVVQ1PzDQPfdCl8NMKve-ua7g4k3BhVbirRUCgtp9wN6i93zWY6_NDZZkzIdh4ojZnkC_PSzm9vo3ucUN5VrmZU2O3eFB_3KphbaeF1nA=w1280-h623-no\" data-image-description=\"\" data-image-caption=\"\" data-medium-file=\"https:\/\/www.montceautriathlon.com\/blog\/wp-content\/uploads\/2019\/06\/gy4-RN3fu3iWNFg4-xZqExOERJU7oGJhoibVVQ1PzDQPfdCl8NMKve-ua7g4k3BhVbirRUCgtp9wN6i93zWY6_NDZZkzIdh4ojZnkC_PSzm9vo3ucUN5VrmZU2O3eFB_3KphbaeF1nAw1280-h623-no-300x146.jpg\" data-large-file=\"https:\/\/www.montceautriathlon.com\/blog\/wp-content\/uploads\/2019\/06\/gy4-RN3fu3iWNFg4-xZqExOERJU7oGJhoibVVQ1PzDQPfdCl8NMKve-ua7g4k3BhVbirRUCgtp9wN6i93zWY6_NDZZkzIdh4ojZnkC_PSzm9vo3ucUN5VrmZU2O3eFB_3KphbaeF1nAw1280-h623-no-1024x498.jpg\" loading=\"lazy\" class=\"size-medium wp-image-2983 alignleft\" src=\"http:\/\/montceautriathlon.com\/blog\/wp-content\/uploads\/2019\/06\/gy4-RN3fu3iWNFg4-xZqExOERJU7oGJhoibVVQ1PzDQPfdCl8NMKve-ua7g4k3BhVbirRUCgtp9wN6i93zWY6_NDZZkzIdh4ojZnkC_PSzm9vo3ucUN5VrmZU2O3eFB_3KphbaeF1nAw1280-h623-no-300x146.jpg\" alt=\"\" width=\"300\" height=\"146\" srcset=\"https:\/\/www.montceautriathlon.com\/blog\/wp-content\/uploads\/2019\/06\/gy4-RN3fu3iWNFg4-xZqExOERJU7oGJhoibVVQ1PzDQPfdCl8NMKve-ua7g4k3BhVbirRUCgtp9wN6i93zWY6_NDZZkzIdh4ojZnkC_PSzm9vo3ucUN5VrmZU2O3eFB_3KphbaeF1nAw1280-h623-no-300x146.jpg 300w, https:\/\/www.montceautriathlon.com\/blog\/wp-content\/uploads\/2019\/06\/gy4-RN3fu3iWNFg4-xZqExOERJU7oGJhoibVVQ1PzDQPfdCl8NMKve-ua7g4k3BhVbirRUCgtp9wN6i93zWY6_NDZZkzIdh4ojZnkC_PSzm9vo3ucUN5VrmZU2O3eFB_3KphbaeF1nAw1280-h623-no-768x373.jpg 768w, https:\/\/www.montceautriathlon.com\/blog\/wp-content\/uploads\/2019\/06\/gy4-RN3fu3iWNFg4-xZqExOERJU7oGJhoibVVQ1PzDQPfdCl8NMKve-ua7g4k3BhVbirRUCgtp9wN6i93zWY6_NDZZkzIdh4ojZnkC_PSzm9vo3ucUN5VrmZU2O3eFB_3KphbaeF1nAw1280-h623-no-1024x498.jpg 1024w, https:\/\/www.montceautriathlon.com\/blog\/wp-content\/uploads\/2019\/06\/gy4-RN3fu3iWNFg4-xZqExOERJU7oGJhoibVVQ1PzDQPfdCl8NMKve-ua7g4k3BhVbirRUCgtp9wN6i93zWY6_NDZZkzIdh4ojZnkC_PSzm9vo3ucUN5VrmZU2O3eFB_3KphbaeF1nAw1280-h623-no.jpg 1280w\" sizes=\"(max-width: 300px) 100vw, 300px\" \/><\/a><a href=\"http:\/\/montceautriathlon.com\/blog\/wp-content\/uploads\/2019\/06\/IMG_20190623_0847491.jpg\"><img data-attachment-id=\"2993\" data-permalink=\"https:\/\/www.montceautriathlon.com\/blog\/2019\/06\/25\/23-juin-2019-triathlon-de-chalain-25-montceliens-plein-dentrain-dans-le-grand-bain\/img_20190623_0847491\/\" data-orig-file=\"https:\/\/www.montceautriathlon.com\/blog\/wp-content\/uploads\/2019\/06\/IMG_20190623_0847491.jpg\" data-orig-size=\"1920,1440\" data-comments-opened=\"1\" data-image-meta=\"{&quot;aperture&quot;:&quot;0&quot;,&quot;credit&quot;:&quot;&quot;,&quot;camera&quot;:&quot;&quot;,&quot;caption&quot;:&quot;&quot;,&quot;created_timestamp&quot;:&quot;0&quot;,&quot;copyright&quot;:&quot;&quot;,&quot;focal_length&quot;:&quot;0&quot;,&quot;iso&quot;:&quot;0&quot;,&quot;shutter_speed&quot;:&quot;0&quot;,&quot;title&quot;:&quot;&quot;,&quot;orientation&quot;:&quot;0&quot;}\" data-image-title=\"IMG_20190623_0847491\" data-image-description=\"\" data-image-caption=\"\" data-medium-file=\"https:\/\/www.montceautriathlon.com\/blog\/wp-content\/uploads\/2019\/06\/IMG_20190623_0847491-300x225.jpg\" data-large-file=\"https:\/\/www.montceautriathlon.com\/blog\/wp-content\/uploads\/2019\/06\/IMG_20190623_0847491-1024x768.jpg\" loading=\"lazy\" class=\"alignnone  wp-image-2993\" src=\"http:\/\/montceautriathlon.com\/blog\/wp-content\/uploads\/2019\/06\/IMG_20190623_0847491-300x225.jpg\" alt=\"\" width=\"236\" height=\"177\" srcset=\"https:\/\/www.montceautriathlon.com\/blog\/wp-content\/uploads\/2019\/06\/IMG_20190623_0847491-300x225.jpg 300w, https:\/\/www.montceautriathlon.com\/blog\/wp-content\/uploads\/2019\/06\/IMG_20190623_0847491-768x576.jpg 768w, https:\/\/www.montceautriathlon.com\/blog\/wp-content\/uploads\/2019\/06\/IMG_20190623_0847491-1024x768.jpg 1024w, https:\/\/www.montceautriathlon.com\/blog\/wp-content\/uploads\/2019\/06\/IMG_20190623_0847491.jpg 1920w\" sizes=\"(max-width: 236px) 100vw, 236px\" \/><\/a><\/p>\n<p>Gros succ\u00e8s que cette \u00e9dition 2019 du triathlon de Chalain !<br \/>\n25 triathl\u00e8tes du club ont fait le d\u00e9placement (10 jeunes de l&rsquo;\u00e9cole de tri et 15 adultes) et certains ont m\u00eame du attendre le dernier moment \u00e9tant plac\u00e9s sur liste d&rsquo;attente ! De nombreux formats de courses \u00e9taient propos\u00e9s du M\u00a0 au XS en passant par le S, le M relais et le S relais ainsi que les courses jeunes.<a href=\"http:\/\/montceautriathlon.com\/blog\/wp-content\/uploads\/2019\/06\/0p6pbXnvz4xHV91Oo7PUipdnAvAqod3SbrPWgBaqCm2Q6tN4o8iTuQLFkKFc5GaqOlQeuz8YHGwtX7dz2BfQJ8iTIFgxN8zVeHTv_nKZGJQcQcuuxP9ww1fuGpfikMCEcAWkQqtCH4Uw1280-h854-no.jpg\"><img data-attachment-id=\"2982\" data-permalink=\"https:\/\/www.montceautriathlon.com\/blog\/2019\/06\/25\/23-juin-2019-triathlon-de-chalain-25-montceliens-plein-dentrain-dans-le-grand-bain\/0p6pbxnvz4xhv91oo7puipdnavaqod3sbrpwgbaqcm2q6tn4o8ituqlfkkfc5gaqolqeuz8yhgwtx7dz2bfqj8itifgxn8zvehtv_nkzgjqcqcuuxp9ww1fugpfikmcecawkqqtch4uw1280-h854-no\/\" data-orig-file=\"https:\/\/www.montceautriathlon.com\/blog\/wp-content\/uploads\/2019\/06\/0p6pbXnvz4xHV91Oo7PUipdnAvAqod3SbrPWgBaqCm2Q6tN4o8iTuQLFkKFc5GaqOlQeuz8YHGwtX7dz2BfQJ8iTIFgxN8zVeHTv_nKZGJQcQcuuxP9ww1fuGpfikMCEcAWkQqtCH4Uw1280-h854-no.jpg\" data-orig-size=\"1280,854\" data-comments-opened=\"1\" data-image-meta=\"{&quot;aperture&quot;:&quot;0&quot;,&quot;credit&quot;:&quot;&quot;,&quot;camera&quot;:&quot;&quot;,&quot;caption&quot;:&quot;&quot;,&quot;created_timestamp&quot;:&quot;0&quot;,&quot;copyright&quot;:&quot;&quot;,&quot;focal_length&quot;:&quot;0&quot;,&quot;iso&quot;:&quot;0&quot;,&quot;shutter_speed&quot;:&quot;0&quot;,&quot;title&quot;:&quot;&quot;,&quot;orientation&quot;:&quot;0&quot;}\" data-image-title=\"0p6pbXnvz4xHV91Oo7PUipdnAvAqod3SbrPWgBaqCm2Q6tN4o8iTuQLFkKFc5GaqOlQeuz8YHGwtX7dz2BfQJ8iTIFgxN8zVeHTv_nKZGJQcQcuuxP9ww1fuGpfikMCEcAWkQqtCH4U=w1280-h854-no\" data-image-description=\"\" data-image-caption=\"\" data-medium-file=\"https:\/\/www.montceautriathlon.com\/blog\/wp-content\/uploads\/2019\/06\/0p6pbXnvz4xHV91Oo7PUipdnAvAqod3SbrPWgBaqCm2Q6tN4o8iTuQLFkKFc5GaqOlQeuz8YHGwtX7dz2BfQJ8iTIFgxN8zVeHTv_nKZGJQcQcuuxP9ww1fuGpfikMCEcAWkQqtCH4Uw1280-h854-no-300x200.jpg\" data-large-file=\"https:\/\/www.montceautriathlon.com\/blog\/wp-content\/uploads\/2019\/06\/0p6pbXnvz4xHV91Oo7PUipdnAvAqod3SbrPWgBaqCm2Q6tN4o8iTuQLFkKFc5GaqOlQeuz8YHGwtX7dz2BfQJ8iTIFgxN8zVeHTv_nKZGJQcQcuuxP9ww1fuGpfikMCEcAWkQqtCH4Uw1280-h854-no-1024x683.jpg\" loading=\"lazy\" class=\"size-medium wp-image-2982 alignright\" src=\"http:\/\/montceautriathlon.com\/blog\/wp-content\/uploads\/2019\/06\/0p6pbXnvz4xHV91Oo7PUipdnAvAqod3SbrPWgBaqCm2Q6tN4o8iTuQLFkKFc5GaqOlQeuz8YHGwtX7dz2BfQJ8iTIFgxN8zVeHTv_nKZGJQcQcuuxP9ww1fuGpfikMCEcAWkQqtCH4Uw1280-h854-no-300x200.jpg\" alt=\"\" width=\"300\" height=\"200\" srcset=\"https:\/\/www.montceautriathlon.com\/blog\/wp-content\/uploads\/2019\/06\/0p6pbXnvz4xHV91Oo7PUipdnAvAqod3SbrPWgBaqCm2Q6tN4o8iTuQLFkKFc5GaqOlQeuz8YHGwtX7dz2BfQJ8iTIFgxN8zVeHTv_nKZGJQcQcuuxP9ww1fuGpfikMCEcAWkQqtCH4Uw1280-h854-no-300x200.jpg 300w, https:\/\/www.montceautriathlon.com\/blog\/wp-content\/uploads\/2019\/06\/0p6pbXnvz4xHV91Oo7PUipdnAvAqod3SbrPWgBaqCm2Q6tN4o8iTuQLFkKFc5GaqOlQeuz8YHGwtX7dz2BfQJ8iTIFgxN8zVeHTv_nKZGJQcQcuuxP9ww1fuGpfikMCEcAWkQqtCH4Uw1280-h854-no-768x512.jpg 768w, https:\/\/www.montceautriathlon.com\/blog\/wp-content\/uploads\/2019\/06\/0p6pbXnvz4xHV91Oo7PUipdnAvAqod3SbrPWgBaqCm2Q6tN4o8iTuQLFkKFc5GaqOlQeuz8YHGwtX7dz2BfQJ8iTIFgxN8zVeHTv_nKZGJQcQcuuxP9ww1fuGpfikMCEcAWkQqtCH4Uw1280-h854-no-1024x683.jpg 1024w, https:\/\/www.montceautriathlon.com\/blog\/wp-content\/uploads\/2019\/06\/0p6pbXnvz4xHV91Oo7PUipdnAvAqod3SbrPWgBaqCm2Q6tN4o8iTuQLFkKFc5GaqOlQeuz8YHGwtX7dz2BfQJ8iTIFgxN8zVeHTv_nKZGJQcQcuuxP9ww1fuGpfikMCEcAWkQqtCH4Uw1280-h854-no.jpg 1280w\" sizes=\"(max-width: 300px) 100vw, 300px\" \/><\/a><br \/>\nUn beau dimanche de triathlon pour nos triathl\u00e8tes dans de bonnes conditions et dans un cadre toujours aussi agr\u00e9able pour la pratique de notre sport pr\u00e9f\u00e9r\u00e9.<br \/>\nPas de podiums cette fois-ci mais quelques belles performances comme celle de Laurent Magnien sur le M et une honorable place\u00a0 pour Catherine Mauro qui se lan\u00e7ait pour la premi\u00e8re fois dans le grand bain sur le format S.<\/p>\n<p><a href=\"http:\/\/montceautriathlon.com\/blog\/wp-content\/uploads\/2019\/06\/Z0dph8dFJkZx9Cv0bFZ0X_CM4m0EOTwmtr-3PYOTaF8cXgdi4bLKS8uzADMQF-iHf6fw9r9wmpS5xvWFLzOhP_A-LW60O9HhQzCyNozAH0LAgnkC9AJTiXddWNM88gkbM4VpVAAujt0w1280-h854-no.jpg\"><img data-attachment-id=\"2986\" data-permalink=\"https:\/\/www.montceautriathlon.com\/blog\/2019\/06\/25\/23-juin-2019-triathlon-de-chalain-25-montceliens-plein-dentrain-dans-le-grand-bain\/z0dph8dfjkzx9cv0bfz0x_cm4m0eotwmtr-3pyotaf8cxgdi4blks8uzadmqf-ihf6fw9r9wmps5xvwflzohp_a-lw60o9hhqzcynozah0lagnkc9ajtixddwnm88gkbm4vpvaaujt0w1280-h854-no\/\" data-orig-file=\"https:\/\/www.montceautriathlon.com\/blog\/wp-content\/uploads\/2019\/06\/Z0dph8dFJkZx9Cv0bFZ0X_CM4m0EOTwmtr-3PYOTaF8cXgdi4bLKS8uzADMQF-iHf6fw9r9wmpS5xvWFLzOhP_A-LW60O9HhQzCyNozAH0LAgnkC9AJTiXddWNM88gkbM4VpVAAujt0w1280-h854-no.jpg\" data-orig-size=\"1280,854\" data-comments-opened=\"1\" data-image-meta=\"{&quot;aperture&quot;:&quot;0&quot;,&quot;credit&quot;:&quot;&quot;,&quot;camera&quot;:&quot;&quot;,&quot;caption&quot;:&quot;&quot;,&quot;created_timestamp&quot;:&quot;0&quot;,&quot;copyright&quot;:&quot;&quot;,&quot;focal_length&quot;:&quot;0&quot;,&quot;iso&quot;:&quot;0&quot;,&quot;shutter_speed&quot;:&quot;0&quot;,&quot;title&quot;:&quot;&quot;,&quot;orientation&quot;:&quot;0&quot;}\" data-image-title=\"Z0dph8dFJkZx9Cv0bFZ0X_CM4m0EOTwmtr-3PYOTaF8cXgdi4bLKS8uzADMQF-iHf6fw9r9wmpS5xvWFLzOhP_A-LW60O9HhQzCyNozAH0LAgnkC9AJTiXddWNM88gkbM4VpVAAujt0=w1280-h854-no\" data-image-description=\"\" data-image-caption=\"\" data-medium-file=\"https:\/\/www.montceautriathlon.com\/blog\/wp-content\/uploads\/2019\/06\/Z0dph8dFJkZx9Cv0bFZ0X_CM4m0EOTwmtr-3PYOTaF8cXgdi4bLKS8uzADMQF-iHf6fw9r9wmpS5xvWFLzOhP_A-LW60O9HhQzCyNozAH0LAgnkC9AJTiXddWNM88gkbM4VpVAAujt0w1280-h854-no-300x200.jpg\" data-large-file=\"https:\/\/www.montceautriathlon.com\/blog\/wp-content\/uploads\/2019\/06\/Z0dph8dFJkZx9Cv0bFZ0X_CM4m0EOTwmtr-3PYOTaF8cXgdi4bLKS8uzADMQF-iHf6fw9r9wmpS5xvWFLzOhP_A-LW60O9HhQzCyNozAH0LAgnkC9AJTiXddWNM88gkbM4VpVAAujt0w1280-h854-no-1024x683.jpg\" loading=\"lazy\" class=\"size-medium wp-image-2986 alignleft\" src=\"http:\/\/montceautriathlon.com\/blog\/wp-content\/uploads\/2019\/06\/Z0dph8dFJkZx9Cv0bFZ0X_CM4m0EOTwmtr-3PYOTaF8cXgdi4bLKS8uzADMQF-iHf6fw9r9wmpS5xvWFLzOhP_A-LW60O9HhQzCyNozAH0LAgnkC9AJTiXddWNM88gkbM4VpVAAujt0w1280-h854-no-300x200.jpg\" alt=\"\" width=\"300\" height=\"200\" srcset=\"https:\/\/www.montceautriathlon.com\/blog\/wp-content\/uploads\/2019\/06\/Z0dph8dFJkZx9Cv0bFZ0X_CM4m0EOTwmtr-3PYOTaF8cXgdi4bLKS8uzADMQF-iHf6fw9r9wmpS5xvWFLzOhP_A-LW60O9HhQzCyNozAH0LAgnkC9AJTiXddWNM88gkbM4VpVAAujt0w1280-h854-no-300x200.jpg 300w, https:\/\/www.montceautriathlon.com\/blog\/wp-content\/uploads\/2019\/06\/Z0dph8dFJkZx9Cv0bFZ0X_CM4m0EOTwmtr-3PYOTaF8cXgdi4bLKS8uzADMQF-iHf6fw9r9wmpS5xvWFLzOhP_A-LW60O9HhQzCyNozAH0LAgnkC9AJTiXddWNM88gkbM4VpVAAujt0w1280-h854-no-768x512.jpg 768w, https:\/\/www.montceautriathlon.com\/blog\/wp-content\/uploads\/2019\/06\/Z0dph8dFJkZx9Cv0bFZ0X_CM4m0EOTwmtr-3PYOTaF8cXgdi4bLKS8uzADMQF-iHf6fw9r9wmpS5xvWFLzOhP_A-LW60O9HhQzCyNozAH0LAgnkC9AJTiXddWNM88gkbM4VpVAAujt0w1280-h854-no-1024x683.jpg 1024w, https:\/\/www.montceautriathlon.com\/blog\/wp-content\/uploads\/2019\/06\/Z0dph8dFJkZx9Cv0bFZ0X_CM4m0EOTwmtr-3PYOTaF8cXgdi4bLKS8uzADMQF-iHf6fw9r9wmpS5xvWFLzOhP_A-LW60O9HhQzCyNozAH0LAgnkC9AJTiXddWNM88gkbM4VpVAAujt0w1280-h854-no.jpg 1280w\" sizes=\"(max-width: 300px) 100vw, 300px\" \/><\/a> <a href=\"http:\/\/montceautriathlon.com\/blog\/wp-content\/uploads\/2019\/06\/nOGBfSLglnEWIXMwfHN2P3_j-20xGOsKsn7_cXoV1Fd0RXEnLZWWzjgXN9IfNGDxiW9BO0A6rsqU0ufV4End9ZZnK0bA-TxeKCIQrSKC63HvKYky9FNcY5q0AsON5vwgFg0oAzY7EEw1280-h854-no.jpg\"><img data-attachment-id=\"2985\" data-permalink=\"https:\/\/www.montceautriathlon.com\/blog\/2019\/06\/25\/23-juin-2019-triathlon-de-chalain-25-montceliens-plein-dentrain-dans-le-grand-bain\/nogbfslglnewixmwfhn2p3_j-20xgosksn7_cxov1fd0rxenlzwwzjgxn9ifngdxiw9bo0a6rsqu0ufv4end9zznk0ba-txekciqrskc63hvkyky9fncy5q0ason5vwgfg0oazy7eew1280-h854-no\/\" data-orig-file=\"https:\/\/www.montceautriathlon.com\/blog\/wp-content\/uploads\/2019\/06\/nOGBfSLglnEWIXMwfHN2P3_j-20xGOsKsn7_cXoV1Fd0RXEnLZWWzjgXN9IfNGDxiW9BO0A6rsqU0ufV4End9ZZnK0bA-TxeKCIQrSKC63HvKYky9FNcY5q0AsON5vwgFg0oAzY7EEw1280-h854-no.jpg\" data-orig-size=\"1280,854\" data-comments-opened=\"1\" data-image-meta=\"{&quot;aperture&quot;:&quot;0&quot;,&quot;credit&quot;:&quot;&quot;,&quot;camera&quot;:&quot;&quot;,&quot;caption&quot;:&quot;&quot;,&quot;created_timestamp&quot;:&quot;0&quot;,&quot;copyright&quot;:&quot;&quot;,&quot;focal_length&quot;:&quot;0&quot;,&quot;iso&quot;:&quot;0&quot;,&quot;shutter_speed&quot;:&quot;0&quot;,&quot;title&quot;:&quot;&quot;,&quot;orientation&quot;:&quot;0&quot;}\" data-image-title=\"nOGBfSLglnEWIXMwfHN2P3_j&#8211;20xGOsKsn7_cXoV1Fd0RXEnLZWWzjgXN9IfNGDxiW9BO0A6rsqU0ufV4End9ZZnK0bA-TxeKCIQrSKC63HvKYky9FNcY5q0AsON5vwgFg0oAzY7EE=w1280-h854-no\" data-image-description=\"\" data-image-caption=\"\" data-medium-file=\"https:\/\/www.montceautriathlon.com\/blog\/wp-content\/uploads\/2019\/06\/nOGBfSLglnEWIXMwfHN2P3_j-20xGOsKsn7_cXoV1Fd0RXEnLZWWzjgXN9IfNGDxiW9BO0A6rsqU0ufV4End9ZZnK0bA-TxeKCIQrSKC63HvKYky9FNcY5q0AsON5vwgFg0oAzY7EEw1280-h854-no-300x200.jpg\" data-large-file=\"https:\/\/www.montceautriathlon.com\/blog\/wp-content\/uploads\/2019\/06\/nOGBfSLglnEWIXMwfHN2P3_j-20xGOsKsn7_cXoV1Fd0RXEnLZWWzjgXN9IfNGDxiW9BO0A6rsqU0ufV4End9ZZnK0bA-TxeKCIQrSKC63HvKYky9FNcY5q0AsON5vwgFg0oAzY7EEw1280-h854-no-1024x683.jpg\" loading=\"lazy\" class=\"size-medium wp-image-2985 aligncenter\" src=\"http:\/\/montceautriathlon.com\/blog\/wp-content\/uploads\/2019\/06\/nOGBfSLglnEWIXMwfHN2P3_j-20xGOsKsn7_cXoV1Fd0RXEnLZWWzjgXN9IfNGDxiW9BO0A6rsqU0ufV4End9ZZnK0bA-TxeKCIQrSKC63HvKYky9FNcY5q0AsON5vwgFg0oAzY7EEw1280-h854-no-300x200.jpg\" alt=\"\" width=\"300\" height=\"200\" srcset=\"https:\/\/www.montceautriathlon.com\/blog\/wp-content\/uploads\/2019\/06\/nOGBfSLglnEWIXMwfHN2P3_j-20xGOsKsn7_cXoV1Fd0RXEnLZWWzjgXN9IfNGDxiW9BO0A6rsqU0ufV4End9ZZnK0bA-TxeKCIQrSKC63HvKYky9FNcY5q0AsON5vwgFg0oAzY7EEw1280-h854-no-300x200.jpg 300w, https:\/\/www.montceautriathlon.com\/blog\/wp-content\/uploads\/2019\/06\/nOGBfSLglnEWIXMwfHN2P3_j-20xGOsKsn7_cXoV1Fd0RXEnLZWWzjgXN9IfNGDxiW9BO0A6rsqU0ufV4End9ZZnK0bA-TxeKCIQrSKC63HvKYky9FNcY5q0AsON5vwgFg0oAzY7EEw1280-h854-no-768x512.jpg 768w, https:\/\/www.montceautriathlon.com\/blog\/wp-content\/uploads\/2019\/06\/nOGBfSLglnEWIXMwfHN2P3_j-20xGOsKsn7_cXoV1Fd0RXEnLZWWzjgXN9IfNGDxiW9BO0A6rsqU0ufV4End9ZZnK0bA-TxeKCIQrSKC63HvKYky9FNcY5q0AsON5vwgFg0oAzY7EEw1280-h854-no-1024x683.jpg 1024w, https:\/\/www.montceautriathlon.com\/blog\/wp-content\/uploads\/2019\/06\/nOGBfSLglnEWIXMwfHN2P3_j-20xGOsKsn7_cXoV1Fd0RXEnLZWWzjgXN9IfNGDxiW9BO0A6rsqU0ufV4End9ZZnK0bA-TxeKCIQrSKC63HvKYky9FNcY5q0AsON5vwgFg0oAzY7EEw1280-h854-no.jpg 1280w\" sizes=\"(max-width: 300px) 100vw, 300px\" \/><\/a> <a href=\"http:\/\/montceautriathlon.com\/blog\/wp-content\/uploads\/2019\/06\/Mhgbk779Z2hOX3x1q60Cd8FQa-L53rCslfP8T-9w4sKY6qrNT150Mlbtp8vv8wpLLAFzQf4cNVUev_r3_-Sh5w8sabqya0uJImGtu3bwjpn6JQfIAQ3DuCTfw7uXV_0omewJSS3ssEYw1280-h854-no.jpg\"><img data-attachment-id=\"2984\" data-permalink=\"https:\/\/www.montceautriathlon.com\/blog\/2019\/06\/25\/23-juin-2019-triathlon-de-chalain-25-montceliens-plein-dentrain-dans-le-grand-bain\/mhgbk779z2hox3x1q60cd8fqa-l53rcslfp8t-9w4sky6qrnt150mlbtp8vv8wpllafzqf4cnvuev_r3_-sh5w8sabqya0ujimgtu3bwjpn6jqfiaq3ductfw7uxv_0omewjss3sseyw1280-h854-no\/\" data-orig-file=\"https:\/\/www.montceautriathlon.com\/blog\/wp-content\/uploads\/2019\/06\/Mhgbk779Z2hOX3x1q60Cd8FQa-L53rCslfP8T-9w4sKY6qrNT150Mlbtp8vv8wpLLAFzQf4cNVUev_r3_-Sh5w8sabqya0uJImGtu3bwjpn6JQfIAQ3DuCTfw7uXV_0omewJSS3ssEYw1280-h854-no.jpg\" data-orig-size=\"1280,854\" data-comments-opened=\"1\" data-image-meta=\"{&quot;aperture&quot;:&quot;0&quot;,&quot;credit&quot;:&quot;&quot;,&quot;camera&quot;:&quot;&quot;,&quot;caption&quot;:&quot;&quot;,&quot;created_timestamp&quot;:&quot;0&quot;,&quot;copyright&quot;:&quot;&quot;,&quot;focal_length&quot;:&quot;0&quot;,&quot;iso&quot;:&quot;0&quot;,&quot;shutter_speed&quot;:&quot;0&quot;,&quot;title&quot;:&quot;&quot;,&quot;orientation&quot;:&quot;0&quot;}\" data-image-title=\"Mhgbk779Z2hOX3x1q60Cd8FQa-L53rCslfP8T-9w4sKY6qrNT150Mlbtp8vv8wpLLAFzQf4cNVUev_r3_-Sh5w8sabqya0uJImGtu3bwjpn6JQfIAQ3DuCTfw7uXV_0omewJSS3ssEY=w1280-h854-no\" data-image-description=\"\" data-image-caption=\"\" data-medium-file=\"https:\/\/www.montceautriathlon.com\/blog\/wp-content\/uploads\/2019\/06\/Mhgbk779Z2hOX3x1q60Cd8FQa-L53rCslfP8T-9w4sKY6qrNT150Mlbtp8vv8wpLLAFzQf4cNVUev_r3_-Sh5w8sabqya0uJImGtu3bwjpn6JQfIAQ3DuCTfw7uXV_0omewJSS3ssEYw1280-h854-no-300x200.jpg\" data-large-file=\"https:\/\/www.montceautriathlon.com\/blog\/wp-content\/uploads\/2019\/06\/Mhgbk779Z2hOX3x1q60Cd8FQa-L53rCslfP8T-9w4sKY6qrNT150Mlbtp8vv8wpLLAFzQf4cNVUev_r3_-Sh5w8sabqya0uJImGtu3bwjpn6JQfIAQ3DuCTfw7uXV_0omewJSS3ssEYw1280-h854-no-1024x683.jpg\" loading=\"lazy\" class=\"alignnone size-medium wp-image-2984\" src=\"http:\/\/montceautriathlon.com\/blog\/wp-content\/uploads\/2019\/06\/Mhgbk779Z2hOX3x1q60Cd8FQa-L53rCslfP8T-9w4sKY6qrNT150Mlbtp8vv8wpLLAFzQf4cNVUev_r3_-Sh5w8sabqya0uJImGtu3bwjpn6JQfIAQ3DuCTfw7uXV_0omewJSS3ssEYw1280-h854-no-300x200.jpg\" alt=\"\" width=\"300\" height=\"200\" srcset=\"https:\/\/www.montceautriathlon.com\/blog\/wp-content\/uploads\/2019\/06\/Mhgbk779Z2hOX3x1q60Cd8FQa-L53rCslfP8T-9w4sKY6qrNT150Mlbtp8vv8wpLLAFzQf4cNVUev_r3_-Sh5w8sabqya0uJImGtu3bwjpn6JQfIAQ3DuCTfw7uXV_0omewJSS3ssEYw1280-h854-no-300x200.jpg 300w, https:\/\/www.montceautriathlon.com\/blog\/wp-content\/uploads\/2019\/06\/Mhgbk779Z2hOX3x1q60Cd8FQa-L53rCslfP8T-9w4sKY6qrNT150Mlbtp8vv8wpLLAFzQf4cNVUev_r3_-Sh5w8sabqya0uJImGtu3bwjpn6JQfIAQ3DuCTfw7uXV_0omewJSS3ssEYw1280-h854-no-768x512.jpg 768w, https:\/\/www.montceautriathlon.com\/blog\/wp-content\/uploads\/2019\/06\/Mhgbk779Z2hOX3x1q60Cd8FQa-L53rCslfP8T-9w4sKY6qrNT150Mlbtp8vv8wpLLAFzQf4cNVUev_r3_-Sh5w8sabqya0uJImGtu3bwjpn6JQfIAQ3DuCTfw7uXV_0omewJSS3ssEYw1280-h854-no-1024x683.jpg 1024w, https:\/\/www.montceautriathlon.com\/blog\/wp-content\/uploads\/2019\/06\/Mhgbk779Z2hOX3x1q60Cd8FQa-L53rCslfP8T-9w4sKY6qrNT150Mlbtp8vv8wpLLAFzQf4cNVUev_r3_-Sh5w8sabqya0uJImGtu3bwjpn6JQfIAQ3DuCTfw7uXV_0omewJSS3ssEYw1280-h854-no.jpg 1280w\" sizes=\"(max-width: 300px) 100vw, 300px\" \/>\u00a0<\/a><a href=\"http:\/\/montceautriathlon.com\/blog\/wp-content\/uploads\/2019\/06\/3mcc6c4wOLUkAbc2d4z4ZqrkybTKAaJfT7jSW2O4Zw9eRqb1EtJ-31G8Wxsdrs0nGl9JUpDQG_CWiDs1Qez1Xp6bR1UZcd8fQ9yCDwnS4rfEMHkzq9uwI9EG_JkdFnOSHezOLz7lOg8w1080-h608-no.jpg\"><img data-attachment-id=\"2989\" data-permalink=\"https:\/\/www.montceautriathlon.com\/blog\/2019\/06\/25\/23-juin-2019-triathlon-de-chalain-25-montceliens-plein-dentrain-dans-le-grand-bain\/3mcc6c4wolukabc2d4z4zqrkybtkaajft7jsw2o4zw9erqb1etj-31g8wxsdrs0ngl9jupdqg_cwids1qez1xp6br1uzcd8fq9ycdwns4rfemhkzq9uwi9eg_jkdfnoshezolz7log8w1080-h608-no\/\" data-orig-file=\"https:\/\/www.montceautriathlon.com\/blog\/wp-content\/uploads\/2019\/06\/3mcc6c4wOLUkAbc2d4z4ZqrkybTKAaJfT7jSW2O4Zw9eRqb1EtJ-31G8Wxsdrs0nGl9JUpDQG_CWiDs1Qez1Xp6bR1UZcd8fQ9yCDwnS4rfEMHkzq9uwI9EG_JkdFnOSHezOLz7lOg8w1080-h608-no.jpg\" data-orig-size=\"1080,608\" data-comments-opened=\"1\" data-image-meta=\"{&quot;aperture&quot;:&quot;0&quot;,&quot;credit&quot;:&quot;&quot;,&quot;camera&quot;:&quot;&quot;,&quot;caption&quot;:&quot;&quot;,&quot;created_timestamp&quot;:&quot;0&quot;,&quot;copyright&quot;:&quot;&quot;,&quot;focal_length&quot;:&quot;0&quot;,&quot;iso&quot;:&quot;0&quot;,&quot;shutter_speed&quot;:&quot;0&quot;,&quot;title&quot;:&quot;&quot;,&quot;orientation&quot;:&quot;0&quot;}\" data-image-title=\"3mcc6c4wOLUkAbc2d4z4ZqrkybTKAaJfT7jSW2O4Zw9eRqb1EtJ-31G8Wxsdrs0nGl9JUpDQG_CWiDs1Qez1Xp6bR1UZcd8fQ9yCDwnS4rfEMHkzq9uwI9EG_JkdFnOSHezOLz7lOg8=w1080-h608-no\" data-image-description=\"\" data-image-caption=\"\" data-medium-file=\"https:\/\/www.montceautriathlon.com\/blog\/wp-content\/uploads\/2019\/06\/3mcc6c4wOLUkAbc2d4z4ZqrkybTKAaJfT7jSW2O4Zw9eRqb1EtJ-31G8Wxsdrs0nGl9JUpDQG_CWiDs1Qez1Xp6bR1UZcd8fQ9yCDwnS4rfEMHkzq9uwI9EG_JkdFnOSHezOLz7lOg8w1080-h608-no-300x169.jpg\" data-large-file=\"https:\/\/www.montceautriathlon.com\/blog\/wp-content\/uploads\/2019\/06\/3mcc6c4wOLUkAbc2d4z4ZqrkybTKAaJfT7jSW2O4Zw9eRqb1EtJ-31G8Wxsdrs0nGl9JUpDQG_CWiDs1Qez1Xp6bR1UZcd8fQ9yCDwnS4rfEMHkzq9uwI9EG_JkdFnOSHezOLz7lOg8w1080-h608-no-1024x576.jpg\" loading=\"lazy\" class=\"size-medium wp-image-2989 alignright\" src=\"http:\/\/montceautriathlon.com\/blog\/wp-content\/uploads\/2019\/06\/3mcc6c4wOLUkAbc2d4z4ZqrkybTKAaJfT7jSW2O4Zw9eRqb1EtJ-31G8Wxsdrs0nGl9JUpDQG_CWiDs1Qez1Xp6bR1UZcd8fQ9yCDwnS4rfEMHkzq9uwI9EG_JkdFnOSHezOLz7lOg8w1080-h608-no-300x169.jpg\" alt=\"\" width=\"300\" height=\"169\" srcset=\"https:\/\/www.montceautriathlon.com\/blog\/wp-content\/uploads\/2019\/06\/3mcc6c4wOLUkAbc2d4z4ZqrkybTKAaJfT7jSW2O4Zw9eRqb1EtJ-31G8Wxsdrs0nGl9JUpDQG_CWiDs1Qez1Xp6bR1UZcd8fQ9yCDwnS4rfEMHkzq9uwI9EG_JkdFnOSHezOLz7lOg8w1080-h608-no-300x169.jpg 300w, https:\/\/www.montceautriathlon.com\/blog\/wp-content\/uploads\/2019\/06\/3mcc6c4wOLUkAbc2d4z4ZqrkybTKAaJfT7jSW2O4Zw9eRqb1EtJ-31G8Wxsdrs0nGl9JUpDQG_CWiDs1Qez1Xp6bR1UZcd8fQ9yCDwnS4rfEMHkzq9uwI9EG_JkdFnOSHezOLz7lOg8w1080-h608-no-768x432.jpg 768w, https:\/\/www.montceautriathlon.com\/blog\/wp-content\/uploads\/2019\/06\/3mcc6c4wOLUkAbc2d4z4ZqrkybTKAaJfT7jSW2O4Zw9eRqb1EtJ-31G8Wxsdrs0nGl9JUpDQG_CWiDs1Qez1Xp6bR1UZcd8fQ9yCDwnS4rfEMHkzq9uwI9EG_JkdFnOSHezOLz7lOg8w1080-h608-no-1024x576.jpg 1024w, https:\/\/www.montceautriathlon.com\/blog\/wp-content\/uploads\/2019\/06\/3mcc6c4wOLUkAbc2d4z4ZqrkybTKAaJfT7jSW2O4Zw9eRqb1EtJ-31G8Wxsdrs0nGl9JUpDQG_CWiDs1Qez1Xp6bR1UZcd8fQ9yCDwnS4rfEMHkzq9uwI9EG_JkdFnOSHezOLz7lOg8w1080-h608-no.jpg 1080w\" sizes=\"(max-width: 300px) 100vw, 300px\" \/><\/a><\/p>\n<p>les r\u00e9sultats du clubs en suivant le lien : <a href=\"http:\/\/montceautriathlon.com\/blog\/wp-content\/uploads\/2019\/06\/r\u00e9sultats-club-triatrhlon-Chalain-2019.xlsx\" target=\"_blank\" rel=\"noopener\">ici<\/a><\/p>\n<p>r\u00e9sultats complets : <a href=\"http:\/\/montceautriathlon.com\/blog\/wp-content\/uploads\/2019\/06\/r\u00e9sultats-complets-tri-Chalain-2019.xls\" target=\"_blank\" rel=\"noopener\">ici<\/a><\/p>\n<p>De belles et nombreuses photos de Christelle : <a href=\"https:\/\/photos.google.com\/share\/AF1QipP6f5HjL957cgDqNd7_bspJwgzniwvg3KbX-7pUeDph3TKwKs2bAygTwZjBloIi2g?key=WS1wY0JYQ001NUxsXy1JY1poZktILW1VUzQ1aERR\" target=\"_blank\" rel=\"noopener\">photos Chalain<\/a><\/p>\n","protected":false},"excerpt":{"rendered":"<p>Gros succ\u00e8s que cette \u00e9dition 2019 du triathlon de Chalain ! 25 triathl\u00e8tes du club ont fait le d\u00e9placement (10 jeunes de l&rsquo;\u00e9cole de tri et 15 adultes) et certains ont m\u00eame du attendre le dernier moment \u00e9tant plac\u00e9s sur liste d&rsquo;attente ! De nombreux formats de courses \u00e9taient propos\u00e9s du M\u00a0 au XS en [&hellip;]<\/p>\n","protected":false},"author":5,"featured_media":0,"comment_status":"open","ping_status":"open","sticky":false,"template":"","format":"standard","meta":{"spay_email":"","jetpack_publicize_message":"","jetpack_is_tweetstorm":false},"categories":[1],"tags":[],"jetpack_featured_media_url":"","jetpack_publicize_connections":[],"jetpack_sharing_enabled":true,"jetpack_shortlink":"https:\/\/wp.me\/p8bwIy-M3","jetpack-related-posts":[{"id":1308,"url":"https:\/\/www.montceautriathlon.com\/blog\/2017\/06\/12\/triathlon-de-chalain-dimanche-11-juin-2017\/","url_meta":{"origin":2979,"position":0},"title":"Triathlon de Chalain (Dimanche 11 juin 2017)","date":"12 juin 2017","format":false,"excerpt":"Sous une chaleur de plomb, le club de Triath'Lons organisait son habituel triathlon, autour du magnifique\u00a0lac de Chalain. Pendant que certains se doraient la pilule en\u00a0coupant quelques centaines de m\u00e8tres de moquette, et ce\u00a0pour les championnats de France d'Aquathlon, d'autres se\u00a0sacrifiaient, corps et \u00e2me, pour redorer l'image du club,\u00a0\u00a0en affrontant\u2026","rel":"","context":"Dans &quot;Non class\u00e9&quot;","img":{"alt_text":"","src":"","width":0,"height":0},"classes":[]},{"id":5144,"url":"https:\/\/www.montceautriathlon.com\/blog\/2022\/06\/23\/triathlon-de-chalain-chaude-leau-chaude-lasphalte-chaud-lair-chaud-devant\/","url_meta":{"origin":2979,"position":1},"title":"Triathlon de Chalain : chaude l&rsquo;eau, chaude l&rsquo;asphalte, chaud l&rsquo;air, chaud devant ?","date":"23 juin 2022","format":false,"excerpt":"Le week-end dernier Montceau Triathlon s'est d\u00e9plac\u00e9 au triathlon de Cublize et au triathlon de Chalain. La chaleur caniculaire a rendu les courses \u00e9prouvantes.F\u00e9licitations \u00e0 tous les participants, jeunes et moins jeunes, pour leurs performances. Triathlon de ChalainCourse poussin\/pupille: Oscar Turpin\u00a0 en 15\/02\u00a0 6e pupille Berteline Marionnet\u00a0 en 15:40\u00a0 1e\u2026","rel":"","context":"Dans &quot;Non class\u00e9&quot;","img":{"alt_text":"","src":"https:\/\/i2.wp.com\/www.montceautriathlon.com\/blog\/wp-content\/uploads\/2022\/06\/1852878165522531382.jpg?resize=350%2C200&ssl=1","width":350,"height":200},"classes":[]},{"id":1992,"url":"https:\/\/www.montceautriathlon.com\/blog\/2018\/06\/11\/triathlon-de-chalain-10-06-2018\/","url_meta":{"origin":2979,"position":2},"title":"triathlon de Chalain 10\/06\/2018","date":"11 juin 2018","format":false,"excerpt":"QUALIFICATION DE NOTRE EQUIPE FEMININE POUR LA DEMI-FINALE D3 \u00e0 BESAN\u00c7ON ! BRAVO LES FILLES ! Les r\u00e9sultats complets en cliquant sur le lien et onglet club \u00e0 pointer pour les performances de nos trente licenci\u00e9s pr\u00e9sents en attendant article plus complet. r\u00e9sultats Chalain Quelques photos de nos jeunes pousses\u2026","rel":"","context":"Dans &quot;Non class\u00e9&quot;","img":{"alt_text":"","src":"","width":0,"height":0},"classes":[]},{"id":4190,"url":"https:\/\/www.montceautriathlon.com\/blog\/2021\/06\/18\/chalain-enfin-dans-le-bain\/","url_meta":{"origin":2979,"position":3},"title":"CHALAIN, ENFIN DANS LE BAIN !!!","date":"18 juin 2021","format":false,"excerpt":"Remettre enfin un dossard, encha\u00eener pour de bon ! Quel plaisir pour la petite vingtaine de triathl\u00e8tes montcelliens qui avait fait le d\u00e9placement sur le magnifique site de Chalain ensoleill\u00e9. Plus de mille concurrents sur les deux jours. M\u00eame \u00e0 cours d'entra\u00eenement, la famille triathlon \u00e9tait enfin r\u00e9unie. Une eau\u2026","rel":"","context":"Dans &quot;Non class\u00e9&quot;","img":{"alt_text":"","src":"https:\/\/i1.wp.com\/www.montceautriathlon.com\/blog\/wp-content\/uploads\/2021\/06\/IMG-20210614-WA0001.jpg?resize=350%2C200&ssl=1","width":350,"height":200},"classes":[]},{"id":5987,"url":"https:\/\/www.montceautriathlon.com\/blog\/2023\/06\/22\/triathlon-de-chalain\/","url_meta":{"origin":2979,"position":4},"title":"Triathlon de Chalain","date":"22 juin 2023","format":false,"excerpt":"Ce week end, de nombreux licenci\u00e9s \u00e9taient inscrits sur des courses de la r\u00e9gion.Une d\u00e9l\u00e9gation s'est d\u00e9plac\u00e9e au triathlon de Chalain.Malgr\u00e9 une m\u00e9t\u00e9o chaotique (les 40 km du v\u00e9lo de M se sont d\u00e9roul\u00e9s sous un orage plut\u00f4t impressionnant), de bons r\u00e9sultats sont \u00e0 noter. Course S : Jeanne Rondier\u2026","rel":"","context":"Dans &quot;Non class\u00e9&quot;","img":{"alt_text":"","src":"https:\/\/i0.wp.com\/www.montceautriathlon.com\/blog\/wp-content\/uploads\/2023\/06\/dc24e861-7498-4e0d-b2ea-0d9f84026efd.jpg?resize=350%2C200&ssl=1","width":350,"height":200},"classes":[]},{"id":7803,"url":"https:\/\/www.montceautriathlon.com\/blog\/2025\/06\/15\/week-end-de-la-pentecote-plusieurs-triathletes-plusieurs-epreuves\/","url_meta":{"origin":2979,"position":5},"title":"Week end de la Pentec\u00f4te: plusieurs  triathl\u00e8tes, plusieurs \u00e9preuves","date":"15 juin 2025","format":false,"excerpt":"Lors de ce long week-end de la Pentec\u00f4te, les triathl\u00e8tes montcelliens se sont d\u00e9plac\u00e9s sur diff\u00e9rentes \u00e9preuves: le triathlon de Chalain dans le Jura, le triathlon de l'\u00e9tang de Baye dans la Ni\u00e8vre, et certains sont partis dans le Forez pour le semi marathon de la bi\u00e8re, ou d'autres sont\u2026","rel":"","context":"Dans &quot;Non class\u00e9&quot;","img":{"alt_text":"","src":"https:\/\/i1.wp.com\/www.montceautriathlon.com\/blog\/wp-content\/uploads\/2025\/06\/IMG_2915-1-scaled.jpg?resize=350%2C200&ssl=1","width":350,"height":200},"classes":[]}],"_links":{"self":[{"href":"https:\/\/www.montceautriathlon.com\/blog\/wp-json\/wp\/v2\/posts\/2979"}],"collection":[{"href":"https:\/\/www.montceautriathlon.com\/blog\/wp-json\/wp\/v2\/posts"}],"about":[{"href":"https:\/\/www.montceautriathlon.com\/blog\/wp-json\/wp\/v2\/types\/post"}],"author":[{"embeddable":true,"href":"https:\/\/www.montceautriathlon.com\/blog\/wp-json\/wp\/v2\/users\/5"}],"replies":[{"embeddable":true,"href":"https:\/\/www.montceautriathlon.com\/blog\/wp-json\/wp\/v2\/comments?post=2979"}],"version-history":[{"count":6,"href":"https:\/\/www.montceautriathlon.com\/blog\/wp-json\/wp\/v2\/posts\/2979\/revisions"}],"predecessor-version":[{"id":2995,"href":"https:\/\/www.montceautriathlon.com\/blog\/wp-json\/wp\/v2\/posts\/2979\/revisions\/2995"}],"wp:attachment":[{"href":"https:\/\/www.montceautriathlon.com\/blog\/wp-json\/wp\/v2\/media?parent=2979"}],"wp:term":[{"taxonomy":"category","embeddable":true,"href":"https:\/\/www.montceautriathlon.com\/blog\/wp-json\/wp\/v2\/categories?post=2979"},{"taxonomy":"post_tag","embeddable":true,"href":"https:\/\/www.montceautriathlon.com\/blog\/wp-json\/wp\/v2\/tags?post=2979"}],"curies":[{"name":"wp","href":"https:\/\/api.w.org\/{rel}","templated":true}]}}