{"id":2962,"date":"2019-06-19T08:09:48","date_gmt":"2019-06-19T07:09:48","guid":{"rendered":"http:\/\/montceautriathlon.com\/blog\/?p=2962"},"modified":"2019-06-20T08:48:08","modified_gmt":"2019-06-20T07:48:08","slug":"trail-des-cadoles-a-brancion-avec-de-bonnes-guiboles-on-senvole","status":"publish","type":"post","link":"https:\/\/www.montceautriathlon.com\/blog\/2019\/06\/19\/trail-des-cadoles-a-brancion-avec-de-bonnes-guiboles-on-senvole\/","title":{"rendered":"Trail des Cadoles \u00e0 Brancion : avec de bonnes guiboles on s&rsquo;envole !"},"content":{"rendered":"<p>Cyril B\u00e9rardan a une nouvelle fois r\u00e9alis\u00e9 une belle performance en terminant pour la deuxi\u00e8me ann\u00e9e cons\u00e9cutive sur la troisi\u00e8me marche du podium du parcours de 25km avec 950D+.<br \/>\nEt tout cela en 2h07&rsquo;42 !<\/p>\n<p>S\u00fbrement une bonne pr\u00e9paration pour de futurs ultras trails&#8230;<\/p>\n<p><a href=\"http:\/\/montceautriathlon.com\/blog\/wp-content\/uploads\/2019\/06\/trail-des-cadoles.jpg\"><img data-attachment-id=\"2963\" data-permalink=\"https:\/\/www.montceautriathlon.com\/blog\/2019\/06\/19\/trail-des-cadoles-a-brancion-avec-de-bonnes-guiboles-on-senvole\/trail-des-cadoles\/\" data-orig-file=\"https:\/\/www.montceautriathlon.com\/blog\/wp-content\/uploads\/2019\/06\/trail-des-cadoles.jpg\" data-orig-size=\"1080,1080\" data-comments-opened=\"1\" data-image-meta=\"{&quot;aperture&quot;:&quot;0&quot;,&quot;credit&quot;:&quot;&quot;,&quot;camera&quot;:&quot;&quot;,&quot;caption&quot;:&quot;&quot;,&quot;created_timestamp&quot;:&quot;0&quot;,&quot;copyright&quot;:&quot;&quot;,&quot;focal_length&quot;:&quot;0&quot;,&quot;iso&quot;:&quot;0&quot;,&quot;shutter_speed&quot;:&quot;0&quot;,&quot;title&quot;:&quot;&quot;,&quot;orientation&quot;:&quot;0&quot;}\" data-image-title=\"trail des cadoles\" data-image-description=\"\" data-image-caption=\"\" data-medium-file=\"https:\/\/www.montceautriathlon.com\/blog\/wp-content\/uploads\/2019\/06\/trail-des-cadoles-300x300.jpg\" data-large-file=\"https:\/\/www.montceautriathlon.com\/blog\/wp-content\/uploads\/2019\/06\/trail-des-cadoles-1024x1024.jpg\" loading=\"lazy\" class=\" wp-image-2963 aligncenter\" src=\"http:\/\/montceautriathlon.com\/blog\/wp-content\/uploads\/2019\/06\/trail-des-cadoles-300x300.jpg\" alt=\"\" width=\"239\" height=\"239\" srcset=\"https:\/\/www.montceautriathlon.com\/blog\/wp-content\/uploads\/2019\/06\/trail-des-cadoles-300x300.jpg 300w, https:\/\/www.montceautriathlon.com\/blog\/wp-content\/uploads\/2019\/06\/trail-des-cadoles-150x150.jpg 150w, https:\/\/www.montceautriathlon.com\/blog\/wp-content\/uploads\/2019\/06\/trail-des-cadoles-768x768.jpg 768w, https:\/\/www.montceautriathlon.com\/blog\/wp-content\/uploads\/2019\/06\/trail-des-cadoles-1024x1024.jpg 1024w, https:\/\/www.montceautriathlon.com\/blog\/wp-content\/uploads\/2019\/06\/trail-des-cadoles.jpg 1080w\" sizes=\"(max-width: 239px) 100vw, 239px\" \/><\/a><\/p>\n","protected":false},"excerpt":{"rendered":"<p>Cyril B\u00e9rardan a une nouvelle fois r\u00e9alis\u00e9 une belle performance en terminant pour la deuxi\u00e8me ann\u00e9e cons\u00e9cutive sur la troisi\u00e8me marche du podium du parcours de 25km avec 950D+. Et tout cela en 2h07&rsquo;42 ! S\u00fbrement une bonne pr\u00e9paration pour de futurs ultras trails&#8230;<\/p>\n","protected":false},"author":5,"featured_media":0,"comment_status":"open","ping_status":"open","sticky":false,"template":"","format":"standard","meta":{"spay_email":"","jetpack_publicize_message":"","jetpack_is_tweetstorm":false},"categories":[1],"tags":[],"jetpack_featured_media_url":"","jetpack_publicize_connections":[],"jetpack_sharing_enabled":true,"jetpack_shortlink":"https:\/\/wp.me\/p8bwIy-LM","jetpack-related-posts":[{"id":746,"url":"https:\/\/www.montceautriathlon.com\/blog\/2016\/07\/11\/resultats-du-triathlon-321-de-st-martin-du-puy-10-juillet-2016\/","url_meta":{"origin":2962,"position":0},"title":"R\u00e9sultats du Triathlon 321 de St Martin du Puy (10 juillet 2016)","date":"11 juillet 2016","format":false,"excerpt":"La 1ier \u00e9dition du triathlon 321 de Saint Martin du Puy (Morvan) a rassembl\u00e9 170 participants (avec une vingtaine de relais) pour affronter les 3km de nage, 100km de v\u00e9lo avec 2000m de d\u00e9nivel\u00e9 et 21km de course \u00e0 pied (320M). Avec une eau \u00e0 23\u00b0C, qui veut dire combinaison\u2026","rel":"","context":"Dans &quot;slide show&quot;","img":{"alt_text":"","src":"https:\/\/i1.wp.com\/www.montceautriathlon.com\/blog\/wp-content\/uploads\/2016\/07\/FB_IMG_1468228384978.jpg?resize=350%2C200&ssl=1","width":350,"height":200},"classes":[]},{"id":456,"url":"https:\/\/www.montceautriathlon.com\/blog\/2016\/05\/20\/week-end-au-mont-ventoux-du-14-au-16-mai-2016\/","url_meta":{"origin":2962,"position":1},"title":"Week-end au Mont Ventoux (du 14 au 16 mai 2016)","date":"20 mai 2016","format":false,"excerpt":"Pour ce week-end prolong\u00e9, un petit groupe de 30 personnes s'\u00e9tait d\u00e9plac\u00e9 au pied du Mont Ventoux. Certains costauds venaient en rep\u00e9rage et fin de pr\u00e9paration pour le fameux Ventoux man . D'autres voulaient simplement r\u00e9aliser la mont\u00e9e de ce col mythique pour les cyclistes. Samedi apr\u00e8s-midi, un premier groupe\u2026","rel":"","context":"Dans &quot;Non class\u00e9&quot;","img":{"alt_text":"","src":"https:\/\/i0.wp.com\/www.montceautriathlon.com\/blog\/wp-content\/uploads\/2016\/05\/FB_IMG_1463414047892.jpg?resize=350%2C200&ssl=1","width":350,"height":200},"classes":[]},{"id":1983,"url":"https:\/\/www.montceautriathlon.com\/blog\/2018\/06\/06\/week-end-du-2-et-3-juin\/","url_meta":{"origin":2962,"position":2},"title":"week-end du 2 et 3 juin","date":"6 juin 2018","format":false,"excerpt":"Week-end omnisport au programme avec des triathl\u00e8tes sur tous les fronts : du triathlon,\u00a0 du\u00a0 Raid \u00e0 Autun(rien \u00e0 voir avec le GIGN) et une 4\u00e8me place en mixte pour Sammy Marc et Catherine Mauro , de la course p\u00e9destre \u00e0 Paray et du swimrun\u00a0 \u00e0 Montrevel ! Certains de\u2026","rel":"","context":"Dans &quot;Non class\u00e9&quot;","img":{"alt_text":"","src":"","width":0,"height":0},"classes":[]},{"id":2795,"url":"https:\/\/www.montceautriathlon.com\/blog\/2019\/05\/07\/5-mai-2019-triathlon-du-sennonais-longue-distance-pour-triathlon-courte-distance\/","url_meta":{"origin":2962,"position":3},"title":"5 mai 2019, Triathlon du sennonais : longue distance pour triathlon courte distance !","date":"7 mai 2019","format":false,"excerpt":"Situ\u00e9 maintenant en d\u00e9but de saison, le triathlon de sens n'a pas attir\u00e9, comme d'habitude, les triathl\u00e8tes du club ! Ce n'est pas la porte \u00e0 c\u00f4t\u00e9 et cinq \u00e0 six\u00a0 heures de routes(A\/R) pour souvent une heure de comp\u00e9tition s'av\u00e8re dissuasif surtout avec une m\u00e9t\u00e9o plus que fraiche !\u2026","rel":"","context":"Dans &quot;Non class\u00e9&quot;","img":{"alt_text":"","src":"","width":0,"height":0},"classes":[]},{"id":4485,"url":"https:\/\/www.montceautriathlon.com\/blog\/2021\/09\/14\/triathlon-dauxonne-pas-une-course-a-lechalote-mais-une-course-aux-petits-oignons\/","url_meta":{"origin":2962,"position":4},"title":"Triathlon d&rsquo;Auxonne : pas une course \u00e0 l&rsquo;\u00e9chalote ! Mais une course aux petits oignons !","date":"14 septembre 2021","format":false,"excerpt":"Joli d\u00e9placement du Club \u00e0 Auxonne ce dimanche ! L'\u00e9cole de tri avec de bons r\u00e9sultats ! Un Titouan Rondier encore dominateur en J2, Une Berteline toujours bien pr\u00e9sente sur la plus haute marche en J1 f\u00e9minine et petit oignon sur le g\u00e2teau, la qualification de Jeanne Rondier aux France\u2026","rel":"","context":"Dans &quot;Non class\u00e9&quot;","img":{"alt_text":"","src":"https:\/\/i0.wp.com\/www.montceautriathlon.com\/blog\/wp-content\/uploads\/2021\/09\/auxonne-6.jpg?resize=350%2C200&ssl=1","width":350,"height":200},"classes":[]},{"id":1908,"url":"https:\/\/www.montceautriathlon.com\/blog\/2018\/04\/27\/stage-et-vacances-dans-le-verdon\/","url_meta":{"origin":2962,"position":5},"title":"Stage et vacances dans le Verdon !","date":"27 avril 2018","format":false,"excerpt":"De nombreux triathl\u00e8tes du club avec leur famille se sont donc rendus \u00e0 R\u00e9gusse en cette deuxi\u00e8me semaine de vacances scolaires. Quel bon et heureux choix ! Un site magnifique : les lacs et les gorges du Verdon avec une\u00a0 m\u00e9t\u00e9o royale ! Beno\u00eet et Sandrine, nos GO ador\u00e9s, nous\u2026","rel":"","context":"Dans &quot;Non class\u00e9&quot;","img":{"alt_text":"","src":"","width":0,"height":0},"classes":[]}],"_links":{"self":[{"href":"https:\/\/www.montceautriathlon.com\/blog\/wp-json\/wp\/v2\/posts\/2962"}],"collection":[{"href":"https:\/\/www.montceautriathlon.com\/blog\/wp-json\/wp\/v2\/posts"}],"about":[{"href":"https:\/\/www.montceautriathlon.com\/blog\/wp-json\/wp\/v2\/types\/post"}],"author":[{"embeddable":true,"href":"https:\/\/www.montceautriathlon.com\/blog\/wp-json\/wp\/v2\/users\/5"}],"replies":[{"embeddable":true,"href":"https:\/\/www.montceautriathlon.com\/blog\/wp-json\/wp\/v2\/comments?post=2962"}],"version-history":[{"count":3,"href":"https:\/\/www.montceautriathlon.com\/blog\/wp-json\/wp\/v2\/posts\/2962\/revisions"}],"predecessor-version":[{"id":2966,"href":"https:\/\/www.montceautriathlon.com\/blog\/wp-json\/wp\/v2\/posts\/2962\/revisions\/2966"}],"wp:attachment":[{"href":"https:\/\/www.montceautriathlon.com\/blog\/wp-json\/wp\/v2\/media?parent=2962"}],"wp:term":[{"taxonomy":"category","embeddable":true,"href":"https:\/\/www.montceautriathlon.com\/blog\/wp-json\/wp\/v2\/categories?post=2962"},{"taxonomy":"post_tag","embeddable":true,"href":"https:\/\/www.montceautriathlon.com\/blog\/wp-json\/wp\/v2\/tags?post=2962"}],"curies":[{"name":"wp","href":"https:\/\/api.w.org\/{rel}","templated":true}]}}