{"id":2942,"date":"2019-06-18T20:32:07","date_gmt":"2019-06-18T19:32:07","guid":{"rendered":"http:\/\/montceautriathlon.com\/blog\/?p=2942"},"modified":"2019-06-18T20:32:07","modified_gmt":"2019-06-18T19:32:07","slug":"16-juin-2019-triathlon-vauban-la-citadelle-netait-pas-imprenable","status":"publish","type":"post","link":"https:\/\/www.montceautriathlon.com\/blog\/2019\/06\/18\/16-juin-2019-triathlon-vauban-la-citadelle-netait-pas-imprenable\/","title":{"rendered":"16 juin 2019, Triathlon Vauban : La citadelle n&rsquo;\u00e9tait pas imprenable !"},"content":{"rendered":"<p><a href=\"http:\/\/montceautriathlon.com\/blog\/wp-content\/uploads\/2019\/06\/IMG-20190617-WA0002001.jpg\"><img data-attachment-id=\"2950\" data-permalink=\"https:\/\/www.montceautriathlon.com\/blog\/2019\/06\/18\/16-juin-2019-triathlon-vauban-la-citadelle-netait-pas-imprenable\/img-20190617-wa0002001\/\" data-orig-file=\"https:\/\/www.montceautriathlon.com\/blog\/wp-content\/uploads\/2019\/06\/IMG-20190617-WA0002001.jpg\" data-orig-size=\"1440,1080\" data-comments-opened=\"1\" data-image-meta=\"{&quot;aperture&quot;:&quot;0&quot;,&quot;credit&quot;:&quot;&quot;,&quot;camera&quot;:&quot;&quot;,&quot;caption&quot;:&quot;&quot;,&quot;created_timestamp&quot;:&quot;0&quot;,&quot;copyright&quot;:&quot;&quot;,&quot;focal_length&quot;:&quot;0&quot;,&quot;iso&quot;:&quot;0&quot;,&quot;shutter_speed&quot;:&quot;0&quot;,&quot;title&quot;:&quot;&quot;,&quot;orientation&quot;:&quot;0&quot;}\" data-image-title=\"IMG-20190617-WA0002001\" data-image-description=\"\" data-image-caption=\"\" data-medium-file=\"https:\/\/www.montceautriathlon.com\/blog\/wp-content\/uploads\/2019\/06\/IMG-20190617-WA0002001-300x225.jpg\" data-large-file=\"https:\/\/www.montceautriathlon.com\/blog\/wp-content\/uploads\/2019\/06\/IMG-20190617-WA0002001-1024x768.jpg\" loading=\"lazy\" class=\"size-medium wp-image-2950 aligncenter\" src=\"http:\/\/montceautriathlon.com\/blog\/wp-content\/uploads\/2019\/06\/IMG-20190617-WA0002001-300x225.jpg\" alt=\"\" width=\"300\" height=\"225\" srcset=\"https:\/\/www.montceautriathlon.com\/blog\/wp-content\/uploads\/2019\/06\/IMG-20190617-WA0002001-300x225.jpg 300w, https:\/\/www.montceautriathlon.com\/blog\/wp-content\/uploads\/2019\/06\/IMG-20190617-WA0002001-768x576.jpg 768w, https:\/\/www.montceautriathlon.com\/blog\/wp-content\/uploads\/2019\/06\/IMG-20190617-WA0002001-1024x768.jpg 1024w, https:\/\/www.montceautriathlon.com\/blog\/wp-content\/uploads\/2019\/06\/IMG-20190617-WA0002001.jpg 1440w\" sizes=\"(max-width: 300px) 100vw, 300px\" \/><\/a>Ce samedi \u00e9tait jour d\u00e9cisif pour notre \u00e9quipe f\u00e9minine de triathlon. C&rsquo;\u00e9tait la demi-finale zone Grand Est en vue de la finale nationale des clubs de division 3. Feraient elles aussi bien que l&rsquo;ann\u00e9e derni\u00e8re ?<\/p>\n<p>Trois \u00e9quipes seulement pouvaient se qualifier. Pari\u00a0 une nouvelle fois r\u00e9ussi et avec la mani\u00e8re au milieu de quelques \u00e9curies tr\u00e8s performantes. Elles finissent 3\u00e8mes bien au contact\u00a0 derri\u00e8re Besan\u00e7on et Dijon et devant Strasbourg\u00a0 en1h19&rsquo;22\u00a0\u00bb (format S) !<br \/>\nUne nouvelle belle prestation de Ludivine, Marion, Aude et Maryl\u00e8ne. Ludivine r\u00e9alisant le meilleur chrono JUF<strong>, <\/strong>Maryl\u00e8ne le meilleur chronoS1F et Marion deuxi\u00e8me chrono S2F.<\/p>\n<p>Une nouvelle belle course les attend donc pour la finale\u00a0 \u00e0 St Pierre d&rsquo;Albigny(73) en septembre prochain pour essayer de faire encore mieux que l&rsquo;ann\u00e9e derni\u00e8re ! On peut compter sur elles !<br \/>\nles r\u00e9sultats complets :<a href=\"https:\/\/www.chronopro.net\/wp-content\/uploads\/2019\/06\/D3F_equipe.pdf\">1\/2 finale D3F<\/a><\/p>\n<p><a href=\"http:\/\/montceautriathlon.com\/blog\/wp-content\/uploads\/2019\/06\/IMG-20190617-WA0000001.jpg\"><img data-attachment-id=\"2948\" data-permalink=\"https:\/\/www.montceautriathlon.com\/blog\/2019\/06\/18\/16-juin-2019-triathlon-vauban-la-citadelle-netait-pas-imprenable\/img-20190617-wa0000001\/\" data-orig-file=\"https:\/\/www.montceautriathlon.com\/blog\/wp-content\/uploads\/2019\/06\/IMG-20190617-WA0000001.jpg\" data-orig-size=\"1440,1080\" data-comments-opened=\"1\" data-image-meta=\"{&quot;aperture&quot;:&quot;0&quot;,&quot;credit&quot;:&quot;&quot;,&quot;camera&quot;:&quot;&quot;,&quot;caption&quot;:&quot;&quot;,&quot;created_timestamp&quot;:&quot;0&quot;,&quot;copyright&quot;:&quot;&quot;,&quot;focal_length&quot;:&quot;0&quot;,&quot;iso&quot;:&quot;0&quot;,&quot;shutter_speed&quot;:&quot;0&quot;,&quot;title&quot;:&quot;&quot;,&quot;orientation&quot;:&quot;0&quot;}\" data-image-title=\"IMG-20190617-WA0000001\" data-image-description=\"\" data-image-caption=\"\" data-medium-file=\"https:\/\/www.montceautriathlon.com\/blog\/wp-content\/uploads\/2019\/06\/IMG-20190617-WA0000001-300x225.jpg\" data-large-file=\"https:\/\/www.montceautriathlon.com\/blog\/wp-content\/uploads\/2019\/06\/IMG-20190617-WA0000001-1024x768.jpg\" loading=\"lazy\" class=\"alignnone size-medium wp-image-2948\" src=\"http:\/\/montceautriathlon.com\/blog\/wp-content\/uploads\/2019\/06\/IMG-20190617-WA0000001-300x225.jpg\" alt=\"\" width=\"300\" height=\"225\" srcset=\"https:\/\/www.montceautriathlon.com\/blog\/wp-content\/uploads\/2019\/06\/IMG-20190617-WA0000001-300x225.jpg 300w, https:\/\/www.montceautriathlon.com\/blog\/wp-content\/uploads\/2019\/06\/IMG-20190617-WA0000001-768x576.jpg 768w, https:\/\/www.montceautriathlon.com\/blog\/wp-content\/uploads\/2019\/06\/IMG-20190617-WA0000001-1024x768.jpg 1024w, https:\/\/www.montceautriathlon.com\/blog\/wp-content\/uploads\/2019\/06\/IMG-20190617-WA0000001.jpg 1440w\" sizes=\"(max-width: 300px) 100vw, 300px\" \/><\/a> <a href=\"http:\/\/montceautriathlon.com\/blog\/wp-content\/uploads\/2019\/06\/IMG-20190617-WA0001001.jpg\"><img data-attachment-id=\"2949\" data-permalink=\"https:\/\/www.montceautriathlon.com\/blog\/2019\/06\/18\/16-juin-2019-triathlon-vauban-la-citadelle-netait-pas-imprenable\/img-20190617-wa0001001\/\" data-orig-file=\"https:\/\/www.montceautriathlon.com\/blog\/wp-content\/uploads\/2019\/06\/IMG-20190617-WA0001001.jpg\" data-orig-size=\"1440,1080\" data-comments-opened=\"1\" data-image-meta=\"{&quot;aperture&quot;:&quot;0&quot;,&quot;credit&quot;:&quot;&quot;,&quot;camera&quot;:&quot;&quot;,&quot;caption&quot;:&quot;&quot;,&quot;created_timestamp&quot;:&quot;0&quot;,&quot;copyright&quot;:&quot;&quot;,&quot;focal_length&quot;:&quot;0&quot;,&quot;iso&quot;:&quot;0&quot;,&quot;shutter_speed&quot;:&quot;0&quot;,&quot;title&quot;:&quot;&quot;,&quot;orientation&quot;:&quot;0&quot;}\" data-image-title=\"IMG-20190617-WA0001001\" data-image-description=\"\" data-image-caption=\"\" data-medium-file=\"https:\/\/www.montceautriathlon.com\/blog\/wp-content\/uploads\/2019\/06\/IMG-20190617-WA0001001-300x225.jpg\" data-large-file=\"https:\/\/www.montceautriathlon.com\/blog\/wp-content\/uploads\/2019\/06\/IMG-20190617-WA0001001-1024x768.jpg\" loading=\"lazy\" class=\"size-medium wp-image-2949 alignright\" src=\"http:\/\/montceautriathlon.com\/blog\/wp-content\/uploads\/2019\/06\/IMG-20190617-WA0001001-300x225.jpg\" alt=\"\" width=\"300\" height=\"225\" srcset=\"https:\/\/www.montceautriathlon.com\/blog\/wp-content\/uploads\/2019\/06\/IMG-20190617-WA0001001-300x225.jpg 300w, https:\/\/www.montceautriathlon.com\/blog\/wp-content\/uploads\/2019\/06\/IMG-20190617-WA0001001-768x576.jpg 768w, https:\/\/www.montceautriathlon.com\/blog\/wp-content\/uploads\/2019\/06\/IMG-20190617-WA0001001-1024x768.jpg 1024w, https:\/\/www.montceautriathlon.com\/blog\/wp-content\/uploads\/2019\/06\/IMG-20190617-WA0001001.jpg 1440w\" sizes=\"(max-width: 300px) 100vw, 300px\" \/><\/a><\/p>\n<p>Julie Demorti\u00e8re a quant \u00e0 elle particip\u00e9 \u00e0 la course J6\/9ans et finit 12\u00e8me au scratch et 4\u00e8me Poussine.<\/p>\n<p>Tom Ghesqui\u00e8re, Aude Demorti\u00e8re et Antoine ballet se sont de leur c\u00f4t\u00e9 align\u00e9s sur le format XS :<br \/>\nTom 76\u00e8me au scratch en 46&rsquo;24 et _\u00e8me cadetM<br \/>\nAude 56\u00e8me scratch en 44&rsquo;36 et 2\u00e8me VEF<br \/>\nAntoine ayant du abandonner au d\u00e9part du v\u00e9lo pour des probl\u00e8mes m\u00e9caniques.<br \/>\nles r\u00e9sultats complets : <a href=\"http:\/\/https:\/\/www.chronopro.net\/wp-content\/uploads\/2019\/06\/xs_bes.pdf\">XS<\/a><\/p>\n","protected":false},"excerpt":{"rendered":"<p>Ce samedi \u00e9tait jour d\u00e9cisif pour notre \u00e9quipe f\u00e9minine de triathlon. C&rsquo;\u00e9tait la demi-finale zone Grand Est en vue de la finale nationale des clubs de division 3. Feraient elles aussi bien que l&rsquo;ann\u00e9e derni\u00e8re ? Trois \u00e9quipes seulement pouvaient se qualifier. Pari\u00a0 une nouvelle fois r\u00e9ussi et avec la mani\u00e8re au milieu de quelques [&hellip;]<\/p>\n","protected":false},"author":5,"featured_media":0,"comment_status":"open","ping_status":"open","sticky":false,"template":"","format":"standard","meta":{"spay_email":"","jetpack_publicize_message":"","jetpack_is_tweetstorm":false},"categories":[1],"tags":[],"jetpack_featured_media_url":"","jetpack_publicize_connections":[],"jetpack_sharing_enabled":true,"jetpack_shortlink":"https:\/\/wp.me\/p8bwIy-Ls","jetpack-related-posts":[{"id":1280,"url":"https:\/\/www.montceautriathlon.com\/blog\/2017\/05\/29\/12-finale-de-triathlon-d3-a-pont-audemer-dimanche-28-mai-2017\/","url_meta":{"origin":2942,"position":0},"title":"1\/2 finale de triathlon D3 \u00e0 Pont Audemer (Dimanche 28 mai 2017)","date":"29 mai 2017","format":false,"excerpt":"Apr\u00e8s s'\u00eatre qualifi\u00e9e \u00e0 Sens, l'\u00e9quipe compos\u00e9e de Ludivine et Maryl\u00e8ne LEQUIN ainsi que Marion RACLOT est all\u00e9e \u00e0 la demi finale \u00e0 Pont Audemer. Le d\u00e9part a \u00e9t\u00e9 donn\u00e9 ce dimanche matin \u00e0 8h35 \u00a0dans une eau \u00e0 22 degr\u00e9s (sans combinaison). Elles se sont alors \u00e9lanc\u00e9es sur 750\u2026","rel":"","context":"Dans &quot;Non class\u00e9&quot;","img":{"alt_text":"","src":"https:\/\/i1.wp.com\/www.montceautriathlon.com\/blog\/wp-content\/uploads\/2017\/05\/Triathlon_D3_PontAudemer_2017_2.jpg?resize=350%2C200&ssl=1","width":350,"height":200},"classes":[]},{"id":2178,"url":"https:\/\/www.montceautriathlon.com\/blog\/2018\/09\/18\/finale-d3-feminine-a-narbonne-recit-dune-belle-prestation-de-notre-equipe\/","url_meta":{"origin":2942,"position":1},"title":"Finale D3 f\u00e9minine \u00e0 Narbonne : r\u00e9cit d&rsquo;une belle prestation de notre \u00e9quipe.","date":"18 septembre 2018","format":false,"excerpt":"Apr\u00e8s avoir brillamment remport\u00e9 la demi-finale Grand Est de troisi\u00e8me division \u00e0 Besan\u00e7on en juin, l'\u00e9quipe f\u00e9minine de Montceau-Triathlon a particip\u00e9 ce week-end \u00e0 la finale. L'\u00e9preuve organis\u00e9e\u00a0 par le Club du Grand Narbonne Triathlon s'est d\u00e9roul\u00e9e \u00e0 Saint Pierre la Mer (11). Face aux meilleurs athl\u00e8tes de leur division\u2026","rel":"","context":"Dans &quot;Non class\u00e9&quot;","img":{"alt_text":"","src":"https:\/\/i0.wp.com\/montceautriathlon.com\/blog\/wp-content\/uploads\/2018\/09\/l\u00c3\u00a9quipe-au-complet-300x225.jpg?resize=350%2C200","width":350,"height":200},"classes":[]},{"id":2814,"url":"https:\/\/www.montceautriathlon.com\/blog\/2019\/05\/17\/12-mai-2019-triathlon-dautun-matin-chagrin\/","url_meta":{"origin":2942,"position":2},"title":"12 mai 2019, Triathlon d&rsquo;Autun : matin chagrin !","date":"17 mai 2019","format":false,"excerpt":"L'eau du plan d'eau du Vallon \u00e0 Autun \u00e9tait particuli\u00e8rement fraiche pour ne pas dire froide(proche des 10\u00b0 !) avec pour cons\u00e9quence la transformation du triathlon S en duathlon et de\u00a0 la premi\u00e8re \u00e9preuve (benjamines et minimes F)\u00a0 des demi-finales jeunes de triathlon zone grand Est qualificatives pour les Championnats\u2026","rel":"","context":"Dans &quot;Non class\u00e9&quot;","img":{"alt_text":"","src":"https:\/\/i1.wp.com\/montceautriathlon.com\/blog\/wp-content\/uploads\/2019\/05\/Autun-12-mai-300x225.jpg?resize=350%2C200","width":350,"height":200},"classes":[]},{"id":665,"url":"https:\/\/www.montceautriathlon.com\/blog\/2016\/06\/14\/triathlon-dautun-vu-par-marylene-12-juin-2016\/","url_meta":{"origin":2942,"position":3},"title":"Triathlon d&rsquo;Autun vu par Maryl\u00e8ne (12 juin 2016)","date":"14 juin 2016","format":false,"excerpt":"Ce dimanche avait lieu le triathlon d'Autun support des championnat de bourgogne: cadet\/junior sur le S et senior\/v\u00e9t\u00e9rans sur le M. En ce qui concerne le S le d\u00e9part \u00e9tait diff\u00e9r\u00e9 de 3 minutes pour les f\u00e9minines. Maryl\u00e8ne LEQUIN sort en t\u00eate de l'eau devant sa s\u0153ur 4\u00e8me apr\u00e8s une\u2026","rel":"","context":"Dans &quot;slide show&quot;","img":{"alt_text":"","src":"https:\/\/i1.wp.com\/www.montceautriathlon.com\/blog\/wp-content\/uploads\/2016\/06\/20160612_185224.jpg?resize=350%2C200&ssl=1","width":350,"height":200},"classes":[]},{"id":1927,"url":"https:\/\/www.montceautriathlon.com\/blog\/2018\/04\/30\/triathlon-metal-valley-montbard-29-04-2018\/","url_meta":{"origin":2942,"position":4},"title":"Triathlon M\u00e9tal Valley MONTBARD 29\/04\/2018","date":"30 avril 2018","format":false,"excerpt":"Une forte et jeune \u00e9quipe du club s'est d\u00e9plac\u00e9e ce week-end \u00e0 Montbard. Une belle colonie de benjamin(e)s et de pupilles avec pour certains leur premier vrai triathlon. De beaux r\u00e9sultats ! Mention sp\u00e9ciale \u00e0 Marius Grivault 3\u00e8me Benjamin sur le XS avec une belle 16\u00e8me place au scratch sur\u2026","rel":"","context":"Dans &quot;Non class\u00e9&quot;","img":{"alt_text":"","src":"","width":0,"height":0},"classes":[]},{"id":906,"url":"https:\/\/www.montceautriathlon.com\/blog\/2016\/10\/12\/coupe-de-france-de-triathlon-et-duathlon-a-la-roche-sur-yon-0809-octobre-2016\/","url_meta":{"origin":2942,"position":5},"title":"Coupe de France de Triathlon et Duathlon \u00e0 La Roche-sur-Yon (08&#038;09 octobre 2016)","date":"12 octobre 2016","format":false,"excerpt":"La coupe de France des clubs s'est d\u00e9roul\u00e9e cette ann\u00e9e \u00e0 la Roche-sur-Yon. 3 \u00e9quipes ont fait le d\u00e9placement. Une \u00e9quipe de Triathlon f\u00e9minin, une \u00e9quipe de Duathlon f\u00e9minin et une \u00e9quipe jeune. L'\u00e9quipe de Triathlon compos\u00e9e de Nicole Lukowitz, Sophie Rousseau, Fabienne Vaudelin et H\u00e9l\u00e8ne Touillon a ouvert le\u2026","rel":"","context":"Dans &quot;Non class\u00e9&quot;","img":{"alt_text":"","src":"","width":0,"height":0},"classes":[]}],"_links":{"self":[{"href":"https:\/\/www.montceautriathlon.com\/blog\/wp-json\/wp\/v2\/posts\/2942"}],"collection":[{"href":"https:\/\/www.montceautriathlon.com\/blog\/wp-json\/wp\/v2\/posts"}],"about":[{"href":"https:\/\/www.montceautriathlon.com\/blog\/wp-json\/wp\/v2\/types\/post"}],"author":[{"embeddable":true,"href":"https:\/\/www.montceautriathlon.com\/blog\/wp-json\/wp\/v2\/users\/5"}],"replies":[{"embeddable":true,"href":"https:\/\/www.montceautriathlon.com\/blog\/wp-json\/wp\/v2\/comments?post=2942"}],"version-history":[{"count":3,"href":"https:\/\/www.montceautriathlon.com\/blog\/wp-json\/wp\/v2\/posts\/2942\/revisions"}],"predecessor-version":[{"id":2953,"href":"https:\/\/www.montceautriathlon.com\/blog\/wp-json\/wp\/v2\/posts\/2942\/revisions\/2953"}],"wp:attachment":[{"href":"https:\/\/www.montceautriathlon.com\/blog\/wp-json\/wp\/v2\/media?parent=2942"}],"wp:term":[{"taxonomy":"category","embeddable":true,"href":"https:\/\/www.montceautriathlon.com\/blog\/wp-json\/wp\/v2\/categories?post=2942"},{"taxonomy":"post_tag","embeddable":true,"href":"https:\/\/www.montceautriathlon.com\/blog\/wp-json\/wp\/v2\/tags?post=2942"}],"curies":[{"name":"wp","href":"https:\/\/api.w.org\/{rel}","templated":true}]}}