{"id":2792,"date":"2019-05-07T09:42:47","date_gmt":"2019-05-07T08:42:47","guid":{"rendered":"http:\/\/montceautriathlon.com\/blog\/?p=2792"},"modified":"2019-05-07T09:42:47","modified_gmt":"2019-05-07T08:42:47","slug":"1516-et-17-avril-petit-retour-sur-le-stage-ligue-a-macon","status":"publish","type":"post","link":"https:\/\/www.montceautriathlon.com\/blog\/2019\/05\/07\/1516-et-17-avril-petit-retour-sur-le-stage-ligue-a-macon\/","title":{"rendered":"15,16 et 17 avril : petit retour sur le stage Ligue  \u00e0 M\u00e2con"},"content":{"rendered":"<p><a href=\"http:\/\/montceautriathlon.com\/blog\/wp-content\/uploads\/2019\/05\/1555362719.jpg\"><img data-attachment-id=\"2793\" data-permalink=\"https:\/\/www.montceautriathlon.com\/blog\/2019\/05\/07\/1516-et-17-avril-petit-retour-sur-le-stage-ligue-a-macon\/attachment\/1555362719\/\" data-orig-file=\"https:\/\/www.montceautriathlon.com\/blog\/wp-content\/uploads\/2019\/05\/1555362719.jpg\" data-orig-size=\"600,274\" data-comments-opened=\"1\" data-image-meta=\"{&quot;aperture&quot;:&quot;0&quot;,&quot;credit&quot;:&quot;&quot;,&quot;camera&quot;:&quot;&quot;,&quot;caption&quot;:&quot;&quot;,&quot;created_timestamp&quot;:&quot;0&quot;,&quot;copyright&quot;:&quot;&quot;,&quot;focal_length&quot;:&quot;0&quot;,&quot;iso&quot;:&quot;0&quot;,&quot;shutter_speed&quot;:&quot;0&quot;,&quot;title&quot;:&quot;&quot;,&quot;orientation&quot;:&quot;0&quot;}\" data-image-title=\"1555362719\" data-image-description=\"\" data-image-caption=\"\" data-medium-file=\"https:\/\/www.montceautriathlon.com\/blog\/wp-content\/uploads\/2019\/05\/1555362719-300x137.jpg\" data-large-file=\"https:\/\/www.montceautriathlon.com\/blog\/wp-content\/uploads\/2019\/05\/1555362719.jpg\" loading=\"lazy\" class=\"size-medium wp-image-2793 alignleft\" src=\"http:\/\/montceautriathlon.com\/blog\/wp-content\/uploads\/2019\/05\/1555362719-300x137.jpg\" alt=\"\" width=\"300\" height=\"137\" srcset=\"https:\/\/www.montceautriathlon.com\/blog\/wp-content\/uploads\/2019\/05\/1555362719-300x137.jpg 300w, https:\/\/www.montceautriathlon.com\/blog\/wp-content\/uploads\/2019\/05\/1555362719.jpg 600w\" sizes=\"(max-width: 300px) 100vw, 300px\" \/><\/a>Huit jeunes du club(Marius, Marine, Zo\u00e9, No\u00e9mie, Neige, Camille, Jeanne, El\u00e9a, Antonin inscrit mais malade, n&rsquo;a pu accompagner ses camarades.) ont particip\u00e9 pendant les vacances scolaires \u00e0 un stage d&rsquo;entrainement et de perfectionnement \u00e0 M\u00e2con.<\/p>\n<p>L&rsquo;encadrement \u00e9tait assur\u00e9 pour la trentaine de jeunes pr\u00e9sents par\u00a0 Manu Duthoit (ctl), Romain Antoine (ctl adjoint), un stagiaire DEJEPS et BF4, Sophie, et les m\u00e2connais pour le v\u00e9lo de route.<br \/>\n<strong>le programme :<\/strong><br \/>\nMatin: natation 8\/10h + CAP 10h30\/12h, V\u00e9lo de route pour les minimes ou vtt pour les plus petits l&rsquo; apr\u00e8s-midi de 14h \u00e0 17h,<br \/>\njeux co (basket\/foot) les soirs de 20h \u00e0 21h30.<\/p>\n<p>Un stage intense (surtout la piscine \u00e0 8h le matin !) mais qui s&rsquo;est bien bien d\u00e9roul\u00e9. Des jeunes assidus (m\u00eame si le r\u00e9veil \u00e0 7h \u00e9tait un peu dur (pour Camille et No\u00e9mie surtout&#8230;)et apparemment\u00a0 bien contents de leurs trois jours pass\u00e9s \u00e0 M\u00e2con.<\/p>\n","protected":false},"excerpt":{"rendered":"<p>Huit jeunes du club(Marius, Marine, Zo\u00e9, No\u00e9mie, Neige, Camille, Jeanne, El\u00e9a, Antonin inscrit mais malade, n&rsquo;a pu accompagner ses camarades.) ont particip\u00e9 pendant les vacances scolaires \u00e0 un stage d&rsquo;entrainement et de perfectionnement \u00e0 M\u00e2con. L&rsquo;encadrement \u00e9tait assur\u00e9 pour la trentaine de jeunes pr\u00e9sents par\u00a0 Manu Duthoit (ctl), Romain Antoine (ctl adjoint), un stagiaire DEJEPS [&hellip;]<\/p>\n","protected":false},"author":5,"featured_media":0,"comment_status":"open","ping_status":"open","sticky":false,"template":"","format":"standard","meta":{"spay_email":"","jetpack_publicize_message":"","jetpack_is_tweetstorm":false},"categories":[1],"tags":[],"jetpack_featured_media_url":"","jetpack_publicize_connections":[],"jetpack_sharing_enabled":true,"jetpack_shortlink":"https:\/\/wp.me\/p8bwIy-J2","jetpack-related-posts":[{"id":4300,"url":"https:\/\/www.montceautriathlon.com\/blog\/2021\/07\/05\/montceau-triathlon-sur-tous-les-fronts\/","url_meta":{"origin":2792,"position":0},"title":"Montceau Triathlon sur tous les fronts !","date":"5 juillet 2021","format":false,"excerpt":"Ce week-end du 4 juillet, les couleurs du club auront brill\u00e9 de Xonrupt, \u00e0 M\u00e2con en passant par Gu\u00e9ret et les Sable d'Olonne. Des jeunes, des relais, du half Iron man, de l'Xterra, du swimrun, du duathlon, du CLM par \u00e9quipe. Toute la diversit\u00e9 des disciplines encha\u00een\u00e9es port\u00e9e par nos\u2026","rel":"","context":"Dans &quot;Non class\u00e9&quot;","img":{"alt_text":"","src":"https:\/\/i2.wp.com\/www.montceautriathlon.com\/blog\/wp-content\/uploads\/2021\/07\/IMG-20210703-WA0010.jpg?resize=350%2C200&ssl=1","width":350,"height":200},"classes":[]},{"id":2621,"url":"https:\/\/www.montceautriathlon.com\/blog\/2019\/02\/23\/tests-class-triathlon-a-montceau-ce-17-fevrier-des-jeunes-vraiment-pas-a-louest\/","url_meta":{"origin":2792,"position":1},"title":"Tests Class Triathlon \u00e0 Montceau ce 17 f\u00e9vrier : des jeunes vraiment pas \u00e0 l&rsquo;Ouest !","date":"23 f\u00e9vrier 2019","format":false,"excerpt":"\u00a0 Trente jeunes des clubs de M\u00e2con, Autun, Bourbon et Montceau (Tom, Th\u00e9o, Nicolas, Marine, Marius, Jeanne, Hugo, Antonin, Neige, Camille, No\u00e9mie, Robin, Zo\u00e9) ont pass\u00e9 les tests du Classtriathlon ce dimanche 17 f\u00e9vrier sous un beau soleil et dans le calme de la piscine qui leur \u00e9tait enti\u00e8rement d\u00e9di\u00e9e.\u2026","rel":"","context":"Dans &quot;Non class\u00e9&quot;","img":{"alt_text":"","src":"https:\/\/i2.wp.com\/montceautriathlon.com\/blog\/wp-content\/uploads\/2019\/02\/classtri-nata-2-300x200.jpg?resize=350%2C200","width":350,"height":200},"classes":[]},{"id":5031,"url":"https:\/\/www.montceautriathlon.com\/blog\/2022\/05\/10\/championnat-de-france-jeunes-de-duathlon-a-chateauroux-une-nouvelle-bonne-experience-malgre-la-deception\/","url_meta":{"origin":2792,"position":2},"title":"Championnat de France jeunes de duathlon \u00e0 Ch\u00e2teauroux : une nouvelle bonne exp\u00e9rience malgr\u00e9 la d\u00e9ception.","date":"10 mai 2022","format":false,"excerpt":"Ce week-end \u00e0 Ch\u00e2teauroux, Jeanne Rondier se lan\u00e7ait sur ses deuxi\u00e8mes championnats de France minime de duathlon apr\u00e8s s'\u00eatre qualifi\u00e9e il y a peu \u00e0 M\u00e2con lors des s\u00e9lections r\u00e9gionales. Un niveau tr\u00e8s relev\u00e9 auquel est venu s'ajouter les premi\u00e8res chaleurs de la saison. Jeanne a bien n\u00e9goci\u00e9 le premier\u2026","rel":"","context":"Dans &quot;Non class\u00e9&quot;","img":{"alt_text":"","src":"https:\/\/i2.wp.com\/www.montceautriathlon.com\/blog\/wp-content\/uploads\/2022\/05\/IMG-20220508-WA0010.jpg?resize=350%2C200&ssl=1","width":350,"height":200},"classes":[]},{"id":1800,"url":"https:\/\/www.montceautriathlon.com\/blog\/2018\/03\/13\/stage-jeunes-du-cub-vacances-de-fevrier\/","url_meta":{"origin":2792,"position":3},"title":"stage jeunes du club vacances de f\u00e9vrier","date":"13 mars 2018","format":false,"excerpt":"Petit retour sur les vacances, Nos petits loulous ne se sont pas repos\u00e9s tous les jours durant leurs vacances puisque le vendredi 23 f\u00e9vrier et le samedi 24 f\u00e9vrier ils \u00e9taient convi\u00e9s \u00e0 passer leurs journ\u00e9es \u00e0 l'entra\u00eenement mais pas seulement...\u00a0 C'\u00e9tait aussi un moment pour se retrouver entre copains\u2026","rel":"","context":"Dans &quot;Non class\u00e9&quot;","img":{"alt_text":"","src":"","width":0,"height":0},"classes":[]},{"id":6978,"url":"https:\/\/www.montceautriathlon.com\/blog\/2024\/07\/16\/dernier-week-end-de-juin-les-montcelliens-sur-tous-les-fronts\/","url_meta":{"origin":2792,"position":4},"title":"Dernier Week end de juin: les montcelliens sur tous les fronts","date":"16 juillet 2024","format":false,"excerpt":"Les triathl\u00e8tes montcelliens \u00e9taient pour ce dernier week end de juin sur tous les fronts. Une grosse d\u00e9l\u00e9gation \u00e9tait \u00e0 Saint Point pour le triathlon organis\u00e9 pour Macon Triathlon. Nos 2 jeunes \"com\" Sarah et Charline \u00e9taient aux Sables d'Olonnes pour participer \u00e0 leur 1r Half IronMan, et Sandrine et\u2026","rel":"","context":"Dans &quot;Non class\u00e9&quot;","img":{"alt_text":"","src":"https:\/\/i1.wp.com\/www.montceautriathlon.com\/blog\/wp-content\/uploads\/2024\/07\/449702059_1145090549865001_8425172857938717631_n.jpg?resize=350%2C200&ssl=1","width":350,"height":200},"classes":[]},{"id":4839,"url":"https:\/\/www.montceautriathlon.com\/blog\/2022\/02\/08\/class-triathlon-a-montceau-la-classe\/","url_meta":{"origin":2792,"position":5},"title":"Class Triathlon \u00e0 Montceau : la classe !","date":"8 f\u00e9vrier 2022","format":false,"excerpt":"Ce dimanche 6 f\u00e9vrier, le club avait invit\u00e9 ses homologues du d\u00e9partement \u00e0 venir tester ses benjamin(e)s, minime()s, cadet(te)s et junior(e)s sur la piste le matin et \u00e0 la piscine l'apr\u00e8s-midi. Les clubs de Bourbon, Autun, Chalon et M\u00e2con sont donc venus se mesurer aux jeunes montcelliens et v\u00e9rifier avec\u2026","rel":"","context":"Dans &quot;Non class\u00e9&quot;","img":{"alt_text":"","src":"https:\/\/i0.wp.com\/www.montceautriathlon.com\/blog\/wp-content\/uploads\/2022\/02\/78F8B5EE-C417-4E6D-A52F-E1D0C5BF82BB.jpg?resize=350%2C200&ssl=1","width":350,"height":200},"classes":[]}],"_links":{"self":[{"href":"https:\/\/www.montceautriathlon.com\/blog\/wp-json\/wp\/v2\/posts\/2792"}],"collection":[{"href":"https:\/\/www.montceautriathlon.com\/blog\/wp-json\/wp\/v2\/posts"}],"about":[{"href":"https:\/\/www.montceautriathlon.com\/blog\/wp-json\/wp\/v2\/types\/post"}],"author":[{"embeddable":true,"href":"https:\/\/www.montceautriathlon.com\/blog\/wp-json\/wp\/v2\/users\/5"}],"replies":[{"embeddable":true,"href":"https:\/\/www.montceautriathlon.com\/blog\/wp-json\/wp\/v2\/comments?post=2792"}],"version-history":[{"count":1,"href":"https:\/\/www.montceautriathlon.com\/blog\/wp-json\/wp\/v2\/posts\/2792\/revisions"}],"predecessor-version":[{"id":2794,"href":"https:\/\/www.montceautriathlon.com\/blog\/wp-json\/wp\/v2\/posts\/2792\/revisions\/2794"}],"wp:attachment":[{"href":"https:\/\/www.montceautriathlon.com\/blog\/wp-json\/wp\/v2\/media?parent=2792"}],"wp:term":[{"taxonomy":"category","embeddable":true,"href":"https:\/\/www.montceautriathlon.com\/blog\/wp-json\/wp\/v2\/categories?post=2792"},{"taxonomy":"post_tag","embeddable":true,"href":"https:\/\/www.montceautriathlon.com\/blog\/wp-json\/wp\/v2\/tags?post=2792"}],"curies":[{"name":"wp","href":"https:\/\/api.w.org\/{rel}","templated":true}]}}