{"id":2779,"date":"2019-04-29T14:14:54","date_gmt":"2019-04-29T13:14:54","guid":{"rendered":"http:\/\/montceautriathlon.com\/blog\/?p=2779"},"modified":"2019-04-29T14:14:54","modified_gmt":"2019-04-29T13:14:54","slug":"28-04-19-montbard-debut-de-la-saison-triathlon-top-depart","status":"publish","type":"post","link":"https:\/\/www.montceautriathlon.com\/blog\/2019\/04\/29\/28-04-19-montbard-debut-de-la-saison-triathlon-top-depart\/","title":{"rendered":"28\/04\/19, Montbard : d\u00e9but de la saison triathlon. Top D\u00e9part !"},"content":{"rendered":"<p><a href=\"http:\/\/montceautriathlon.com\/blog\/wp-content\/uploads\/2019\/04\/photo-bien-public.jpg\"><img data-attachment-id=\"2781\" data-permalink=\"https:\/\/www.montceautriathlon.com\/blog\/2019\/04\/29\/28-04-19-montbard-debut-de-la-saison-triathlon-top-depart\/photo-bien-public\/\" data-orig-file=\"https:\/\/www.montceautriathlon.com\/blog\/wp-content\/uploads\/2019\/04\/photo-bien-public.jpg\" data-orig-size=\"940,620\" data-comments-opened=\"1\" data-image-meta=\"{&quot;aperture&quot;:&quot;0&quot;,&quot;credit&quot;:&quot;&quot;,&quot;camera&quot;:&quot;&quot;,&quot;caption&quot;:&quot;&quot;,&quot;created_timestamp&quot;:&quot;0&quot;,&quot;copyright&quot;:&quot;&quot;,&quot;focal_length&quot;:&quot;0&quot;,&quot;iso&quot;:&quot;0&quot;,&quot;shutter_speed&quot;:&quot;0&quot;,&quot;title&quot;:&quot;&quot;,&quot;orientation&quot;:&quot;0&quot;}\" data-image-title=\"photo bien public\" data-image-description=\"\" data-image-caption=\"\" data-medium-file=\"https:\/\/www.montceautriathlon.com\/blog\/wp-content\/uploads\/2019\/04\/photo-bien-public-300x198.jpg\" data-large-file=\"https:\/\/www.montceautriathlon.com\/blog\/wp-content\/uploads\/2019\/04\/photo-bien-public.jpg\" loading=\"lazy\" class=\"size-medium wp-image-2781 alignleft\" src=\"http:\/\/montceautriathlon.com\/blog\/wp-content\/uploads\/2019\/04\/photo-bien-public-300x198.jpg\" alt=\"\" width=\"300\" height=\"198\" srcset=\"https:\/\/www.montceautriathlon.com\/blog\/wp-content\/uploads\/2019\/04\/photo-bien-public-300x198.jpg 300w, https:\/\/www.montceautriathlon.com\/blog\/wp-content\/uploads\/2019\/04\/photo-bien-public-768x507.jpg 768w, https:\/\/www.montceautriathlon.com\/blog\/wp-content\/uploads\/2019\/04\/photo-bien-public.jpg 940w\" sizes=\"(max-width: 300px) 100vw, 300px\" \/><\/a>360 triathl\u00e8tes sont venus braver la m\u00e9t\u00e9o plus que maussade et les eaux fraiches du canal pour ce premier triathlon de la saison et parmi eux\u00a0 un \u00e9quipage f\u00e9minin\u00a0 et huit jeunes de l&rsquo;\u00e9cole de triathlon. Et des podiums \u00e0 la cl\u00e9 !<\/p>\n<p><a href=\"http:\/\/montceautriathlon.com\/blog\/wp-content\/uploads\/2019\/04\/Lulu-montbard.jpg\"><img data-attachment-id=\"2780\" data-permalink=\"https:\/\/www.montceautriathlon.com\/blog\/2019\/04\/29\/28-04-19-montbard-debut-de-la-saison-triathlon-top-depart\/lulu-montbard\/\" data-orig-file=\"https:\/\/www.montceautriathlon.com\/blog\/wp-content\/uploads\/2019\/04\/Lulu-montbard.jpg\" data-orig-size=\"940,620\" data-comments-opened=\"1\" data-image-meta=\"{&quot;aperture&quot;:&quot;0&quot;,&quot;credit&quot;:&quot;&quot;,&quot;camera&quot;:&quot;&quot;,&quot;caption&quot;:&quot;&quot;,&quot;created_timestamp&quot;:&quot;0&quot;,&quot;copyright&quot;:&quot;&quot;,&quot;focal_length&quot;:&quot;0&quot;,&quot;iso&quot;:&quot;0&quot;,&quot;shutter_speed&quot;:&quot;0&quot;,&quot;title&quot;:&quot;&quot;,&quot;orientation&quot;:&quot;0&quot;}\" data-image-title=\"Lulu montbard\" data-image-description=\"\" data-image-caption=\"\" data-medium-file=\"https:\/\/www.montceautriathlon.com\/blog\/wp-content\/uploads\/2019\/04\/Lulu-montbard-300x198.jpg\" data-large-file=\"https:\/\/www.montceautriathlon.com\/blog\/wp-content\/uploads\/2019\/04\/Lulu-montbard.jpg\" loading=\"lazy\" class=\"alignnone size-medium wp-image-2780\" src=\"http:\/\/montceautriathlon.com\/blog\/wp-content\/uploads\/2019\/04\/Lulu-montbard-300x198.jpg\" alt=\"\" width=\"300\" height=\"198\" srcset=\"https:\/\/www.montceautriathlon.com\/blog\/wp-content\/uploads\/2019\/04\/Lulu-montbard-300x198.jpg 300w, https:\/\/www.montceautriathlon.com\/blog\/wp-content\/uploads\/2019\/04\/Lulu-montbard-768x507.jpg 768w, https:\/\/www.montceautriathlon.com\/blog\/wp-content\/uploads\/2019\/04\/Lulu-montbard.jpg 940w\" sizes=\"(max-width: 300px) 100vw, 300px\" \/><\/a><br \/>\nles r\u00e9sultats ci-dessous :<br \/>\n<strong><em>tri S\u00a0 : 161 class\u00e9s<\/em><\/strong><\/p>\n<ul>\n<li><strong>Ludivine Lequin\u00a0 61\u00e8me scratch 1h13&rsquo;06\u00a0\u00bb\u00a0\u00a0\u00a0\u00a0 3\u00e8me FJu<\/strong><\/li>\n<li>Marion Raclot\u00a0 66\u00e8me scratch\u00a0 1h13&rsquo;48\u00a0\u00bb\u00a0\u00a0\u00a0\u00a0\u00a0\u00a0\u00a0\u00a0\u00a0\u00a0\u00a0 6\u00e8me FSe<\/li>\n<li>Maryl\u00e8ne Lequin\u00a0 79\u00e8me scratch\u00a0 1h16&rsquo;37\u00a0\u00bb\u00a0\u00a0\u00a0\u00a0\u00a0 10\u00e8me FSe<\/li>\n<li><strong>Aude Demorti\u00e8re\u00a0 93\u00e8me scratch 1h20&rsquo;30\u00a0\u00bb \u00a0 2\u00e8me FMas<\/strong><\/li>\n<\/ul>\n<p><strong><em>tri XS : 98 class\u00e9s<\/em><\/strong><\/p>\n<ul>\n<li>Marius Grivault\u00a0 12\u00e8me scratch\u00a0 36&rsquo;37\u00a0\u00bb\u00a0\u00a0\u00a0\u00a0 5\u00e8me Mmin<\/li>\n<li><strong>Antoine Ballet 14\u00e8me scratch\u00a0 36&rsquo;45\u00a0\u00bb \u00a0 2\u00e8me MBj<\/strong><\/li>\n<li>Marine Da Eira 33\u00e8me scratch 39&rsquo;38\u00a0\u00bb\u00a0\u00a0\u00a0\u00a0\u00a0\u00a0\u00a0 4\u00e8me Fmin<\/li>\n<li>Jules Gouraud 34\u00e8me scratch 39&rsquo;41\u00a0\u00bb \u00a0 \u00a0 \u00a0\u00a0 8\u00e8me M Bj<\/li>\n<\/ul>\n<p><em><strong>tri J1 : 23 class\u00e9s<\/strong><\/em><\/p>\n<ul>\n<li><strong>Zo\u00e9 Da Eira 16\u00e8me scratch 14&rsquo;18\u00a0\u00bb \u00a0 \u00a0 \u00a0 \u00a0 2\u00e8me Fpup<\/strong><\/li>\n<li><strong>Lou Grivault 19\u00e8me scratch 15&rsquo;11\u00a0\u00bb\u00a0\u00a0\u00a0\u00a0\u00a0\u00a0\u00a0 3\u00e8me Fpup<\/strong><\/li>\n<li><strong>Julie Demorti\u00e8re 20\u00e8me scratch 15&rsquo;15\u00a0\u00bb 2\u00e8me F pous<\/strong><\/li>\n<li><strong>Axelle Da Eira 22\u00e8me scratch 16&rsquo;12\u00a0\u00bb\u00a0\u00a0\u00a0\u00a0\u00a0 3\u00e8me Fpous<\/strong><\/li>\n<\/ul>\n","protected":false},"excerpt":{"rendered":"<p>360 triathl\u00e8tes sont venus braver la m\u00e9t\u00e9o plus que maussade et les eaux fraiches du canal pour ce premier triathlon de la saison et parmi eux\u00a0 un \u00e9quipage f\u00e9minin\u00a0 et huit jeunes de l&rsquo;\u00e9cole de triathlon. Et des podiums \u00e0 la cl\u00e9 ! les r\u00e9sultats ci-dessous : tri S\u00a0 : 161 class\u00e9s Ludivine Lequin\u00a0 61\u00e8me [&hellip;]<\/p>\n","protected":false},"author":5,"featured_media":0,"comment_status":"open","ping_status":"open","sticky":false,"template":"","format":"standard","meta":{"spay_email":"","jetpack_publicize_message":"","jetpack_is_tweetstorm":false},"categories":[1],"tags":[],"jetpack_featured_media_url":"","jetpack_publicize_connections":[],"jetpack_sharing_enabled":true,"jetpack_shortlink":"https:\/\/wp.me\/p8bwIy-IP","jetpack-related-posts":[{"id":2663,"url":"https:\/\/www.montceautriathlon.com\/blog\/2019\/03\/26\/24-03-19-duathlon-de-macon-debut-de-saison-et-plein-demotions\/","url_meta":{"origin":2779,"position":0},"title":"24\/03\/19, Duathlon de M\u00e2con : d\u00e9but de saison et plein d&rsquo;\u00e9motions !","date":"26 mars 2019","format":false,"excerpt":"M\u00e2con \u00e9tait ce dimanche lieu des Championnats de Bourgogne Franche Comt\u00e9 de Duathlon toutes cat\u00e9gories et \u00e9preuve s\u00e9lective au Championnat de France de Duathlon Jeunes,\u00a0 \u00e0 la Coupe de France des clubs et \u00e0 la demi-finale des championnats de France de D2 f\u00e9minine et D3 masculine. Le printemps et son\u2026","rel":"","context":"Dans &quot;Non class\u00e9&quot;","img":{"alt_text":"","src":"https:\/\/i0.wp.com\/montceautriathlon.com\/blog\/wp-content\/uploads\/2019\/03\/Duathlon-Macon-03-19-38-300x225.jpg?resize=350%2C200","width":350,"height":200},"classes":[]},{"id":857,"url":"https:\/\/www.montceautriathlon.com\/blog\/2016\/09\/27\/resultat-du-premier-triathlon-de-seurre-26-septembre-2016\/","url_meta":{"origin":2779,"position":1},"title":"R\u00e9sultat du premier triathlon de Seurre (25 septembre 2016)","date":"27 septembre 2016","format":false,"excerpt":"Seurre premier triathlon r\u00e9ussi pour ce jeune club. Bravo \u00e0 eux\u00a0! Le matin, le seul jeune du club Marius GRIVAULT s\u2019est \u00e9lanc\u00e9 pour nager dans la Sa\u00f4ne d\u2019o\u00f9 il s\u2019est extrait en premier. Puis un tour \u00e0 v\u00e9lo dans la ville de Seurre o\u00f9 il \u00e9tait encore en t\u00eate\u2026 Enfin\u2026","rel":"","context":"Dans &quot;Non class\u00e9&quot;","img":{"alt_text":"","src":"","width":0,"height":0},"classes":[]},{"id":2814,"url":"https:\/\/www.montceautriathlon.com\/blog\/2019\/05\/17\/12-mai-2019-triathlon-dautun-matin-chagrin\/","url_meta":{"origin":2779,"position":2},"title":"12 mai 2019, Triathlon d&rsquo;Autun : matin chagrin !","date":"17 mai 2019","format":false,"excerpt":"L'eau du plan d'eau du Vallon \u00e0 Autun \u00e9tait particuli\u00e8rement fraiche pour ne pas dire froide(proche des 10\u00b0 !) avec pour cons\u00e9quence la transformation du triathlon S en duathlon et de\u00a0 la premi\u00e8re \u00e9preuve (benjamines et minimes F)\u00a0 des demi-finales jeunes de triathlon zone grand Est qualificatives pour les Championnats\u2026","rel":"","context":"Dans &quot;Non class\u00e9&quot;","img":{"alt_text":"","src":"https:\/\/i1.wp.com\/montceautriathlon.com\/blog\/wp-content\/uploads\/2019\/05\/Autun-12-mai-300x225.jpg?resize=350%2C200","width":350,"height":200},"classes":[]},{"id":2020,"url":"https:\/\/www.montceautriathlon.com\/blog\/2018\/06\/25\/cap-a-lest-ces-23-et-24-juin-triathlon-de-st-point25-annecy74-et-xterra-switzerland\/","url_meta":{"origin":2779,"position":3},"title":"Cap \u00e0 l&rsquo;Est ces 23 et 24 juin ! Triathlon de St Point(25), Annecy(74) et Xterra Switzerland !","date":"25 juin 2018","format":false,"excerpt":"Belle performance au triathlon XTerra des Charbonni\u00e8res en Suisse ce samedi 23 juin d'Olivier Grivault au d\u00e9part de la formule light (S).\u00a0 \"Un parcours VTT tr\u00e8s technique o\u00f9 il faut dominer son appr\u00e9hension\"\u00a0 1h34'47\" 19\u00e8me scratch et 5\u00e8me VEM ! Bravo Olivier ! Triathlon du Lac de St Point\u00a0 pr\u00e8s\u2026","rel":"","context":"Dans &quot;Non class\u00e9&quot;","img":{"alt_text":"","src":"","width":0,"height":0},"classes":[]},{"id":3201,"url":"https:\/\/www.montceautriathlon.com\/blog\/2019\/09\/24\/22-09-19triathlon-de-seurre-un-contre-la-montre-presqua-lheure\/","url_meta":{"origin":2779,"position":4},"title":"22\/09\/19,triathlon de Seurre : un contre la montre presqu&rsquo;\u00e0 l&rsquo;heure !","date":"24 septembre 2019","format":false,"excerpt":"Une petite dizaine de jeunes de l'\u00e9cole de triathlon ont r\u00e9pondu pr\u00e9sents sur les courses J1, J2 et XS ainsi que 6 adultes sur la course S en contre la montre. De bons r\u00e9sultats dans l'ensemble. Marion et Ludivine (et 1\u00e8re JUF) sur le podium f\u00e9minin, Marius et Antoine ratent\u2026","rel":"","context":"Dans &quot;Non class\u00e9&quot;","img":{"alt_text":"","src":"","width":0,"height":0},"classes":[]},{"id":1927,"url":"https:\/\/www.montceautriathlon.com\/blog\/2018\/04\/30\/triathlon-metal-valley-montbard-29-04-2018\/","url_meta":{"origin":2779,"position":5},"title":"Triathlon M\u00e9tal Valley MONTBARD 29\/04\/2018","date":"30 avril 2018","format":false,"excerpt":"Une forte et jeune \u00e9quipe du club s'est d\u00e9plac\u00e9e ce week-end \u00e0 Montbard. Une belle colonie de benjamin(e)s et de pupilles avec pour certains leur premier vrai triathlon. De beaux r\u00e9sultats ! Mention sp\u00e9ciale \u00e0 Marius Grivault 3\u00e8me Benjamin sur le XS avec une belle 16\u00e8me place au scratch sur\u2026","rel":"","context":"Dans &quot;Non class\u00e9&quot;","img":{"alt_text":"","src":"","width":0,"height":0},"classes":[]}],"_links":{"self":[{"href":"https:\/\/www.montceautriathlon.com\/blog\/wp-json\/wp\/v2\/posts\/2779"}],"collection":[{"href":"https:\/\/www.montceautriathlon.com\/blog\/wp-json\/wp\/v2\/posts"}],"about":[{"href":"https:\/\/www.montceautriathlon.com\/blog\/wp-json\/wp\/v2\/types\/post"}],"author":[{"embeddable":true,"href":"https:\/\/www.montceautriathlon.com\/blog\/wp-json\/wp\/v2\/users\/5"}],"replies":[{"embeddable":true,"href":"https:\/\/www.montceautriathlon.com\/blog\/wp-json\/wp\/v2\/comments?post=2779"}],"version-history":[{"count":2,"href":"https:\/\/www.montceautriathlon.com\/blog\/wp-json\/wp\/v2\/posts\/2779\/revisions"}],"predecessor-version":[{"id":2783,"href":"https:\/\/www.montceautriathlon.com\/blog\/wp-json\/wp\/v2\/posts\/2779\/revisions\/2783"}],"wp:attachment":[{"href":"https:\/\/www.montceautriathlon.com\/blog\/wp-json\/wp\/v2\/media?parent=2779"}],"wp:term":[{"taxonomy":"category","embeddable":true,"href":"https:\/\/www.montceautriathlon.com\/blog\/wp-json\/wp\/v2\/categories?post=2779"},{"taxonomy":"post_tag","embeddable":true,"href":"https:\/\/www.montceautriathlon.com\/blog\/wp-json\/wp\/v2\/tags?post=2779"}],"curies":[{"name":"wp","href":"https:\/\/api.w.org\/{rel}","templated":true}]}}