{"id":2773,"date":"2019-04-12T10:33:33","date_gmt":"2019-04-12T09:33:33","guid":{"rendered":"http:\/\/montceautriathlon.com\/blog\/?p=2773"},"modified":"2019-04-12T10:34:51","modified_gmt":"2019-04-12T09:34:51","slug":"info-club-les-entrainements-des-vacances","status":"publish","type":"post","link":"https:\/\/www.montceautriathlon.com\/blog\/2019\/04\/12\/info-club-les-entrainements-des-vacances\/","title":{"rendered":"INFOS CLUB :     Les entra\u00eenements des vacances !"},"content":{"rendered":"<div><strong>Les entrainements pour les vacances de printemps sont les suivants<\/strong><\/div>\n<div><u><i>\u00a0\u00a0\u00a0\u00a0\u00a0\u00a0\u00a0\u00a0\u00a0\u00a0\u00a0\u00a0\u00a0\u00a0\u00a0\u00a0\u00a0\u00a0\u00a0\u00a0\u00a0\u00a0\u00a0\u00a0\u00a0\u00a0\u00a0\u00a0\u00a0\u00a0\u00a0\u00a0\u00a0\u00a0\u00a0\u00a0\u00a0\u00a0\u00a0\u00a0\u00a0\u00a0\u00a0\u00a0\u00a0\u00a0\u00a0\u00a0\u00a0\u00a0\u00a0\u00a0\u00a0\u00a0\u00a0<strong>\u00a0\u00a0\u00a0\u00a0 adultes:\u00a0\u00a0\u00a0\u00a0\u00a0\u00a0\u00a0\u00a0\u00a0\u00a0\u00a0\u00a0\u00a0\u00a0\u00a0\u00a0\u00a0\u00a0\u00a0\u00a0\u00a0\u00a0\u00a0\u00a0\u00a0\u00a0\u00a0\u00a0\u00a0\u00a0\u00a0\u00a0\u00a0\u00a0\u00a0\u00a0\u00a0\u00a0\u00a0\u00a0\u00a0\u00a0\u00a0\u00a0\u00a0\u00a0\u00a0\u00a0\u00a0\u00a0\u00a0\u00a0\u00a0\u00a0\u00a0\u00a0\u00a0\u00a0\u00a0\u00a0\u00a0\u00a0\u00a0\u00a0\u00a0\u00a0\u00a0\u00a0\u00a0\u00a0\u00a0\u00a0\u00a0\u00a0\u00a0\u00a0\u00a0\u00a0\u00a0\u00a0\u00a0\u00a0\u00a0\u00a0\u00a0\u00a0\u00a0\u00a0\u00a0\u00a0 <\/strong><br \/>\n<\/i><\/u><\/div>\n<div>\u00a0\u00a0\u00a0\u00a0\u00a0\u00a0\u00a0\u00a0\u00a0\u00a0\u00a0\u00a0\u00a0\u00a0\u00a0\u00a0\u00a0\u00a0 lundi 15 : \u00a0 \u00a0 \u00a0 natation (12h\/13h30)<\/div>\n<div>\u00a0\u00a0\u00a0\u00a0\u00a0\u00a0\u00a0\u00a0\u00a0\u00a0\u00a0\u00a0\u00a0\u00a0\u00a0\u00a0\u00a0\u00a0 mardi 16 : \u00a0 \u00a0\u00a0 cap\u00a0 (18h30\/19h30)<\/div>\n<div>\u00a0\u00a0\u00a0\u00a0\u00a0\u00a0\u00a0\u00a0\u00a0\u00a0\u00a0\u00a0\u00a0\u00a0\u00a0\u00a0\u00a0\u00a0 mercredi17 : \u00a0 natation\u00a0 (<b>18h\/19h30<\/b>\u00a0 cr\u00e9neau libre)<\/div>\n<div>\u00a0\u00a0\u00a0\u00a0\u00a0\u00a0\u00a0\u00a0\u00a0\u00a0\u00a0\u00a0\u00a0\u00a0\u00a0\u00a0\u00a0 samedi 20 :\u00a0\u00a0\u00a0\u00a0\u00a0 natation\u00a0 (10h\/11h30)<\/div>\n<div><\/div>\n<div>\u00a0\u00a0\u00a0\u00a0\u00a0\u00a0\u00a0\u00a0\u00a0\u00a0\u00a0\u00a0\u00a0\u00a0\u00a0\u00a0\u00a0\u00a0\u00a0 mardi 23 :\u00a0\u00a0\u00a0\u00a0\u00a0\u00a0 cap(18h30\/19h30)<\/div>\n<p>mercredi 24 :\u00a0\u00a0\u00a0\u00a0\u00a0 19h\/20h30<\/p>\n<div>\u00a0\u00a0\u00a0\u00a0\u00a0\u00a0\u00a0\u00a0\u00a0\u00a0\u00a0\u00a0\u00a0\u00a0\u00a0\u00a0\u00a0\u00a0\u00a0 samedi 25 :\u00a0\u00a0\u00a0\u00a0\u00a0\u00a0\u00a0 natation (10h\/11h30)<\/div>\n<div><u><i>\u00a0\u00a0\u00a0\u00a0\u00a0\u00a0\u00a0\u00a0\u00a0\u00a0\u00a0\u00a0\u00a0\u00a0\u00a0\u00a0\u00a0\u00a0\u00a0\u00a0\u00a0\u00a0\u00a0\u00a0\u00a0\u00a0\u00a0\u00a0\u00a0\u00a0\u00a0\u00a0\u00a0\u00a0\u00a0\u00a0\u00a0\u00a0\u00a0\u00a0\u00a0\u00a0\u00a0\u00a0\u00a0\u00a0\u00a0\u00a0\u00a0\u00a0\u00a0\u00a0\u00a0\u00a0\u00a0\u00a0\u00a0\u00a0\u00a0\u00a0<strong> Jeunes:<\/strong>\u00a0\u00a0\u00a0\u00a0\u00a0\u00a0\u00a0\u00a0\u00a0\u00a0\u00a0\u00a0\u00a0\u00a0\u00a0\u00a0\u00a0\u00a0\u00a0\u00a0\u00a0\u00a0\u00a0\u00a0\u00a0\u00a0\u00a0\u00a0\u00a0\u00a0\u00a0\u00a0\u00a0\u00a0\u00a0\u00a0\u00a0\u00a0\u00a0\u00a0\u00a0\u00a0\u00a0\u00a0\u00a0\u00a0\u00a0\u00a0\u00a0\u00a0\u00a0\u00a0\u00a0\u00a0\u00a0\u00a0\u00a0\u00a0\u00a0\u00a0\u00a0\u00a0\u00a0\u00a0\u00a0\u00a0\u00a0\u00a0\u00a0\u00a0\u00a0\u00a0\u00a0\u00a0\u00a0\u00a0\u00a0\u00a0\u00a0\u00a0\u00a0\u00a0\u00a0\u00a0\u00a0\u00a0\u00a0\u00a0\u00a0\u00a0\u00a0 <\/i><\/u><\/div>\n<div><\/div>\n<div><strong>1e semaine: pas d&rsquo;entrainement\u00a0 <i>(stage \u00e0 Macon)<\/i><\/strong><\/div>\n<div>2e semaine: entrainement cap (mardi), natation (mercredi), v\u00e9lo (vendredi), vtt (samedi)<\/div>\n<div><\/div>\n<div><\/div>\n","protected":false},"excerpt":{"rendered":"<p>Les entrainements pour les vacances de printemps sont les suivants \u00a0\u00a0\u00a0\u00a0\u00a0\u00a0\u00a0\u00a0\u00a0\u00a0\u00a0\u00a0\u00a0\u00a0\u00a0\u00a0\u00a0\u00a0\u00a0\u00a0\u00a0\u00a0\u00a0\u00a0\u00a0\u00a0\u00a0\u00a0\u00a0\u00a0\u00a0\u00a0\u00a0\u00a0\u00a0\u00a0\u00a0\u00a0\u00a0\u00a0\u00a0\u00a0\u00a0\u00a0\u00a0\u00a0\u00a0\u00a0\u00a0\u00a0\u00a0\u00a0\u00a0\u00a0\u00a0\u00a0\u00a0\u00a0\u00a0 adultes:\u00a0\u00a0\u00a0\u00a0\u00a0\u00a0\u00a0\u00a0\u00a0\u00a0\u00a0\u00a0\u00a0\u00a0\u00a0\u00a0\u00a0\u00a0\u00a0\u00a0\u00a0\u00a0\u00a0\u00a0\u00a0\u00a0\u00a0\u00a0\u00a0\u00a0\u00a0\u00a0\u00a0\u00a0\u00a0\u00a0\u00a0\u00a0\u00a0\u00a0\u00a0\u00a0\u00a0\u00a0\u00a0\u00a0\u00a0\u00a0\u00a0\u00a0\u00a0\u00a0\u00a0\u00a0\u00a0\u00a0\u00a0\u00a0\u00a0\u00a0\u00a0\u00a0\u00a0\u00a0\u00a0\u00a0\u00a0\u00a0\u00a0\u00a0\u00a0\u00a0\u00a0\u00a0\u00a0\u00a0\u00a0\u00a0\u00a0\u00a0\u00a0\u00a0\u00a0\u00a0\u00a0\u00a0\u00a0\u00a0\u00a0\u00a0 \u00a0\u00a0\u00a0\u00a0\u00a0\u00a0\u00a0\u00a0\u00a0\u00a0\u00a0\u00a0\u00a0\u00a0\u00a0\u00a0\u00a0\u00a0 lundi 15 : \u00a0 \u00a0 \u00a0 natation (12h\/13h30) \u00a0\u00a0\u00a0\u00a0\u00a0\u00a0\u00a0\u00a0\u00a0\u00a0\u00a0\u00a0\u00a0\u00a0\u00a0\u00a0\u00a0\u00a0 mardi 16 : \u00a0 \u00a0\u00a0 cap\u00a0 (18h30\/19h30) \u00a0\u00a0\u00a0\u00a0\u00a0\u00a0\u00a0\u00a0\u00a0\u00a0\u00a0\u00a0\u00a0\u00a0\u00a0\u00a0\u00a0\u00a0 mercredi17 : \u00a0 natation\u00a0 (18h\/19h30\u00a0 cr\u00e9neau libre) \u00a0\u00a0\u00a0\u00a0\u00a0\u00a0\u00a0\u00a0\u00a0\u00a0\u00a0\u00a0\u00a0\u00a0\u00a0\u00a0\u00a0 samedi 20 :\u00a0\u00a0\u00a0\u00a0\u00a0 natation\u00a0 (10h\/11h30) \u00a0\u00a0\u00a0\u00a0\u00a0\u00a0\u00a0\u00a0\u00a0\u00a0\u00a0\u00a0\u00a0\u00a0\u00a0\u00a0\u00a0\u00a0\u00a0 mardi 23 :\u00a0\u00a0\u00a0\u00a0\u00a0\u00a0 cap(18h30\/19h30) mercredi 24 :\u00a0\u00a0\u00a0\u00a0\u00a0 19h\/20h30 \u00a0\u00a0\u00a0\u00a0\u00a0\u00a0\u00a0\u00a0\u00a0\u00a0\u00a0\u00a0\u00a0\u00a0\u00a0\u00a0\u00a0\u00a0\u00a0 samedi 25 [&hellip;]<\/p>\n","protected":false},"author":5,"featured_media":0,"comment_status":"open","ping_status":"open","sticky":false,"template":"","format":"standard","meta":{"spay_email":"","jetpack_publicize_message":"INFO CLUB :     Les entra\u00eenements des vacances !","jetpack_is_tweetstorm":false},"categories":[1],"tags":[],"jetpack_featured_media_url":"","jetpack_publicize_connections":[],"jetpack_sharing_enabled":true,"jetpack_shortlink":"https:\/\/wp.me\/p8bwIy-IJ","jetpack-related-posts":[{"id":3267,"url":"https:\/\/www.montceautriathlon.com\/blog\/2019\/10\/16\/entrainements-vacances-de-toussaint-et-dates-a-retenir\/","url_meta":{"origin":2773,"position":0},"title":"entra\u00eenements vacances de Toussaint et dates \u00e0 retenir","date":"16 octobre 2019","format":false,"excerpt":"1\u00e8re semaine des vacances (du 21 au 27 octobre): Les jeunes (mini poussin \u00e0 benjamin): pas d'entrainement Les ados (minimes \u00e0 juniors): mardi : cap de 18h30 \u00e0 19h30 \u00a0 \u00a0 \u00a0 \u00a0 \u00a0 \u00a0 \u00a0 \u00a0 \u00a0 \u00a0 \u00a0 \u00a0 \u00a0 \u00a0 \u00a0 \u00a0 \u00a0 \u00a0 \u00a0 \u00a0 \u00a0\u2026","rel":"","context":"Dans &quot;Non class\u00e9&quot;","img":{"alt_text":"","src":"","width":0,"height":0},"classes":[]},{"id":3373,"url":"https:\/\/www.montceautriathlon.com\/blog\/2019\/12\/15\/entrainements-vacances-de-noel\/","url_meta":{"origin":2773,"position":1},"title":"Entra\u00eenements vacances de No\u00ebl","date":"15 d\u00e9cembre 2019","format":false,"excerpt":"Lundi 23\/12: 12h00\/13h30 : natation Jeudi 26\/12: 18h30\/19h30 : cap Lundi 30\/12: 12h00\/13h30 : natation Jeudi 02\/01: 18h\/20h00 : renforcement musculaire\/sport co (gymnase Saint Exup\u00e9ry) Samedi 04\/01: 10h\/11h30 : natation Pas d'entrainement pour l'Ecole de triathlon pendant ces vacances Pour info: le Centre Nautique sera ferm\u00e9 les 25 et 26\u2026","rel":"","context":"Dans &quot;Non class\u00e9&quot;","img":{"alt_text":"","src":"","width":0,"height":0},"classes":[]},{"id":2573,"url":"https:\/\/www.montceautriathlon.com\/blog\/2018\/12\/15\/attention-creneaux-dentrainements-fin-dannee\/","url_meta":{"origin":2773,"position":2},"title":"Attention ! Cr\u00e9neaux d&rsquo;entra\u00eenements fin d&rsquo;ann\u00e9e","date":"15 d\u00e9cembre 2018","format":false,"excerpt":"Les cr\u00e9neaux d'entra\u00eenements sont les suivants : \u00e0 lire attentivement ! LUNDI 17\/12 : 12h\/13h30: natation libre 18h\/19h: natation ados MARDI 18\/12 : 18h30\/19h30: cap jeunes, ados, adultes MERCREDI 19\/12 : 18h\/19h: natation jeunes, ados 19h\/20h30: natation annul\u00e9e (tests MON) JEUDI 20\/12 : 18h\/19h15: Renforcement musculaire adultes, ados VENDREDI 21\/12\u2026","rel":"","context":"Dans &quot;Non class\u00e9&quot;","img":{"alt_text":"","src":"","width":0,"height":0},"classes":[]},{"id":3463,"url":"https:\/\/www.montceautriathlon.com\/blog\/2020\/02\/16\/creneaux-dentrainements-vacances-du-24-fevrier-au-7-mars\/","url_meta":{"origin":2773,"position":3},"title":"cr\u00e9neaux d&rsquo;entrainements vacances du 24 f\u00e9vrier au 7 mars","date":"16 f\u00e9vrier 2020","format":false,"excerpt":"\u00a0 \u00a0Ecole de triathlon (jeunes) M25: cap: 18h30\/19h30 M26: natation: 18h\/19h V28: VTT (pr\u00e9paration duathlon): 10h30\/12h Pas d'entrainement la 2e semaine de vacances Ecole de triathlon (ados) L24: natation: 18h\/19h M25: cap: 18h30\/19h30 M26: natation: 18h\/19h ou 19h\/20h30 J27: renforcement musculaire: 18h\/19h15 V28: V\u00e9lo (pr\u00e9paration duathlon): 14h\/15h30 M03: cap: 18h30\/19h30\u2026","rel":"","context":"Dans &quot;Non class\u00e9&quot;","img":{"alt_text":"","src":"https:\/\/i2.wp.com\/montceautriathlon.com\/blog\/wp-content\/uploads\/2020\/02\/vacances-300x300.jpg?resize=350%2C200","width":350,"height":200},"classes":[]},{"id":3777,"url":"https:\/\/www.montceautriathlon.com\/blog\/2020\/09\/02\/reprise-des-entrainements-saison-2020-2021-a-partir-du-7-septembre\/","url_meta":{"origin":2773,"position":4},"title":"REPRISE DES ENTRAINEMENTS SAISON 2020\/2021 \u00e0 partir du 7 septembre","date":"2 septembre 2020","format":false,"excerpt":"Il faut bien reprendre !\u00a0 Avec les mesures sanitaires contre la Covid bien entendu ! Si vous \u00eates une personne int\u00e9ress\u00e9e et qui d\u00e9couvrez cette page, vous pouvez nous rejoindre aux horaires indiqu\u00e9s pour une prise de contact. Vous pouvez nous contacter \u00e9galement\u00a0 et nous apporter un pass club pour\u2026","rel":"","context":"Dans &quot;Non class\u00e9&quot;","img":{"alt_text":"","src":"","width":0,"height":0},"classes":[]},{"id":1508,"url":"https:\/\/www.montceautriathlon.com\/blog\/2017\/09\/11\/cest-egalement-la-rentree-pour-montceau-triathlon\/","url_meta":{"origin":2773,"position":5},"title":"C&rsquo;est \u00e9galement la rentr\u00e9e pour Montceau Triathlon !","date":"11 septembre 2017","format":false,"excerpt":"Horaires d'entrainement pour la rentr\u00e9e 2017-2018 : Pour les jeunes (mini poussins \u00e0 benjamins) : Course \u00e0 pied: tous les mardi de 18h30 \u00e0 19h30, au stade Jean Bouveri\u00a0(\u00e0 partir du 19 septembre) Natation: mercredi de 18h \u00e0 19h au centre nautique (\u00e0 partir du 27 septembre) V\u00e9lo: samedi de\u2026","rel":"","context":"Dans &quot;Non class\u00e9&quot;","img":{"alt_text":"","src":"","width":0,"height":0},"classes":[]}],"_links":{"self":[{"href":"https:\/\/www.montceautriathlon.com\/blog\/wp-json\/wp\/v2\/posts\/2773"}],"collection":[{"href":"https:\/\/www.montceautriathlon.com\/blog\/wp-json\/wp\/v2\/posts"}],"about":[{"href":"https:\/\/www.montceautriathlon.com\/blog\/wp-json\/wp\/v2\/types\/post"}],"author":[{"embeddable":true,"href":"https:\/\/www.montceautriathlon.com\/blog\/wp-json\/wp\/v2\/users\/5"}],"replies":[{"embeddable":true,"href":"https:\/\/www.montceautriathlon.com\/blog\/wp-json\/wp\/v2\/comments?post=2773"}],"version-history":[{"count":4,"href":"https:\/\/www.montceautriathlon.com\/blog\/wp-json\/wp\/v2\/posts\/2773\/revisions"}],"predecessor-version":[{"id":2777,"href":"https:\/\/www.montceautriathlon.com\/blog\/wp-json\/wp\/v2\/posts\/2773\/revisions\/2777"}],"wp:attachment":[{"href":"https:\/\/www.montceautriathlon.com\/blog\/wp-json\/wp\/v2\/media?parent=2773"}],"wp:term":[{"taxonomy":"category","embeddable":true,"href":"https:\/\/www.montceautriathlon.com\/blog\/wp-json\/wp\/v2\/categories?post=2773"},{"taxonomy":"post_tag","embeddable":true,"href":"https:\/\/www.montceautriathlon.com\/blog\/wp-json\/wp\/v2\/tags?post=2773"}],"curies":[{"name":"wp","href":"https:\/\/api.w.org\/{rel}","templated":true}]}}