{"id":2742,"date":"2019-04-03T10:19:34","date_gmt":"2019-04-03T09:19:34","guid":{"rendered":"http:\/\/montceautriathlon.com\/blog\/?p=2742"},"modified":"2019-04-03T17:18:13","modified_gmt":"2019-04-03T16:18:13","slug":"annulation-swimrun-de-la-pyramide-du-2-juin","status":"publish","type":"post","link":"https:\/\/www.montceautriathlon.com\/blog\/2019\/04\/03\/annulation-swimrun-de-la-pyramide-du-2-juin\/","title":{"rendered":"ANNULATION SWIMRUN  DE LA PYRAMIDE DU 2 JUIN"},"content":{"rendered":"<p>Malgr\u00e9 toutes nos tentatives et de nombreux rendez-vous, nous n\u2019avons pas r\u00e9ussi \u00e0 obtenir toutes les autorisations n\u00e9cessaires \u00e0 l\u2019organisation de notre Swimrun de la Pyramide pr\u00e9vu le 2 juin et c\u2019est avec grand regret que nous devons renoncer !<br \/>\nMalgr\u00e9 tout et apr\u00e8s d\u00e9lib\u00e9ration du comit\u00e9 directeur, nous avons d\u00e9cid\u00e9 de caler une autre date pour un nouveau projet. En effet, notre club organisera un raid multisports le 27 octobre 2019 sur ce\u00a0 site de la Pyramide et\u00a0 des Grands Parcs.<\/p>\n<p>A noter dans vos agendas !<br \/>\n<strong>Nous reviendrons vers vous en temps voulu pour de plus amples informations.<\/strong><\/p>\n<p>&nbsp;<\/p>\n","protected":false},"excerpt":{"rendered":"<p>Malgr\u00e9 toutes nos tentatives et de nombreux rendez-vous, nous n\u2019avons pas r\u00e9ussi \u00e0 obtenir toutes les autorisations n\u00e9cessaires \u00e0 l\u2019organisation de notre Swimrun de la Pyramide pr\u00e9vu le 2 juin et c\u2019est avec grand regret que nous devons renoncer ! Malgr\u00e9 tout et apr\u00e8s d\u00e9lib\u00e9ration du comit\u00e9 directeur, nous avons d\u00e9cid\u00e9 de caler une autre [&hellip;]<\/p>\n","protected":false},"author":5,"featured_media":0,"comment_status":"open","ping_status":"open","sticky":false,"template":"","format":"standard","meta":{"spay_email":"","jetpack_publicize_message":"","jetpack_is_tweetstorm":false},"categories":[1],"tags":[],"jetpack_featured_media_url":"","jetpack_publicize_connections":[],"jetpack_sharing_enabled":true,"jetpack_shortlink":"https:\/\/wp.me\/p8bwIy-Ie","jetpack-related-posts":[{"id":1489,"url":"https:\/\/www.montceautriathlon.com\/blog\/2017\/09\/11\/tous-les-resultats-pendant-les-vacances-dete\/","url_meta":{"origin":2742,"position":0},"title":"Tous les r\u00e9sultats pendant les vacances d&rsquo;\u00e9t\u00e9","date":"11 septembre 2017","format":false,"excerpt":"Triathlon de la Madeleine (le 26 ao\u00fbt 2017) Le plus dur triathlon S de France ! 1200m de d\u00e9nivel\u00e9 sur 20km ! Et oui , Ludivine LEQUIN a os\u00e9 s'y attaquer . Ce jour, 26 ao\u00fbt sous une forte chaleur, plus de 150 triathl\u00e8tes se sont rendus au lac bleu\u2026","rel":"","context":"Dans &quot;Non class\u00e9&quot;","img":{"alt_text":"","src":"","width":0,"height":0},"classes":[]},{"id":2908,"url":"https:\/\/www.montceautriathlon.com\/blog\/2019\/06\/10\/8-9-juin-2019-swimrun-vassiviere-point-besoin-de-civiere-pour-nos-fiers-triathletes\/","url_meta":{"origin":2742,"position":1},"title":"8\/9 juin 2019, swimrun Vassivi\u00e8re : point besoin de civi\u00e8re pour nos fiers triathl\u00e8tes !","date":"10 juin 2019","format":false,"excerpt":"(photo qui a sugg\u00e9r\u00e9 le titre souffl\u00e9 par Bertrand) Mais il est vrai que les secouristes ont eu du boulot pour r\u00e9chauffer de nombreux concurrents \u00e9puis\u00e9s et frigorifi\u00e9s ! Il faisait beau, \u00e7a sentait bon le sable chaud... Non pas vraiment pour nos quatre \u00e9quipes engag\u00e9es ! Une eau \u00e0\u2026","rel":"","context":"Dans &quot;Non class\u00e9&quot;","img":{"alt_text":"","src":"","width":0,"height":0},"classes":[]},{"id":1983,"url":"https:\/\/www.montceautriathlon.com\/blog\/2018\/06\/06\/week-end-du-2-et-3-juin\/","url_meta":{"origin":2742,"position":2},"title":"week-end du 2 et 3 juin","date":"6 juin 2018","format":false,"excerpt":"Week-end omnisport au programme avec des triathl\u00e8tes sur tous les fronts : du triathlon,\u00a0 du\u00a0 Raid \u00e0 Autun(rien \u00e0 voir avec le GIGN) et une 4\u00e8me place en mixte pour Sammy Marc et Catherine Mauro , de la course p\u00e9destre \u00e0 Paray et du swimrun\u00a0 \u00e0 Montrevel ! Certains de\u2026","rel":"","context":"Dans &quot;Non class\u00e9&quot;","img":{"alt_text":"","src":"","width":0,"height":0},"classes":[]},{"id":655,"url":"https:\/\/www.montceautriathlon.com\/blog\/2016\/06\/14\/le-1er-swimrun-de-vassiviere-11-juin-2016\/","url_meta":{"origin":2742,"position":3},"title":"Le 1er swimrun  de Vassiviere (11 juin 2016)","date":"14 juin 2016","format":false,"excerpt":"Quoi qu'on en pense, c'est pas une \u00e9preuve simple de m\u00ealer le swim et le run, en bin\u00f4me, avec des vagues, de la houle, une eau \u00e0 16\u00b0C, avec au final 20km de trail et 3000m de natation ! (portions de 600\/400\/300\/400....) On croit que les encha\u00eenements paraissent facile sur\u2026","rel":"","context":"Dans &quot;slide show&quot;","img":{"alt_text":"","src":"https:\/\/i0.wp.com\/www.montceautriathlon.com\/blog\/wp-content\/uploads\/2016\/06\/received_591232431056543.jpeg?resize=350%2C200&ssl=1","width":350,"height":200},"classes":[]},{"id":4633,"url":"https:\/\/www.montceautriathlon.com\/blog\/2021\/10\/17\/cross-duathlon-de-la-pyramide-du-soleil-et-des-sourires\/","url_meta":{"origin":2742,"position":4},"title":"Cross duathlon de la Pyramide : du soleil et des sourires !","date":"17 octobre 2021","format":false,"excerpt":"Trois courses au programme de cette matin\u00e9e pour terminer la saison 2021 ! Malgr\u00e9 un petit d\u00e9tour \u00e0 l'entame de la course XS sur la CAP bien rattrap\u00e9 qui a un peu allong\u00e9 la distance initiale, l'ensemble des courses s'est dans l'ensemble bien d\u00e9roul\u00e9 . Une forte d\u00e9l\u00e9gation m\u00e2connaise et\u2026","rel":"","context":"Dans &quot;Non class\u00e9&quot;","img":{"alt_text":"","src":"https:\/\/i2.wp.com\/www.montceautriathlon.com\/blog\/wp-content\/uploads\/2021\/10\/AM-JKLW9cxompte0_rJp8pSB70gULt-fGQKvTw3Dk0KJUrsfupsZTIHXSOqvlAK11BpPido6qnKIqyr9OBOA8_7TYWmfbSNwxjlb8Q44rmsmDjjIP-yJCuEpd36PLaagub0AfwKMSBnijGrNewNENAV1xpSBgww1249-h832-no.jpg?resize=350%2C200&ssl=1","width":350,"height":200},"classes":[]},{"id":4300,"url":"https:\/\/www.montceautriathlon.com\/blog\/2021\/07\/05\/montceau-triathlon-sur-tous-les-fronts\/","url_meta":{"origin":2742,"position":5},"title":"Montceau Triathlon sur tous les fronts !","date":"5 juillet 2021","format":false,"excerpt":"Ce week-end du 4 juillet, les couleurs du club auront brill\u00e9 de Xonrupt, \u00e0 M\u00e2con en passant par Gu\u00e9ret et les Sable d'Olonne. Des jeunes, des relais, du half Iron man, de l'Xterra, du swimrun, du duathlon, du CLM par \u00e9quipe. Toute la diversit\u00e9 des disciplines encha\u00een\u00e9es port\u00e9e par nos\u2026","rel":"","context":"Dans &quot;Non class\u00e9&quot;","img":{"alt_text":"","src":"https:\/\/i2.wp.com\/www.montceautriathlon.com\/blog\/wp-content\/uploads\/2021\/07\/IMG-20210703-WA0010.jpg?resize=350%2C200&ssl=1","width":350,"height":200},"classes":[]}],"_links":{"self":[{"href":"https:\/\/www.montceautriathlon.com\/blog\/wp-json\/wp\/v2\/posts\/2742"}],"collection":[{"href":"https:\/\/www.montceautriathlon.com\/blog\/wp-json\/wp\/v2\/posts"}],"about":[{"href":"https:\/\/www.montceautriathlon.com\/blog\/wp-json\/wp\/v2\/types\/post"}],"author":[{"embeddable":true,"href":"https:\/\/www.montceautriathlon.com\/blog\/wp-json\/wp\/v2\/users\/5"}],"replies":[{"embeddable":true,"href":"https:\/\/www.montceautriathlon.com\/blog\/wp-json\/wp\/v2\/comments?post=2742"}],"version-history":[{"count":3,"href":"https:\/\/www.montceautriathlon.com\/blog\/wp-json\/wp\/v2\/posts\/2742\/revisions"}],"predecessor-version":[{"id":2746,"href":"https:\/\/www.montceautriathlon.com\/blog\/wp-json\/wp\/v2\/posts\/2742\/revisions\/2746"}],"wp:attachment":[{"href":"https:\/\/www.montceautriathlon.com\/blog\/wp-json\/wp\/v2\/media?parent=2742"}],"wp:term":[{"taxonomy":"category","embeddable":true,"href":"https:\/\/www.montceautriathlon.com\/blog\/wp-json\/wp\/v2\/categories?post=2742"},{"taxonomy":"post_tag","embeddable":true,"href":"https:\/\/www.montceautriathlon.com\/blog\/wp-json\/wp\/v2\/tags?post=2742"}],"curies":[{"name":"wp","href":"https:\/\/api.w.org\/{rel}","templated":true}]}}