{"id":2686,"date":"2019-04-02T10:50:55","date_gmt":"2019-04-02T09:50:55","guid":{"rendered":"http:\/\/montceautriathlon.com\/blog\/?p=2686"},"modified":"2019-06-21T14:47:08","modified_gmt":"2019-06-21T13:47:08","slug":"31-03-19-aquathlon-du-creusot-merci-montceautriathlon","status":"publish","type":"post","link":"https:\/\/www.montceautriathlon.com\/blog\/2019\/04\/02\/31-03-19-aquathlon-du-creusot-merci-montceautriathlon\/","title":{"rendered":"31\/03\/19, Aquathlon du Creusot : merci MontceauTriathlon !"},"content":{"rendered":"<p><a href=\"http:\/\/montceautriathlon.com\/blog\/wp-content\/uploads\/2019\/04\/aquathlon-3.jpg\"><img data-attachment-id=\"2687\" data-permalink=\"https:\/\/www.montceautriathlon.com\/blog\/2019\/04\/02\/31-03-19-aquathlon-du-creusot-merci-montceautriathlon\/aquathlon-3\/\" data-orig-file=\"https:\/\/www.montceautriathlon.com\/blog\/wp-content\/uploads\/2019\/04\/aquathlon-3.jpg\" data-orig-size=\"940,660\" data-comments-opened=\"1\" data-image-meta=\"{&quot;aperture&quot;:&quot;0&quot;,&quot;credit&quot;:&quot;&quot;,&quot;camera&quot;:&quot;&quot;,&quot;caption&quot;:&quot;&quot;,&quot;created_timestamp&quot;:&quot;0&quot;,&quot;copyright&quot;:&quot;&quot;,&quot;focal_length&quot;:&quot;0&quot;,&quot;iso&quot;:&quot;0&quot;,&quot;shutter_speed&quot;:&quot;0&quot;,&quot;title&quot;:&quot;&quot;,&quot;orientation&quot;:&quot;0&quot;}\" data-image-title=\"aquathlon 3\" data-image-description=\"\" data-image-caption=\"\" data-medium-file=\"https:\/\/www.montceautriathlon.com\/blog\/wp-content\/uploads\/2019\/04\/aquathlon-3-300x211.jpg\" data-large-file=\"https:\/\/www.montceautriathlon.com\/blog\/wp-content\/uploads\/2019\/04\/aquathlon-3.jpg\" loading=\"lazy\" class=\"size-medium wp-image-2687 alignleft\" src=\"http:\/\/montceautriathlon.com\/blog\/wp-content\/uploads\/2019\/04\/aquathlon-3-300x211.jpg\" alt=\"\" width=\"300\" height=\"211\" srcset=\"https:\/\/www.montceautriathlon.com\/blog\/wp-content\/uploads\/2019\/04\/aquathlon-3-300x211.jpg 300w, https:\/\/www.montceautriathlon.com\/blog\/wp-content\/uploads\/2019\/04\/aquathlon-3-768x539.jpg 768w, https:\/\/www.montceautriathlon.com\/blog\/wp-content\/uploads\/2019\/04\/aquathlon-3.jpg 940w\" sizes=\"(max-width: 300px) 100vw, 300px\" \/><\/a>Creusot Triathlon organisait ce dimanche son premier aquathlon sous un soleil resplendissant. Le club s&rsquo;est d\u00e9plac\u00e9 en nombre dans toutes les courses du programme de la journ\u00e9e. Il y avait du rouge et blanc partout autour de la piscine r\u00e9nov\u00e9e !\u00a0 39 licenci\u00e9s du club ont particip\u00e9 \u00e0 une ou plusieurs courses !<br \/>\nEn attestent les photos de Creusot info et du JSl ! Qui a donc parl\u00e9 de rivalit\u00e9 entre les deux villes ? Des plus jeunes aux v\u00e9t\u00e9rans, tous sont venus tester leur niveau de pr\u00e9paration dans le cadre agr\u00e9able du parc de la Verrerie.<\/p>\n<p><a href=\"http:\/\/montceautriathlon.com\/blog\/wp-content\/uploads\/2019\/04\/aquathlon-8.jpg\"><img data-attachment-id=\"2688\" data-permalink=\"https:\/\/www.montceautriathlon.com\/blog\/2019\/04\/02\/31-03-19-aquathlon-du-creusot-merci-montceautriathlon\/aquathlon-8\/\" data-orig-file=\"https:\/\/www.montceautriathlon.com\/blog\/wp-content\/uploads\/2019\/04\/aquathlon-8.jpg\" data-orig-size=\"940,660\" data-comments-opened=\"1\" data-image-meta=\"{&quot;aperture&quot;:&quot;0&quot;,&quot;credit&quot;:&quot;&quot;,&quot;camera&quot;:&quot;&quot;,&quot;caption&quot;:&quot;&quot;,&quot;created_timestamp&quot;:&quot;0&quot;,&quot;copyright&quot;:&quot;&quot;,&quot;focal_length&quot;:&quot;0&quot;,&quot;iso&quot;:&quot;0&quot;,&quot;shutter_speed&quot;:&quot;0&quot;,&quot;title&quot;:&quot;&quot;,&quot;orientation&quot;:&quot;0&quot;}\" data-image-title=\"aquathlon 8\" data-image-description=\"\" data-image-caption=\"\" data-medium-file=\"https:\/\/www.montceautriathlon.com\/blog\/wp-content\/uploads\/2019\/04\/aquathlon-8-300x211.jpg\" data-large-file=\"https:\/\/www.montceautriathlon.com\/blog\/wp-content\/uploads\/2019\/04\/aquathlon-8.jpg\" loading=\"lazy\" class=\"wp-image-2688 alignleft\" src=\"http:\/\/montceautriathlon.com\/blog\/wp-content\/uploads\/2019\/04\/aquathlon-8-300x211.jpg\" alt=\"\" width=\"230\" height=\"162\" srcset=\"https:\/\/www.montceautriathlon.com\/blog\/wp-content\/uploads\/2019\/04\/aquathlon-8-300x211.jpg 300w, https:\/\/www.montceautriathlon.com\/blog\/wp-content\/uploads\/2019\/04\/aquathlon-8-768x539.jpg 768w, https:\/\/www.montceautriathlon.com\/blog\/wp-content\/uploads\/2019\/04\/aquathlon-8.jpg 940w\" sizes=\"(max-width: 230px) 100vw, 230px\" \/><\/a><a href=\"http:\/\/www.creusot-infos.com\/news\/vie-locale\/le-creusot\/le-creusot-250-participants-pour-le-premier-aquathlon-de-la-verrerie.html\">http:\/\/www.creusot-infos.com\/news\/vie-locale\/le-creusot\/le-creusot-250-participants-pour-le-premier-aquathlon-de-la-verrerie.html\u00a0<\/a><\/p>\n<p><a href=\"https:\/\/www.lejsl.com\/sport-local\/2019\/03\/31\/la-premiere-edition-de-l-aquathlon-du-creusot-en-images\">https:\/\/www.lejsl.com\/sport-local\/2019\/03\/31\/la-premiere-edition-de-l-aquathlon-du-creusot-en-images<\/a><\/p>\n<p><strong>De bons r\u00e9sultats dans l&rsquo;ensemble<\/strong>. Au vu du nombre important de licenci\u00e9s pr\u00e9sents, consulter les tableaux de r\u00e9sultats joints ci-dessous en liens, les licenci\u00e9s du club \u00e9tant surlign\u00e9s en jaune.<\/p>\n<p>.<a href=\"http:\/\/montceautriathlon.com\/blog\/wp-content\/uploads\/2019\/04\/chrono_Aquathlon-2019-INDIV-S-RESULTATS-2.xls\" target=\"_blank\" rel=\"noopener\">aqua S<\/a> \u00a0 \u00a0 \u00a0\u00a0 \u00a0 <a href=\"http:\/\/montceautriathlon.com\/blog\/wp-content\/uploads\/2019\/04\/chrono_Aquathlon-2019-INDIV-XS-RESULTATS.xls\" target=\"_blank\" rel=\"noopener\"> XS<\/a> \u00a0 \u00a0 \u00a0 <a href=\"http:\/\/montceautriathlon.com\/blog\/wp-content\/uploads\/2019\/04\/chrono_Aquathlon-2019-INDIV-JEUNES.xls\" target=\"_blank\" rel=\"noopener\">JEUNES toutes cat\u00e9gories<\/a>\u00a0 \u00a0 \u00a0 \u00a0 \u00a0 \u00a0 <a href=\"http:\/\/montceautriathlon.com\/blog\/wp-content\/uploads\/2019\/04\/chrono_Aquathlon-2019-RELAIS-DEPART-RESULTATS.xls\" target=\"_blank\" rel=\"noopener\">relais<\/a><\/p>\n<p><a href=\"http:\/\/montceautriathlon.com\/blog\/wp-content\/uploads\/2019\/04\/aquathlon-1.jpg\"><img data-attachment-id=\"2722\" data-permalink=\"https:\/\/www.montceautriathlon.com\/blog\/2019\/04\/02\/31-03-19-aquathlon-du-creusot-merci-montceautriathlon\/aquathlon-1\/\" data-orig-file=\"https:\/\/www.montceautriathlon.com\/blog\/wp-content\/uploads\/2019\/04\/aquathlon-1.jpg\" data-orig-size=\"940,660\" data-comments-opened=\"1\" data-image-meta=\"{&quot;aperture&quot;:&quot;0&quot;,&quot;credit&quot;:&quot;&quot;,&quot;camera&quot;:&quot;&quot;,&quot;caption&quot;:&quot;&quot;,&quot;created_timestamp&quot;:&quot;0&quot;,&quot;copyright&quot;:&quot;&quot;,&quot;focal_length&quot;:&quot;0&quot;,&quot;iso&quot;:&quot;0&quot;,&quot;shutter_speed&quot;:&quot;0&quot;,&quot;title&quot;:&quot;&quot;,&quot;orientation&quot;:&quot;0&quot;}\" data-image-title=\"aquathlon 1\" data-image-description=\"\" data-image-caption=\"\" data-medium-file=\"https:\/\/www.montceautriathlon.com\/blog\/wp-content\/uploads\/2019\/04\/aquathlon-1-300x211.jpg\" data-large-file=\"https:\/\/www.montceautriathlon.com\/blog\/wp-content\/uploads\/2019\/04\/aquathlon-1.jpg\" loading=\"lazy\" class=\"alignnone size-medium wp-image-2722\" src=\"http:\/\/montceautriathlon.com\/blog\/wp-content\/uploads\/2019\/04\/aquathlon-1-300x211.jpg\" alt=\"\" width=\"300\" height=\"211\" srcset=\"https:\/\/www.montceautriathlon.com\/blog\/wp-content\/uploads\/2019\/04\/aquathlon-1-300x211.jpg 300w, https:\/\/www.montceautriathlon.com\/blog\/wp-content\/uploads\/2019\/04\/aquathlon-1-768x539.jpg 768w, https:\/\/www.montceautriathlon.com\/blog\/wp-content\/uploads\/2019\/04\/aquathlon-1.jpg 940w\" sizes=\"(max-width: 300px) 100vw, 300px\" \/><\/a> <a href=\"http:\/\/montceautriathlon.com\/blog\/wp-content\/uploads\/2019\/04\/aquathlon-5.jpg\"><img data-attachment-id=\"2723\" data-permalink=\"https:\/\/www.montceautriathlon.com\/blog\/2019\/04\/02\/31-03-19-aquathlon-du-creusot-merci-montceautriathlon\/aquathlon-5\/\" data-orig-file=\"https:\/\/www.montceautriathlon.com\/blog\/wp-content\/uploads\/2019\/04\/aquathlon-5.jpg\" data-orig-size=\"940,660\" data-comments-opened=\"1\" data-image-meta=\"{&quot;aperture&quot;:&quot;0&quot;,&quot;credit&quot;:&quot;&quot;,&quot;camera&quot;:&quot;&quot;,&quot;caption&quot;:&quot;&quot;,&quot;created_timestamp&quot;:&quot;0&quot;,&quot;copyright&quot;:&quot;&quot;,&quot;focal_length&quot;:&quot;0&quot;,&quot;iso&quot;:&quot;0&quot;,&quot;shutter_speed&quot;:&quot;0&quot;,&quot;title&quot;:&quot;&quot;,&quot;orientation&quot;:&quot;0&quot;}\" data-image-title=\"aquathlon 5\" data-image-description=\"\" data-image-caption=\"\" data-medium-file=\"https:\/\/www.montceautriathlon.com\/blog\/wp-content\/uploads\/2019\/04\/aquathlon-5-300x211.jpg\" data-large-file=\"https:\/\/www.montceautriathlon.com\/blog\/wp-content\/uploads\/2019\/04\/aquathlon-5.jpg\" loading=\"lazy\" class=\"alignnone size-medium wp-image-2723\" src=\"http:\/\/montceautriathlon.com\/blog\/wp-content\/uploads\/2019\/04\/aquathlon-5-300x211.jpg\" alt=\"\" width=\"300\" height=\"211\" srcset=\"https:\/\/www.montceautriathlon.com\/blog\/wp-content\/uploads\/2019\/04\/aquathlon-5-300x211.jpg 300w, https:\/\/www.montceautriathlon.com\/blog\/wp-content\/uploads\/2019\/04\/aquathlon-5-768x539.jpg 768w, https:\/\/www.montceautriathlon.com\/blog\/wp-content\/uploads\/2019\/04\/aquathlon-5.jpg 940w\" sizes=\"(max-width: 300px) 100vw, 300px\" \/><\/a> <a href=\"http:\/\/montceautriathlon.com\/blog\/wp-content\/uploads\/2019\/04\/aquathlon-7.jpg\"><img data-attachment-id=\"2724\" data-permalink=\"https:\/\/www.montceautriathlon.com\/blog\/2019\/04\/02\/31-03-19-aquathlon-du-creusot-merci-montceautriathlon\/aquathlon-7\/\" data-orig-file=\"https:\/\/www.montceautriathlon.com\/blog\/wp-content\/uploads\/2019\/04\/aquathlon-7.jpg\" data-orig-size=\"940,660\" data-comments-opened=\"1\" data-image-meta=\"{&quot;aperture&quot;:&quot;0&quot;,&quot;credit&quot;:&quot;&quot;,&quot;camera&quot;:&quot;&quot;,&quot;caption&quot;:&quot;&quot;,&quot;created_timestamp&quot;:&quot;0&quot;,&quot;copyright&quot;:&quot;&quot;,&quot;focal_length&quot;:&quot;0&quot;,&quot;iso&quot;:&quot;0&quot;,&quot;shutter_speed&quot;:&quot;0&quot;,&quot;title&quot;:&quot;&quot;,&quot;orientation&quot;:&quot;0&quot;}\" data-image-title=\"aquathlon 7\" data-image-description=\"\" data-image-caption=\"\" data-medium-file=\"https:\/\/www.montceautriathlon.com\/blog\/wp-content\/uploads\/2019\/04\/aquathlon-7-300x211.jpg\" data-large-file=\"https:\/\/www.montceautriathlon.com\/blog\/wp-content\/uploads\/2019\/04\/aquathlon-7.jpg\" loading=\"lazy\" class=\"alignnone size-medium wp-image-2724\" src=\"http:\/\/montceautriathlon.com\/blog\/wp-content\/uploads\/2019\/04\/aquathlon-7-300x211.jpg\" alt=\"\" width=\"300\" height=\"211\" srcset=\"https:\/\/www.montceautriathlon.com\/blog\/wp-content\/uploads\/2019\/04\/aquathlon-7-300x211.jpg 300w, https:\/\/www.montceautriathlon.com\/blog\/wp-content\/uploads\/2019\/04\/aquathlon-7-768x539.jpg 768w, https:\/\/www.montceautriathlon.com\/blog\/wp-content\/uploads\/2019\/04\/aquathlon-7.jpg 940w\" sizes=\"(max-width: 300px) 100vw, 300px\" \/><\/a><a href=\"http:\/\/montceautriathlon.com\/blog\/wp-content\/uploads\/2019\/04\/aqua7.jpg\">\u00a0<img data-attachment-id=\"2725\" data-permalink=\"https:\/\/www.montceautriathlon.com\/blog\/2019\/04\/02\/31-03-19-aquathlon-du-creusot-merci-montceautriathlon\/aqua7\/\" data-orig-file=\"https:\/\/www.montceautriathlon.com\/blog\/wp-content\/uploads\/2019\/04\/aqua7.jpg\" data-orig-size=\"1300,866\" data-comments-opened=\"1\" data-image-meta=\"{&quot;aperture&quot;:&quot;0&quot;,&quot;credit&quot;:&quot;&quot;,&quot;camera&quot;:&quot;&quot;,&quot;caption&quot;:&quot;&quot;,&quot;created_timestamp&quot;:&quot;0&quot;,&quot;copyright&quot;:&quot;&quot;,&quot;focal_length&quot;:&quot;0&quot;,&quot;iso&quot;:&quot;0&quot;,&quot;shutter_speed&quot;:&quot;0&quot;,&quot;title&quot;:&quot;&quot;,&quot;orientation&quot;:&quot;0&quot;}\" data-image-title=\"aqua7\" data-image-description=\"\" data-image-caption=\"\" data-medium-file=\"https:\/\/www.montceautriathlon.com\/blog\/wp-content\/uploads\/2019\/04\/aqua7-300x200.jpg\" data-large-file=\"https:\/\/www.montceautriathlon.com\/blog\/wp-content\/uploads\/2019\/04\/aqua7-1024x682.jpg\" loading=\"lazy\" class=\"alignnone size-medium wp-image-2725\" src=\"http:\/\/montceautriathlon.com\/blog\/wp-content\/uploads\/2019\/04\/aqua7-300x200.jpg\" alt=\"\" width=\"300\" height=\"200\" srcset=\"https:\/\/www.montceautriathlon.com\/blog\/wp-content\/uploads\/2019\/04\/aqua7-300x200.jpg 300w, https:\/\/www.montceautriathlon.com\/blog\/wp-content\/uploads\/2019\/04\/aqua7-768x512.jpg 768w, https:\/\/www.montceautriathlon.com\/blog\/wp-content\/uploads\/2019\/04\/aqua7-1024x682.jpg 1024w, https:\/\/www.montceautriathlon.com\/blog\/wp-content\/uploads\/2019\/04\/aqua7.jpg 1300w\" sizes=\"(max-width: 300px) 100vw, 300px\" \/><\/a><\/p>\n","protected":false},"excerpt":{"rendered":"<p>Creusot Triathlon organisait ce dimanche son premier aquathlon sous un soleil resplendissant. Le club s&rsquo;est d\u00e9plac\u00e9 en nombre dans toutes les courses du programme de la journ\u00e9e. Il y avait du rouge et blanc partout autour de la piscine r\u00e9nov\u00e9e !\u00a0 39 licenci\u00e9s du club ont particip\u00e9 \u00e0 une ou plusieurs courses ! En attestent [&hellip;]<\/p>\n","protected":false},"author":5,"featured_media":0,"comment_status":"open","ping_status":"open","sticky":false,"template":"","format":"standard","meta":{"spay_email":"","jetpack_publicize_message":"","jetpack_is_tweetstorm":false},"categories":[1],"tags":[],"jetpack_featured_media_url":"","jetpack_publicize_connections":[],"jetpack_sharing_enabled":true,"jetpack_shortlink":"https:\/\/wp.me\/p8bwIy-Hk","jetpack-related-posts":[{"id":2649,"url":"https:\/\/www.montceautriathlon.com\/blog\/2019\/03\/24\/aquathlon-du-creusot-le-31-mars-prochain-a-tester\/","url_meta":{"origin":2686,"position":0},"title":"Aquathlon du Creusot le 31 mars prochain  : A tester !","date":"24 mars 2019","format":false,"excerpt":"Une occasion de se tester et d'encha\u00eener diff\u00e9remment apr\u00e8s le duathlon de M\u00e2con ! \u00e7a sent bon le d\u00e9but de saison !","rel":"","context":"Dans &quot;Non class\u00e9&quot;","img":{"alt_text":"","src":"https:\/\/i2.wp.com\/montceautriathlon.com\/blog\/wp-content\/uploads\/2019\/03\/Flyer-Aquathlon-300x211.jpg?resize=350%2C200","width":350,"height":200},"classes":[]},{"id":5721,"url":"https:\/\/www.montceautriathlon.com\/blog\/2023\/04\/05\/aquathlon-du-creusot\/","url_meta":{"origin":2686,"position":1},"title":"Aquathlon du Creusot","date":"5 avril 2023","format":false,"excerpt":"Le club \u00e9tait repr\u00e9sent\u00e9 sur l'aquathlon de la Verrerie ce dimanche 2 avril. De nombreux licenci\u00e9s \u00e9taient pr\u00e9sents avec de beaux r\u00e9sultats \u00e0 la clef ! 8\/9ans : Jules Vendramini\u00a0 4e au scratch et 4e poussin \/ Candice Herrero 10e au scratch et 5e poussine \/ Come Dessagne 13e au\u2026","rel":"","context":"Dans &quot;Non class\u00e9&quot;","img":{"alt_text":"","src":"https:\/\/i2.wp.com\/www.montceautriathlon.com\/blog\/wp-content\/uploads\/2023\/04\/image_6487327-15.jpg?resize=350%2C200&ssl=1","width":350,"height":200},"classes":[]},{"id":6663,"url":"https:\/\/www.montceautriathlon.com\/blog\/2024\/03\/25\/aquathlon-du-creusot-2\/","url_meta":{"origin":2686,"position":2},"title":"Aquathlon du Creusot","date":"25 mars 2024","format":false,"excerpt":"Ce WE nos voisins du Creusot triathlon organisait leur Aquathlon, Montceau Triathlon y a donc fait le d\u00e9placement. C\u2019est dans une ambiance conviviale que nos triathl\u00e8tes ont fait de belles performances ce dimanche Sur la Course 8\/.9 ans (100m \/ 1km ) Come Pradier 11e au scratch 4e poussin Tiana\u2026","rel":"","context":"Dans &quot;Non class\u00e9&quot;","img":{"alt_text":"","src":"https:\/\/i1.wp.com\/www.montceautriathlon.com\/blog\/wp-content\/uploads\/2024\/03\/aqua.jpg?resize=350%2C200&ssl=1","width":350,"height":200},"classes":[]},{"id":2834,"url":"https:\/\/www.montceautriathlon.com\/blog\/2019\/05\/20\/20-05-13-triathlon-du-creusot-montceautriathlon-loin-detre-mis-au-pilon\/","url_meta":{"origin":2686,"position":3},"title":"20 \/05\/13, triathlon du Creusot : MontceauTriathlon loin d&rsquo;\u00eatre mis au pilon !","date":"20 mai 2019","format":false,"excerpt":"Le club s'est donc donn\u00e9 rendez-vous une fois de plus au Creusot ! Imaginez 59 licenci\u00e9s\u00a0 et deux vieilles gloires du club align\u00e9s sur les diff\u00e9rentes courses de ce week-end pilonnant de leur nombre le sol Creusotin ! Et pourtant on aurait pu croire que la m\u00e9t\u00e9o incertaine et une\u2026","rel":"","context":"Dans &quot;Non class\u00e9&quot;","img":{"alt_text":"","src":"https:\/\/i1.wp.com\/montceautriathlon.com\/blog\/wp-content\/uploads\/2019\/05\/Creusot-3-300x200.jpg?resize=350%2C200","width":350,"height":200},"classes":[]},{"id":5056,"url":"https:\/\/www.montceautriathlon.com\/blog\/2022\/05\/24\/22-et-23-mai-2022-aix-en-provence-saulxures-sur-moselotte-le-creusot-vitry-en-charolais-cruzilles-montceau-triathlon-sur-tous-les-fronts\/","url_meta":{"origin":2686,"position":4},"title":"22 et 23 mai 2022 : Aix en Provence, Saulxures sur Moselotte, Le Creusot, Vitry en Charolais, Cruzilles, Montceau Triathlon sur tous les fronts !","date":"24 mai 2022","format":false,"excerpt":"Engag\u00e9s sur tous les fronts, nos triathl\u00e8tes ont fait briller les couleurs du club en pensant fort \u00e0 Patrick. Nos cinq iron-men sont tous finishers ! les halfers tous finishers aussi. Mention particuli\u00e8re aux deux Laurent qui terminent presque main dans la main avec une remarquable performance en 10h40 d\u00e9crochant\u2026","rel":"","context":"Dans &quot;Non class\u00e9&quot;","img":{"alt_text":"","src":"https:\/\/i0.wp.com\/www.montceautriathlon.com\/blog\/wp-content\/uploads\/2022\/05\/IMG-20220523-WA0002.jpg?resize=350%2C200&ssl=1","width":350,"height":200},"classes":[]},{"id":8765,"url":"https:\/\/www.montceautriathlon.com\/blog\/2026\/04\/01\/aquathlon-de-la-verrerie\/","url_meta":{"origin":2686,"position":5},"title":"Aquathlon de la Verrerie","date":"1 avril 2026","format":false,"excerpt":"Ce dimanche 29 mars, nos jeunes ont pris part au 1r aquathlon de la saison au Creusot avec des conditions m\u00e9t\u00e9o tr\u00e8s fraiche. Sur la course XS, Axelle Da Eira termine la course en 18min 05 (4e MIF). Jules Vinck le r\u00e9alise \u00e9galement en 18min 05 (4e BeH). Arrivent ensuite\u2026","rel":"","context":"Dans &quot;Non class\u00e9&quot;","img":{"alt_text":"","src":"https:\/\/i2.wp.com\/www.montceautriathlon.com\/blog\/wp-content\/uploads\/2026\/04\/IMG_0334.jpg?resize=350%2C200&ssl=1","width":350,"height":200},"classes":[]}],"_links":{"self":[{"href":"https:\/\/www.montceautriathlon.com\/blog\/wp-json\/wp\/v2\/posts\/2686"}],"collection":[{"href":"https:\/\/www.montceautriathlon.com\/blog\/wp-json\/wp\/v2\/posts"}],"about":[{"href":"https:\/\/www.montceautriathlon.com\/blog\/wp-json\/wp\/v2\/types\/post"}],"author":[{"embeddable":true,"href":"https:\/\/www.montceautriathlon.com\/blog\/wp-json\/wp\/v2\/users\/5"}],"replies":[{"embeddable":true,"href":"https:\/\/www.montceautriathlon.com\/blog\/wp-json\/wp\/v2\/comments?post=2686"}],"version-history":[{"count":9,"href":"https:\/\/www.montceautriathlon.com\/blog\/wp-json\/wp\/v2\/posts\/2686\/revisions"}],"predecessor-version":[{"id":2970,"href":"https:\/\/www.montceautriathlon.com\/blog\/wp-json\/wp\/v2\/posts\/2686\/revisions\/2970"}],"wp:attachment":[{"href":"https:\/\/www.montceautriathlon.com\/blog\/wp-json\/wp\/v2\/media?parent=2686"}],"wp:term":[{"taxonomy":"category","embeddable":true,"href":"https:\/\/www.montceautriathlon.com\/blog\/wp-json\/wp\/v2\/categories?post=2686"},{"taxonomy":"post_tag","embeddable":true,"href":"https:\/\/www.montceautriathlon.com\/blog\/wp-json\/wp\/v2\/tags?post=2686"}],"curies":[{"name":"wp","href":"https:\/\/api.w.org\/{rel}","templated":true}]}}