{"id":2681,"date":"2019-04-01T12:26:18","date_gmt":"2019-04-01T11:26:18","guid":{"rendered":"http:\/\/montceautriathlon.com\/blog\/?p=2681"},"modified":"2019-04-02T10:53:48","modified_gmt":"2019-04-02T09:53:48","slug":"30-03-19-semi-marathon-de-la-cote-chalonnaise-avec-moderation","status":"publish","type":"post","link":"https:\/\/www.montceautriathlon.com\/blog\/2019\/04\/01\/30-03-19-semi-marathon-de-la-cote-chalonnaise-avec-moderation\/","title":{"rendered":"30\/03\/19, semi-marathon de la c\u00f4te chalonnaise : avec mod\u00e9ration&#8230;"},"content":{"rendered":"<p><a href=\"http:\/\/montceautriathlon.com\/blog\/wp-content\/uploads\/2019\/04\/pancarte.jpg\" target=\"_blank\" rel=\"noopener\"><img data-attachment-id=\"2683\" data-permalink=\"https:\/\/www.montceautriathlon.com\/blog\/2019\/04\/01\/30-03-19-semi-marathon-de-la-cote-chalonnaise-avec-moderation\/pancarte\/\" data-orig-file=\"https:\/\/www.montceautriathlon.com\/blog\/wp-content\/uploads\/2019\/04\/pancarte.jpg\" data-orig-size=\"200,200\" data-comments-opened=\"1\" data-image-meta=\"{&quot;aperture&quot;:&quot;0&quot;,&quot;credit&quot;:&quot;&quot;,&quot;camera&quot;:&quot;&quot;,&quot;caption&quot;:&quot;&quot;,&quot;created_timestamp&quot;:&quot;0&quot;,&quot;copyright&quot;:&quot;&quot;,&quot;focal_length&quot;:&quot;0&quot;,&quot;iso&quot;:&quot;0&quot;,&quot;shutter_speed&quot;:&quot;0&quot;,&quot;title&quot;:&quot;&quot;,&quot;orientation&quot;:&quot;0&quot;}\" data-image-title=\"pancarte\" data-image-description=\"\" data-image-caption=\"\" data-medium-file=\"https:\/\/www.montceautriathlon.com\/blog\/wp-content\/uploads\/2019\/04\/pancarte.jpg\" data-large-file=\"https:\/\/www.montceautriathlon.com\/blog\/wp-content\/uploads\/2019\/04\/pancarte.jpg\" loading=\"lazy\" class=\"alignleft wp-image-2683 size-full\" src=\"http:\/\/montceautriathlon.com\/blog\/wp-content\/uploads\/2019\/04\/pancarte.jpg\" alt=\"\" width=\"200\" height=\"200\" srcset=\"https:\/\/www.montceautriathlon.com\/blog\/wp-content\/uploads\/2019\/04\/pancarte.jpg 200w, https:\/\/www.montceautriathlon.com\/blog\/wp-content\/uploads\/2019\/04\/pancarte-150x150.jpg 150w\" sizes=\"(max-width: 200px) 100vw, 200px\" \/><\/a>Quelques triathl\u00e8tes du club ont donc fait le d\u00e9placement ce week-end du c\u00f4t\u00e9 de Givry.<br \/>\nA noter la\u00a0 jolie performance de <strong>K\u00e9vin Dorkel sur un\u00a0 10km tr\u00e8s relev\u00e9<\/strong> avec une belle 10\u00e8me place au scratch ! Et aussi <strong>la belle 17\u00e8me place de Cyrille B\u00e9rardan\u00a0 sur le marathon !<\/strong><br \/>\nBravo \u00e0 tous !<\/p>\n<p>Les r\u00e9sultats du Marathon : 523 class\u00e9s<\/p>\n<ul>\n<li>Cyrille B\u00e9rardan 17\u00e8me scratch\u00a0 3h07&rsquo;32\u00a0\u00bb 10\u00e8me SM<\/li>\n<\/ul>\n<p>les r\u00e9sultats du semi : 1105 class\u00e9s<\/p>\n<ul>\n<li>Alice Vaury 303\u00e8me scratch\u00a0\u00a0\u00a0\u00a0\u00a0\u00a0 en 1h54&rsquo;19\u00a0\u00bb\u00a0 15\u00e8me SF<\/li>\n<li>Lucie Reynier\u00a0 448\u00e8me scratch\u00a0 en 2h02&rsquo;31\u00a0\u00bb\u00a0 26\u00e8me SF<\/li>\n<li>Isabelle Vaury\u00a0 828\u00e8me scratch\u00a0 en 2h28&rsquo;05\u00a0\u00bb\u00a0 37\u00e8me M2F<\/li>\n<li>Pierre Perrin\u00a0 829\u00e8me scratch \u00a0\u00a0 en 2h28&rsquo;06\u00a0\u00bb\u00a0\u00a0\u00a0 139\u00e8me M2M<\/li>\n<\/ul>\n<p>les r\u00e9sultats du 10km : 1115 class\u00e9s<\/p>\n<ul>\n<li>K\u00e9vin Dorkel 10\u00e8me scratch\u00a0\u00a0\u00a0\u00a0\u00a0\u00a0\u00a0\u00a0 en 38&rsquo;44\u00a0\u00bb\u00a0 5\u00e8me SM<\/li>\n<li>Nicolas Gallarati 24\u00e8me scratch\u00a0 en 41&rsquo;59\u00a0\u00bb\u00a0 5\u00e8me Esp M<\/li>\n<li>Laure Rochaix\u00a0 477\u00e8me scratch \u00a0\u00a0 en 1h00&rsquo;23\u00a0\u00bb\u00a0 47\u00e8me M1F<\/li>\n<li>Ir\u00e8ne Vuilin 728\u00e8me scratch\u00a0\u00a0\u00a0\u00a0\u00a0\u00a0 \u00a0 en 1h07&prime; 20&Prime;\u00a0 32\u00e8me M2F<em><br \/>\n<\/em><\/li>\n<li><em>H\u00e9l\u00e8ne Touillon\u00a0\u00a0 non class\u00e9e\u00a0\u00a0\u00a0\u00a0 environ 58&prime;<\/em><\/li>\n<\/ul>\n<h6><em>\u00a0<\/em><\/h6>\n","protected":false},"excerpt":{"rendered":"<p>Quelques triathl\u00e8tes du club ont donc fait le d\u00e9placement ce week-end du c\u00f4t\u00e9 de Givry. A noter la\u00a0 jolie performance de K\u00e9vin Dorkel sur un\u00a0 10km tr\u00e8s relev\u00e9 avec une belle 10\u00e8me place au scratch ! Et aussi la belle 17\u00e8me place de Cyrille B\u00e9rardan\u00a0 sur le marathon ! Bravo \u00e0 tous ! Les r\u00e9sultats [&hellip;]<\/p>\n","protected":false},"author":5,"featured_media":0,"comment_status":"open","ping_status":"open","sticky":false,"template":"","format":"standard","meta":{"spay_email":"","jetpack_publicize_message":"","jetpack_is_tweetstorm":false},"categories":[1],"tags":[],"jetpack_featured_media_url":"","jetpack_publicize_connections":[],"jetpack_sharing_enabled":true,"jetpack_shortlink":"https:\/\/wp.me\/p8bwIy-Hf","jetpack-related-posts":[{"id":2515,"url":"https:\/\/www.montceautriathlon.com\/blog\/2018\/11\/19\/17-11-18-semi-marathon-de-beaune-ou-ne-pas-courir-en-vain-sur-la-cote\/","url_meta":{"origin":2681,"position":0},"title":"17\/11\/18 : semi marathon de Beaune ou ne pas courir en vain sur la c\u00f4te !","date":"19 novembre 2018","format":false,"excerpt":"R\u00e9sultats du semi : 2288 class\u00e9s. Laurent Magnien\u00a0\u00a0\u00a0\u00a0\u00a0 55\u00e8me scratch\u00a0\u00a0 17\u00e8me\u00a0\u00a0 VH1\u00a0 1h24'29 Cyrille B\u00e9rardan\u00a0\u00a0\u00a0\u00a0\u00a0\u00a0 58\u00e8me scratch\u00a0\u00a0 31\u00e8me\u00a0\u00a0\u00a0 SH\u00a0 1h24'49 Beno\u00eet Thierry\u00a0\u00a0\u00a0\u00a0\u00a0\u00a0\u00a0\u00a0\u00a0\u00a0 189\u00e8me scratch\u00a0 62\u00e8me\u00a0\u00a0 VH1\u00a0 1h33'28 Arnaud Rondier\u00a0\u00a0\u00a0\u00a0\u00a0\u00a0\u00a0 192\u00e8me scratch 64\u00e8me\u00a0\u00a0 VH1 1h33'28 Olivier Grivault \u00a0 \u00a0 \u00a0 \u00a0\u00a0 911\u00e8me scratch\u00a0 278\u00e8me VH1\u00a0 1h50'44 Jean Da Eira\u00a0\u00a0\u00a0\u00a0\u00a0\u00a0\u00a0\u00a0\u00a0\u00a0 1233\u00e8me scratch\u2026","rel":"","context":"Dans &quot;Non class\u00e9&quot;","img":{"alt_text":"","src":"","width":0,"height":0},"classes":[]},{"id":1868,"url":"https:\/\/www.montceautriathlon.com\/blog\/2018\/04\/04\/marathon-de-la-cote-chalonnaise-31-03-2018\/","url_meta":{"origin":2681,"position":1},"title":"marathon de la C\u00f4te Chalonnaise 31\/03\/2018","date":"4 avril 2018","format":false,"excerpt":"Ce week-end Pascal aura \u00e9t\u00e9 charg\u00e9 en \u00e9v\u00e8nements et plusieurs licenci\u00e9s du club ont fait le d\u00e9placement en C\u00f4te Chalonnaise. On peut noter les excellentes performances sur le marathon de Cyrille B\u00e9rardian et de notre coach Beno\u00eet Thierry qui avaient vraisemblablement peur de rater le train. Fred Ghesqui\u00e8re n'aura pas\u2026","rel":"","context":"Dans &quot;Non class\u00e9&quot;","img":{"alt_text":"","src":"https:\/\/i1.wp.com\/montceautriathlon.com\/blog\/wp-content\/uploads\/2018\/04\/beno\u00c3\u00aet-1-300x277.jpg?resize=350%2C200","width":350,"height":200},"classes":[]},{"id":1927,"url":"https:\/\/www.montceautriathlon.com\/blog\/2018\/04\/30\/triathlon-metal-valley-montbard-29-04-2018\/","url_meta":{"origin":2681,"position":2},"title":"Triathlon M\u00e9tal Valley MONTBARD 29\/04\/2018","date":"30 avril 2018","format":false,"excerpt":"Une forte et jeune \u00e9quipe du club s'est d\u00e9plac\u00e9e ce week-end \u00e0 Montbard. Une belle colonie de benjamin(e)s et de pupilles avec pour certains leur premier vrai triathlon. De beaux r\u00e9sultats ! Mention sp\u00e9ciale \u00e0 Marius Grivault 3\u00e8me Benjamin sur le XS avec une belle 16\u00e8me place au scratch sur\u2026","rel":"","context":"Dans &quot;Non class\u00e9&quot;","img":{"alt_text":"","src":"","width":0,"height":0},"classes":[]},{"id":2487,"url":"https:\/\/www.montceautriathlon.com\/blog\/2018\/11\/04\/3-11-18-semi-marathon-du-charolais-une-douzaine-de-licencies-au-top-depart\/","url_meta":{"origin":2681,"position":3},"title":"3\/11\/18  semi marathon du Charolais : une douzaine de licenci\u00e9s au top d\u00e9part !","date":"4 novembre 2018","format":false,"excerpt":"\u00a0 \u00a0 \u00a0 \u00a0 \u00a0 250 class\u00e9s\u00a0 dont onze triathl\u00e8tes du club et une nouvelle belle perf de Laurent de Souza avec sa 7\u00e8me place au scratch et 1er v\u00e9t\u00e9ran et jolie 6\u00e8me place en VEF pour C\u00e9line sa douce et tendre.\u00a0 Bravo \u00e0 tous les participants ! Sur le\u2026","rel":"","context":"Dans &quot;Non class\u00e9&quot;","img":{"alt_text":"","src":"","width":0,"height":0},"classes":[]},{"id":1941,"url":"https:\/\/www.montceautriathlon.com\/blog\/2018\/05\/09\/les-foulees-de-blanzy-8-05-2018\/","url_meta":{"origin":2681,"position":4},"title":"Les foul\u00e9es de Blanzy  8\/05\/2018","date":"9 mai 2018","format":false,"excerpt":"Une tr\u00e8s forte participation du club(club le plus repr\u00e9sent\u00e9)avec plus de 35 inscrits sur le trail de Mt St Vincent de 26km et les Foul\u00e9es de 10km. les r\u00e9sultats ci-dessous ! \u00a0 \u00a0 trail du Mt St Vincent\u00a0\u00a0 26km\u00a0 143 class\u00e9s : Pascal Vaury\u00a0\u00a0\u00a0\u00a0\u00a0\u00a0\u00a0\u00a0\u00a0\u00a0\u00a0\u00a0\u00a0\u00a0\u00a0 17\u00e8me scratch \u00a0 \u00a0 \u00a0 \u00a0\u2026","rel":"","context":"Dans &quot;Non class\u00e9&quot;","img":{"alt_text":"","src":"","width":0,"height":0},"classes":[]},{"id":5395,"url":"https:\/\/www.montceautriathlon.com\/blog\/2022\/10\/15\/9-octobre-1er-triathlon-bressan-montceau-triathlon-a-decouvert-cette-nouvelle-epreuve-10-km-de-dole-pascal-sur-le-podium\/","url_meta":{"origin":2681,"position":5},"title":"9 octobre, 1er triathlon bressan : Montceau Triathlon a d\u00e9couvert cette nouvelle \u00e9preuve.                                                          10 km de D\u00f4le : Pascal sur le podium.","date":"15 octobre 2022","format":false,"excerpt":"Le Club Nautique de Louhans organisait le week-end dernier son premier triathlon avec natation en piscine. Course classique pour les J1 et J2 et contre la montre individuel pour les courses S et XS. Quelques podiums pour les jeunes et premi\u00e8re comp\u00e9tition sous les couleurs du club pour Simon Devoille\u2026","rel":"","context":"Dans &quot;Non class\u00e9&quot;","img":{"alt_text":"","src":"https:\/\/i0.wp.com\/www.montceautriathlon.com\/blog\/wp-content\/uploads\/2022\/10\/IMG-20221010-WA0004.jpg?resize=350%2C200&ssl=1","width":350,"height":200},"classes":[]}],"_links":{"self":[{"href":"https:\/\/www.montceautriathlon.com\/blog\/wp-json\/wp\/v2\/posts\/2681"}],"collection":[{"href":"https:\/\/www.montceautriathlon.com\/blog\/wp-json\/wp\/v2\/posts"}],"about":[{"href":"https:\/\/www.montceautriathlon.com\/blog\/wp-json\/wp\/v2\/types\/post"}],"author":[{"embeddable":true,"href":"https:\/\/www.montceautriathlon.com\/blog\/wp-json\/wp\/v2\/users\/5"}],"replies":[{"embeddable":true,"href":"https:\/\/www.montceautriathlon.com\/blog\/wp-json\/wp\/v2\/comments?post=2681"}],"version-history":[{"count":7,"href":"https:\/\/www.montceautriathlon.com\/blog\/wp-json\/wp\/v2\/posts\/2681\/revisions"}],"predecessor-version":[{"id":2729,"href":"https:\/\/www.montceautriathlon.com\/blog\/wp-json\/wp\/v2\/posts\/2681\/revisions\/2729"}],"wp:attachment":[{"href":"https:\/\/www.montceautriathlon.com\/blog\/wp-json\/wp\/v2\/media?parent=2681"}],"wp:term":[{"taxonomy":"category","embeddable":true,"href":"https:\/\/www.montceautriathlon.com\/blog\/wp-json\/wp\/v2\/categories?post=2681"},{"taxonomy":"post_tag","embeddable":true,"href":"https:\/\/www.montceautriathlon.com\/blog\/wp-json\/wp\/v2\/tags?post=2681"}],"curies":[{"name":"wp","href":"https:\/\/api.w.org\/{rel}","templated":true}]}}