{"id":2663,"date":"2019-03-26T10:30:58","date_gmt":"2019-03-26T09:30:58","guid":{"rendered":"http:\/\/montceautriathlon.com\/blog\/?p=2663"},"modified":"2020-02-10T16:26:58","modified_gmt":"2020-02-10T15:26:58","slug":"24-03-19-duathlon-de-macon-debut-de-saison-et-plein-demotions","status":"publish","type":"post","link":"https:\/\/www.montceautriathlon.com\/blog\/2019\/03\/26\/24-03-19-duathlon-de-macon-debut-de-saison-et-plein-demotions\/","title":{"rendered":"24\/03\/19, Duathlon de M\u00e2con : d\u00e9but de saison et plein d&rsquo;\u00e9motions !"},"content":{"rendered":"<p>M\u00e2con \u00e9tait ce dimanche lieu des Championnats de Bourgogne Franche Comt\u00e9 de Duathlon toutes cat\u00e9gories et \u00e9preuve s\u00e9lective au Championnat de France de Duathlon Jeunes,\u00a0 \u00e0 la Coupe de France des clubs et \u00e0 la demi-finale des championnats de France de D2 f\u00e9minine et D3 masculine. Le printemps et son soleil g\u00e9n\u00e9reux \u00e9taient de la partie. Notre \u00e9quipe f\u00e9minine accompagn\u00e9e de quelques individualit\u00e9s masculines comptait faire aussi bien que l&rsquo;ann\u00e9e derni\u00e8re et se qualifier pour les demi-finales de D2 triathlon et \u00e0 la Coupe de France de Duathlon face \u00e0 un plateau tr\u00e8s relev\u00e9 cette ann\u00e9e. Mission accomplie pour <strong>Aude, Catherine, Marion Ludivine et Maryl\u00e8ne<\/strong>. Et cerise sur le g\u00e2teau avec <strong>la nouvelle qualification de Ludivine aux France Jeunes de Duathlon<\/strong> \u00e0 Noyon le 15 avril prochain.<\/p>\n<p>Signalons aussi la belle performance de<strong> Marion Raclot<\/strong>, 3\u00e8me s\u00e9niore f\u00e9minine et donc sur le podium et de\u00a0<strong> Jason Lecat<\/strong> qui finit 26\u00e8me au scratch sur les 225 comp\u00e9titeurs de l&rsquo;\u00e9preuve S.\u00a0<strong> Aude et Catherine<\/strong> au pied du podium master F !<\/p>\n<p>r\u00e9sultats ci-dessous :\u00a0\u00a0\u00a0\u00a0\u00a0\u00a0\u00a0\u00a0\u00a0\u00a0\u00a0\u00a0\u00a0\u00a0\u00a0\u00a0 <a href=\"http:\/\/montceautriathlon.com\/blog\/wp-content\/uploads\/2019\/03\/Duathlon-Macon-03-19-38.jpg\"><img data-attachment-id=\"2718\" data-permalink=\"https:\/\/www.montceautriathlon.com\/blog\/2019\/03\/26\/24-03-19-duathlon-de-macon-debut-de-saison-et-plein-demotions\/duathlon-macon-03-19-38\/\" data-orig-file=\"https:\/\/www.montceautriathlon.com\/blog\/wp-content\/uploads\/2019\/03\/Duathlon-Macon-03-19-38.jpg\" data-orig-size=\"1469,1102\" data-comments-opened=\"1\" data-image-meta=\"{&quot;aperture&quot;:&quot;5.9&quot;,&quot;credit&quot;:&quot;&quot;,&quot;camera&quot;:&quot;DC-FZ82&quot;,&quot;caption&quot;:&quot;&quot;,&quot;created_timestamp&quot;:&quot;1553428784&quot;,&quot;copyright&quot;:&quot;&quot;,&quot;focal_length&quot;:&quot;215&quot;,&quot;iso&quot;:&quot;80&quot;,&quot;shutter_speed&quot;:&quot;0.005&quot;,&quot;title&quot;:&quot;&quot;,&quot;orientation&quot;:&quot;1&quot;}\" data-image-title=\"Duathlon Macon 03 19 (38)\" data-image-description=\"\" data-image-caption=\"\" data-medium-file=\"https:\/\/www.montceautriathlon.com\/blog\/wp-content\/uploads\/2019\/03\/Duathlon-Macon-03-19-38-300x225.jpg\" data-large-file=\"https:\/\/www.montceautriathlon.com\/blog\/wp-content\/uploads\/2019\/03\/Duathlon-Macon-03-19-38-1024x768.jpg\" loading=\"lazy\" class=\"size-medium wp-image-2718 alignright\" src=\"http:\/\/montceautriathlon.com\/blog\/wp-content\/uploads\/2019\/03\/Duathlon-Macon-03-19-38-300x225.jpg\" alt=\"\" width=\"300\" height=\"225\" srcset=\"https:\/\/www.montceautriathlon.com\/blog\/wp-content\/uploads\/2019\/03\/Duathlon-Macon-03-19-38-300x225.jpg 300w, https:\/\/www.montceautriathlon.com\/blog\/wp-content\/uploads\/2019\/03\/Duathlon-Macon-03-19-38-768x576.jpg 768w, https:\/\/www.montceautriathlon.com\/blog\/wp-content\/uploads\/2019\/03\/Duathlon-Macon-03-19-38-1024x768.jpg 1024w, https:\/\/www.montceautriathlon.com\/blog\/wp-content\/uploads\/2019\/03\/Duathlon-Macon-03-19-38.jpg 1469w\" sizes=\"(max-width: 300px) 100vw, 300px\" \/><\/a><\/p>\n<p>26\u00e8me scratch \u00a0 Lecat Jason 59:11 10e MSE<br \/>\n135\u00e8me scratch Fichet Nicolas 1:&rsquo;07:&rsquo;46 51eMSE<br \/>\n157\u00e8me scratch Lequin Ludivine 1:10:48 5e FJU<br \/>\n161\u00e8me scratch Raclot Marion 1:11:10 3e FSE<br \/>\n163\u00e8me scratch Messere Th\u00e9o 1:11:32 26eMCA<br \/>\n171\u00e8me scratch Pluchot Herv\u00e9 1:12:36 47EMMA<br \/>\n180\u00e8me scratch Demortiere Aude 1:15:14 4eFMA<br \/>\n182\u00e8me scratch Mauro Catherine 1:15:43 5eFMA<br \/>\n187\u00e8me scratch Lequin Maryl\u00e8ne 1:16:49 8eFSE<\/p>\n<p>Chez les plus jeunes, f\u00e9licitation \u00e0 <strong>Marie Demorti\u00e8re<\/strong> qui gagne la comp\u00e9tition en benjamine ! Mais il n&rsquo;y a pas de titre r\u00e9gional d\u00e9cern\u00e9 dans cette cat\u00e9gorie. Dommage !\u00a0 Une belle victoire et la plus haute marche du podium\u00a0 quand m\u00eame ! Sa soeur<strong> Julie<\/strong>, monte sur la deuxi\u00e8me marche en poussine. (Mieux que la maman , 4\u00e8me en Master F) <strong>Antoine Ballet<\/strong> loupe le podium pour une poign\u00e9e de secondes, une belle quatri\u00e8me place en benjamin ! En minime, difficile de se qualifier tant le niveau \u00e9tait \u00e9lev\u00e9. Une belle\u00a0 18\u00e8me\u00a0 place pour <strong>Marius Grivault<\/strong> sur 65 minimes au d\u00e9part. Bravo \u00e0 Mathieu et Marine qui ont tout donn\u00e9 !<\/p>\n<p><strong>les r\u00e9sultats : <u>XS<br \/>\n<\/u><\/strong><\/p>\n<p>18\u00e8me Grivault Marius\u00a0 35:51\u00a0 \u00a0 \u00a015 MMI<\/p>\n<p>26\u00e8me Perroux Mathieu\u00a0 37:15\u00a0 \u00a022MMI<a href=\"http:\/\/montceautriathlon.com\/blog\/wp-content\/uploads\/2019\/03\/IMG_20190324_134600.jpg\"><img data-attachment-id=\"2670\" data-permalink=\"https:\/\/www.montceautriathlon.com\/blog\/2019\/03\/26\/24-03-19-duathlon-de-macon-debut-de-saison-et-plein-demotions\/img_20190324_134600\/\" data-orig-file=\"https:\/\/www.montceautriathlon.com\/blog\/wp-content\/uploads\/2019\/03\/IMG_20190324_134600.jpg\" data-orig-size=\"4160,3120\" data-comments-opened=\"1\" data-image-meta=\"{&quot;aperture&quot;:&quot;2.2&quot;,&quot;credit&quot;:&quot;&quot;,&quot;camera&quot;:&quot;ATU-L21&quot;,&quot;caption&quot;:&quot;&quot;,&quot;created_timestamp&quot;:&quot;1553435161&quot;,&quot;copyright&quot;:&quot;&quot;,&quot;focal_length&quot;:&quot;3.46&quot;,&quot;iso&quot;:&quot;101&quot;,&quot;shutter_speed&quot;:&quot;0.00068358&quot;,&quot;title&quot;:&quot;&quot;,&quot;orientation&quot;:&quot;0&quot;}\" data-image-title=\"IMG_20190324_134600\" data-image-description=\"\" data-image-caption=\"\" data-medium-file=\"https:\/\/www.montceautriathlon.com\/blog\/wp-content\/uploads\/2019\/03\/IMG_20190324_134600-300x225.jpg\" data-large-file=\"https:\/\/www.montceautriathlon.com\/blog\/wp-content\/uploads\/2019\/03\/IMG_20190324_134600-1024x768.jpg\" loading=\"lazy\" class=\" wp-image-2670 alignright\" src=\"http:\/\/montceautriathlon.com\/blog\/wp-content\/uploads\/2019\/03\/IMG_20190324_134600-300x225.jpg\" alt=\"\" width=\"239\" height=\"179\" srcset=\"https:\/\/www.montceautriathlon.com\/blog\/wp-content\/uploads\/2019\/03\/IMG_20190324_134600-300x225.jpg 300w, https:\/\/www.montceautriathlon.com\/blog\/wp-content\/uploads\/2019\/03\/IMG_20190324_134600-768x576.jpg 768w, https:\/\/www.montceautriathlon.com\/blog\/wp-content\/uploads\/2019\/03\/IMG_20190324_134600-1024x768.jpg 1024w\" sizes=\"(max-width: 239px) 100vw, 239px\" \/><\/a><\/p>\n<div>49\u00e8me Da Eira Marine 42:14\u00a0\u00a0\u00a0\u00a0\u00a0\u00a0\u00a0 13FMI<\/div>\n<div>63\u00e8me Rouvray S\u00e9bastien 48&rsquo;56\u00a0\u00bb 4 SM<\/div>\n<div><\/div>\n<div><\/div>\n<div><strong><u>10\/13 ans:<\/u><\/strong><\/div>\n<div>\u00a0 4\u00e8me BALLET ANTOINE\u00a0 00:16:16\u00a04e MBE<\/div>\n<div>\u00a0 6\u00e8me\u00a0 DEMORTIERE MARIE\u00a0 00:16:25\u00a0 1e FBE<\/div>\n<div>\u00a0 19\u00e8me\u00a0 GOURAUD JULES\u00a0 00:17:25 10eMBE<\/div>\n<div>\u00a0 50\u00e8me\u00a0 MENTRE HUGO\u00a0 00:19:55 23eMBE<\/div>\n<div>\u00a0 51\u00e8me\u00a0 AERTS JULES\u00a0 00:19:57 24e MBE<\/div>\n<div>\u00a0 72\u00e8me GAUTHIER ANTONIN\u00a0 00:21:32 33e MBE<\/div>\n<div>\u00a0 75\u00e8me\u00a0 DA EIRA ZOE\u00a0 00:21:52\u00a0 54e FPU<\/div>\n<div>\u00a0 82\u00e8me\u00a0 ENCINAS JULES 00:22:28\u00a0 25MPU\u00a0\u00a0\u00a0\u00a0\u00a0\u00a0\u00a0\u00a0 <a href=\"http:\/\/montceautriathlon.com\/blog\/wp-content\/uploads\/2019\/03\/IMG_20190324_133940.jpg\"><img data-attachment-id=\"2669\" data-permalink=\"https:\/\/www.montceautriathlon.com\/blog\/2019\/03\/26\/24-03-19-duathlon-de-macon-debut-de-saison-et-plein-demotions\/img_20190324_133940\/\" data-orig-file=\"https:\/\/www.montceautriathlon.com\/blog\/wp-content\/uploads\/2019\/03\/IMG_20190324_133940.jpg\" data-orig-size=\"4160,3120\" data-comments-opened=\"1\" data-image-meta=\"{&quot;aperture&quot;:&quot;2.2&quot;,&quot;credit&quot;:&quot;&quot;,&quot;camera&quot;:&quot;ATU-L21&quot;,&quot;caption&quot;:&quot;&quot;,&quot;created_timestamp&quot;:&quot;1553434781&quot;,&quot;copyright&quot;:&quot;&quot;,&quot;focal_length&quot;:&quot;3.46&quot;,&quot;iso&quot;:&quot;100&quot;,&quot;shutter_speed&quot;:&quot;0.001285539&quot;,&quot;title&quot;:&quot;&quot;,&quot;orientation&quot;:&quot;0&quot;}\" data-image-title=\"IMG_20190324_133940\" data-image-description=\"\" data-image-caption=\"\" data-medium-file=\"https:\/\/www.montceautriathlon.com\/blog\/wp-content\/uploads\/2019\/03\/IMG_20190324_133940-300x225.jpg\" data-large-file=\"https:\/\/www.montceautriathlon.com\/blog\/wp-content\/uploads\/2019\/03\/IMG_20190324_133940-1024x768.jpg\" loading=\"lazy\" class=\" wp-image-2669 alignright\" src=\"http:\/\/montceautriathlon.com\/blog\/wp-content\/uploads\/2019\/03\/IMG_20190324_133940-300x225.jpg\" alt=\"\" width=\"253\" height=\"190\" srcset=\"https:\/\/www.montceautriathlon.com\/blog\/wp-content\/uploads\/2019\/03\/IMG_20190324_133940-300x225.jpg 300w, https:\/\/www.montceautriathlon.com\/blog\/wp-content\/uploads\/2019\/03\/IMG_20190324_133940-768x576.jpg 768w, https:\/\/www.montceautriathlon.com\/blog\/wp-content\/uploads\/2019\/03\/IMG_20190324_133940-1024x768.jpg 1024w\" sizes=\"(max-width: 253px) 100vw, 253px\" \/><\/a><\/div>\n<div>\u00a083\u00e8me\u00a0 BERARDAN \u00c9LEA\u00a0 00:22:29 8e FPU<\/div>\n<div><\/div>\n<div><strong><u>6\/9 ans<\/u><\/strong><\/div>\n<div>\u00a0 6\u00e8me\u00a0 DEMORTIERE JULIE\u00a0 00:05:59 2eFPO<\/div>\n<div>\u00a0 18\u00e8me\u00a0 DA EIRA AXELLE\u00a0 00:06:50\u00a0 6e FPO<\/div>\n<h3>C&rsquo;est donc une belle prestation d&rsquo;ensemble pour la quinzaine de jeunes de l&rsquo;\u00e9cole de triathlon sur ces \u00e9preuves r\u00e9gionales !<\/h3>\n<h3><span style=\"color: #ff0000;\"><strong>Nouveaut\u00e9 ! Une jolie petite vid\u00e9o en lien ci-dessous :<br \/>\n<\/strong><\/span><\/h3>\n<p><iframe loading=\"lazy\" title=\"Duathlon M\u00e2con 24 mars 2019\" frameborder=\"0\" width=\"625\" height=\"351\" src=\"https:\/\/www.dailymotion.com\/embed\/video\/x74sohh\" allowfullscreen allow=\"autoplay\"><\/iframe><\/p>\n<p><em>Merci \u00e0 Pascal Perroux pour cette vid\u00e9o<\/em><\/p>\n<p>l&rsquo;ensemble des r\u00e9sultats :<\/p>\n<p><a href=\"http:\/\/montceautriathlon.com\/blog\/wp-content\/uploads\/2019\/03\/Duathlon-M\u00e2con-2019.pdf\">Duathlon-M\u00e2con-2019<\/a><\/p>\n<p>&nbsp;<\/p>\n","protected":false},"excerpt":{"rendered":"<p>M\u00e2con \u00e9tait ce dimanche lieu des Championnats de Bourgogne Franche Comt\u00e9 de Duathlon toutes cat\u00e9gories et \u00e9preuve s\u00e9lective au Championnat de France de Duathlon Jeunes,\u00a0 \u00e0 la Coupe de France des clubs et \u00e0 la demi-finale des championnats de France de D2 f\u00e9minine et D3 masculine. Le printemps et son soleil g\u00e9n\u00e9reux \u00e9taient de la [&hellip;]<\/p>\n","protected":false},"author":5,"featured_media":0,"comment_status":"open","ping_status":"open","sticky":false,"template":"","format":"standard","meta":{"spay_email":"","jetpack_publicize_message":"","jetpack_is_tweetstorm":false},"categories":[1],"tags":[],"jetpack_featured_media_url":"","jetpack_publicize_connections":[],"jetpack_sharing_enabled":true,"jetpack_shortlink":"https:\/\/wp.me\/p8bwIy-GX","jetpack-related-posts":[{"id":2814,"url":"https:\/\/www.montceautriathlon.com\/blog\/2019\/05\/17\/12-mai-2019-triathlon-dautun-matin-chagrin\/","url_meta":{"origin":2663,"position":0},"title":"12 mai 2019, Triathlon d&rsquo;Autun : matin chagrin !","date":"17 mai 2019","format":false,"excerpt":"L'eau du plan d'eau du Vallon \u00e0 Autun \u00e9tait particuli\u00e8rement fraiche pour ne pas dire froide(proche des 10\u00b0 !) avec pour cons\u00e9quence la transformation du triathlon S en duathlon et de\u00a0 la premi\u00e8re \u00e9preuve (benjamines et minimes F)\u00a0 des demi-finales jeunes de triathlon zone grand Est qualificatives pour les Championnats\u2026","rel":"","context":"Dans &quot;Non class\u00e9&quot;","img":{"alt_text":"","src":"https:\/\/i1.wp.com\/montceautriathlon.com\/blog\/wp-content\/uploads\/2019\/05\/Autun-12-mai-300x225.jpg?resize=350%2C200","width":350,"height":200},"classes":[]},{"id":181,"url":"https:\/\/www.montceautriathlon.com\/blog\/2016\/03\/17\/resultats-du-duathlon-de-chalonsaone\/","url_meta":{"origin":2663,"position":1},"title":"R\u00e9sultats Duathlon de Chalon\/Sa\u00f4ne (13 mars 2016)","date":"17 mars 2016","format":false,"excerpt":"Le duathlon de Chalon s\u2019est d\u00e9roul\u00e9 le dimanche 13 mars avec la participation de plusieurs de nos triathl\u00e8tes. F\u00e9licitation \u00e0 Ludivine LEQUIN qui finit vice championne de Bourgogne dans la cat\u00e9gorie cadette. Maryl\u00e8ne et Ludivine LEQUIN se sont qualifi\u00e9es pour les championnats de France Jeune de Duathlon qui se d\u00e9roulera\u2026","rel":"","context":"Dans &quot;Non class\u00e9&quot;","img":{"alt_text":"","src":"","width":0,"height":0},"classes":[]},{"id":1903,"url":"https:\/\/www.montceautriathlon.com\/blog\/2018\/04\/24\/1-2-finale-championnat-de-france-de-duathlon-d2-feminine-villerupt\/","url_meta":{"origin":2663,"position":2},"title":"1\/2 FINALE CHAMPIONNAT DE FRANCE DE DUATHLON D2 f\u00e9minine &#8211; VILLERUPT","date":"24 avril 2018","format":false,"excerpt":"Le club \u00e9tait pr\u00e9sent \u00e0 Villerupt en Lorraine ce dimanche 22 avril et pr\u00e9sentait une \u00e9quipe f\u00e9minine compos\u00e9e de Ludivine Lequin , Maryl\u00e8ne Lequin, Catherine Mauro, Aude Demorti\u00e8re et d'Alice Vaury. La belle alliance de la jeunesse\u00a0 et de l'exp\u00e9rience a pay\u00e9. Une belle 3\u00e8me place au scratch pour Ludivine,\u2026","rel":"","context":"Dans &quot;Non class\u00e9&quot;","img":{"alt_text":"","src":"","width":0,"height":0},"classes":[]},{"id":5031,"url":"https:\/\/www.montceautriathlon.com\/blog\/2022\/05\/10\/championnat-de-france-jeunes-de-duathlon-a-chateauroux-une-nouvelle-bonne-experience-malgre-la-deception\/","url_meta":{"origin":2663,"position":3},"title":"Championnat de France jeunes de duathlon \u00e0 Ch\u00e2teauroux : une nouvelle bonne exp\u00e9rience malgr\u00e9 la d\u00e9ception.","date":"10 mai 2022","format":false,"excerpt":"Ce week-end \u00e0 Ch\u00e2teauroux, Jeanne Rondier se lan\u00e7ait sur ses deuxi\u00e8mes championnats de France minime de duathlon apr\u00e8s s'\u00eatre qualifi\u00e9e il y a peu \u00e0 M\u00e2con lors des s\u00e9lections r\u00e9gionales. Un niveau tr\u00e8s relev\u00e9 auquel est venu s'ajouter les premi\u00e8res chaleurs de la saison. Jeanne a bien n\u00e9goci\u00e9 le premier\u2026","rel":"","context":"Dans &quot;Non class\u00e9&quot;","img":{"alt_text":"","src":"https:\/\/i2.wp.com\/www.montceautriathlon.com\/blog\/wp-content\/uploads\/2022\/05\/IMG-20220508-WA0010.jpg?resize=350%2C200&ssl=1","width":350,"height":200},"classes":[]},{"id":4573,"url":"https:\/\/www.montceautriathlon.com\/blog\/2021\/09\/27\/championnat-de-france-de-duathlon-une-premiere-pour-jeanne-rondier\/","url_meta":{"origin":2663,"position":4},"title":"Championnat de France de Duathlon : Une premi\u00e8re pour Jeanne Rondier.","date":"27 septembre 2021","format":false,"excerpt":"Apr\u00e8s Zo\u00e9 Da Eira qualifi\u00e9e pour la premi\u00e8re fois aux Championnats de France d'aquathlon, ce fut le tour de Jeanne Rondier de porter haut les couleurs du club \u00e0 Noyon dans l'Oise ce dimanche matin en duathlon. Une premi\u00e8re aussi ! 72\u00e8me sur 115 participantes. Une belle exp\u00e9rience ! F\u00e9licitations\u2026","rel":"","context":"Dans &quot;Non class\u00e9&quot;","img":{"alt_text":"","src":"https:\/\/i2.wp.com\/www.montceautriathlon.com\/blog\/wp-content\/uploads\/2021\/09\/jeanne-CDF-Noyon.jpg?resize=350%2C200&ssl=1","width":350,"height":200},"classes":[]},{"id":5904,"url":"https:\/\/www.montceautriathlon.com\/blog\/2023\/05\/10\/championnat-de-france-de-duathlon\/","url_meta":{"origin":2663,"position":5},"title":"Championnat de France de Duathlon","date":"10 mai 2023","format":false,"excerpt":"Jeanne Rondier s'est qualifi\u00e9e aux championnats de France lors du duathlon de M\u00e2con le 26 mars.Ce Championnats de France de duathlon a eu lieu \u00e0 Ch\u00e2teauroux le 9 avril. Jeanne est 49e \u00e0 la fin de la 1e cap. La partie v\u00e9lo d\u00e9bute bien, jeanne est dans un groupe d'une\u2026","rel":"","context":"Dans &quot;Non class\u00e9&quot;","img":{"alt_text":"","src":"https:\/\/i0.wp.com\/www.montceautriathlon.com\/blog\/wp-content\/uploads\/2023\/05\/410fcbcc-4073-450e-b751-da1a72a57702.jpg?resize=350%2C200&ssl=1","width":350,"height":200},"classes":[]}],"_links":{"self":[{"href":"https:\/\/www.montceautriathlon.com\/blog\/wp-json\/wp\/v2\/posts\/2663"}],"collection":[{"href":"https:\/\/www.montceautriathlon.com\/blog\/wp-json\/wp\/v2\/posts"}],"about":[{"href":"https:\/\/www.montceautriathlon.com\/blog\/wp-json\/wp\/v2\/types\/post"}],"author":[{"embeddable":true,"href":"https:\/\/www.montceautriathlon.com\/blog\/wp-json\/wp\/v2\/users\/5"}],"replies":[{"embeddable":true,"href":"https:\/\/www.montceautriathlon.com\/blog\/wp-json\/wp\/v2\/comments?post=2663"}],"version-history":[{"count":12,"href":"https:\/\/www.montceautriathlon.com\/blog\/wp-json\/wp\/v2\/posts\/2663\/revisions"}],"predecessor-version":[{"id":2719,"href":"https:\/\/www.montceautriathlon.com\/blog\/wp-json\/wp\/v2\/posts\/2663\/revisions\/2719"}],"wp:attachment":[{"href":"https:\/\/www.montceautriathlon.com\/blog\/wp-json\/wp\/v2\/media?parent=2663"}],"wp:term":[{"taxonomy":"category","embeddable":true,"href":"https:\/\/www.montceautriathlon.com\/blog\/wp-json\/wp\/v2\/categories?post=2663"},{"taxonomy":"post_tag","embeddable":true,"href":"https:\/\/www.montceautriathlon.com\/blog\/wp-json\/wp\/v2\/tags?post=2663"}],"curies":[{"name":"wp","href":"https:\/\/api.w.org\/{rel}","templated":true}]}}