{"id":2652,"date":"2019-03-25T18:11:16","date_gmt":"2019-03-25T17:11:16","guid":{"rendered":"http:\/\/montceautriathlon.com\/blog\/?p=2652"},"modified":"2019-05-18T14:47:35","modified_gmt":"2019-05-18T13:47:35","slug":"24-03-19-course-nature-de-sanvignes-le-club-bien-represente","status":"publish","type":"post","link":"https:\/\/www.montceautriathlon.com\/blog\/2019\/03\/25\/24-03-19-course-nature-de-sanvignes-le-club-bien-represente\/","title":{"rendered":"24\/03\/19, Course nature de Sanvignes : le club bien repr\u00e9sent\u00e9 !"},"content":{"rendered":"<p><a href=\"http:\/\/montceautriathlon.com\/blog\/wp-content\/uploads\/2019\/03\/Cd2-lacs-5.jpg\"><img data-attachment-id=\"2653\" data-permalink=\"https:\/\/www.montceautriathlon.com\/blog\/2019\/03\/25\/24-03-19-course-nature-de-sanvignes-le-club-bien-represente\/cd2-lacs-5\/\" data-orig-file=\"https:\/\/www.montceautriathlon.com\/blog\/wp-content\/uploads\/2019\/03\/Cd2-lacs-5.jpg\" data-orig-size=\"1267,845\" data-comments-opened=\"1\" data-image-meta=\"{&quot;aperture&quot;:&quot;0&quot;,&quot;credit&quot;:&quot;&quot;,&quot;camera&quot;:&quot;&quot;,&quot;caption&quot;:&quot;&quot;,&quot;created_timestamp&quot;:&quot;0&quot;,&quot;copyright&quot;:&quot;&quot;,&quot;focal_length&quot;:&quot;0&quot;,&quot;iso&quot;:&quot;0&quot;,&quot;shutter_speed&quot;:&quot;0&quot;,&quot;title&quot;:&quot;&quot;,&quot;orientation&quot;:&quot;0&quot;}\" data-image-title=\"Cd2 lacs 5\" data-image-description=\"\" data-image-caption=\"\" data-medium-file=\"https:\/\/www.montceautriathlon.com\/blog\/wp-content\/uploads\/2019\/03\/Cd2-lacs-5-300x200.jpg\" data-large-file=\"https:\/\/www.montceautriathlon.com\/blog\/wp-content\/uploads\/2019\/03\/Cd2-lacs-5-1024x683.jpg\" loading=\"lazy\" class=\"size-medium wp-image-2653 alignleft\" src=\"http:\/\/montceautriathlon.com\/blog\/wp-content\/uploads\/2019\/03\/Cd2-lacs-5-300x200.jpg\" alt=\"\" width=\"300\" height=\"200\" srcset=\"https:\/\/www.montceautriathlon.com\/blog\/wp-content\/uploads\/2019\/03\/Cd2-lacs-5-300x200.jpg 300w, https:\/\/www.montceautriathlon.com\/blog\/wp-content\/uploads\/2019\/03\/Cd2-lacs-5-768x512.jpg 768w, https:\/\/www.montceautriathlon.com\/blog\/wp-content\/uploads\/2019\/03\/Cd2-lacs-5-1024x683.jpg 1024w, https:\/\/www.montceautriathlon.com\/blog\/wp-content\/uploads\/2019\/03\/Cd2-lacs-5.jpg 1267w\" sizes=\"(max-width: 300px) 100vw, 300px\" \/><\/a>Le printemps \u00e9tait au rendez-vous de cette course maintenant devenue classique. Le club \u00e9tait bien pr\u00e9sent (pr\u00e8s de 20 licenci\u00e9s) sur la 12,2km avec de belles prestations. Camille Bongrand, 7\u00e8me en\u00a0 en 50&rsquo;18\u00a0\u00bb, Laurent Magnien, 13\u00e8me en 51&rsquo;14\u00a0\u00bb sur 103 participants ! Belle course \u00e9galement de Lucie Reynier, 1\u00e8re s\u00e9nior F en 1h07&prime; 20&Prime;.<strong><span style=\"color: #0000ff;\"> Jolie course aussi pour Matt\u00e9o Dutarte sur la 7km, 10\u00e8me en 32&rsquo;24<\/span><span style=\"color: #0000ff;\">\u00a0\u00bb et 1er Junior M<\/span><\/strong>. Enfin , f\u00e9licitation \u00e0 <strong><span style=\"color: #800080;\">Jeanne Rondier chez les plus jeunes qui gagne en Benjamine !<\/span><\/strong><\/p>\n<p>Les r\u00e9sultats : sur 12.2km 103 partants :\u00a0\u00a0\u00a0\u00a0\u00a0\u00a0\u00a0\u00a0\u00a0\u00a0\u00a0\u00a0\u00a0\u00a0\u00a0\u00a0\u00a0\u00a0\u00a0\u00a0\u00a0\u00a0\u00a0\u00a0\u00a0\u00a0\u00a0\u00a0\u00a0\u00a0\u00a0\u00a0\u00a0\u00a0\u00a0\u00a0\u00a0\u00a0\u00a0\u00a0\u00a0\u00a0<a href=\"http:\/\/montceautriathlon.com\/blog\/wp-content\/uploads\/2019\/03\/course-2-lacs.jpg\"><img data-attachment-id=\"2657\" data-permalink=\"https:\/\/www.montceautriathlon.com\/blog\/2019\/03\/25\/24-03-19-course-nature-de-sanvignes-le-club-bien-represente\/course-2-lacs\/\" data-orig-file=\"https:\/\/www.montceautriathlon.com\/blog\/wp-content\/uploads\/2019\/03\/course-2-lacs.jpg\" data-orig-size=\"471,636\" data-comments-opened=\"1\" data-image-meta=\"{&quot;aperture&quot;:&quot;0&quot;,&quot;credit&quot;:&quot;&quot;,&quot;camera&quot;:&quot;&quot;,&quot;caption&quot;:&quot;&quot;,&quot;created_timestamp&quot;:&quot;0&quot;,&quot;copyright&quot;:&quot;&quot;,&quot;focal_length&quot;:&quot;0&quot;,&quot;iso&quot;:&quot;0&quot;,&quot;shutter_speed&quot;:&quot;0&quot;,&quot;title&quot;:&quot;&quot;,&quot;orientation&quot;:&quot;1&quot;}\" data-image-title=\"course 2 lacs\" data-image-description=\"\" data-image-caption=\"\" data-medium-file=\"https:\/\/www.montceautriathlon.com\/blog\/wp-content\/uploads\/2019\/03\/course-2-lacs-222x300.jpg\" data-large-file=\"https:\/\/www.montceautriathlon.com\/blog\/wp-content\/uploads\/2019\/03\/course-2-lacs.jpg\" loading=\"lazy\" class=\"wp-image-2657 alignright\" src=\"http:\/\/montceautriathlon.com\/blog\/wp-content\/uploads\/2019\/03\/course-2-lacs-222x300.jpg\" alt=\"\" width=\"141\" height=\"191\" srcset=\"https:\/\/www.montceautriathlon.com\/blog\/wp-content\/uploads\/2019\/03\/course-2-lacs-222x300.jpg 222w, https:\/\/www.montceautriathlon.com\/blog\/wp-content\/uploads\/2019\/03\/course-2-lacs.jpg 471w\" sizes=\"(max-width: 141px) 100vw, 141px\" \/><\/a><\/p>\n<ul>\n<li>Camille Bongrand\u00a0\u00a0\u00a0\u00a0\u00a0\u00a0\u00a0\u00a0\u00a0\u00a0 7\u00e8me scratch en 50&rsquo;18\u00a0\u00bb<\/li>\n<li>Laurent Magnien\u00a0\u00a0\u00a0\u00a0\u00a0\u00a0\u00a0\u00a0\u00a0\u00a0\u00a0 13\u00e8me scratch en 51&rsquo;14\u00a0\u00bb<\/li>\n<li>Benoit Thierry\u00a0\u00a0\u00a0\u00a0\u00a0\u00a0\u00a0\u00a0\u00a0\u00a0\u00a0\u00a0\u00a0\u00a0\u00a0\u00a0 18\u00e8me scratch en 54&rsquo;12\u00a0\u00bb<\/li>\n<li>Arnaud rondier\u00a0\u00a0\u00a0\u00a0\u00a0\u00a0\u00a0\u00a0\u00a0\u00a0\u00a0\u00a0\u00a0\u00a0 21\u00e8me scratch en 54&rsquo;42\u00a0\u00bb<\/li>\n<li>Fred\u00e9ric Perron\u00a0\u00a0\u00a0\u00a0\u00a0\u00a0\u00a0\u00a0\u00a0\u00a0\u00a0\u00a0\u00a0 38\u00e8me scratch en 1h00&rsquo;28\u00a0\u00bb<\/li>\n<li>Olivier Grivault\u00a0\u00a0\u00a0\u00a0\u00a0\u00a0\u00a0\u00a0\u00a0\u00a0\u00a0\u00a0\u00a0 39\u00e8me scratch en 1h00&rsquo;29\u00a0\u00bb<\/li>\n<li>Christian Poutissou \u00a0 \u00a0\u00a0 44\u00e8me scratch en 1h01&rsquo;01\u00a0\u00bb<\/li>\n<li>Pierre Alexandre Bouillon 50\u00e8me scratch en 1h02&rsquo;57\u00a0\u00bb<\/li>\n<li>Charline Berthier\u00a0\u00a0\u00a0\u00a0\u00a0\u00a0\u00a0\u00a0\u00a0 58\u00e8me scratch en 1h05&rsquo;08\u00a0\u00bb<\/li>\n<li>Pascal Jusseau\u00a0\u00a0\u00a0\u00a0\u00a0\u00a0\u00a0\u00a0\u00a0\u00a0\u00a0\u00a0\u00a0 64\u00e8me scratch en 1h06&rsquo;15\u00a0\u00bb\u00a0\u00a0\u00a0\u00a0\u00a0\u00a0\u00a0\u00a0\u00a0\u00a0\u00a0\u00a0\u00a0\u00a0\u00a0\u00a0\u00a0\u00a0 <a href=\"http:\/\/montceautriathlon.com\/blog\/wp-content\/uploads\/2019\/03\/CD2-lacs.jpg\"><img data-attachment-id=\"2659\" data-permalink=\"https:\/\/www.montceautriathlon.com\/blog\/2019\/03\/25\/24-03-19-course-nature-de-sanvignes-le-club-bien-represente\/cd2-lacs\/\" data-orig-file=\"https:\/\/www.montceautriathlon.com\/blog\/wp-content\/uploads\/2019\/03\/CD2-lacs.jpg\" data-orig-size=\"708,459\" data-comments-opened=\"1\" data-image-meta=\"{&quot;aperture&quot;:&quot;0&quot;,&quot;credit&quot;:&quot;&quot;,&quot;camera&quot;:&quot;&quot;,&quot;caption&quot;:&quot;&quot;,&quot;created_timestamp&quot;:&quot;0&quot;,&quot;copyright&quot;:&quot;&quot;,&quot;focal_length&quot;:&quot;0&quot;,&quot;iso&quot;:&quot;0&quot;,&quot;shutter_speed&quot;:&quot;0&quot;,&quot;title&quot;:&quot;&quot;,&quot;orientation&quot;:&quot;1&quot;}\" data-image-title=\"CD2 lacs\" data-image-description=\"\" data-image-caption=\"\" data-medium-file=\"https:\/\/www.montceautriathlon.com\/blog\/wp-content\/uploads\/2019\/03\/CD2-lacs-300x194.jpg\" data-large-file=\"https:\/\/www.montceautriathlon.com\/blog\/wp-content\/uploads\/2019\/03\/CD2-lacs.jpg\" loading=\"lazy\" class=\"wp-image-2659 alignright\" src=\"http:\/\/montceautriathlon.com\/blog\/wp-content\/uploads\/2019\/03\/CD2-lacs-300x194.jpg\" alt=\"\" width=\"215\" height=\"139\" srcset=\"https:\/\/www.montceautriathlon.com\/blog\/wp-content\/uploads\/2019\/03\/CD2-lacs-300x194.jpg 300w, https:\/\/www.montceautriathlon.com\/blog\/wp-content\/uploads\/2019\/03\/CD2-lacs.jpg 708w\" sizes=\"(max-width: 215px) 100vw, 215px\" \/><\/a><\/li>\n<li>Lucie Reynier\u00a0\u00a0\u00a0\u00a0\u00a0\u00a0\u00a0\u00a0\u00a0\u00a0\u00a0\u00a0\u00a0\u00a0 68\u00e8me scratch en 1h07&rsquo;20\u00a0\u00bb<\/li>\n<li>Philippe Bongrand \u00a0 \u00a0 \u00a0 71\u00e8me scratch en 1h08&rsquo;54\u00a0\u00bb<\/li>\n<li>Pascal Vaury\u00a0\u00a0\u00a0\u00a0\u00a0\u00a0\u00a0\u00a0\u00a0\u00a0\u00a0\u00a0\u00a0\u00a0\u00a0\u00a0 72\u00e8me scratch en 1h08&rsquo;55\u00a0\u00bb<\/li>\n<li>Nicole Lukowitz\u00a0\u00a0\u00a0\u00a0\u00a0\u00a0\u00a0\u00a0\u00a0 82\u00e8me scratch en 1h14&rsquo;23\u00a0\u00bb<\/li>\n<li>Val\u00e9rie Jusseau\u00a0\u00a0\u00a0\u00a0\u00a0\u00a0\u00a0\u00a0\u00a0\u00a0\u00a0\u00a0 98\u00e8me scratch en 1h29&prime; 28&Prime;<\/li>\n<\/ul>\n<p>David Michel qui a \u00ab\u00a0b\u00e9n\u00e9fici\u00e9\u00a0\u00bb d&rsquo;une\u00a0\u00bb erreur d&rsquo;aiguillage\u00a0\u00bb&#8230; termine un peu\u00a0 devant Val\u00e9rie. Mais sans cette erreur il aurait \u00e9t\u00e9 nettement mieux class\u00e9 sur cette course. Dommage !<\/p>\n<p>Les r\u00e9sultats ci-dessous :<\/p>\n<p><a href=\"http:\/\/montceautriathlon.com\/blog\/wp-content\/uploads\/2019\/03\/resultat-COURSE-NATURE-7-KM.pdf\">resultat COURSE NATURE 7 KM<\/a> <a href=\"http:\/\/montceautriathlon.com\/blog\/wp-content\/uploads\/2019\/03\/r\u00e9sultats-course-nature-12-km.pdf\">r\u00e9sultats course nature 12 km<\/a><\/p>\n<p><a href=\"http:\/\/montceautriathlon.com\/blog\/wp-content\/uploads\/2019\/03\/resultat-COURSE-NATURE-7-KM.pdf\">resultat COURSE NATURE 7 KM<\/a><\/p>\n<p><span style=\"color: #ff0000;\"><strong>Et de belles photos de Christelle que vous pouvez voir en suivant ce <a href=\"https:\/\/photos.app.goo.gl\/uqoa3q8u8krLzgsn7\" target=\"_blank\" rel=\"noopener\">lien<\/a><\/strong><\/span><\/p>\n","protected":false},"excerpt":{"rendered":"<p>Le printemps \u00e9tait au rendez-vous de cette course maintenant devenue classique. Le club \u00e9tait bien pr\u00e9sent (pr\u00e8s de 20 licenci\u00e9s) sur la 12,2km avec de belles prestations. Camille Bongrand, 7\u00e8me en\u00a0 en 50&rsquo;18\u00a0\u00bb, Laurent Magnien, 13\u00e8me en 51&rsquo;14\u00a0\u00bb sur 103 participants ! Belle course \u00e9galement de Lucie Reynier, 1\u00e8re s\u00e9nior F en 1h07&prime; 20&Prime;. Jolie [&hellip;]<\/p>\n","protected":false},"author":5,"featured_media":0,"comment_status":"open","ping_status":"open","sticky":false,"template":"","format":"standard","meta":{"spay_email":"","jetpack_publicize_message":"","jetpack_is_tweetstorm":false},"categories":[1],"tags":[],"jetpack_featured_media_url":"","jetpack_publicize_connections":[],"jetpack_sharing_enabled":true,"jetpack_shortlink":"https:\/\/wp.me\/p8bwIy-GM","jetpack-related-posts":[{"id":5245,"url":"https:\/\/www.montceautriathlon.com\/blog\/2022\/09\/17\/triathlon-dauxonne-vous-reprendrez-bien-un-petit-triathlon-avant-lautomne\/","url_meta":{"origin":2652,"position":0},"title":"triathlon d&rsquo;Auxonne : vous reprendrez bien un petit triathlon avant l&rsquo;automne ?","date":"17 septembre 2022","format":false,"excerpt":"Le club encore bien repr\u00e9sent\u00e9 sur les diff\u00e9rentes \u00e9preuves , des plus jeunes aux v\u00e9t\u00e9ran(e)s et quelques podiums avec l'inamovible Berteline en J1 qui s'adjuge la course et les relais mixtes et f\u00e9minins \u00e9galement sur la plus haute marche. De belles prestations chez les plus jeunes avec une belle course\u2026","rel":"","context":"Dans &quot;Non class\u00e9&quot;","img":{"alt_text":"","src":"https:\/\/i1.wp.com\/www.montceautriathlon.com\/blog\/wp-content\/uploads\/2022\/09\/auxonne-1.jpg?resize=350%2C200&ssl=1","width":350,"height":200},"classes":[]},{"id":3009,"url":"https:\/\/www.montceautriathlon.com\/blog\/2019\/07\/03\/30-juin-2019-triathlon-du-lac-de-st-point-cuits-juste-a-point\/","url_meta":{"origin":2652,"position":1},"title":"30 juin 2019, Triathlon du lac de St Point : cuits juste \u00e0 point !","date":"3 juillet 2019","format":false,"excerpt":"Horaires avanc\u00e9s , CAP r\u00e9duite, la chaleur \u00e9tait aussi bien pr\u00e9sente sur les hauteurs du Jura ! Peu de licenci\u00e9s du club mais un relai in\u00e9dit align\u00e9 sur le S ! Marion rate le podium de peu sur le S : 4\u00e8me ! les r\u00e9sultats\u00a0 du S : Marion Raclot\u00a0\u2026","rel":"","context":"Dans &quot;Non class\u00e9&quot;","img":{"alt_text":"","src":"https:\/\/i1.wp.com\/montceautriathlon.com\/blog\/wp-content\/uploads\/2019\/07\/eau-St-Point-300x207.jpg?resize=350%2C200","width":350,"height":200},"classes":[]},{"id":5189,"url":"https:\/\/www.montceautriathlon.com\/blog\/2022\/08\/16\/quelques-resultats-estivaux-entre-chaleur-et-cyanobacteries\/","url_meta":{"origin":2652,"position":2},"title":"quelques r\u00e9sultats estivaux entre chaleur et cyanobact\u00e9ries !","date":"16 ao\u00fbt 2022","format":false,"excerpt":"Les triathl\u00e8tes de Montceau se sont d\u00e9plac\u00e9s sur les \u00e9preuves de la r\u00e9gion: Triathlon Gray le 23 juillet 2022Berteline \u00e9tait la seule repr\u00e9sentante du club et termine 1e au scratch sur l'\u00e9preuve des 6\/9ans. Triathlon de Dole le 31 juillet 2022Sur les 28 participants de la course 6\/9 ans Berteline\u2026","rel":"","context":"Dans &quot;Non class\u00e9&quot;","img":{"alt_text":"","src":"https:\/\/i2.wp.com\/www.montceautriathlon.com\/blog\/wp-content\/uploads\/2022\/09\/IMG_20220814_115057-scaled.jpg?resize=350%2C200&ssl=1","width":350,"height":200},"classes":[]},{"id":4720,"url":"https:\/\/www.montceautriathlon.com\/blog\/2021\/11\/21\/the-chatelaine-race-what-a-fog-my-lord\/","url_meta":{"origin":2652,"position":3},"title":"The Ch\u00e2telaine race : What a fog my Lord !","date":"21 novembre 2021","format":false,"excerpt":"Une vingtaine de jeunes du club ont particip\u00e9 dans le froid et le brouillard \u00e0 la premi\u00e8re \u00e9dition de la Ch\u00e2telaine race, le bike & run du Creusot d\u00e9localis\u00e9 \u00e0 Montcenis. Le parcours, assez difficile, relevant \u00e0 certains endroit du cyclo cross gras et collant n'a pas d\u00e9courag\u00e9 nos jeunes\u2026","rel":"","context":"Dans &quot;Non class\u00e9&quot;","img":{"alt_text":"","src":"https:\/\/i0.wp.com\/www.montceautriathlon.com\/blog\/wp-content\/uploads\/2021\/11\/IMG_20211120_172418.jpg?resize=350%2C200&ssl=1","width":350,"height":200},"classes":[]},{"id":6146,"url":"https:\/\/www.montceautriathlon.com\/blog\/2023\/09\/06\/6146\/","url_meta":{"origin":2652,"position":4},"title":"Triathlon de Chalon : une belle d\u00e9l\u00e9gation montcellienne.","date":"6 septembre 2023","format":false,"excerpt":"Le club de Chalon organisait son triathlon le dimanche 3 septembre. Le club de Montceau \u00e9tait repr\u00e9sent\u00e9 sur toutes les courses jeunes et adultes. Les premi\u00e8res ( XS, 6\/9 ans et 10\/13 ans) se sont d\u00e9roul\u00e9es dans la piscine. par contre la course S avait lieu dans la Sa\u00f4ne avec\u2026","rel":"","context":"Dans &quot;Non class\u00e9&quot;","img":{"alt_text":"","src":"https:\/\/i2.wp.com\/www.montceautriathlon.com\/blog\/wp-content\/uploads\/2023\/09\/chalon.jpg?resize=350%2C200&ssl=1","width":350,"height":200},"classes":[]},{"id":4606,"url":"https:\/\/www.montceautriathlon.com\/blog\/2021\/10\/03\/cross-duathlon-de-chenove-4-jeunes-4-podiums\/","url_meta":{"origin":2652,"position":5},"title":"Cross duathlon de Chen\u00f4ve : 4 jeunes, 4 podiums !","date":"3 octobre 2021","format":false,"excerpt":"Le cross duathlon de Chen\u00f4ve \u00e9tait support des championnats de Bourgogne Franche Comt\u00e9 de duathlon et les deux fratries engag\u00e9es ne se seront pas d\u00e9plac\u00e9es pour rien ! Sur le XS Jeanne s'impose chez les f\u00e9minines et devient championne de Bourgogne, Marine 2\u00e8me et premi\u00e8re cadette. Un beau doubl\u00e9 pour\u2026","rel":"","context":"Dans &quot;Non class\u00e9&quot;","img":{"alt_text":"","src":"https:\/\/i0.wp.com\/www.montceautriathlon.com\/blog\/wp-content\/uploads\/2021\/10\/cross-du-4.jpg?resize=350%2C200&ssl=1","width":350,"height":200},"classes":[]}],"_links":{"self":[{"href":"https:\/\/www.montceautriathlon.com\/blog\/wp-json\/wp\/v2\/posts\/2652"}],"collection":[{"href":"https:\/\/www.montceautriathlon.com\/blog\/wp-json\/wp\/v2\/posts"}],"about":[{"href":"https:\/\/www.montceautriathlon.com\/blog\/wp-json\/wp\/v2\/types\/post"}],"author":[{"embeddable":true,"href":"https:\/\/www.montceautriathlon.com\/blog\/wp-json\/wp\/v2\/users\/5"}],"replies":[{"embeddable":true,"href":"https:\/\/www.montceautriathlon.com\/blog\/wp-json\/wp\/v2\/comments?post=2652"}],"version-history":[{"count":7,"href":"https:\/\/www.montceautriathlon.com\/blog\/wp-json\/wp\/v2\/posts\/2652\/revisions"}],"predecessor-version":[{"id":2661,"href":"https:\/\/www.montceautriathlon.com\/blog\/wp-json\/wp\/v2\/posts\/2652\/revisions\/2661"}],"wp:attachment":[{"href":"https:\/\/www.montceautriathlon.com\/blog\/wp-json\/wp\/v2\/media?parent=2652"}],"wp:term":[{"taxonomy":"category","embeddable":true,"href":"https:\/\/www.montceautriathlon.com\/blog\/wp-json\/wp\/v2\/categories?post=2652"},{"taxonomy":"post_tag","embeddable":true,"href":"https:\/\/www.montceautriathlon.com\/blog\/wp-json\/wp\/v2\/tags?post=2652"}],"curies":[{"name":"wp","href":"https:\/\/api.w.org\/{rel}","templated":true}]}}