{"id":2618,"date":"2019-02-12T16:04:57","date_gmt":"2019-02-12T15:04:57","guid":{"rendered":"http:\/\/montceautriathlon.com\/blog\/?p=2618"},"modified":"2019-02-12T16:04:57","modified_gmt":"2019-02-12T15:04:57","slug":"10-02-19-bike-run-migennes-contre-vent-et-maree","status":"publish","type":"post","link":"https:\/\/www.montceautriathlon.com\/blog\/2019\/02\/12\/10-02-19-bike-run-migennes-contre-vent-et-maree\/","title":{"rendered":"10\/02\/19, Bike &#038; Run Migennes : contre vent et mar\u00e9e !"},"content":{"rendered":"<p>Il fallait avoir du courage pour affronter les \u00e9l\u00e9ments ce dimanche \u00e0 Migennes. Mais il en fallait plus pour d\u00e9motiver nos Lionnes et nos Z\u00e9bulons ! Bravo les jeunes !<\/p>\n<p>en J1 sur les huit \u00e9quipes engag\u00e9es sur la course, <strong>Zo\u00e9 da Eira et Lou Grivault<\/strong><span style=\"color: #ff0000;\"> terminent 2\u00e8me \u00e9quipe f\u00e9minine<\/span>\u00a0 et en J2,\u00a0 <strong>Marine Da Eira et Juliette Bey<\/strong> <span style=\"color: #ff0000;\">gagnent en f\u00e9minines<\/span> sur huit \u00e9quipes engag\u00e9es \u00e9galement !<\/p>\n<p>La douche a du \u00eatre appr\u00e9ci\u00e9e ! Ce ne sont pas les VTT qui diront le contraire !<\/p>\n<p>&nbsp;<\/p>\n","protected":false},"excerpt":{"rendered":"<p>Il fallait avoir du courage pour affronter les \u00e9l\u00e9ments ce dimanche \u00e0 Migennes. Mais il en fallait plus pour d\u00e9motiver nos Lionnes et nos Z\u00e9bulons ! Bravo les jeunes ! en J1 sur les huit \u00e9quipes engag\u00e9es sur la course, Zo\u00e9 da Eira et Lou Grivault terminent 2\u00e8me \u00e9quipe f\u00e9minine\u00a0 et en J2,\u00a0 Marine Da [&hellip;]<\/p>\n","protected":false},"author":5,"featured_media":0,"comment_status":"open","ping_status":"open","sticky":false,"template":"","format":"standard","meta":{"spay_email":"","jetpack_publicize_message":"","jetpack_is_tweetstorm":false},"categories":[1],"tags":[],"jetpack_featured_media_url":"","jetpack_publicize_connections":[],"jetpack_sharing_enabled":true,"jetpack_shortlink":"https:\/\/wp.me\/p8bwIy-Ge","jetpack-related-posts":[{"id":3411,"url":"https:\/\/www.montceautriathlon.com\/blog\/2020\/01\/21\/19-01-2020-br-de-bourbon-nos-triranausores-toujours-aussi-gloutons\/","url_meta":{"origin":2618,"position":0},"title":"19\/01\/2020, B&#038;R de Bourbon : nos triranausores toujours aussi gloutons !","date":"21 janvier 2020","format":false,"excerpt":"Il faisait beau, l'air \u00e9tait frais et le trac\u00e9 pas trop compliqu\u00e9 malgr\u00e9 un passage herbeux plut\u00f4t boueux. Bref un temps\u00a0 et un parcours \"id\u00e9al\" pour cette discipline ! De quoi ouvrir l'app\u00e9tit de nos \u00e9quipes ! Qu'elles soient licornes, triranausores, tortues joyeuses ou bolides ! Silencieuses ou au carr\u00e9,\u2026","rel":"","context":"Dans &quot;Non class\u00e9&quot;","img":{"alt_text":"","src":"https:\/\/i2.wp.com\/www.montceautriathlon.com\/blog\/wp-content\/uploads\/2020\/01\/br-bourbon-1-1.jpg?resize=350%2C200&ssl=1","width":350,"height":200},"classes":[]},{"id":1860,"url":"https:\/\/www.montceautriathlon.com\/blog\/2018\/04\/03\/bikerun-chenove-1er-avril-2018\/","url_meta":{"origin":2618,"position":1},"title":"Bike&#038;Run Chen\u00f4ve 1er avril 2018","date":"3 avril 2018","format":false,"excerpt":"Avant derni\u00e8re \u00e9tape du Challenge contrairement \u00e0 ce qu'annonce cette affiche, M\u00e2con ayant \u00e9t\u00e9 report\u00e9e au 8 avril prochain. Nos trois \u00e9quipes v\u00e9t\u00e9ranes qui jouent les podiums ont donc fait le d\u00e9placement pour engranger des points et bien entendu, toutes nos \u00e9quipes engag\u00e9es ont\u00a0 gagn\u00e9 dans leur cat\u00e9gorie, s'offrant m\u00eame\u2026","rel":"","context":"Dans &quot;Non class\u00e9&quot;","img":{"alt_text":"","src":"","width":0,"height":0},"classes":[]},{"id":2610,"url":"https:\/\/www.montceautriathlon.com\/blog\/2019\/02\/06\/3-02-2019-bike-run-dautun-les-jeunes-au-train\/","url_meta":{"origin":2618,"position":2},"title":"3\/02\/2019, Bike &#038; Run d&rsquo;Autun : les jeunes au train !","date":"6 f\u00e9vrier 2019","format":false,"excerpt":"Sept \u00e9quipes jeunes engag\u00e9es et cinq podiums ! Joli tir group\u00e9 de notre \u00e9cole de triathlon qui, ce dimanche \u00e0 Autun (sans \u00eatre hautain), n'a pas usurp\u00e9 sa septi\u00e8me place du classement 2018 des 26 \u00e9coles de triathlon de la r\u00e9gion. Bravo les jeunes et good job Sophie ! Quant\u2026","rel":"","context":"Dans &quot;Non class\u00e9&quot;","img":{"alt_text":"","src":"https:\/\/i2.wp.com\/montceautriathlon.com\/blog\/wp-content\/uploads\/2019\/02\/autun-pleins-feux-sur-le-bike-and-run-d-autun-triathlon-125438-300x200.jpg?resize=350%2C200","width":350,"height":200},"classes":[]},{"id":2644,"url":"https:\/\/www.montceautriathlon.com\/blog\/2019\/03\/24\/17-03-19-br-de-besancon-deux-equipes-jeunes-engagees\/","url_meta":{"origin":2618,"position":3},"title":"17\/03\/19, B&#038;R de Besan\u00e7on : Deux \u00e9quipes jeunes engag\u00e9es","date":"24 mars 2019","format":false,"excerpt":"A force de rugir, nos lionnes finiront par faire descendre le lion de Belfort(pas si loin que \u00e7a comme \u00e0 Montbelliard !) de son socle ! En attendant, encore une belle performance de\u00a0 Marine Da Eira et Juliette Bey sur la deuxi\u00e8me marche du podium en J2 F, la course\u2026","rel":"","context":"Dans &quot;Non class\u00e9&quot;","img":{"alt_text":"","src":"","width":0,"height":0},"classes":[]},{"id":2125,"url":"https:\/\/www.montceautriathlon.com\/blog\/2018\/09\/02\/petit-tour-dhorizon-de-ce-bel-ete\/","url_meta":{"origin":2618,"position":4},"title":"petit tour d&rsquo;horizon de ce bel \u00e9t\u00e9.","date":"2 septembre 2018","format":false,"excerpt":"De Verruyes \u00e0 Vouglan en passant par Thaon les Vosges, Nevers, le Levezou, Saint Bonnet de Tron\u00e7ais, Gray, Les Settons, Vichy ou G\u00e9rardmer ,les triathl\u00e8tes du club ont profit\u00e9 de ce bel \u00e9t\u00e9 pour se d\u00e9placer hors du d\u00e9partement et montrer les couleurs du club. formats S, XS, M ou\u2026","rel":"","context":"Dans &quot;Non class\u00e9&quot;","img":{"alt_text":"","src":"https:\/\/i2.wp.com\/montceautriathlon.com\/blog\/wp-content\/uploads\/2018\/09\/podium-Marion-300x300.jpg?resize=350%2C200","width":350,"height":200},"classes":[]},{"id":7127,"url":"https:\/\/www.montceautriathlon.com\/blog\/2024\/12\/01\/meeting-du-comite-departemental\/","url_meta":{"origin":2618,"position":5},"title":"Meeting du comit\u00e9 d\u00e9partemental","date":"1 d\u00e9cembre 2024","format":false,"excerpt":"Le Comit\u00e9 D\u00e9partemental de triathlon a organis\u00e9 le dimanche 20 octobre son 4e meeting interclubs sur les terres montcelliennes. 15 \u00e9quipes engag\u00e9es issues des clubs d'Autun, Bourbon-Lancy, Chalon, Le Creusot, Macon et Montceau les Mines se sont affront\u00e9es pendant un relais d'une heure de course \u00e0 pied le matin et\u2026","rel":"","context":"Dans &quot;Non class\u00e9&quot;","img":{"alt_text":"","src":"https:\/\/i2.wp.com\/www.montceautriathlon.com\/blog\/wp-content\/uploads\/2024\/11\/meeting-1.jpg?resize=350%2C200&ssl=1","width":350,"height":200},"classes":[]}],"_links":{"self":[{"href":"https:\/\/www.montceautriathlon.com\/blog\/wp-json\/wp\/v2\/posts\/2618"}],"collection":[{"href":"https:\/\/www.montceautriathlon.com\/blog\/wp-json\/wp\/v2\/posts"}],"about":[{"href":"https:\/\/www.montceautriathlon.com\/blog\/wp-json\/wp\/v2\/types\/post"}],"author":[{"embeddable":true,"href":"https:\/\/www.montceautriathlon.com\/blog\/wp-json\/wp\/v2\/users\/5"}],"replies":[{"embeddable":true,"href":"https:\/\/www.montceautriathlon.com\/blog\/wp-json\/wp\/v2\/comments?post=2618"}],"version-history":[{"count":1,"href":"https:\/\/www.montceautriathlon.com\/blog\/wp-json\/wp\/v2\/posts\/2618\/revisions"}],"predecessor-version":[{"id":2619,"href":"https:\/\/www.montceautriathlon.com\/blog\/wp-json\/wp\/v2\/posts\/2618\/revisions\/2619"}],"wp:attachment":[{"href":"https:\/\/www.montceautriathlon.com\/blog\/wp-json\/wp\/v2\/media?parent=2618"}],"wp:term":[{"taxonomy":"category","embeddable":true,"href":"https:\/\/www.montceautriathlon.com\/blog\/wp-json\/wp\/v2\/categories?post=2618"},{"taxonomy":"post_tag","embeddable":true,"href":"https:\/\/www.montceautriathlon.com\/blog\/wp-json\/wp\/v2\/tags?post=2618"}],"curies":[{"name":"wp","href":"https:\/\/api.w.org\/{rel}","templated":true}]}}