{"id":2616,"date":"2019-02-11T18:11:44","date_gmt":"2019-02-11T17:11:44","guid":{"rendered":"http:\/\/montceautriathlon.com\/blog\/?p=2616"},"modified":"2019-02-11T18:11:44","modified_gmt":"2019-02-11T17:11:44","slug":"annulation-creneau-piscine-ce-vendredi-15-fevrier-2019","status":"publish","type":"post","link":"https:\/\/www.montceautriathlon.com\/blog\/2019\/02\/11\/annulation-creneau-piscine-ce-vendredi-15-fevrier-2019\/","title":{"rendered":"annulation cr\u00e9neau piscine ce vendredi 15 f\u00e9vrier 2019"},"content":{"rendered":"<p style=\"text-align: center;\"><span style=\"color: #ff0000;\"><strong>En raison de la soir\u00e9e speed training organis\u00e9e par la ville,<\/strong><\/span><\/p>\n<p style=\"text-align: center;\"><span style=\"color: #ff0000;\"><strong> le cr\u00e9neau natation de ce vendredi 15 f\u00e9vrier est annul\u00e9.<\/strong><\/span><\/p>\n","protected":false},"excerpt":{"rendered":"<p>En raison de la soir\u00e9e speed training organis\u00e9e par la ville, le cr\u00e9neau natation de ce vendredi 15 f\u00e9vrier est annul\u00e9.<\/p>\n","protected":false},"author":5,"featured_media":0,"comment_status":"open","ping_status":"open","sticky":false,"template":"","format":"standard","meta":{"spay_email":"","jetpack_publicize_message":"","jetpack_is_tweetstorm":false},"categories":[1],"tags":[],"jetpack_featured_media_url":"","jetpack_publicize_connections":[],"jetpack_sharing_enabled":true,"jetpack_shortlink":"https:\/\/wp.me\/p8bwIy-Gc","jetpack-related-posts":[{"id":2773,"url":"https:\/\/www.montceautriathlon.com\/blog\/2019\/04\/12\/info-club-les-entrainements-des-vacances\/","url_meta":{"origin":2616,"position":0},"title":"INFOS CLUB :     Les entra\u00eenements des vacances !","date":"12 avril 2019","format":false,"excerpt":"Les entrainements pour les vacances de printemps sont les suivants \u00a0\u00a0\u00a0\u00a0\u00a0\u00a0\u00a0\u00a0\u00a0\u00a0\u00a0\u00a0\u00a0\u00a0\u00a0\u00a0\u00a0\u00a0\u00a0\u00a0\u00a0\u00a0\u00a0\u00a0\u00a0\u00a0\u00a0\u00a0\u00a0\u00a0\u00a0\u00a0\u00a0\u00a0\u00a0\u00a0\u00a0\u00a0\u00a0\u00a0\u00a0\u00a0\u00a0\u00a0\u00a0\u00a0\u00a0\u00a0\u00a0\u00a0\u00a0\u00a0\u00a0\u00a0\u00a0\u00a0\u00a0\u00a0\u00a0 adultes:\u00a0\u00a0\u00a0\u00a0\u00a0\u00a0\u00a0\u00a0\u00a0\u00a0\u00a0\u00a0\u00a0\u00a0\u00a0\u00a0\u00a0\u00a0\u00a0\u00a0\u00a0\u00a0\u00a0\u00a0\u00a0\u00a0\u00a0\u00a0\u00a0\u00a0\u00a0\u00a0\u00a0\u00a0\u00a0\u00a0\u00a0\u00a0\u00a0\u00a0\u00a0\u00a0\u00a0\u00a0\u00a0\u00a0\u00a0\u00a0\u00a0\u00a0\u00a0\u00a0\u00a0\u00a0\u00a0\u00a0\u00a0\u00a0\u00a0\u00a0\u00a0\u00a0\u00a0\u00a0\u00a0\u00a0\u00a0\u00a0\u00a0\u00a0\u00a0\u00a0\u00a0\u00a0\u00a0\u00a0\u00a0\u00a0\u00a0\u00a0\u00a0\u00a0\u00a0\u00a0\u00a0\u00a0\u00a0\u00a0\u00a0\u00a0 \u00a0\u00a0\u00a0\u00a0\u00a0\u00a0\u00a0\u00a0\u00a0\u00a0\u00a0\u00a0\u00a0\u00a0\u00a0\u00a0\u00a0\u00a0 lundi 15 : \u00a0 \u00a0 \u00a0 natation (12h\/13h30) \u00a0\u00a0\u00a0\u00a0\u00a0\u00a0\u00a0\u00a0\u00a0\u00a0\u00a0\u00a0\u00a0\u00a0\u00a0\u00a0\u00a0\u00a0 mardi 16 : \u00a0 \u00a0\u00a0 cap\u00a0 (18h30\/19h30) \u00a0\u00a0\u00a0\u00a0\u00a0\u00a0\u00a0\u00a0\u00a0\u00a0\u00a0\u00a0\u00a0\u00a0\u00a0\u00a0\u00a0\u00a0 mercredi17 : \u00a0 natation\u00a0 (18h\/19h30\u00a0 cr\u00e9neau libre) \u00a0\u00a0\u00a0\u00a0\u00a0\u00a0\u00a0\u00a0\u00a0\u00a0\u00a0\u00a0\u00a0\u00a0\u00a0\u00a0\u00a0 samedi 20 :\u00a0\u00a0\u00a0\u00a0\u00a0 natation\u00a0 (10h\/11h30) \u00a0\u00a0\u00a0\u00a0\u00a0\u00a0\u00a0\u00a0\u00a0\u00a0\u00a0\u00a0\u00a0\u00a0\u00a0\u00a0\u00a0\u00a0\u00a0 mardi 23 :\u00a0\u00a0\u00a0\u00a0\u00a0\u00a0 cap(18h30\/19h30) mercredi 24\u2026","rel":"","context":"Dans &quot;Non class\u00e9&quot;","img":{"alt_text":"","src":"","width":0,"height":0},"classes":[]},{"id":3111,"url":"https:\/\/www.montceautriathlon.com\/blog\/2019\/09\/04\/cest-la-rentree\/","url_meta":{"origin":2616,"position":1},"title":"C&rsquo;est la rentr\u00e9e !","date":"4 septembre 2019","format":false,"excerpt":"Dates de reprise des entra\u00eenements: Natation : \u00e0 partir du lundi 16 septembre Adultes: lundi de 12h15 \u00e0 13h30 (cr\u00e9neau libre) mercredi de 19h \u00e0 20h30 vendredi de 19h \u00e0 20h30 samedi de 10h \u00e0 11h30 Adolescents (benjamins \u00e0 juniors): lundi de 18h00 \u00e0 19h00 mercredi de 18h00 \u00e0 19h00\u2026","rel":"","context":"Dans &quot;Non class\u00e9&quot;","img":{"alt_text":"","src":"","width":0,"height":0},"classes":[]},{"id":1800,"url":"https:\/\/www.montceautriathlon.com\/blog\/2018\/03\/13\/stage-jeunes-du-cub-vacances-de-fevrier\/","url_meta":{"origin":2616,"position":2},"title":"stage jeunes du club vacances de f\u00e9vrier","date":"13 mars 2018","format":false,"excerpt":"Petit retour sur les vacances, Nos petits loulous ne se sont pas repos\u00e9s tous les jours durant leurs vacances puisque le vendredi 23 f\u00e9vrier et le samedi 24 f\u00e9vrier ils \u00e9taient convi\u00e9s \u00e0 passer leurs journ\u00e9es \u00e0 l'entra\u00eenement mais pas seulement...\u00a0 C'\u00e9tait aussi un moment pour se retrouver entre copains\u2026","rel":"","context":"Dans &quot;Non class\u00e9&quot;","img":{"alt_text":"","src":"","width":0,"height":0},"classes":[]},{"id":3777,"url":"https:\/\/www.montceautriathlon.com\/blog\/2020\/09\/02\/reprise-des-entrainements-saison-2020-2021-a-partir-du-7-septembre\/","url_meta":{"origin":2616,"position":3},"title":"REPRISE DES ENTRAINEMENTS SAISON 2020\/2021 \u00e0 partir du 7 septembre","date":"2 septembre 2020","format":false,"excerpt":"Il faut bien reprendre !\u00a0 Avec les mesures sanitaires contre la Covid bien entendu ! Si vous \u00eates une personne int\u00e9ress\u00e9e et qui d\u00e9couvrez cette page, vous pouvez nous rejoindre aux horaires indiqu\u00e9s pour une prise de contact. Vous pouvez nous contacter \u00e9galement\u00a0 et nous apporter un pass club pour\u2026","rel":"","context":"Dans &quot;Non class\u00e9&quot;","img":{"alt_text":"","src":"","width":0,"height":0},"classes":[]},{"id":6658,"url":"https:\/\/www.montceautriathlon.com\/blog\/2024\/03\/25\/marathon-du-golf-de-saint-tropez-et-foulees-vichyssoises\/","url_meta":{"origin":2616,"position":4},"title":"Marathon du Golf de Saint-Tropez et foul\u00e9es Vichyssoises","date":"25 mars 2024","format":false,"excerpt":"Marathon du Golf de Saint-Tropez 42km195 de course sur un parcours venteux de la c\u00e9l\u00e8bre ville c\u00f4ti\u00e8re de C\u00f4te d\u2019Azur. Une course, support des championnats de France, de la distance Jean-Luc Bonnetain , nous d\u00e9croche un super cr\u00e9neau de 3h07\u00b407, il prend \u00e0 104e place du scratch, ce qui l\u2019abonne\u2026","rel":"","context":"Dans &quot;Non class\u00e9&quot;","img":{"alt_text":"","src":"https:\/\/i2.wp.com\/www.montceautriathlon.com\/blog\/wp-content\/uploads\/2024\/03\/saint-tropez.jpg?resize=350%2C200&ssl=1","width":350,"height":200},"classes":[]},{"id":2621,"url":"https:\/\/www.montceautriathlon.com\/blog\/2019\/02\/23\/tests-class-triathlon-a-montceau-ce-17-fevrier-des-jeunes-vraiment-pas-a-louest\/","url_meta":{"origin":2616,"position":5},"title":"Tests Class Triathlon \u00e0 Montceau ce 17 f\u00e9vrier : des jeunes vraiment pas \u00e0 l&rsquo;Ouest !","date":"23 f\u00e9vrier 2019","format":false,"excerpt":"\u00a0 Trente jeunes des clubs de M\u00e2con, Autun, Bourbon et Montceau (Tom, Th\u00e9o, Nicolas, Marine, Marius, Jeanne, Hugo, Antonin, Neige, Camille, No\u00e9mie, Robin, Zo\u00e9) ont pass\u00e9 les tests du Classtriathlon ce dimanche 17 f\u00e9vrier sous un beau soleil et dans le calme de la piscine qui leur \u00e9tait enti\u00e8rement d\u00e9di\u00e9e.\u2026","rel":"","context":"Dans &quot;Non class\u00e9&quot;","img":{"alt_text":"","src":"https:\/\/i2.wp.com\/montceautriathlon.com\/blog\/wp-content\/uploads\/2019\/02\/classtri-nata-2-300x200.jpg?resize=350%2C200","width":350,"height":200},"classes":[]}],"_links":{"self":[{"href":"https:\/\/www.montceautriathlon.com\/blog\/wp-json\/wp\/v2\/posts\/2616"}],"collection":[{"href":"https:\/\/www.montceautriathlon.com\/blog\/wp-json\/wp\/v2\/posts"}],"about":[{"href":"https:\/\/www.montceautriathlon.com\/blog\/wp-json\/wp\/v2\/types\/post"}],"author":[{"embeddable":true,"href":"https:\/\/www.montceautriathlon.com\/blog\/wp-json\/wp\/v2\/users\/5"}],"replies":[{"embeddable":true,"href":"https:\/\/www.montceautriathlon.com\/blog\/wp-json\/wp\/v2\/comments?post=2616"}],"version-history":[{"count":1,"href":"https:\/\/www.montceautriathlon.com\/blog\/wp-json\/wp\/v2\/posts\/2616\/revisions"}],"predecessor-version":[{"id":2617,"href":"https:\/\/www.montceautriathlon.com\/blog\/wp-json\/wp\/v2\/posts\/2616\/revisions\/2617"}],"wp:attachment":[{"href":"https:\/\/www.montceautriathlon.com\/blog\/wp-json\/wp\/v2\/media?parent=2616"}],"wp:term":[{"taxonomy":"category","embeddable":true,"href":"https:\/\/www.montceautriathlon.com\/blog\/wp-json\/wp\/v2\/categories?post=2616"},{"taxonomy":"post_tag","embeddable":true,"href":"https:\/\/www.montceautriathlon.com\/blog\/wp-json\/wp\/v2\/tags?post=2616"}],"curies":[{"name":"wp","href":"https:\/\/api.w.org\/{rel}","templated":true}]}}