{"id":2610,"date":"2019-02-06T09:07:07","date_gmt":"2019-02-06T08:07:07","guid":{"rendered":"http:\/\/montceautriathlon.com\/blog\/?p=2610"},"modified":"2019-02-07T09:17:28","modified_gmt":"2019-02-07T08:17:28","slug":"3-02-2019-bike-run-dautun-les-jeunes-au-train","status":"publish","type":"post","link":"https:\/\/www.montceautriathlon.com\/blog\/2019\/02\/06\/3-02-2019-bike-run-dautun-les-jeunes-au-train\/","title":{"rendered":"3\/02\/2019, Bike &#038; Run d&rsquo;Autun : les jeunes au train !"},"content":{"rendered":"<p><a href=\"http:\/\/montceautriathlon.com\/blog\/wp-content\/uploads\/2019\/02\/autun-pleins-feux-sur-le-bike-and-run-d-autun-triathlon-125438.jpg\"><img data-attachment-id=\"2612\" data-permalink=\"https:\/\/www.montceautriathlon.com\/blog\/2019\/02\/06\/3-02-2019-bike-run-dautun-les-jeunes-au-train\/autun-pleins-feux-sur-le-bike-and-run-d-autun-triathlon-125438\/\" data-orig-file=\"https:\/\/www.montceautriathlon.com\/blog\/wp-content\/uploads\/2019\/02\/autun-pleins-feux-sur-le-bike-and-run-d-autun-triathlon-125438.jpg\" data-orig-size=\"1300,866\" data-comments-opened=\"1\" data-image-meta=\"{&quot;aperture&quot;:&quot;0&quot;,&quot;credit&quot;:&quot;&quot;,&quot;camera&quot;:&quot;&quot;,&quot;caption&quot;:&quot;&quot;,&quot;created_timestamp&quot;:&quot;0&quot;,&quot;copyright&quot;:&quot;&quot;,&quot;focal_length&quot;:&quot;0&quot;,&quot;iso&quot;:&quot;0&quot;,&quot;shutter_speed&quot;:&quot;0&quot;,&quot;title&quot;:&quot;&quot;,&quot;orientation&quot;:&quot;0&quot;}\" data-image-title=\"autun-pleins-feux-sur-le-bike-and-run-d-autun-triathlon-125438\" data-image-description=\"\" data-image-caption=\"\" data-medium-file=\"https:\/\/www.montceautriathlon.com\/blog\/wp-content\/uploads\/2019\/02\/autun-pleins-feux-sur-le-bike-and-run-d-autun-triathlon-125438-300x200.jpg\" data-large-file=\"https:\/\/www.montceautriathlon.com\/blog\/wp-content\/uploads\/2019\/02\/autun-pleins-feux-sur-le-bike-and-run-d-autun-triathlon-125438-1024x682.jpg\" loading=\"lazy\" class=\"alignnone size-medium wp-image-2612\" src=\"http:\/\/montceautriathlon.com\/blog\/wp-content\/uploads\/2019\/02\/autun-pleins-feux-sur-le-bike-and-run-d-autun-triathlon-125438-300x200.jpg\" alt=\"\" width=\"300\" height=\"200\" srcset=\"https:\/\/www.montceautriathlon.com\/blog\/wp-content\/uploads\/2019\/02\/autun-pleins-feux-sur-le-bike-and-run-d-autun-triathlon-125438-300x200.jpg 300w, https:\/\/www.montceautriathlon.com\/blog\/wp-content\/uploads\/2019\/02\/autun-pleins-feux-sur-le-bike-and-run-d-autun-triathlon-125438-768x512.jpg 768w, https:\/\/www.montceautriathlon.com\/blog\/wp-content\/uploads\/2019\/02\/autun-pleins-feux-sur-le-bike-and-run-d-autun-triathlon-125438-1024x682.jpg 1024w, https:\/\/www.montceautriathlon.com\/blog\/wp-content\/uploads\/2019\/02\/autun-pleins-feux-sur-le-bike-and-run-d-autun-triathlon-125438.jpg 1300w\" sizes=\"(max-width: 300px) 100vw, 300px\" \/><\/a> <a href=\"http:\/\/montceautriathlon.com\/blog\/wp-content\/uploads\/2019\/02\/autun-pleins-feux-sur-le-bike-and-run-d-autun-triathlon-478222.jpg\"><img data-attachment-id=\"2613\" data-permalink=\"https:\/\/www.montceautriathlon.com\/blog\/2019\/02\/06\/3-02-2019-bike-run-dautun-les-jeunes-au-train\/autun-pleins-feux-sur-le-bike-and-run-d-autun-triathlon-478222\/\" data-orig-file=\"https:\/\/www.montceautriathlon.com\/blog\/wp-content\/uploads\/2019\/02\/autun-pleins-feux-sur-le-bike-and-run-d-autun-triathlon-478222.jpg\" data-orig-size=\"1300,866\" data-comments-opened=\"1\" data-image-meta=\"{&quot;aperture&quot;:&quot;0&quot;,&quot;credit&quot;:&quot;&quot;,&quot;camera&quot;:&quot;&quot;,&quot;caption&quot;:&quot;&quot;,&quot;created_timestamp&quot;:&quot;0&quot;,&quot;copyright&quot;:&quot;&quot;,&quot;focal_length&quot;:&quot;0&quot;,&quot;iso&quot;:&quot;0&quot;,&quot;shutter_speed&quot;:&quot;0&quot;,&quot;title&quot;:&quot;&quot;,&quot;orientation&quot;:&quot;0&quot;}\" data-image-title=\"autun-pleins-feux-sur-le-bike-and-run-d-autun-triathlon-478222\" data-image-description=\"\" data-image-caption=\"\" data-medium-file=\"https:\/\/www.montceautriathlon.com\/blog\/wp-content\/uploads\/2019\/02\/autun-pleins-feux-sur-le-bike-and-run-d-autun-triathlon-478222-300x200.jpg\" data-large-file=\"https:\/\/www.montceautriathlon.com\/blog\/wp-content\/uploads\/2019\/02\/autun-pleins-feux-sur-le-bike-and-run-d-autun-triathlon-478222-1024x682.jpg\" loading=\"lazy\" class=\"alignnone size-medium wp-image-2613\" src=\"http:\/\/montceautriathlon.com\/blog\/wp-content\/uploads\/2019\/02\/autun-pleins-feux-sur-le-bike-and-run-d-autun-triathlon-478222-300x200.jpg\" alt=\"\" width=\"300\" height=\"200\" srcset=\"https:\/\/www.montceautriathlon.com\/blog\/wp-content\/uploads\/2019\/02\/autun-pleins-feux-sur-le-bike-and-run-d-autun-triathlon-478222-300x200.jpg 300w, https:\/\/www.montceautriathlon.com\/blog\/wp-content\/uploads\/2019\/02\/autun-pleins-feux-sur-le-bike-and-run-d-autun-triathlon-478222-768x512.jpg 768w, https:\/\/www.montceautriathlon.com\/blog\/wp-content\/uploads\/2019\/02\/autun-pleins-feux-sur-le-bike-and-run-d-autun-triathlon-478222-1024x682.jpg 1024w, https:\/\/www.montceautriathlon.com\/blog\/wp-content\/uploads\/2019\/02\/autun-pleins-feux-sur-le-bike-and-run-d-autun-triathlon-478222.jpg 1300w\" sizes=\"(max-width: 300px) 100vw, 300px\" \/><\/a><\/p>\n<p>Sept \u00e9quipes jeunes engag\u00e9es et cinq podiums ! Joli tir group\u00e9 de notre \u00e9cole de triathlon qui, ce dimanche \u00e0 Autun (sans \u00eatre hautain), n&rsquo;a pas usurp\u00e9 sa septi\u00e8me place du classement 2018 des 26 \u00e9coles de triathlon de la r\u00e9gion. Bravo les jeunes et good job Sophie !<\/p>\n<p><a href=\"http:\/\/montceautriathlon.com\/blog\/wp-content\/uploads\/2019\/02\/autun-pleins-feux-sur-le-bike-and-run-d-autun-triathlon-2-112709.jpg\"><img data-attachment-id=\"2611\" data-permalink=\"https:\/\/www.montceautriathlon.com\/blog\/2019\/02\/06\/3-02-2019-bike-run-dautun-les-jeunes-au-train\/autun-pleins-feux-sur-le-bike-and-run-d-autun-triathlon-2-112709\/\" data-orig-file=\"https:\/\/www.montceautriathlon.com\/blog\/wp-content\/uploads\/2019\/02\/autun-pleins-feux-sur-le-bike-and-run-d-autun-triathlon-2-112709.jpg\" data-orig-size=\"1300,866\" data-comments-opened=\"1\" data-image-meta=\"{&quot;aperture&quot;:&quot;0&quot;,&quot;credit&quot;:&quot;&quot;,&quot;camera&quot;:&quot;&quot;,&quot;caption&quot;:&quot;&quot;,&quot;created_timestamp&quot;:&quot;0&quot;,&quot;copyright&quot;:&quot;&quot;,&quot;focal_length&quot;:&quot;0&quot;,&quot;iso&quot;:&quot;0&quot;,&quot;shutter_speed&quot;:&quot;0&quot;,&quot;title&quot;:&quot;&quot;,&quot;orientation&quot;:&quot;0&quot;}\" data-image-title=\"autun-pleins-feux-sur-le-bike-and-run-d-autun-triathlon-2-112709\" data-image-description=\"\" data-image-caption=\"\" data-medium-file=\"https:\/\/www.montceautriathlon.com\/blog\/wp-content\/uploads\/2019\/02\/autun-pleins-feux-sur-le-bike-and-run-d-autun-triathlon-2-112709-300x200.jpg\" data-large-file=\"https:\/\/www.montceautriathlon.com\/blog\/wp-content\/uploads\/2019\/02\/autun-pleins-feux-sur-le-bike-and-run-d-autun-triathlon-2-112709-1024x682.jpg\" loading=\"lazy\" class=\"size-medium wp-image-2611 alignleft\" src=\"http:\/\/montceautriathlon.com\/blog\/wp-content\/uploads\/2019\/02\/autun-pleins-feux-sur-le-bike-and-run-d-autun-triathlon-2-112709-300x200.jpg\" alt=\"\" width=\"300\" height=\"200\" srcset=\"https:\/\/www.montceautriathlon.com\/blog\/wp-content\/uploads\/2019\/02\/autun-pleins-feux-sur-le-bike-and-run-d-autun-triathlon-2-112709-300x200.jpg 300w, https:\/\/www.montceautriathlon.com\/blog\/wp-content\/uploads\/2019\/02\/autun-pleins-feux-sur-le-bike-and-run-d-autun-triathlon-2-112709-768x512.jpg 768w, https:\/\/www.montceautriathlon.com\/blog\/wp-content\/uploads\/2019\/02\/autun-pleins-feux-sur-le-bike-and-run-d-autun-triathlon-2-112709-1024x682.jpg 1024w, https:\/\/www.montceautriathlon.com\/blog\/wp-content\/uploads\/2019\/02\/autun-pleins-feux-sur-le-bike-and-run-d-autun-triathlon-2-112709.jpg 1300w\" sizes=\"(max-width: 300px) 100vw, 300px\" \/><\/a>Quant aux adultes sur le XS, six \u00e9quipes engag\u00e9es seulement mais trois podiums et un podium partag\u00e9 avec TLB ,c&rsquo;est pas mal non plus ! Une belle troisi\u00e8me place pour K\u00e9vin au scratch associ\u00e9 \u00e0 un futur licenci\u00e9 ? Vite un pass club ! Et une belle 1\u00e8re place \u00e0 Catherine en mixte associ\u00e9e \u00e0 un certain Cyrille Mulot&#8230;\u00a0 Lauriers au TBL et pass club inutile ! Tandem Arnaud\/ Beno\u00eet reconstitu\u00e9 et toujours aussi r\u00e9gulier ! Bravo aux filles Aude, Sophie et Sandrine qui montent sur le podium\u00a0 et Laurent toujours pr\u00e9sent qui les accompagne !<\/p>\n<p><span style=\"text-decoration: underline;\">les r\u00e9sultats ci-dessous :<\/span><\/p>\n<p><span style=\"text-decoration: underline;\">J1: 17 \u00e9quipes class\u00e9es<\/span><\/p>\n<ul>\n<li>Titouan Rondier\/El\u00e9a B\u00e9rardan\u00a0\u00a0 3\u00e8me scratch en 10&rsquo;12\u00a0 <strong>1\u00e8re mix<\/strong><\/li>\n<li>Zo\u00e9 Da Eira\/Lou Grivault \u00a0 \u00a0 \u00a0 \u00a0 \u00a0 \u00a0 14\u00e8me scratch\u00a0 en 12&rsquo;44 <strong>2\u00e8me F<\/strong><\/li>\n<li>Axelle Da Eira\/Colombe Leboeuf 17\u00e8me scratch en 14&rsquo;50 <strong>3\u00e8me F<\/strong><\/li>\n<\/ul>\n<p><span style=\"text-decoration: underline;\">J2 : 25 \u00e9quipes class\u00e9es<\/span><\/p>\n<ul>\n<li>Antoine Ballet\/Marie Demorti\u00e8re\u00a0 7\u00e8me scratch en 18&rsquo;25\u00a0 <strong>3\u00e8me mix<\/strong><\/li>\n<li>Jules Gouraud\/Mathieu Perroux\u00a0\u00a0\u00a0 8\u00e8me scratch\u00a0 en 18&rsquo;42\u00a0 5\u00e8me H<\/li>\n<li>Marine Da Eira\/ Juliette Bey\u00a0\u00a0\u00a0\u00a0\u00a0\u00a0\u00a0\u00a0\u00a0 13\u00e8me scratch\u00a0 en 19&rsquo;17\u00a0 <strong>2\u00e8me F<\/strong><\/li>\n<li>No\u00e9mie Magnien\/ garance Bey\u00a0\u00a0\u00a0\u00a0 25\u00e8me scratch en 26&rsquo;58\u00a0 6\u00e8me F<\/li>\n<\/ul>\n<p><span style=\"text-decoration: underline;\">XS : 40 \u00e9quipes class\u00e9es<\/span><\/p>\n<ul>\n<li>K\u00e9vin Dorkel\/<em>Antoine Charton<\/em>\u00a0\u00a0\u00a0\u00a0\u00a0\u00a0\u00a0\u00a0\u00a0\u00a0\u00a0\u00a0\u00a0 3\u00e8me scratch en 49&rsquo;07\u00a0<strong> 3\u00e8me H<\/strong><\/li>\n<li>Catherine Mauro\/ <em>Cyrille Mulot<\/em>\u00a0\u00a0\u00a0\u00a0\u00a0\u00a0\u00a0\u00a0\u00a0\u00a0\u00a0 11\u00e8me scratch en 52&rsquo;10 <strong>1\u00e8re Mix<\/strong><\/li>\n<li>Beno\u00eet Thierry\/ Arnaud rondier\u00a0\u00a0\u00a0\u00a0\u00a0\u00a0\u00a0\u00a0\u00a0\u00a0\u00a0\u00a0 14\u00e8me scratch\u00a0 en 53&rsquo;12\u00a0 12\u00e8me H<\/li>\n<li>Aude Demorti\u00e8re\/ Laurent Magnien\u00a0\u00a0\u00a0\u00a0 21\u00e8me scratch\u00a0 en 56&rsquo;01\u00a0 <strong>3\u00e8me Mix<\/strong><\/li>\n<li>Jean da Eira \/ j-Charles Noseda\u00a0\u00a0\u00a0\u00a0\u00a0\u00a0\u00a0\u00a0\u00a0\u00a0\u00a0\u00a0 31\u00e8me scratch\u00a0 en 1h03&rsquo;15\u00a0 24\u00e8me H<\/li>\n<li>Sophie Rousseau\/Sandrine Ghesqui\u00e8re\u00a0 34\u00e8me scratch\u00a0 en 1h08&rsquo;41\u00a0<strong> 2\u00e8me F<\/strong><\/li>\n<\/ul>\n","protected":false},"excerpt":{"rendered":"<p>Sept \u00e9quipes jeunes engag\u00e9es et cinq podiums ! Joli tir group\u00e9 de notre \u00e9cole de triathlon qui, ce dimanche \u00e0 Autun (sans \u00eatre hautain), n&rsquo;a pas usurp\u00e9 sa septi\u00e8me place du classement 2018 des 26 \u00e9coles de triathlon de la r\u00e9gion. Bravo les jeunes et good job Sophie ! Quant aux adultes sur le XS, [&hellip;]<\/p>\n","protected":false},"author":5,"featured_media":0,"comment_status":"open","ping_status":"open","sticky":false,"template":"","format":"standard","meta":{"spay_email":"","jetpack_publicize_message":"","jetpack_is_tweetstorm":false},"categories":[1],"tags":[],"jetpack_featured_media_url":"","jetpack_publicize_connections":[],"jetpack_sharing_enabled":true,"jetpack_shortlink":"https:\/\/wp.me\/p8bwIy-G6","jetpack-related-posts":[{"id":5108,"url":"https:\/\/www.montceautriathlon.com\/blog\/2022\/06\/08\/france-unss-de-triathlon-trois-jeunes-du-club-presents\/","url_meta":{"origin":2610,"position":0},"title":"France UNSS de triathlon : trois jeunes du club pr\u00e9sents !","date":"8 juin 2022","format":false,"excerpt":"Les Championnats de France UNSS de Triathlon ont eu lieu les 31 mai et 1er juin \u00e0 Ch\u00e2teauroux. Trois jeunes de Montceau Triathlon \u00e9taient pr\u00e9sents:\u00b0 Zo\u00e9 Da Eira\u00a0 avec ses 3 partenaires non licenci\u00e9s: Eug\u00e9nie, Maxime et Simon repr\u00e9sentant le coll\u00e8ge Jean Moulin de Montceau les Mines. Ils \u00e9taient accompagn\u00e9s\u2026","rel":"","context":"Dans &quot;Non class\u00e9&quot;","img":{"alt_text":"","src":"https:\/\/i1.wp.com\/www.montceautriathlon.com\/blog\/wp-content\/uploads\/2022\/06\/IMG_7417.jpg?resize=350%2C200&ssl=1","width":350,"height":200},"classes":[]},{"id":4421,"url":"https:\/\/www.montceautriathlon.com\/blog\/2021\/08\/31\/triathlon-des-settons-les-jeunes-en-forme\/","url_meta":{"origin":2610,"position":1},"title":"Triathlon des Settons : les jeunes en forme","date":"31 ao\u00fbt 2021","format":false,"excerpt":"Aquathlon et triathlon au programme de ce week-end au lac des Settons. Et nos quelques jeunes ont fait briller les couleurs du club ! quelques adultes se sont aussi align\u00e9s sur les triathlons S et M ! Titouan Rondier encore sur la plus haute marche ! 1er de l'aquathlon J2\u2026","rel":"","context":"Dans &quot;Non class\u00e9&quot;","img":{"alt_text":"","src":"https:\/\/i1.wp.com\/www.montceautriathlon.com\/blog\/wp-content\/uploads\/2021\/08\/IMG-20210828-WA0008.jpg?resize=350%2C200&ssl=1","width":350,"height":200},"classes":[]},{"id":1298,"url":"https:\/\/www.montceautriathlon.com\/blog\/2017\/06\/07\/finale-du-championnat-de-france-jeunes-de-triathlon-samedi-03-juin-2017\/","url_meta":{"origin":2610,"position":2},"title":"Finale du championnat de France Jeunes de Triathlon (Samedi 03 juin 2017)","date":"7 juin 2017","format":false,"excerpt":"Ce week-end avait lieu les\u00a0championnats de France Jeunes de Triathlon qui se d\u00e9roulaient \u00e0 Pierrelatte et organis\u00e9s par\u00a0le Tricastin Triathlon Club. Nous avions 3 jeunes triathl\u00e8tes qui ont repr\u00e9sent\u00e9 brillamment les couleurs de notre\u00a0club et\u00a0bravo \u00e0 eux ! Tous les r\u00e9sultats: Ludivine LEQUIN : 51\u00b0 \/ CAF \/ 01:10:10 Maryl\u00e8ne\u2026","rel":"","context":"Dans &quot;Non class\u00e9&quot;","img":{"alt_text":"","src":"","width":0,"height":0},"classes":[]},{"id":7327,"url":"https:\/\/www.montceautriathlon.com\/blog\/2025\/02\/10\/class-triathlon-interclubs-2025\/","url_meta":{"origin":2610,"position":3},"title":"Class Triathlon interclubs 2025","date":"10 f\u00e9vrier 2025","format":false,"excerpt":"C'est ce dimanche 9 f\u00e9vrier, sous un beau soleil hivernal, que Montceau Triathlon et le Comit\u00e9 D\u00e9partemental de Saone et Loire de Triathlon ont organis\u00e9 des class triathlon interclubs. Les 91 jeunes triathl\u00e8tes benjamins, minimes, cadets et juniors se sont affront\u00e9s sur 1000, 1500m ou 3000m de course \u00e0 pieds\u2026","rel":"","context":"Dans &quot;Non class\u00e9&quot;","img":{"alt_text":"","src":"https:\/\/i2.wp.com\/www.montceautriathlon.com\/blog\/wp-content\/uploads\/2025\/02\/4381282875009438512.jpg?resize=350%2C200&ssl=1","width":350,"height":200},"classes":[]},{"id":3192,"url":"https:\/\/www.montceautriathlon.com\/blog\/2019\/09\/18\/cross-triathlon-jeunes-autun-en-toute-simplicite\/","url_meta":{"origin":2610,"position":4},"title":"Cross Triathlon jeunes AUTUN  : en toute simplicit\u00e9","date":"18 septembre 2019","format":false,"excerpt":"Des jeunes de trois clubs du d\u00e9partement ont fait le d\u00e9placement \u00e0 Autun ce dimanche matin pour participer \u00e0 des crosstriathlons. Une course J1, une course J2 et un animathlon au programme. Petite participation avec 26 jeunes sur les deux courses, une jolie d\u00e9l\u00e9gation de Montceau avec de\u00a0 bons r\u00e9sultats.\u2026","rel":"","context":"Dans &quot;Non class\u00e9&quot;","img":{"alt_text":"","src":"","width":0,"height":0},"classes":[]},{"id":2900,"url":"https:\/\/www.montceautriathlon.com\/blog\/2019\/06\/06\/2-juin-2019-france-jeunes-de-triathlon-a-grignon-pas-de-quoi-etre-grognon\/","url_meta":{"origin":2610,"position":5},"title":"2 juin 2019, France Jeunes de Triathlon \u00e0 Grignon : Pas de quoi \u00eatre grognon !","date":"6 juin 2019","format":false,"excerpt":"Ce week-end avaient lieu les Championnats de France de triathlon jeunes(que Montceau avait organis\u00e9s il y a trois ans ) de minimes \u00e0 Junior(e)s \u00e0 Grignon tout pr\u00e8s d'Alberville en Savoie,en pleine\u00a0 Tarentaise autour d'un lac le long de l'Is\u00e8re. Un endroit id\u00e9al pour le triathlon surtout que le ciel\u2026","rel":"","context":"Dans &quot;Non class\u00e9&quot;","img":{"alt_text":"","src":"https:\/\/i0.wp.com\/montceautriathlon.com\/blog\/wp-content\/uploads\/2019\/06\/grignan-6-300x169.jpg?resize=350%2C200","width":350,"height":200},"classes":[]}],"_links":{"self":[{"href":"https:\/\/www.montceautriathlon.com\/blog\/wp-json\/wp\/v2\/posts\/2610"}],"collection":[{"href":"https:\/\/www.montceautriathlon.com\/blog\/wp-json\/wp\/v2\/posts"}],"about":[{"href":"https:\/\/www.montceautriathlon.com\/blog\/wp-json\/wp\/v2\/types\/post"}],"author":[{"embeddable":true,"href":"https:\/\/www.montceautriathlon.com\/blog\/wp-json\/wp\/v2\/users\/5"}],"replies":[{"embeddable":true,"href":"https:\/\/www.montceautriathlon.com\/blog\/wp-json\/wp\/v2\/comments?post=2610"}],"version-history":[{"count":2,"href":"https:\/\/www.montceautriathlon.com\/blog\/wp-json\/wp\/v2\/posts\/2610\/revisions"}],"predecessor-version":[{"id":2615,"href":"https:\/\/www.montceautriathlon.com\/blog\/wp-json\/wp\/v2\/posts\/2610\/revisions\/2615"}],"wp:attachment":[{"href":"https:\/\/www.montceautriathlon.com\/blog\/wp-json\/wp\/v2\/media?parent=2610"}],"wp:term":[{"taxonomy":"category","embeddable":true,"href":"https:\/\/www.montceautriathlon.com\/blog\/wp-json\/wp\/v2\/categories?post=2610"},{"taxonomy":"post_tag","embeddable":true,"href":"https:\/\/www.montceautriathlon.com\/blog\/wp-json\/wp\/v2\/tags?post=2610"}],"curies":[{"name":"wp","href":"https:\/\/api.w.org\/{rel}","templated":true}]}}