{"id":2588,"date":"2018-12-18T10:48:08","date_gmt":"2018-12-18T09:48:08","guid":{"rendered":"http:\/\/montceautriathlon.com\/blog\/?p=2588"},"modified":"2018-12-18T22:17:09","modified_gmt":"2018-12-18T21:17:09","slug":"15-12-18-corrida-de-st-gengoux-battre-le-pave-de-nuit","status":"publish","type":"post","link":"https:\/\/www.montceautriathlon.com\/blog\/2018\/12\/18\/15-12-18-corrida-de-st-gengoux-battre-le-pave-de-nuit\/","title":{"rendered":"15\/12\/18 Corrida de St Gengoux : battre le pav\u00e9 de nuit !"},"content":{"rendered":"<p><a href=\"http:\/\/montceautriathlon.com\/blog\/wp-content\/uploads\/2018\/12\/cyrille.jpg\"><img data-attachment-id=\"2589\" data-permalink=\"https:\/\/www.montceautriathlon.com\/blog\/2018\/12\/18\/15-12-18-corrida-de-st-gengoux-battre-le-pave-de-nuit\/cyrille\/\" data-orig-file=\"https:\/\/www.montceautriathlon.com\/blog\/wp-content\/uploads\/2018\/12\/cyrille.jpg\" data-orig-size=\"1200,800\" data-comments-opened=\"1\" data-image-meta=\"{&quot;aperture&quot;:&quot;4.5&quot;,&quot;credit&quot;:&quot;&quot;,&quot;camera&quot;:&quot;Canon EOS 5D Mark III&quot;,&quot;caption&quot;:&quot;&quot;,&quot;created_timestamp&quot;:&quot;1544903126&quot;,&quot;copyright&quot;:&quot;&quot;,&quot;focal_length&quot;:&quot;35&quot;,&quot;iso&quot;:&quot;4000&quot;,&quot;shutter_speed&quot;:&quot;0.0055555555555556&quot;,&quot;title&quot;:&quot;&quot;,&quot;orientation&quot;:&quot;0&quot;}\" data-image-title=\"cyrille\" data-image-description=\"\" data-image-caption=\"\" data-medium-file=\"https:\/\/www.montceautriathlon.com\/blog\/wp-content\/uploads\/2018\/12\/cyrille-300x200.jpg\" data-large-file=\"https:\/\/www.montceautriathlon.com\/blog\/wp-content\/uploads\/2018\/12\/cyrille-1024x683.jpg\" loading=\"lazy\" class=\"wp-image-2589 alignleft\" src=\"http:\/\/montceautriathlon.com\/blog\/wp-content\/uploads\/2018\/12\/cyrille-300x200.jpg\" alt=\"\" width=\"176\" height=\"117\" srcset=\"https:\/\/www.montceautriathlon.com\/blog\/wp-content\/uploads\/2018\/12\/cyrille-300x200.jpg 300w, https:\/\/www.montceautriathlon.com\/blog\/wp-content\/uploads\/2018\/12\/cyrille-768x512.jpg 768w, https:\/\/www.montceautriathlon.com\/blog\/wp-content\/uploads\/2018\/12\/cyrille-1024x683.jpg 1024w, https:\/\/www.montceautriathlon.com\/blog\/wp-content\/uploads\/2018\/12\/cyrille.jpg 1200w\" sizes=\"(max-width: 176px) 100vw, 176px\" \/><\/a>Nocturne de St Gengoux en nocturne et dans le froid de d\u00e9cembre !\u00a0 9,5 Km et 110 class\u00e9s<\/p>\n<ul>\n<li>Cyrille B\u00e9rardan\u00a0\u00a0\u00a0\u00a0\u00a0\u00a0\u00a0\u00a0\u00a0 38&rsquo;58\u00a0\u00a0\u00a0\u00a0 8\u00e8me scratch et 4\u00e8me SEM<\/li>\n<li>Sandrine Ghesqui\u00e8re 50&rsquo;30\u00a0\u00a0\u00a0\u00a0 61\u00e8me scratch et 8\u00e8me V1F<\/li>\n<\/ul>\n<p>&nbsp;<\/p>\n<p><strong>Chez les jeunes<\/strong> : <strong>une belle deuxi\u00e8me place de Titouan Rondier et une belle premi\u00e8re place pour Marie Demorti\u00e8re !<\/strong><\/p>\n<p><a href=\"http:\/\/montceautriathlon.com\/blog\/wp-content\/uploads\/2018\/12\/Titouan.jpg\"><img data-attachment-id=\"2590\" data-permalink=\"https:\/\/www.montceautriathlon.com\/blog\/2018\/12\/18\/15-12-18-corrida-de-st-gengoux-battre-le-pave-de-nuit\/titouan\/\" data-orig-file=\"https:\/\/www.montceautriathlon.com\/blog\/wp-content\/uploads\/2018\/12\/Titouan.jpg\" data-orig-size=\"1200,800\" data-comments-opened=\"1\" data-image-meta=\"{&quot;aperture&quot;:&quot;4.5&quot;,&quot;credit&quot;:&quot;&quot;,&quot;camera&quot;:&quot;Canon EOS 5D Mark III&quot;,&quot;caption&quot;:&quot;&quot;,&quot;created_timestamp&quot;:&quot;1544905031&quot;,&quot;copyright&quot;:&quot;&quot;,&quot;focal_length&quot;:&quot;62&quot;,&quot;iso&quot;:&quot;3200&quot;,&quot;shutter_speed&quot;:&quot;0.016666666666667&quot;,&quot;title&quot;:&quot;&quot;,&quot;orientation&quot;:&quot;0&quot;}\" data-image-title=\"Titouan\" data-image-description=\"\" data-image-caption=\"\" data-medium-file=\"https:\/\/www.montceautriathlon.com\/blog\/wp-content\/uploads\/2018\/12\/Titouan-300x200.jpg\" data-large-file=\"https:\/\/www.montceautriathlon.com\/blog\/wp-content\/uploads\/2018\/12\/Titouan-1024x683.jpg\" loading=\"lazy\" class=\"alignnone wp-image-2590\" src=\"http:\/\/montceautriathlon.com\/blog\/wp-content\/uploads\/2018\/12\/Titouan-300x200.jpg\" alt=\"\" width=\"165\" height=\"110\" srcset=\"https:\/\/www.montceautriathlon.com\/blog\/wp-content\/uploads\/2018\/12\/Titouan-300x200.jpg 300w, https:\/\/www.montceautriathlon.com\/blog\/wp-content\/uploads\/2018\/12\/Titouan-768x512.jpg 768w, https:\/\/www.montceautriathlon.com\/blog\/wp-content\/uploads\/2018\/12\/Titouan-1024x683.jpg 1024w, https:\/\/www.montceautriathlon.com\/blog\/wp-content\/uploads\/2018\/12\/Titouan.jpg 1200w\" sizes=\"(max-width: 165px) 100vw, 165px\" \/><\/a><\/p>\n","protected":false},"excerpt":{"rendered":"<p>Nocturne de St Gengoux en nocturne et dans le froid de d\u00e9cembre !\u00a0 9,5 Km et 110 class\u00e9s Cyrille B\u00e9rardan\u00a0\u00a0\u00a0\u00a0\u00a0\u00a0\u00a0\u00a0\u00a0 38&rsquo;58\u00a0\u00a0\u00a0\u00a0 8\u00e8me scratch et 4\u00e8me SEM Sandrine Ghesqui\u00e8re 50&rsquo;30\u00a0\u00a0\u00a0\u00a0 61\u00e8me scratch et 8\u00e8me V1F &nbsp; Chez les jeunes : une belle deuxi\u00e8me place de Titouan Rondier et une belle premi\u00e8re place pour Marie Demorti\u00e8re !<\/p>\n","protected":false},"author":5,"featured_media":0,"comment_status":"open","ping_status":"open","sticky":false,"template":"","format":"standard","meta":{"spay_email":"","jetpack_publicize_message":"","jetpack_is_tweetstorm":false},"categories":[1],"tags":[],"jetpack_featured_media_url":"","jetpack_publicize_connections":[],"jetpack_sharing_enabled":true,"jetpack_shortlink":"https:\/\/wp.me\/p8bwIy-FK","jetpack-related-posts":[{"id":4812,"url":"https:\/\/www.montceautriathlon.com\/blog\/2021\/12\/21\/corrida-de-saint-gengoux-une-petite-course-sympa-avant-les-fetes\/","url_meta":{"origin":2588,"position":0},"title":"Corrida de Saint-Gengoux : une petite course sympa avant les f\u00eates.","date":"21 d\u00e9cembre 2021","format":false,"excerpt":"Une course adulte et deux courses jeunes au travers de la cit\u00e9 m\u00e9di\u00e9vale au programme de ce dernier week-end avant la tr\u00eave des confiseurs. Montceau Triathlon \u00e0 la demande d'Arnaud a pr\u00eat\u00e9 main forte \u00e0 l'\u00e9v\u00e8nement en encadrant les courses jeunes qui malheureusement n'ont pas attir\u00e9 de nombreux concurrents et\u2026","rel":"","context":"Dans &quot;Non class\u00e9&quot;","img":{"alt_text":"","src":"https:\/\/i1.wp.com\/www.montceautriathlon.com\/blog\/wp-content\/uploads\/2021\/12\/stg6.jpg?resize=350%2C200&ssl=1","width":350,"height":200},"classes":[]},{"id":5509,"url":"https:\/\/www.montceautriathlon.com\/blog\/2023\/01\/04\/corrida-de-saint-gengoux\/","url_meta":{"origin":2588,"position":1},"title":"Corrida de Saint Gengoux !","date":"4 janvier 2023","format":false,"excerpt":"C'est le 18 d\u00e9cembre en ce d\u00e9but de vacances scolaires qu'a eu lieu la corrida p\u00e9destre ainsi que le passage du p\u00e8re no\u00ebl \u00e0 Saint Gengoux le National. On aurait aim\u00e9 qu'il nous apporte la victoire de l'\u00e9quipe de France sous le sapin \u00e9galement ce jour-l\u00e0. A d\u00e9faut d'\u00eatre champion\u2026","rel":"","context":"Dans &quot;Non class\u00e9&quot;","img":{"alt_text":"","src":"https:\/\/i0.wp.com\/www.montceautriathlon.com\/blog\/wp-content\/uploads\/2023\/01\/image_123927839-scaled.jpg?resize=350%2C200&ssl=1","width":350,"height":200},"classes":[]},{"id":8552,"url":"https:\/\/www.montceautriathlon.com\/blog\/2025\/12\/22\/13-et-14-decembre-trail-de-santenay-corrida-de-saint-gengoux-et-10km-de-hericourt\/","url_meta":{"origin":2588,"position":2},"title":"13 et 14 d\u00e9cembre: trail de Santenay, corrida de Saint Gengoux et 10km de H\u00e9ricourt","date":"22 d\u00e9cembre 2025","format":false,"excerpt":"Les triathl\u00e8tes de Montceau ont choisi des lieux diff\u00e9rents pour courir. Le samedi 13 avait lieu le trail de Santenay, organis\u00e9 par Rougeot Beaune Triathlon. Le dimanche 14 \u00e9tait organis\u00e9 la corrida de Saint Gengoux. Claude Monnet s'est quant \u00e0 lui dirig\u00e9 vers la Haute Saone pour participer au 10km\u2026","rel":"","context":"Dans &quot;Non class\u00e9&quot;","img":{"alt_text":"","src":"https:\/\/i0.wp.com\/www.montceautriathlon.com\/blog\/wp-content\/uploads\/2025\/12\/facebook_1766415502346_7408883607153835542.jpg?resize=350%2C200&ssl=1","width":350,"height":200},"classes":[]},{"id":1773,"url":"https:\/\/www.montceautriathlon.com\/blog\/2018\/03\/05\/trail-des-trois-chateaux-le-creusot-3-et-4-mars-2018\/","url_meta":{"origin":2588,"position":3},"title":"Trail des trois Ch\u00e2teaux le Creusot 3 et 4 mars 2018","date":"5 mars 2018","format":false,"excerpt":"Belle participation du club aux diff\u00e9rentes \u00e9preuves de ce week-end Creusotin. Mention sp\u00e9ciale aux f\u00e9minines avec la 1\u00e8re place de Sandrine Ghesqui\u00e8re sur le combin\u00e9(18+30KM) et la seconde de Sandrine Marchand en V1 F. Belle premi\u00e8re place aussi pour Catherine Mauro en V1F sur la nocturne du 18km.(3\u00e8me f\u00e9minine) Podium\u2026","rel":"","context":"Dans &quot;Non class\u00e9&quot;","img":{"alt_text":"","src":"","width":0,"height":0},"classes":[]},{"id":7260,"url":"https:\/\/www.montceautriathlon.com\/blog\/2024\/12\/23\/corrida-de-saint-gengoux-2\/","url_meta":{"origin":2588,"position":4},"title":"Corrida de Saint Gengoux","date":"23 d\u00e9cembre 2024","format":false,"excerpt":"Pendant que certains triathl\u00e8tes \u00e9taient \u00e0 Dijon pour le bike and run, d'autres courraient \u00e0 Saint Gengoux pour leur Corrida, dont Montceau Triathlon est partenaires depuis quelques ann\u00e9es.. Voici les r\u00e9sultats de nos Athl\u00e8tes: SUR LE 10km: Laurent Magnien , premier repr\u00e9sentant du club franchi la ligne en 13e position\u2026","rel":"","context":"Dans &quot;Non class\u00e9&quot;","img":{"alt_text":"","src":"https:\/\/i1.wp.com\/www.montceautriathlon.com\/blog\/wp-content\/uploads\/2024\/12\/470242708_1257452068628848_960978351182328939_n.jpg?resize=350%2C200&ssl=1","width":350,"height":200},"classes":[]},{"id":2020,"url":"https:\/\/www.montceautriathlon.com\/blog\/2018\/06\/25\/cap-a-lest-ces-23-et-24-juin-triathlon-de-st-point25-annecy74-et-xterra-switzerland\/","url_meta":{"origin":2588,"position":5},"title":"Cap \u00e0 l&rsquo;Est ces 23 et 24 juin ! Triathlon de St Point(25), Annecy(74) et Xterra Switzerland !","date":"25 juin 2018","format":false,"excerpt":"Belle performance au triathlon XTerra des Charbonni\u00e8res en Suisse ce samedi 23 juin d'Olivier Grivault au d\u00e9part de la formule light (S).\u00a0 \"Un parcours VTT tr\u00e8s technique o\u00f9 il faut dominer son appr\u00e9hension\"\u00a0 1h34'47\" 19\u00e8me scratch et 5\u00e8me VEM ! Bravo Olivier ! Triathlon du Lac de St Point\u00a0 pr\u00e8s\u2026","rel":"","context":"Dans &quot;Non class\u00e9&quot;","img":{"alt_text":"","src":"","width":0,"height":0},"classes":[]}],"_links":{"self":[{"href":"https:\/\/www.montceautriathlon.com\/blog\/wp-json\/wp\/v2\/posts\/2588"}],"collection":[{"href":"https:\/\/www.montceautriathlon.com\/blog\/wp-json\/wp\/v2\/posts"}],"about":[{"href":"https:\/\/www.montceautriathlon.com\/blog\/wp-json\/wp\/v2\/types\/post"}],"author":[{"embeddable":true,"href":"https:\/\/www.montceautriathlon.com\/blog\/wp-json\/wp\/v2\/users\/5"}],"replies":[{"embeddable":true,"href":"https:\/\/www.montceautriathlon.com\/blog\/wp-json\/wp\/v2\/comments?post=2588"}],"version-history":[{"count":2,"href":"https:\/\/www.montceautriathlon.com\/blog\/wp-json\/wp\/v2\/posts\/2588\/revisions"}],"predecessor-version":[{"id":2592,"href":"https:\/\/www.montceautriathlon.com\/blog\/wp-json\/wp\/v2\/posts\/2588\/revisions\/2592"}],"wp:attachment":[{"href":"https:\/\/www.montceautriathlon.com\/blog\/wp-json\/wp\/v2\/media?parent=2588"}],"wp:term":[{"taxonomy":"category","embeddable":true,"href":"https:\/\/www.montceautriathlon.com\/blog\/wp-json\/wp\/v2\/categories?post=2588"},{"taxonomy":"post_tag","embeddable":true,"href":"https:\/\/www.montceautriathlon.com\/blog\/wp-json\/wp\/v2\/tags?post=2588"}],"curies":[{"name":"wp","href":"https:\/\/api.w.org\/{rel}","templated":true}]}}