{"id":2585,"date":"2018-12-18T10:21:54","date_gmt":"2018-12-18T09:21:54","guid":{"rendered":"http:\/\/montceautriathlon.com\/blog\/?p=2585"},"modified":"2018-12-18T10:21:54","modified_gmt":"2018-12-18T09:21:54","slug":"16-12-18-bike-run-dijon-le-corps-en-saignant-present","status":"publish","type":"post","link":"https:\/\/www.montceautriathlon.com\/blog\/2018\/12\/18\/16-12-18-bike-run-dijon-le-corps-en-saignant-present\/","title":{"rendered":"16\/12\/18 Bike &#038; Run DIJON :  Le corps en saignant  pr\u00e9sent !"},"content":{"rendered":"<p><a href=\"http:\/\/montceautriathlon.com\/blog\/wp-content\/uploads\/2018\/12\/Sophie-Dijon.jpg\"><img data-attachment-id=\"2586\" data-permalink=\"https:\/\/www.montceautriathlon.com\/blog\/2018\/12\/18\/16-12-18-bike-run-dijon-le-corps-en-saignant-present\/sophie-dijon\/\" data-orig-file=\"https:\/\/www.montceautriathlon.com\/blog\/wp-content\/uploads\/2018\/12\/Sophie-Dijon.jpg\" data-orig-size=\"272,612\" data-comments-opened=\"1\" data-image-meta=\"{&quot;aperture&quot;:&quot;0&quot;,&quot;credit&quot;:&quot;&quot;,&quot;camera&quot;:&quot;&quot;,&quot;caption&quot;:&quot;&quot;,&quot;created_timestamp&quot;:&quot;0&quot;,&quot;copyright&quot;:&quot;&quot;,&quot;focal_length&quot;:&quot;0&quot;,&quot;iso&quot;:&quot;0&quot;,&quot;shutter_speed&quot;:&quot;0&quot;,&quot;title&quot;:&quot;&quot;,&quot;orientation&quot;:&quot;1&quot;}\" data-image-title=\"Sophie Dijon\" data-image-description=\"\" data-image-caption=\"\" data-medium-file=\"https:\/\/www.montceautriathlon.com\/blog\/wp-content\/uploads\/2018\/12\/Sophie-Dijon-133x300.jpg\" data-large-file=\"https:\/\/www.montceautriathlon.com\/blog\/wp-content\/uploads\/2018\/12\/Sophie-Dijon.jpg\" loading=\"lazy\" class=\" wp-image-2586 alignleft\" src=\"http:\/\/montceautriathlon.com\/blog\/wp-content\/uploads\/2018\/12\/Sophie-Dijon-133x300.jpg\" alt=\"\" width=\"100\" height=\"226\" srcset=\"https:\/\/www.montceautriathlon.com\/blog\/wp-content\/uploads\/2018\/12\/Sophie-Dijon-133x300.jpg 133w, https:\/\/www.montceautriathlon.com\/blog\/wp-content\/uploads\/2018\/12\/Sophie-Dijon.jpg 272w\" sizes=\"(max-width: 100px) 100vw, 100px\" \/><\/a>Sandrine, H\u00e9l\u00e8ne, Arnaud nos profs d&rsquo;\u00e9cole pr\u00e9f\u00e9r\u00e9s et Sophie notre d\u00e9vou\u00e9e coach,\u00a0 ont fait le d\u00e9placement \u00e0 Dijon. La moutarde ne leur est pas mont\u00e9e au nez malgr\u00e9 la boue, le brouillard et la fatigue ! Une plus forte pr\u00e9sence du club \u00e0 Bourbon (prochaine \u00e9tape du circuit) en janvier prochain est attendue ! L&rsquo;\u00e9cole de triathlon \u00e9tait repr\u00e9sent\u00e9e par\u00a0 quatre \u00e9quipes sur les courses jeunes. Bravo \u00e0 Tous !<\/p>\n<p><span style=\"text-decoration: underline;\"><strong>course XS : 93 class\u00e9s<\/strong><\/span><\/p>\n<ul>\n<li>Sandrine Marchand\/Arnaud Rondier 59&rsquo;44\u00a0\u00a0\u00a0 65\u00e8mes scratch et 5\u00e8me VE Mix<\/li>\n<li>Sophie Rousseau\/ H\u00e9l\u00e8ne Touillon\u00a0\u00a0\u00a0 1h11&rsquo;21 88\u00e8mes scratch et <strong>2\u00e8me VEF<\/strong><\/li>\n<\/ul>\n<p>&nbsp;<\/p>\n<p><span style=\"text-decoration: underline;\"><strong>course J1 : 20 class\u00e9s<\/strong><\/span><\/p>\n<ul>\n<li>Titouan Rondier\/El\u00e9a B\u00e9rardan\u00a0\u00a0\u00a0\u00a0\u00a0 11&rsquo;35\u00a0\u00a0\u00a0\u00a0\u00a0\u00a0\u00a0 9\u00e8mes scratch et 3\u00e8me Mix<\/li>\n<li>Axelle Da Eira\/ Colombe Leboeuf\u00a0 16&rsquo;14\u00a0\u00a0 20\u00e8mes scratch et <strong>2\u00e8me F<\/strong><\/li>\n<\/ul>\n<p><strong><span style=\"text-decoration: underline;\">Course J2 : 44 class\u00e9s<\/span><\/strong><\/p>\n<ul>\n<li>Marine Da Eira\/Juliette Bey\u00a0\u00a0\u00a0\u00a0\u00a0\u00a0\u00a0\u00a0\u00a0\u00a0 20&rsquo;20\u00a0\u00a0\u00a0\u00a0\u00a0\u00a0\u00a0\u00a0\u00a0\u00a0\u00a0 24\u00e8mes scratch et 4\u00e8me F<\/li>\n<li>Jeanne Rondier\/Garance Bey\u00a0\u00a0\u00a0\u00a0\u00a0 23&rsquo;16\u00a0\u00a0\u00a0\u00a0\u00a0\u00a0\u00a0\u00a0\u00a0 42\u00e8mes scratch et 11\u00e8me F<\/li>\n<\/ul>\n","protected":false},"excerpt":{"rendered":"<p>Sandrine, H\u00e9l\u00e8ne, Arnaud nos profs d&rsquo;\u00e9cole pr\u00e9f\u00e9r\u00e9s et Sophie notre d\u00e9vou\u00e9e coach,\u00a0 ont fait le d\u00e9placement \u00e0 Dijon. La moutarde ne leur est pas mont\u00e9e au nez malgr\u00e9 la boue, le brouillard et la fatigue ! Une plus forte pr\u00e9sence du club \u00e0 Bourbon (prochaine \u00e9tape du circuit) en janvier prochain est attendue ! L&rsquo;\u00e9cole [&hellip;]<\/p>\n","protected":false},"author":5,"featured_media":0,"comment_status":"open","ping_status":"open","sticky":false,"template":"","format":"standard","meta":{"spay_email":"","jetpack_publicize_message":"","jetpack_is_tweetstorm":false},"categories":[1],"tags":[],"jetpack_featured_media_url":"","jetpack_publicize_connections":[],"jetpack_sharing_enabled":true,"jetpack_shortlink":"https:\/\/wp.me\/p8bwIy-FH","jetpack-related-posts":[{"id":4799,"url":"https:\/\/www.montceautriathlon.com\/blog\/2021\/12\/15\/bike-run-de-dijon-3-equipes-veteranes-3-podiums\/","url_meta":{"origin":2585,"position":0},"title":"Bike &#038; run de Dijon : 3 \u00e9quipes v\u00e9t\u00e9ranes, 3 podiums !","date":"15 d\u00e9cembre 2021","format":false,"excerpt":"Ce dimanche, \u00e0 Ahuy, c'\u00e9tait bike & run. Trois \u00e9quipes v\u00e9t\u00e9ranes engag\u00e9es. Arnaud et Beno\u00eet \u00e0 nouveau r\u00e9unis, Christophe et Laurent et Sophie et H\u00e9l\u00e8ne . Victoire de l'\u00e9quipe f\u00e9minine en masters F, 2\u00e8me place pour Laurent et CHristophe et 3\u00e8me place pour Arnaud et Beno\u00eet en masters M. Chez\u2026","rel":"","context":"Dans &quot;Non class\u00e9&quot;","img":{"alt_text":"","src":"https:\/\/i0.wp.com\/www.montceautriathlon.com\/blog\/wp-content\/uploads\/2021\/12\/dij9.jpg?resize=350%2C200&ssl=1","width":350,"height":200},"classes":[]},{"id":7138,"url":"https:\/\/www.montceautriathlon.com\/blog\/2024\/12\/01\/triathlon-de-paladru-21-septembre-2024\/","url_meta":{"origin":2585,"position":1},"title":"Triathlon de Paladru (21 septembre 2024)","date":"1 d\u00e9cembre 2024","format":false,"excerpt":"Deux \u00e9quipes de Montceay ont fait le d\u00e9placement \u00e0 Paladru pour le triathlon L par \u00e9quipes. La Belle et les b\u00eates ( Sandrine Marchand, Arnaud Rondier, Sammy Marc, Frederic Ghesquiere et Philippe Bongrand) termine en 5h33 (99e au scratch et 33e \u00e9quipe mixte) Les Piplettes du Montceau ( Sophie Boyer,\u2026","rel":"","context":"Dans &quot;Non class\u00e9&quot;","img":{"alt_text":"","src":"https:\/\/i1.wp.com\/www.montceautriathlon.com\/blog\/wp-content\/uploads\/2024\/12\/paladru-3.jpg?resize=350%2C200&ssl=1","width":350,"height":200},"classes":[]},{"id":2005,"url":"https:\/\/www.montceautriathlon.com\/blog\/2018\/06\/18\/besancon25-cublize69vassiviere87-aurillac-15-week-end-charge-ces-16-et-17-juin\/","url_meta":{"origin":2585,"position":2},"title":"Besan\u00e7on(25), Cublize(69),Vassivi\u00e8re(87), Aurillac (15) week-end charg\u00e9 ces 16 et 17 juin !","date":"18 juin 2018","format":false,"excerpt":"Week-end charg\u00e9 effectivement avec notre \u00e9quipe f\u00e9minine \u00e0 Besan\u00e7on qui s'est brillamment qualifi\u00e9e pour la finale D3 de triathlon en remportant l'\u00e9preuve Grand\/Est \u00e0 Besan\u00e7on , une grosse douzaines de triathl\u00e8tes du club sur le difficile triathlon courte distance (format M) du lac des Sapins \u00e0 Cublize avec une belle\u2026","rel":"","context":"Dans &quot;Non class\u00e9&quot;","img":{"alt_text":"","src":"https:\/\/i0.wp.com\/montceautriathlon.com\/blog\/wp-content\/uploads\/2018\/06\/podium-1-300x288.jpg?resize=350%2C200","width":350,"height":200},"classes":[]},{"id":6554,"url":"https:\/\/www.montceautriathlon.com\/blog\/2023\/12\/13\/bike-and-run-de-dijon\/","url_meta":{"origin":2585,"position":3},"title":"Bike and Run de Dijon","date":"13 d\u00e9cembre 2023","format":false,"excerpt":"Ce dimanche nos triathl\u00e8tes se sont dirig\u00e9s vers Dijon et ont fait des beaux podiums : Course Jeune 2 : Aristide Moreau et Celian Schaffer Fouel : troisi\u00e8me en 16:23 Sarah Thierry Axelle Da Eira : 16eme en 20:38 Course XS : Delphine Tonnin et Cyrille Berardan : 40eme et\u2026","rel":"","context":"Dans &quot;Non class\u00e9&quot;","img":{"alt_text":"","src":"https:\/\/i2.wp.com\/www.montceautriathlon.com\/blog\/wp-content\/uploads\/2023\/12\/IMG_5650.jpg?resize=350%2C200&ssl=1","width":350,"height":200},"classes":[]},{"id":2506,"url":"https:\/\/www.montceautriathlon.com\/blog\/2018\/11\/12\/11-11-18-bike-run-a-chenove-on-ne-pedale-pas-dans-la-guimauve\/","url_meta":{"origin":2585,"position":4},"title":"11\/11\/18 Bike &#038; run. A Chen\u00f4ve, on ne p\u00e9dale pas dans la guimauve !","date":"12 novembre 2018","format":false,"excerpt":"16 \u00e9quipes du club ont\u00a0 donc fait le d\u00e9placement sur les hauteurs dijonnaises et plusieurs \u00e9quipes sont mont\u00e9es sur le podium. Belle premi\u00e8re place pour nos jeunes Marine et Juliette qui savourent leur deuxi\u00e8me victoire dans leur cat\u00e9gorie en 2 \u00e9preuves, 1\u00e8res f\u00e9minines en J2.\u00a0 Aude et Catherine n'ont rien\u2026","rel":"","context":"Dans &quot;Non class\u00e9&quot;","img":{"alt_text":"","src":"https:\/\/i0.wp.com\/montceautriathlon.com\/blog\/wp-content\/uploads\/2018\/11\/Chenove-2-300x200.jpg?resize=350%2C200","width":350,"height":200},"classes":[]},{"id":7292,"url":"https:\/\/www.montceautriathlon.com\/blog\/2025\/01\/20\/bike-and-run-bourbon-lancy\/","url_meta":{"origin":2585,"position":5},"title":"Bike and run Bourbon Lancy","date":"20 janvier 2025","format":false,"excerpt":"Malgr\u00e9 le froid, les montcelliens se sont d\u00e9plac\u00e9s \u00e0 Bourbon Lancy ce dimanche 19 janvier pour le bike and run organis\u00e9 d'une main de maitre par Yohan et tous les b\u00e9n\u00e9voles du club. Les bin\u00f4mes de jeunes et d'adultes se sont align\u00e9s sur les 3 courses propos\u00e9es. Voici les r\u00e9sultats:\u2026","rel":"","context":"Dans &quot;Non class\u00e9&quot;","img":{"alt_text":"","src":"https:\/\/i1.wp.com\/www.montceautriathlon.com\/blog\/wp-content\/uploads\/2025\/01\/IMG-20250119-WA0004.jpg?resize=350%2C200&ssl=1","width":350,"height":200},"classes":[]}],"_links":{"self":[{"href":"https:\/\/www.montceautriathlon.com\/blog\/wp-json\/wp\/v2\/posts\/2585"}],"collection":[{"href":"https:\/\/www.montceautriathlon.com\/blog\/wp-json\/wp\/v2\/posts"}],"about":[{"href":"https:\/\/www.montceautriathlon.com\/blog\/wp-json\/wp\/v2\/types\/post"}],"author":[{"embeddable":true,"href":"https:\/\/www.montceautriathlon.com\/blog\/wp-json\/wp\/v2\/users\/5"}],"replies":[{"embeddable":true,"href":"https:\/\/www.montceautriathlon.com\/blog\/wp-json\/wp\/v2\/comments?post=2585"}],"version-history":[{"count":1,"href":"https:\/\/www.montceautriathlon.com\/blog\/wp-json\/wp\/v2\/posts\/2585\/revisions"}],"predecessor-version":[{"id":2587,"href":"https:\/\/www.montceautriathlon.com\/blog\/wp-json\/wp\/v2\/posts\/2585\/revisions\/2587"}],"wp:attachment":[{"href":"https:\/\/www.montceautriathlon.com\/blog\/wp-json\/wp\/v2\/media?parent=2585"}],"wp:term":[{"taxonomy":"category","embeddable":true,"href":"https:\/\/www.montceautriathlon.com\/blog\/wp-json\/wp\/v2\/categories?post=2585"},{"taxonomy":"post_tag","embeddable":true,"href":"https:\/\/www.montceautriathlon.com\/blog\/wp-json\/wp\/v2\/tags?post=2585"}],"curies":[{"name":"wp","href":"https:\/\/api.w.org\/{rel}","templated":true}]}}