{"id":2578,"date":"2018-12-18T09:40:17","date_gmt":"2018-12-18T08:40:17","guid":{"rendered":"http:\/\/montceautriathlon.com\/blog\/?p=2578"},"modified":"2018-12-18T09:40:17","modified_gmt":"2018-12-18T08:40:17","slug":"16-12-18-gueugnon-ca-ne-rigole-plus-au-bord-de-la-rigole","status":"publish","type":"post","link":"https:\/\/www.montceautriathlon.com\/blog\/2018\/12\/18\/16-12-18-gueugnon-ca-ne-rigole-plus-au-bord-de-la-rigole\/","title":{"rendered":"16\/12\/18 Gueugnon :\u00e7a ne rigole plus au bord de la rigole !"},"content":{"rendered":"<p><a href=\"http:\/\/montceautriathlon.com\/blog\/wp-content\/uploads\/2018\/12\/ludo.jpg\"><img data-attachment-id=\"2582\" data-permalink=\"https:\/\/www.montceautriathlon.com\/blog\/2018\/12\/18\/16-12-18-gueugnon-ca-ne-rigole-plus-au-bord-de-la-rigole\/ludo\/\" data-orig-file=\"https:\/\/www.montceautriathlon.com\/blog\/wp-content\/uploads\/2018\/12\/ludo.jpg\" data-orig-size=\"940,660\" data-comments-opened=\"1\" data-image-meta=\"{&quot;aperture&quot;:&quot;0&quot;,&quot;credit&quot;:&quot;&quot;,&quot;camera&quot;:&quot;&quot;,&quot;caption&quot;:&quot;&quot;,&quot;created_timestamp&quot;:&quot;0&quot;,&quot;copyright&quot;:&quot;&quot;,&quot;focal_length&quot;:&quot;0&quot;,&quot;iso&quot;:&quot;0&quot;,&quot;shutter_speed&quot;:&quot;0&quot;,&quot;title&quot;:&quot;&quot;,&quot;orientation&quot;:&quot;0&quot;}\" data-image-title=\"ludo\" data-image-description=\"\" data-image-caption=\"\" data-medium-file=\"https:\/\/www.montceautriathlon.com\/blog\/wp-content\/uploads\/2018\/12\/ludo-300x211.jpg\" data-large-file=\"https:\/\/www.montceautriathlon.com\/blog\/wp-content\/uploads\/2018\/12\/ludo.jpg\" loading=\"lazy\" class=\"alignnone  wp-image-2582\" src=\"http:\/\/montceautriathlon.com\/blog\/wp-content\/uploads\/2018\/12\/ludo-300x211.jpg\" alt=\"\" width=\"180\" height=\"126\" srcset=\"https:\/\/www.montceautriathlon.com\/blog\/wp-content\/uploads\/2018\/12\/ludo-300x211.jpg 300w, https:\/\/www.montceautriathlon.com\/blog\/wp-content\/uploads\/2018\/12\/ludo-768x539.jpg 768w, https:\/\/www.montceautriathlon.com\/blog\/wp-content\/uploads\/2018\/12\/ludo.jpg 940w\" sizes=\"(max-width: 180px) 100vw, 180px\" \/><\/a><a href=\"http:\/\/montceautriathlon.com\/blog\/wp-content\/uploads\/2018\/12\/Gueugnon.jpg\"><img data-attachment-id=\"2580\" data-permalink=\"https:\/\/www.montceautriathlon.com\/blog\/2018\/12\/18\/16-12-18-gueugnon-ca-ne-rigole-plus-au-bord-de-la-rigole\/gueugnon\/\" data-orig-file=\"https:\/\/www.montceautriathlon.com\/blog\/wp-content\/uploads\/2018\/12\/Gueugnon.jpg\" data-orig-size=\"768,776\" data-comments-opened=\"1\" data-image-meta=\"{&quot;aperture&quot;:&quot;0&quot;,&quot;credit&quot;:&quot;&quot;,&quot;camera&quot;:&quot;&quot;,&quot;caption&quot;:&quot;&quot;,&quot;created_timestamp&quot;:&quot;0&quot;,&quot;copyright&quot;:&quot;&quot;,&quot;focal_length&quot;:&quot;0&quot;,&quot;iso&quot;:&quot;0&quot;,&quot;shutter_speed&quot;:&quot;0&quot;,&quot;title&quot;:&quot;&quot;,&quot;orientation&quot;:&quot;0&quot;}\" data-image-title=\"Gueugnon\" data-image-description=\"\" data-image-caption=\"\" data-medium-file=\"https:\/\/www.montceautriathlon.com\/blog\/wp-content\/uploads\/2018\/12\/Gueugnon-297x300.jpg\" data-large-file=\"https:\/\/www.montceautriathlon.com\/blog\/wp-content\/uploads\/2018\/12\/Gueugnon.jpg\" loading=\"lazy\" class=\"alignnone  wp-image-2580\" src=\"http:\/\/montceautriathlon.com\/blog\/wp-content\/uploads\/2018\/12\/Gueugnon-297x300.jpg\" alt=\"\" width=\"193\" height=\"195\" srcset=\"https:\/\/www.montceautriathlon.com\/blog\/wp-content\/uploads\/2018\/12\/Gueugnon-297x300.jpg 297w, https:\/\/www.montceautriathlon.com\/blog\/wp-content\/uploads\/2018\/12\/Gueugnon.jpg 768w\" sizes=\"(max-width: 193px) 100vw, 193px\" \/><\/a><a href=\"http:\/\/montceautriathlon.com\/blog\/wp-content\/uploads\/2018\/12\/Gros-2.jpg\"><img data-attachment-id=\"2581\" data-permalink=\"https:\/\/www.montceautriathlon.com\/blog\/2018\/12\/18\/16-12-18-gueugnon-ca-ne-rigole-plus-au-bord-de-la-rigole\/gros-2-2\/\" data-orig-file=\"https:\/\/www.montceautriathlon.com\/blog\/wp-content\/uploads\/2018\/12\/Gros-2.jpg\" data-orig-size=\"940,660\" data-comments-opened=\"1\" data-image-meta=\"{&quot;aperture&quot;:&quot;0&quot;,&quot;credit&quot;:&quot;&quot;,&quot;camera&quot;:&quot;&quot;,&quot;caption&quot;:&quot;&quot;,&quot;created_timestamp&quot;:&quot;0&quot;,&quot;copyright&quot;:&quot;&quot;,&quot;focal_length&quot;:&quot;0&quot;,&quot;iso&quot;:&quot;0&quot;,&quot;shutter_speed&quot;:&quot;0&quot;,&quot;title&quot;:&quot;&quot;,&quot;orientation&quot;:&quot;0&quot;}\" data-image-title=\"Gros 2\" data-image-description=\"\" data-image-caption=\"\" data-medium-file=\"https:\/\/www.montceautriathlon.com\/blog\/wp-content\/uploads\/2018\/12\/Gros-2-300x211.jpg\" data-large-file=\"https:\/\/www.montceautriathlon.com\/blog\/wp-content\/uploads\/2018\/12\/Gros-2.jpg\" loading=\"lazy\" class=\"alignnone  wp-image-2581\" src=\"http:\/\/montceautriathlon.com\/blog\/wp-content\/uploads\/2018\/12\/Gros-2-300x211.jpg\" alt=\"\" width=\"185\" height=\"130\" srcset=\"https:\/\/www.montceautriathlon.com\/blog\/wp-content\/uploads\/2018\/12\/Gros-2-300x211.jpg 300w, https:\/\/www.montceautriathlon.com\/blog\/wp-content\/uploads\/2018\/12\/Gros-2-768x539.jpg 768w, https:\/\/www.montceautriathlon.com\/blog\/wp-content\/uploads\/2018\/12\/Gros-2.jpg 940w\" sizes=\"(max-width: 185px) 100vw, 185px\" \/><\/a><\/p>\n<p>Premi\u00e8re \u00e9dition de la course nature de Chazey\/Gueugnon sur les bords de la rigole de l&rsquo;Arroux. Six d&rsquo;entre nous ont tent\u00e9 leur chance sur le sable et dans le\u00a0 brouillard ! On retrouve nos trois gladiateurs d&rsquo;Autun, qui affranchis par leurs bons r\u00e9sultats, se voient pousser des ailes dans le dos ! Belles perfs \u00e0 nouveau de Ludovic et de Christophe 9\u00e8me et 11\u00e8me de ce 11km.\u00a0 Ils \u00e9taient accompagn\u00e9s par Philippe toujours pr\u00e9sent, Pierre Fabienne et Nadine.<\/p>\n<p>course nature : 78 class\u00e9s 11km :<\/p>\n<ul>\n<li>Ludovic Ballico\u00a0\u00a0\u00a0\u00a0\u00a0\u00a0\u00a0\u00a0\u00a0\u00a0\u00a0\u00a0\u00a0 45&rsquo;15 \u00a0 \u00a0 9\u00e8me scratch\u00a0\u00a0\u00a0\u00a0\u00a0\u00a0 5\u00e8me SEM<\/li>\n<li>Christophe Delblouwe\u00a0 45&rsquo;23\u00a0\u00a0\u00a0\u00a0 11\u00e8me scratch\u00a0\u00a0\u00a0\u00a0\u00a0 2\u00e8me V2M<\/li>\n<li>Pierre Bouillon\u00a0\u00a0\u00a0\u00a0\u00a0\u00a0\u00a0\u00a0\u00a0\u00a0\u00a0\u00a0\u00a0\u00a0 50&rsquo;45\u00a0\u00a0\u00a0\u00a0 24\u00e8me scratch\u00a0\u00a0\u00a0\u00a0 9\u00e8me SEM<\/li>\n<li>Philippe Renard\u00a0\u00a0\u00a0\u00a0\u00a0\u00a0\u00a0\u00a0\u00a0\u00a0\u00a0 53&rsquo;59\u00a0\u00a0\u00a0\u00a0\u00a0 36\u00e8me scratch\u00a0\u00a0\u00a0\u00a0 18\u00e8me V2M<\/li>\n<li>Fabienne Vaudelin\u00a0\u00a0\u00a0\u00a0\u00a0\u00a0 54&rsquo;13\u00a0\u00a0\u00a0\u00a0\u00a0 39\u00e8me scratch\u00a0\u00a0\u00a0\u00a0\u00a0 3\u00e8me V2F<\/li>\n<li>Nadine Delblouwe\u00a0\u00a0\u00a0\u00a0\u00a0\u00a0\u00a0\u00a0 58&rsquo;35\u00a0\u00a0\u00a0\u00a0\u00a0\u00a0 53\u00e8me scratch\u00a0\u00a0 4\u00e8me V1F<\/li>\n<\/ul>\n<p>&nbsp;<\/p>\n","protected":false},"excerpt":{"rendered":"<p>Premi\u00e8re \u00e9dition de la course nature de Chazey\/Gueugnon sur les bords de la rigole de l&rsquo;Arroux. Six d&rsquo;entre nous ont tent\u00e9 leur chance sur le sable et dans le\u00a0 brouillard ! On retrouve nos trois gladiateurs d&rsquo;Autun, qui affranchis par leurs bons r\u00e9sultats, se voient pousser des ailes dans le dos ! Belles perfs \u00e0 [&hellip;]<\/p>\n","protected":false},"author":5,"featured_media":0,"comment_status":"open","ping_status":"open","sticky":false,"template":"","format":"standard","meta":{"spay_email":"","jetpack_publicize_message":"","jetpack_is_tweetstorm":false},"categories":[1],"tags":[],"jetpack_featured_media_url":"","jetpack_publicize_connections":[],"jetpack_sharing_enabled":true,"jetpack_shortlink":"https:\/\/wp.me\/p8bwIy-FA","jetpack-related-posts":[{"id":4208,"url":"https:\/\/www.montceautriathlon.com\/blog\/2021\/06\/20\/entre-arroux-et-dardon\/","url_meta":{"origin":2578,"position":0},"title":"Entre Arroux et Dardon ?","date":"20 juin 2021","format":false,"excerpt":"Samedi dernier, le club Allure Libre de Gueugnon proposait trois courses entre Arroux et Dardon, entre trail et route. 6, 12 et 19 km au programme et sous la chaleur. Courses qui rappellent et remplacent un peu la fameuse mont\u00e9e du Dardon et le tour du canton de Gueugnon. L'occasion\u2026","rel":"","context":"Dans &quot;Non class\u00e9&quot;","img":{"alt_text":"","src":"https:\/\/i1.wp.com\/www.montceautriathlon.com\/blog\/wp-content\/uploads\/2021\/06\/IMG-20210618-WA0004.jpg?resize=350%2C200&ssl=1","width":350,"height":200},"classes":[]},{"id":1314,"url":"https:\/\/www.montceautriathlon.com\/blog\/2017\/06\/13\/28eme-edition-du-tour-du-canton-de-gueugnon-samedi-10-juin-2017\/","url_meta":{"origin":2578,"position":1},"title":"28\u00e8me \u00e9dition du Tour du canton de Gueugnon (Samedi 10 juin 2017)","date":"13 juin 2017","format":false,"excerpt":"38 \u00e9quipes de 10 coureurs chacune, dont 3 \u00e9quipes de Montceau Tri ont pris le d\u00e9part \u00e0 Gueugnon. Les coureurs qui se\u00a0sont pass\u00e9s le relais,\u00a0ont travers\u00e9 les 9 communes du canton sous une chaleur \u00e9crasante... Une tr\u00e8s belle journ\u00e9e de course \u00e0 pied organis\u00e9e par le Club Allure Libre en\u2026","rel":"","context":"Dans &quot;slide show&quot;","img":{"alt_text":"","src":"https:\/\/i2.wp.com\/www.montceautriathlon.com\/blog\/wp-content\/uploads\/2017\/06\/TDC-2017.jpg?resize=350%2C200&ssl=1","width":350,"height":200},"classes":[]},{"id":3359,"url":"https:\/\/www.montceautriathlon.com\/blog\/2019\/11\/26\/24-11-19-bike-run-de-dole-ils-nont-pas-perdu-la-boussole\/","url_meta":{"origin":2578,"position":2},"title":"24\/11\/19, bike &#038; run de Dole : En mixte, on rigole !","date":"26 novembre 2019","format":false,"excerpt":"L'\u00e9quipe mixte des J1, sur la plus haute marche du podium\u00a0 ! Bravo El\u00e9a B\u00e9rardan et Titouan Rondier\u00a0 tyrannosaures\u00a0 de choc ! Marine Da Eira et Marius Grivault sur la deuxi\u00e8me marche du podium J2, presque comme ils le voulaient et Arnaud Rondier et Sophie Rousseau les fid\u00e8les accompagnateurs sur\u2026","rel":"","context":"Dans &quot;Non class\u00e9&quot;","img":{"alt_text":"","src":"","width":0,"height":0},"classes":[]},{"id":4799,"url":"https:\/\/www.montceautriathlon.com\/blog\/2021\/12\/15\/bike-run-de-dijon-3-equipes-veteranes-3-podiums\/","url_meta":{"origin":2578,"position":3},"title":"Bike &#038; run de Dijon : 3 \u00e9quipes v\u00e9t\u00e9ranes, 3 podiums !","date":"15 d\u00e9cembre 2021","format":false,"excerpt":"Ce dimanche, \u00e0 Ahuy, c'\u00e9tait bike & run. Trois \u00e9quipes v\u00e9t\u00e9ranes engag\u00e9es. Arnaud et Beno\u00eet \u00e0 nouveau r\u00e9unis, Christophe et Laurent et Sophie et H\u00e9l\u00e8ne . Victoire de l'\u00e9quipe f\u00e9minine en masters F, 2\u00e8me place pour Laurent et CHristophe et 3\u00e8me place pour Arnaud et Beno\u00eet en masters M. Chez\u2026","rel":"","context":"Dans &quot;Non class\u00e9&quot;","img":{"alt_text":"","src":"https:\/\/i0.wp.com\/www.montceautriathlon.com\/blog\/wp-content\/uploads\/2021\/12\/dij9.jpg?resize=350%2C200&ssl=1","width":350,"height":200},"classes":[]},{"id":4767,"url":"https:\/\/www.montceautriathlon.com\/blog\/2021\/11\/29\/dans-la-famille-ghesquiere-je-demande-euh-le-pere-la-mere-le-fils\/","url_meta":{"origin":2578,"position":4},"title":"Dans la famille Ghesqui\u00e8re, je demande&#8230;euh&#8230; le p\u00e8re ? la m\u00e8re ? le fils ?","date":"29 novembre 2021","format":false,"excerpt":"Fred, habitu\u00e9 de triathlons longue distance, vient de s'illustrer comme finisher de la Saint\u00e9Lyon, il avait termin\u00e9 le 30 octobre dernier la Maxi race du Lac d'Annecy, (tiens tiens, d\u00e9j\u00e0 avec Beno\u00eet), et avec Sandrine notre coach CAP adepte du trail longue distance qui aurait certainement bien eu envie de\u2026","rel":"","context":"Dans &quot;Non class\u00e9&quot;","img":{"alt_text":"","src":"https:\/\/i0.wp.com\/www.montceautriathlon.com\/blog\/wp-content\/uploads\/2021\/11\/IMG-20211106-WA0005.jpg?resize=350%2C200&ssl=1","width":350,"height":200},"classes":[]},{"id":8216,"url":"https:\/\/www.montceautriathlon.com\/blog\/2025\/09\/28\/dimanche-28-septembre-les-triathletes-courent-en-saone-et-loire-et-en-cote-dor\/","url_meta":{"origin":2578,"position":5},"title":"Dimanche 28 septembre: les triathl\u00e8tes courent en Sa\u00f4ne et Loire et en Cote d&rsquo;Or","date":"28 septembre 2025","format":false,"excerpt":"Ce dimanche avait lieu le cross duathlon de Chen\u00f4ve. Seuls 2 jeunes ont fait le d\u00e9placement et ont pu courir sous le soleil. Jules Vendramini termine 34e au scratch de la course 10\/13 ans et se classe 9e pupille. Simon Devoille monte sur la 3e marche du podium sur la\u2026","rel":"","context":"Dans &quot;Non class\u00e9&quot;","img":{"alt_text":"","src":"https:\/\/i0.wp.com\/www.montceautriathlon.com\/blog\/wp-content\/uploads\/2025\/09\/7478946659318170698.jpg?resize=350%2C200&ssl=1","width":350,"height":200},"classes":[]}],"_links":{"self":[{"href":"https:\/\/www.montceautriathlon.com\/blog\/wp-json\/wp\/v2\/posts\/2578"}],"collection":[{"href":"https:\/\/www.montceautriathlon.com\/blog\/wp-json\/wp\/v2\/posts"}],"about":[{"href":"https:\/\/www.montceautriathlon.com\/blog\/wp-json\/wp\/v2\/types\/post"}],"author":[{"embeddable":true,"href":"https:\/\/www.montceautriathlon.com\/blog\/wp-json\/wp\/v2\/users\/5"}],"replies":[{"embeddable":true,"href":"https:\/\/www.montceautriathlon.com\/blog\/wp-json\/wp\/v2\/comments?post=2578"}],"version-history":[{"count":3,"href":"https:\/\/www.montceautriathlon.com\/blog\/wp-json\/wp\/v2\/posts\/2578\/revisions"}],"predecessor-version":[{"id":2584,"href":"https:\/\/www.montceautriathlon.com\/blog\/wp-json\/wp\/v2\/posts\/2578\/revisions\/2584"}],"wp:attachment":[{"href":"https:\/\/www.montceautriathlon.com\/blog\/wp-json\/wp\/v2\/media?parent=2578"}],"wp:term":[{"taxonomy":"category","embeddable":true,"href":"https:\/\/www.montceautriathlon.com\/blog\/wp-json\/wp\/v2\/categories?post=2578"},{"taxonomy":"post_tag","embeddable":true,"href":"https:\/\/www.montceautriathlon.com\/blog\/wp-json\/wp\/v2\/tags?post=2578"}],"curies":[{"name":"wp","href":"https:\/\/api.w.org\/{rel}","templated":true}]}}