{"id":2573,"date":"2018-12-15T15:40:52","date_gmt":"2018-12-15T14:40:52","guid":{"rendered":"http:\/\/montceautriathlon.com\/blog\/?p=2573"},"modified":"2018-12-15T15:40:52","modified_gmt":"2018-12-15T14:40:52","slug":"attention-creneaux-dentrainements-fin-dannee","status":"publish","type":"post","link":"https:\/\/www.montceautriathlon.com\/blog\/2018\/12\/15\/attention-creneaux-dentrainements-fin-dannee\/","title":{"rendered":"Attention ! Cr\u00e9neaux d&rsquo;entra\u00eenements fin d&rsquo;ann\u00e9e"},"content":{"rendered":"<p style=\"text-align: center;\"><a href=\"http:\/\/montceautriathlon.com\/blog\/wp-content\/uploads\/2018\/12\/pRO-fIN-ANN2E.jpg\"><img data-attachment-id=\"2574\" data-permalink=\"https:\/\/www.montceautriathlon.com\/blog\/2018\/12\/15\/attention-creneaux-dentrainements-fin-dannee\/pro-fin-ann2e\/\" data-orig-file=\"https:\/\/www.montceautriathlon.com\/blog\/wp-content\/uploads\/2018\/12\/pRO-fIN-ANN2E.jpg\" data-orig-size=\"920,402\" data-comments-opened=\"1\" data-image-meta=\"{&quot;aperture&quot;:&quot;0&quot;,&quot;credit&quot;:&quot;&quot;,&quot;camera&quot;:&quot;&quot;,&quot;caption&quot;:&quot;&quot;,&quot;created_timestamp&quot;:&quot;0&quot;,&quot;copyright&quot;:&quot;&quot;,&quot;focal_length&quot;:&quot;0&quot;,&quot;iso&quot;:&quot;0&quot;,&quot;shutter_speed&quot;:&quot;0&quot;,&quot;title&quot;:&quot;&quot;,&quot;orientation&quot;:&quot;0&quot;}\" data-image-title=\"pRO fIN ANN2E\" data-image-description=\"\" data-image-caption=\"\" data-medium-file=\"https:\/\/www.montceautriathlon.com\/blog\/wp-content\/uploads\/2018\/12\/pRO-fIN-ANN2E-300x131.jpg\" data-large-file=\"https:\/\/www.montceautriathlon.com\/blog\/wp-content\/uploads\/2018\/12\/pRO-fIN-ANN2E.jpg\" loading=\"lazy\" class=\"size-medium wp-image-2574 aligncenter\" src=\"http:\/\/montceautriathlon.com\/blog\/wp-content\/uploads\/2018\/12\/pRO-fIN-ANN2E-300x131.jpg\" alt=\"\" width=\"300\" height=\"131\" srcset=\"https:\/\/www.montceautriathlon.com\/blog\/wp-content\/uploads\/2018\/12\/pRO-fIN-ANN2E-300x131.jpg 300w, https:\/\/www.montceautriathlon.com\/blog\/wp-content\/uploads\/2018\/12\/pRO-fIN-ANN2E-768x336.jpg 768w, https:\/\/www.montceautriathlon.com\/blog\/wp-content\/uploads\/2018\/12\/pRO-fIN-ANN2E.jpg 920w\" sizes=\"(max-width: 300px) 100vw, 300px\" \/><\/a><strong><span style=\"color: #ff0000;\">Les cr\u00e9neaux d&rsquo;entra\u00eenements sont les suivants : \u00e0 lire attentivement !<\/span><\/strong><\/p>\n<p><span style=\"color: #0000ff;\"><span style=\"text-decoration: underline;\">LUNDI 17\/12<\/span> :<\/span> 12h\/13h30: natation libre<br \/>\n18h\/19h: natation ados<\/p>\n<p><span style=\"text-decoration: underline;\"><span style=\"color: #0000ff; text-decoration: underline;\">MARDI 18\/12<\/span> :<\/span> 18h30\/19h30: cap jeunes, ados, adultes<\/p>\n<p><span style=\"text-decoration: underline;\"><span style=\"color: #0000ff; text-decoration: underline;\">MERCREDI 19\/12 <\/span><\/span>: 18h\/19h: natation jeunes, ados<br \/>\n19h\/20h30: natation annul\u00e9e (tests MON)<\/p>\n<p><span style=\"text-decoration: underline;\"><span style=\"color: #0000ff; text-decoration: underline;\">JEUDI 20\/12 :<\/span><\/span> 18h\/19h15: Renforcement musculaire adultes, ados<\/p>\n<p><span style=\"text-decoration: underline;\"><span style=\"color: #0000ff; text-decoration: underline;\">VENDREDI 21\/12 <\/span><\/span>:<span style=\"color: #ff0000;\"> 19h\/20h30: Natation annul\u00e9e (Soir\u00e9e aqua Noel)<\/span><\/p>\n<p><span style=\"text-decoration: underline;\"><span style=\"color: #0000ff; text-decoration: underline;\">SAMEDI 22\/12 <\/span><\/span>: 10h\/11h30: natation<\/p>\n<h3 style=\"text-align: center;\"><strong><span style=\"color: #ff0000;\">DU 24\/12 au 02\/01\/2019: foie gras + dinde + buche = pause<\/span><\/strong><\/h3>\n<p style=\"text-align: center;\"><span style=\"color: #ff0000;\"><strong>ATTENTION: le centre nautique sera ferm\u00e9 les 24, 25, 26 d\u00e9cembre et les 31, 01, 02 janvier<\/strong><\/span><\/p>\n<p><span style=\"text-decoration: underline;\"><span style=\"color: #0000ff; text-decoration: underline;\">JEUDI 03\/01 <\/span><\/span>: Renforcement et sport co \u00e0 Saint EX<\/p>\n<p><span style=\"text-decoration: underline;\"><span style=\"color: #0000ff; text-decoration: underline;\">SAMEDI 05\/01 <\/span><\/span>: natation adultes<\/p>\n<h2 style=\"text-align: center;\"><strong><span style=\"color: #ff0000;\">Les jeunes et ados sont en repos les 2 semaines <\/span><\/strong><\/h2>\n<h2 style=\"text-align: center;\"><strong><span style=\"color: #ff0000;\">des vacances scolaires.<\/span><\/strong><\/h2>\n<h3><span style=\"color: #0000ff;\"><strong>Reprise des entrainements le lundi 7 janvier 2019<\/strong><\/span><\/h3>\n","protected":false},"excerpt":{"rendered":"<p>Les cr\u00e9neaux d&rsquo;entra\u00eenements sont les suivants : \u00e0 lire attentivement ! LUNDI 17\/12 : 12h\/13h30: natation libre 18h\/19h: natation ados MARDI 18\/12 : 18h30\/19h30: cap jeunes, ados, adultes MERCREDI 19\/12 : 18h\/19h: natation jeunes, ados 19h\/20h30: natation annul\u00e9e (tests MON) JEUDI 20\/12 : 18h\/19h15: Renforcement musculaire adultes, ados VENDREDI 21\/12 : 19h\/20h30: Natation annul\u00e9e (Soir\u00e9e [&hellip;]<\/p>\n","protected":false},"author":5,"featured_media":0,"comment_status":"open","ping_status":"open","sticky":false,"template":"","format":"standard","meta":{"spay_email":"","jetpack_publicize_message":"","jetpack_is_tweetstorm":false},"categories":[1],"tags":[],"jetpack_featured_media_url":"","jetpack_publicize_connections":[],"jetpack_sharing_enabled":true,"jetpack_shortlink":"https:\/\/wp.me\/p8bwIy-Fv","jetpack-related-posts":[{"id":3463,"url":"https:\/\/www.montceautriathlon.com\/blog\/2020\/02\/16\/creneaux-dentrainements-vacances-du-24-fevrier-au-7-mars\/","url_meta":{"origin":2573,"position":0},"title":"cr\u00e9neaux d&rsquo;entrainements vacances du 24 f\u00e9vrier au 7 mars","date":"16 f\u00e9vrier 2020","format":false,"excerpt":"\u00a0 \u00a0Ecole de triathlon (jeunes) M25: cap: 18h30\/19h30 M26: natation: 18h\/19h V28: VTT (pr\u00e9paration duathlon): 10h30\/12h Pas d'entrainement la 2e semaine de vacances Ecole de triathlon (ados) L24: natation: 18h\/19h M25: cap: 18h30\/19h30 M26: natation: 18h\/19h ou 19h\/20h30 J27: renforcement musculaire: 18h\/19h15 V28: V\u00e9lo (pr\u00e9paration duathlon): 14h\/15h30 M03: cap: 18h30\/19h30\u2026","rel":"","context":"Dans &quot;Non class\u00e9&quot;","img":{"alt_text":"","src":"https:\/\/i2.wp.com\/montceautriathlon.com\/blog\/wp-content\/uploads\/2020\/02\/vacances-300x300.jpg?resize=350%2C200","width":350,"height":200},"classes":[]},{"id":3267,"url":"https:\/\/www.montceautriathlon.com\/blog\/2019\/10\/16\/entrainements-vacances-de-toussaint-et-dates-a-retenir\/","url_meta":{"origin":2573,"position":1},"title":"entra\u00eenements vacances de Toussaint et dates \u00e0 retenir","date":"16 octobre 2019","format":false,"excerpt":"1\u00e8re semaine des vacances (du 21 au 27 octobre): Les jeunes (mini poussin \u00e0 benjamin): pas d'entrainement Les ados (minimes \u00e0 juniors): mardi : cap de 18h30 \u00e0 19h30 \u00a0 \u00a0 \u00a0 \u00a0 \u00a0 \u00a0 \u00a0 \u00a0 \u00a0 \u00a0 \u00a0 \u00a0 \u00a0 \u00a0 \u00a0 \u00a0 \u00a0 \u00a0 \u00a0 \u00a0 \u00a0\u2026","rel":"","context":"Dans &quot;Non class\u00e9&quot;","img":{"alt_text":"","src":"","width":0,"height":0},"classes":[]},{"id":5221,"url":"https:\/\/www.montceautriathlon.com\/blog\/2022\/09\/05\/cest-la-rentree-reprise-des-entrainements\/","url_meta":{"origin":2573,"position":2},"title":"C&rsquo;est la rentr\u00e9e !                                              reprise des entrainements !","date":"5 septembre 2022","format":false,"excerpt":"Reprise des entrainements CAP ce mardi 6 septembre \u00e0 18h30(horaire habituel) devant l'entr\u00e9e du stade Jean Bouveri c\u00f4t\u00e9 lac. Comme d'hab ! s'encha\u00eeneront v\u00e9lo et VTT ensuite en fin de semaine (voir ci-dessous) Pour les personnes int\u00e9ress\u00e9es par le triathlon et ses disciplines encha\u00een\u00e9es, c'est l'occasion de prendre contact avec\u2026","rel":"","context":"Dans &quot;Non class\u00e9&quot;","img":{"alt_text":"","src":"https:\/\/i1.wp.com\/www.montceautriathlon.com\/blog\/wp-content\/uploads\/2022\/09\/IMG-20220903-WA0002.jpg?resize=350%2C200&ssl=1","width":350,"height":200},"classes":[]},{"id":7148,"url":"https:\/\/www.montceautriathlon.com\/blog\/2024\/12\/04\/stage-jeunes-293031-octobre\/","url_meta":{"origin":2573,"position":3},"title":"Stage Jeunes: 29,30,31 octobre","date":"4 d\u00e9cembre 2024","format":false,"excerpt":"Pendant la Toussaint, les ados de Montceau triathlon ne sont pas en vacances. Un stage de 3 jours leur a \u00e9t\u00e9 organis\u00e9 par leur entraineurs du club. Au programme: mardi: course \u00e0 pied et jeux collectifs le matin, v\u00e9lo et natation l'apr\u00e8s midi. mercredi: natation et course \u00e0 pied le\u2026","rel":"","context":"Dans &quot;Non class\u00e9&quot;","img":{"alt_text":"","src":"https:\/\/i2.wp.com\/www.montceautriathlon.com\/blog\/wp-content\/uploads\/2024\/12\/20241031_132718-scaled.jpg?resize=350%2C200&ssl=1","width":350,"height":200},"classes":[]},{"id":2773,"url":"https:\/\/www.montceautriathlon.com\/blog\/2019\/04\/12\/info-club-les-entrainements-des-vacances\/","url_meta":{"origin":2573,"position":4},"title":"INFOS CLUB :     Les entra\u00eenements des vacances !","date":"12 avril 2019","format":false,"excerpt":"Les entrainements pour les vacances de printemps sont les suivants \u00a0\u00a0\u00a0\u00a0\u00a0\u00a0\u00a0\u00a0\u00a0\u00a0\u00a0\u00a0\u00a0\u00a0\u00a0\u00a0\u00a0\u00a0\u00a0\u00a0\u00a0\u00a0\u00a0\u00a0\u00a0\u00a0\u00a0\u00a0\u00a0\u00a0\u00a0\u00a0\u00a0\u00a0\u00a0\u00a0\u00a0\u00a0\u00a0\u00a0\u00a0\u00a0\u00a0\u00a0\u00a0\u00a0\u00a0\u00a0\u00a0\u00a0\u00a0\u00a0\u00a0\u00a0\u00a0\u00a0\u00a0\u00a0\u00a0 adultes:\u00a0\u00a0\u00a0\u00a0\u00a0\u00a0\u00a0\u00a0\u00a0\u00a0\u00a0\u00a0\u00a0\u00a0\u00a0\u00a0\u00a0\u00a0\u00a0\u00a0\u00a0\u00a0\u00a0\u00a0\u00a0\u00a0\u00a0\u00a0\u00a0\u00a0\u00a0\u00a0\u00a0\u00a0\u00a0\u00a0\u00a0\u00a0\u00a0\u00a0\u00a0\u00a0\u00a0\u00a0\u00a0\u00a0\u00a0\u00a0\u00a0\u00a0\u00a0\u00a0\u00a0\u00a0\u00a0\u00a0\u00a0\u00a0\u00a0\u00a0\u00a0\u00a0\u00a0\u00a0\u00a0\u00a0\u00a0\u00a0\u00a0\u00a0\u00a0\u00a0\u00a0\u00a0\u00a0\u00a0\u00a0\u00a0\u00a0\u00a0\u00a0\u00a0\u00a0\u00a0\u00a0\u00a0\u00a0\u00a0\u00a0\u00a0 \u00a0\u00a0\u00a0\u00a0\u00a0\u00a0\u00a0\u00a0\u00a0\u00a0\u00a0\u00a0\u00a0\u00a0\u00a0\u00a0\u00a0\u00a0 lundi 15 : \u00a0 \u00a0 \u00a0 natation (12h\/13h30) \u00a0\u00a0\u00a0\u00a0\u00a0\u00a0\u00a0\u00a0\u00a0\u00a0\u00a0\u00a0\u00a0\u00a0\u00a0\u00a0\u00a0\u00a0 mardi 16 : \u00a0 \u00a0\u00a0 cap\u00a0 (18h30\/19h30) \u00a0\u00a0\u00a0\u00a0\u00a0\u00a0\u00a0\u00a0\u00a0\u00a0\u00a0\u00a0\u00a0\u00a0\u00a0\u00a0\u00a0\u00a0 mercredi17 : \u00a0 natation\u00a0 (18h\/19h30\u00a0 cr\u00e9neau libre) \u00a0\u00a0\u00a0\u00a0\u00a0\u00a0\u00a0\u00a0\u00a0\u00a0\u00a0\u00a0\u00a0\u00a0\u00a0\u00a0\u00a0 samedi 20 :\u00a0\u00a0\u00a0\u00a0\u00a0 natation\u00a0 (10h\/11h30) \u00a0\u00a0\u00a0\u00a0\u00a0\u00a0\u00a0\u00a0\u00a0\u00a0\u00a0\u00a0\u00a0\u00a0\u00a0\u00a0\u00a0\u00a0\u00a0 mardi 23 :\u00a0\u00a0\u00a0\u00a0\u00a0\u00a0 cap(18h30\/19h30) mercredi 24\u2026","rel":"","context":"Dans &quot;Non class\u00e9&quot;","img":{"alt_text":"","src":"","width":0,"height":0},"classes":[]},{"id":1508,"url":"https:\/\/www.montceautriathlon.com\/blog\/2017\/09\/11\/cest-egalement-la-rentree-pour-montceau-triathlon\/","url_meta":{"origin":2573,"position":5},"title":"C&rsquo;est \u00e9galement la rentr\u00e9e pour Montceau Triathlon !","date":"11 septembre 2017","format":false,"excerpt":"Horaires d'entrainement pour la rentr\u00e9e 2017-2018 : Pour les jeunes (mini poussins \u00e0 benjamins) : Course \u00e0 pied: tous les mardi de 18h30 \u00e0 19h30, au stade Jean Bouveri\u00a0(\u00e0 partir du 19 septembre) Natation: mercredi de 18h \u00e0 19h au centre nautique (\u00e0 partir du 27 septembre) V\u00e9lo: samedi de\u2026","rel":"","context":"Dans &quot;Non class\u00e9&quot;","img":{"alt_text":"","src":"","width":0,"height":0},"classes":[]}],"_links":{"self":[{"href":"https:\/\/www.montceautriathlon.com\/blog\/wp-json\/wp\/v2\/posts\/2573"}],"collection":[{"href":"https:\/\/www.montceautriathlon.com\/blog\/wp-json\/wp\/v2\/posts"}],"about":[{"href":"https:\/\/www.montceautriathlon.com\/blog\/wp-json\/wp\/v2\/types\/post"}],"author":[{"embeddable":true,"href":"https:\/\/www.montceautriathlon.com\/blog\/wp-json\/wp\/v2\/users\/5"}],"replies":[{"embeddable":true,"href":"https:\/\/www.montceautriathlon.com\/blog\/wp-json\/wp\/v2\/comments?post=2573"}],"version-history":[{"count":3,"href":"https:\/\/www.montceautriathlon.com\/blog\/wp-json\/wp\/v2\/posts\/2573\/revisions"}],"predecessor-version":[{"id":2577,"href":"https:\/\/www.montceautriathlon.com\/blog\/wp-json\/wp\/v2\/posts\/2573\/revisions\/2577"}],"wp:attachment":[{"href":"https:\/\/www.montceautriathlon.com\/blog\/wp-json\/wp\/v2\/media?parent=2573"}],"wp:term":[{"taxonomy":"category","embeddable":true,"href":"https:\/\/www.montceautriathlon.com\/blog\/wp-json\/wp\/v2\/categories?post=2573"},{"taxonomy":"post_tag","embeddable":true,"href":"https:\/\/www.montceautriathlon.com\/blog\/wp-json\/wp\/v2\/tags?post=2573"}],"curies":[{"name":"wp","href":"https:\/\/api.w.org\/{rel}","templated":true}]}}