{"id":2567,"date":"2018-12-13T09:50:48","date_gmt":"2018-12-13T08:50:48","guid":{"rendered":"http:\/\/montceautriathlon.com\/blog\/?p=2567"},"modified":"2018-12-13T09:50:48","modified_gmt":"2018-12-13T08:50:48","slug":"corrida-daugustodunum-le-8-12-18-trois-gladiateurs-dans-larene","status":"publish","type":"post","link":"https:\/\/www.montceautriathlon.com\/blog\/2018\/12\/13\/corrida-daugustodunum-le-8-12-18-trois-gladiateurs-dans-larene\/","title":{"rendered":"Corrida d&rsquo;Augustodunum le 8\/12\/18 : trois gladiateurs dans l&rsquo;ar\u00e8ne !"},"content":{"rendered":"<p><a href=\"http:\/\/montceautriathlon.com\/blog\/wp-content\/uploads\/2018\/12\/Gros-.jpg\"><img data-attachment-id=\"2568\" data-permalink=\"https:\/\/www.montceautriathlon.com\/blog\/2018\/12\/13\/corrida-daugustodunum-le-8-12-18-trois-gladiateurs-dans-larene\/gros-2\/\" data-orig-file=\"https:\/\/www.montceautriathlon.com\/blog\/wp-content\/uploads\/2018\/12\/Gros-.jpg\" data-orig-size=\"353,646\" data-comments-opened=\"1\" data-image-meta=\"{&quot;aperture&quot;:&quot;0&quot;,&quot;credit&quot;:&quot;&quot;,&quot;camera&quot;:&quot;&quot;,&quot;caption&quot;:&quot;&quot;,&quot;created_timestamp&quot;:&quot;0&quot;,&quot;copyright&quot;:&quot;&quot;,&quot;focal_length&quot;:&quot;0&quot;,&quot;iso&quot;:&quot;0&quot;,&quot;shutter_speed&quot;:&quot;0&quot;,&quot;title&quot;:&quot;&quot;,&quot;orientation&quot;:&quot;1&quot;}\" data-image-title=\"Gros !\" data-image-description=\"\" data-image-caption=\"\" data-medium-file=\"https:\/\/www.montceautriathlon.com\/blog\/wp-content\/uploads\/2018\/12\/Gros--164x300.jpg\" data-large-file=\"https:\/\/www.montceautriathlon.com\/blog\/wp-content\/uploads\/2018\/12\/Gros-.jpg\" loading=\"lazy\" class=\" wp-image-2568 alignleft\" src=\"http:\/\/montceautriathlon.com\/blog\/wp-content\/uploads\/2018\/12\/Gros--164x300.jpg\" alt=\"\" width=\"144\" height=\"263\" srcset=\"https:\/\/www.montceautriathlon.com\/blog\/wp-content\/uploads\/2018\/12\/Gros--164x300.jpg 164w, https:\/\/www.montceautriathlon.com\/blog\/wp-content\/uploads\/2018\/12\/Gros-.jpg 353w\" sizes=\"(max-width: 144px) 100vw, 144px\" \/><\/a>Ludovix, Christophus et Philippus sont all\u00e9s battre le pav\u00e9 dans la cit\u00e9 d&rsquo;Auguste ! Pas de lauriers ni de couronne , mais de bons r\u00e9sultats et une bonne progression pour nos trois repr\u00e9sentants !<\/p>\n<p>&nbsp;<\/p>\n<p>Les r\u00e9sultats : 9.3km de parcours pas facile. 95 class\u00e9s<\/p>\n<ul>\n<li>Ludovic Ballico\u00a0\u00a0\u00a0\u00a0\u00a0\u00a0\u00a0\u00a0\u00a0\u00a0\u00a0\u00a0 32\u00e8me scratch en 38&rsquo;53<\/li>\n<li>Christophe Delblouwe 42\u00e8me scratch en 40&rsquo;21<\/li>\n<li>Philippe Renard\u00a0\u00a0\u00a0\u00a0\u00a0\u00a0\u00a0\u00a0\u00a0\u00a0\u00a0 72\u00e8me scratch en 47&rsquo;58<\/li>\n<\/ul>\n","protected":false},"excerpt":{"rendered":"<p>Ludovix, Christophus et Philippus sont all\u00e9s battre le pav\u00e9 dans la cit\u00e9 d&rsquo;Auguste ! Pas de lauriers ni de couronne , mais de bons r\u00e9sultats et une bonne progression pour nos trois repr\u00e9sentants ! &nbsp; Les r\u00e9sultats : 9.3km de parcours pas facile. 95 class\u00e9s Ludovic Ballico\u00a0\u00a0\u00a0\u00a0\u00a0\u00a0\u00a0\u00a0\u00a0\u00a0\u00a0\u00a0 32\u00e8me scratch en 38&rsquo;53 Christophe Delblouwe 42\u00e8me scratch [&hellip;]<\/p>\n","protected":false},"author":5,"featured_media":0,"comment_status":"open","ping_status":"open","sticky":false,"template":"","format":"standard","meta":{"spay_email":"","jetpack_publicize_message":"","jetpack_is_tweetstorm":false},"categories":[1],"tags":[],"jetpack_featured_media_url":"","jetpack_publicize_connections":[],"jetpack_sharing_enabled":true,"jetpack_shortlink":"https:\/\/wp.me\/p8bwIy-Fp","jetpack-related-posts":[{"id":3547,"url":"https:\/\/www.montceautriathlon.com\/blog\/2020\/03\/11\/8-mars-2020trail-des-trois-chateaux-un-chtiot-ou-un-smi\/","url_meta":{"origin":2567,"position":0},"title":"8 mars 2020,Trail des Trois Ch\u00e2teaux : un ch&rsquo;tiot ou un Smi&rsquo; ?","date":"11 mars 2020","format":false,"excerpt":"Quelques licenci\u00e9s se sont lanc\u00e9s comme tous les ans sur les parcours exigeants du trail des Trois Ch\u00e2teaux sous un beau soleil dans les bois de Lajoux, pardon dans les joies de la boue ! \"Un pur bonheur en pleine nature\" selon Sandrine. \u00a0 sur le Ch'tiot trail, 13km et\u2026","rel":"","context":"Dans &quot;Non class\u00e9&quot;","img":{"alt_text":"","src":"https:\/\/i1.wp.com\/montceautriathlon.com\/blog\/wp-content\/uploads\/2020\/03\/3-chateaux-1-300x277.jpg?resize=350%2C200","width":350,"height":200},"classes":[]},{"id":2814,"url":"https:\/\/www.montceautriathlon.com\/blog\/2019\/05\/17\/12-mai-2019-triathlon-dautun-matin-chagrin\/","url_meta":{"origin":2567,"position":1},"title":"12 mai 2019, Triathlon d&rsquo;Autun : matin chagrin !","date":"17 mai 2019","format":false,"excerpt":"L'eau du plan d'eau du Vallon \u00e0 Autun \u00e9tait particuli\u00e8rement fraiche pour ne pas dire froide(proche des 10\u00b0 !) avec pour cons\u00e9quence la transformation du triathlon S en duathlon et de\u00a0 la premi\u00e8re \u00e9preuve (benjamines et minimes F)\u00a0 des demi-finales jeunes de triathlon zone grand Est qualificatives pour les Championnats\u2026","rel":"","context":"Dans &quot;Non class\u00e9&quot;","img":{"alt_text":"","src":"https:\/\/i1.wp.com\/montceautriathlon.com\/blog\/wp-content\/uploads\/2019\/05\/Autun-12-mai-300x225.jpg?resize=350%2C200","width":350,"height":200},"classes":[]},{"id":1840,"url":"https:\/\/www.montceautriathlon.com\/blog\/2018\/03\/26\/bike-run-de-vauzelles-25-03-2018\/","url_meta":{"origin":2567,"position":2},"title":"Bike &#038; Run de Vauzelles 25\/03\/2018","date":"26 mars 2018","format":false,"excerpt":"D\u00e9placement pr\u00e8s de Nevers ce dimanche 25 mars pour trois duos du club qui affichent leurs pr\u00e9tentions dans les diff\u00e9rents classements propos\u00e9s. 75 \u00e9quipes class\u00e9es sur un parcours de 13km. Les Touristes Montceliennes auront ram\u00e9 dur en ce jour des rameaux pour finir \u00e0 la premi\u00e8re place des v\u00e9t\u00e9ranes. Elles\u2026","rel":"","context":"Dans &quot;Non class\u00e9&quot;","img":{"alt_text":"","src":"","width":0,"height":0},"classes":[]},{"id":1860,"url":"https:\/\/www.montceautriathlon.com\/blog\/2018\/04\/03\/bikerun-chenove-1er-avril-2018\/","url_meta":{"origin":2567,"position":3},"title":"Bike&#038;Run Chen\u00f4ve 1er avril 2018","date":"3 avril 2018","format":false,"excerpt":"Avant derni\u00e8re \u00e9tape du Challenge contrairement \u00e0 ce qu'annonce cette affiche, M\u00e2con ayant \u00e9t\u00e9 report\u00e9e au 8 avril prochain. Nos trois \u00e9quipes v\u00e9t\u00e9ranes qui jouent les podiums ont donc fait le d\u00e9placement pour engranger des points et bien entendu, toutes nos \u00e9quipes engag\u00e9es ont\u00a0 gagn\u00e9 dans leur cat\u00e9gorie, s'offrant m\u00eame\u2026","rel":"","context":"Dans &quot;Non class\u00e9&quot;","img":{"alt_text":"","src":"","width":0,"height":0},"classes":[]},{"id":1868,"url":"https:\/\/www.montceautriathlon.com\/blog\/2018\/04\/04\/marathon-de-la-cote-chalonnaise-31-03-2018\/","url_meta":{"origin":2567,"position":4},"title":"marathon de la C\u00f4te Chalonnaise 31\/03\/2018","date":"4 avril 2018","format":false,"excerpt":"Ce week-end Pascal aura \u00e9t\u00e9 charg\u00e9 en \u00e9v\u00e8nements et plusieurs licenci\u00e9s du club ont fait le d\u00e9placement en C\u00f4te Chalonnaise. On peut noter les excellentes performances sur le marathon de Cyrille B\u00e9rardian et de notre coach Beno\u00eet Thierry qui avaient vraisemblablement peur de rater le train. Fred Ghesqui\u00e8re n'aura pas\u2026","rel":"","context":"Dans &quot;Non class\u00e9&quot;","img":{"alt_text":"","src":"https:\/\/i1.wp.com\/montceautriathlon.com\/blog\/wp-content\/uploads\/2018\/04\/beno\u00c3\u00aet-1-300x277.jpg?resize=350%2C200","width":350,"height":200},"classes":[]},{"id":3013,"url":"https:\/\/www.montceautriathlon.com\/blog\/2019\/07\/08\/6-juillet-2019-triathlon-des-gorges-de-lardeche-fallait-avoir-la-peche\/","url_meta":{"origin":2567,"position":5},"title":"6 juillet 2019, Triathlon des Gorges de l&rsquo;Ard\u00e8che : fallait avoir la p\u00eache !","date":"8 juillet 2019","format":false,"excerpt":"Une petite \u00e9quipe du club avait d\u00e9cid\u00e9 de s'aligner sur le tr\u00e8s all\u00e9chant triathlon longue distance\u00a0 des Gorges de l'Ard\u00e8che. Beno\u00eet Thierry avait m\u00eame d\u00e9cid\u00e9 d'effectuer le combin\u00e9 en trois jours : M\/s le jeudi soir, XS\/s le vendredi matin et L le samedi matin ! Une bonne pr\u00e9pa pour\u2026","rel":"","context":"Dans &quot;Non class\u00e9&quot;","img":{"alt_text":"","src":"","width":0,"height":0},"classes":[]}],"_links":{"self":[{"href":"https:\/\/www.montceautriathlon.com\/blog\/wp-json\/wp\/v2\/posts\/2567"}],"collection":[{"href":"https:\/\/www.montceautriathlon.com\/blog\/wp-json\/wp\/v2\/posts"}],"about":[{"href":"https:\/\/www.montceautriathlon.com\/blog\/wp-json\/wp\/v2\/types\/post"}],"author":[{"embeddable":true,"href":"https:\/\/www.montceautriathlon.com\/blog\/wp-json\/wp\/v2\/users\/5"}],"replies":[{"embeddable":true,"href":"https:\/\/www.montceautriathlon.com\/blog\/wp-json\/wp\/v2\/comments?post=2567"}],"version-history":[{"count":2,"href":"https:\/\/www.montceautriathlon.com\/blog\/wp-json\/wp\/v2\/posts\/2567\/revisions"}],"predecessor-version":[{"id":2570,"href":"https:\/\/www.montceautriathlon.com\/blog\/wp-json\/wp\/v2\/posts\/2567\/revisions\/2570"}],"wp:attachment":[{"href":"https:\/\/www.montceautriathlon.com\/blog\/wp-json\/wp\/v2\/media?parent=2567"}],"wp:term":[{"taxonomy":"category","embeddable":true,"href":"https:\/\/www.montceautriathlon.com\/blog\/wp-json\/wp\/v2\/categories?post=2567"},{"taxonomy":"post_tag","embeddable":true,"href":"https:\/\/www.montceautriathlon.com\/blog\/wp-json\/wp\/v2\/tags?post=2567"}],"curies":[{"name":"wp","href":"https:\/\/api.w.org\/{rel}","templated":true}]}}