{"id":2558,"date":"2018-12-04T09:00:49","date_gmt":"2018-12-04T08:00:49","guid":{"rendered":"http:\/\/montceautriathlon.com\/blog\/?p=2558"},"modified":"2018-12-05T09:26:00","modified_gmt":"2018-12-05T08:26:00","slug":"2-12-2018-corrida-de-chalon-en-famille-mais-bien-seuls","status":"publish","type":"post","link":"https:\/\/www.montceautriathlon.com\/blog\/2018\/12\/04\/2-12-2018-corrida-de-chalon-en-famille-mais-bien-seuls\/","title":{"rendered":"2\/12\/ 2018, Corrida de Chalon : En famille !"},"content":{"rendered":"<p><a href=\"http:\/\/montceautriathlon.com\/blog\/wp-content\/uploads\/2018\/12\/corrida-Chalon-J-rondier.jpg\"><img data-attachment-id=\"2560\" data-permalink=\"https:\/\/www.montceautriathlon.com\/blog\/2018\/12\/04\/2-12-2018-corrida-de-chalon-en-famille-mais-bien-seuls\/corrida-chalon-j-rondier\/\" data-orig-file=\"https:\/\/www.montceautriathlon.com\/blog\/wp-content\/uploads\/2018\/12\/corrida-Chalon-J-rondier.jpg\" data-orig-size=\"361,529\" data-comments-opened=\"1\" data-image-meta=\"{&quot;aperture&quot;:&quot;0&quot;,&quot;credit&quot;:&quot;&quot;,&quot;camera&quot;:&quot;&quot;,&quot;caption&quot;:&quot;&quot;,&quot;created_timestamp&quot;:&quot;0&quot;,&quot;copyright&quot;:&quot;&quot;,&quot;focal_length&quot;:&quot;0&quot;,&quot;iso&quot;:&quot;0&quot;,&quot;shutter_speed&quot;:&quot;0&quot;,&quot;title&quot;:&quot;&quot;,&quot;orientation&quot;:&quot;1&quot;}\" data-image-title=\"corrida Chalon J rondier\" data-image-description=\"\" data-image-caption=\"\" data-medium-file=\"https:\/\/www.montceautriathlon.com\/blog\/wp-content\/uploads\/2018\/12\/corrida-Chalon-J-rondier-205x300.jpg\" data-large-file=\"https:\/\/www.montceautriathlon.com\/blog\/wp-content\/uploads\/2018\/12\/corrida-Chalon-J-rondier.jpg\" loading=\"lazy\" class=\"wp-image-2560 alignleft\" src=\"http:\/\/montceautriathlon.com\/blog\/wp-content\/uploads\/2018\/12\/corrida-Chalon-J-rondier-205x300.jpg\" alt=\"\" width=\"123\" height=\"180\" srcset=\"https:\/\/www.montceautriathlon.com\/blog\/wp-content\/uploads\/2018\/12\/corrida-Chalon-J-rondier-205x300.jpg 205w, https:\/\/www.montceautriathlon.com\/blog\/wp-content\/uploads\/2018\/12\/corrida-Chalon-J-rondier.jpg 361w\" sizes=\"(max-width: 123px) 100vw, 123px\" \/><\/a>Seules deux familles ont mouill\u00e9 le maillot \u00e0 Chalon ce dimanche ! Famille Rondier et famille Demorti\u00e8re avec d&rsquo;excellents r\u00e9sultats ! Faudrait inventer la course famille avec un syst\u00e8me de points et le club serait au top sur ce genre de comp\u00e9tition !!!<\/p>\n<p>Julie , 9\u00e8me sur 38 en 4&rsquo;20\u00a0pour 1300 m <strong>1\u00e8re de sa cat\u00e9gorie<\/strong> (les plus jeunes)<\/p>\n<p>Titouan , 24\u00e8me sur 38 en 7&rsquo;17 pour 1300 m\u00a0 <strong>1er plus jeune<\/strong> !<\/p>\n<p>Marie, 8\u00e8me sur 34 en 8&rsquo;31 pour 2150 m\u00a0<strong> 1\u00e8re BjF<\/strong><\/p>\n<p>Jeanne, 12\u00e8me sur 34 en 8&rsquo;53 pour 2150 m et 3\u00e8me BjF !<\/p>\n<p>Enfin, Arnaud sur la course des as de 10 km, 81\u00e8me sur 427 en 42&rsquo;11 et 26\u00e8me VE1H<\/p>\n<p>Aude , 130\u00e8me en 45&rsquo;16 sur 427 et <strong>2\u00e8me V1F<\/strong><\/p>\n<p>R\u00e9mi, 175\u00e8me en 47&rsquo;48 et 53\u00e8me VE1H<\/p>\n","protected":false},"excerpt":{"rendered":"<p>Seules deux familles ont mouill\u00e9 le maillot \u00e0 Chalon ce dimanche ! Famille Rondier et famille Demorti\u00e8re avec d&rsquo;excellents r\u00e9sultats ! Faudrait inventer la course famille avec un syst\u00e8me de points et le club serait au top sur ce genre de comp\u00e9tition !!! Julie , 9\u00e8me sur 38 en 4&rsquo;20\u00a0pour 1300 m 1\u00e8re de sa [&hellip;]<\/p>\n","protected":false},"author":5,"featured_media":0,"comment_status":"open","ping_status":"open","sticky":false,"template":"","format":"standard","meta":{"spay_email":"","jetpack_publicize_message":"","jetpack_is_tweetstorm":false},"categories":[1],"tags":[],"jetpack_featured_media_url":"","jetpack_publicize_connections":[],"jetpack_sharing_enabled":true,"jetpack_shortlink":"https:\/\/wp.me\/p8bwIy-Fg","jetpack-related-posts":[{"id":1927,"url":"https:\/\/www.montceautriathlon.com\/blog\/2018\/04\/30\/triathlon-metal-valley-montbard-29-04-2018\/","url_meta":{"origin":2558,"position":0},"title":"Triathlon M\u00e9tal Valley MONTBARD 29\/04\/2018","date":"30 avril 2018","format":false,"excerpt":"Une forte et jeune \u00e9quipe du club s'est d\u00e9plac\u00e9e ce week-end \u00e0 Montbard. Une belle colonie de benjamin(e)s et de pupilles avec pour certains leur premier vrai triathlon. De beaux r\u00e9sultats ! Mention sp\u00e9ciale \u00e0 Marius Grivault 3\u00e8me Benjamin sur le XS avec une belle 16\u00e8me place au scratch sur\u2026","rel":"","context":"Dans &quot;Non class\u00e9&quot;","img":{"alt_text":"","src":"","width":0,"height":0},"classes":[]},{"id":1949,"url":"https:\/\/www.montceautriathlon.com\/blog\/2018\/05\/15\/triathlon-dautun-13-05-2018\/","url_meta":{"origin":2558,"position":1},"title":"Triathlon d&rsquo;Autun 13\/05\/2018","date":"15 mai 2018","format":false,"excerpt":"Un beau d\u00e9placement de nos jeunes de l'\u00e9cole de triathlon ce week-end ! 15 partants sur les courses J1 et J2 du dimanche et 10 repr\u00e9sentants sur les 1\/2 finales du Championnat de France ! Malgr\u00e9 une m\u00e9t\u00e9o plus que fraiche ! Bravo \u00e0 eux ! Le samedi, Autun organisait\u2026","rel":"","context":"Dans &quot;Non class\u00e9&quot;","img":{"alt_text":"","src":"","width":0,"height":0},"classes":[]},{"id":2300,"url":"https:\/\/www.montceautriathlon.com\/blog\/2018\/10\/02\/cross-duathlon-de-chenove-30-09-18\/","url_meta":{"origin":2558,"position":2},"title":"CROSS DUATHLON de Chen\u00f4ve 30\/09\/18","date":"2 octobre 2018","format":false,"excerpt":"Deux beaux podiums pour l'\u00e9cole de triathlon. El\u00e9a B\u00e9rardan 1\u00e8re poussine et Marius Grivault, 2\u00e8me benjamin, tous les deux tr\u00e8s en forme en cette fin de saison ! Belle 4\u00e8me place aussi pour Antoine Ballet en benjamin. Seul triathl\u00e8te du club \u00e0 se pr\u00e9senter\u00a0 sur le S, Olivier Grivault\u00a0 termine\u2026","rel":"","context":"Dans &quot;Non class\u00e9&quot;","img":{"alt_text":"","src":"https:\/\/i2.wp.com\/montceautriathlon.com\/blog\/wp-content\/uploads\/2018\/10\/IMG_7781-225x300.jpg?resize=350%2C200","width":350,"height":200},"classes":[]},{"id":7030,"url":"https:\/\/www.montceautriathlon.com\/blog\/2024\/09\/17\/triathlon-de-chalon-sur-saone\/","url_meta":{"origin":2558,"position":3},"title":"Triathlon de Chalon-Sur-Saone","date":"17 septembre 2024","format":false,"excerpt":"SUR LA COURSE JEUNE 1: Come Pradier, se classe 8e, 6e Po en 9\u201950 Eliott Rondier fini 17e, 11e Po en 11\u201918 SUR LA COURSE JEUNE 2: Axelle Da Eira prend la 19e position, 5eBe, en 22\u201956 Jules Vinck, 27e, 4ePu en 24\u2019 Jules Vendramini, 37e, 12e Pu en 25\u201933\u2026","rel":"","context":"Dans &quot;Non class\u00e9&quot;","img":{"alt_text":"","src":"https:\/\/i2.wp.com\/www.montceautriathlon.com\/blog\/wp-content\/uploads\/2024\/09\/458117778_1184794572561265_2187860429831655496_n.jpg?resize=350%2C200&ssl=1","width":350,"height":200},"classes":[]},{"id":3201,"url":"https:\/\/www.montceautriathlon.com\/blog\/2019\/09\/24\/22-09-19triathlon-de-seurre-un-contre-la-montre-presqua-lheure\/","url_meta":{"origin":2558,"position":4},"title":"22\/09\/19,triathlon de Seurre : un contre la montre presqu&rsquo;\u00e0 l&rsquo;heure !","date":"24 septembre 2019","format":false,"excerpt":"Une petite dizaine de jeunes de l'\u00e9cole de triathlon ont r\u00e9pondu pr\u00e9sents sur les courses J1, J2 et XS ainsi que 6 adultes sur la course S en contre la montre. De bons r\u00e9sultats dans l'ensemble. Marion et Ludivine (et 1\u00e8re JUF) sur le podium f\u00e9minin, Marius et Antoine ratent\u2026","rel":"","context":"Dans &quot;Non class\u00e9&quot;","img":{"alt_text":"","src":"","width":0,"height":0},"classes":[]},{"id":1707,"url":"https:\/\/www.montceautriathlon.com\/blog\/2017\/12\/05\/corrida-des-lumieres-a-chalon-sur-saone-4-decembre-2017\/","url_meta":{"origin":2558,"position":5},"title":"Corrida des Lumi\u00e8res \u00e0 Chalon-sur-Sa\u00f4ne (4 d\u00e9cembre 2017)","date":"5 d\u00e9cembre 2017","format":false,"excerpt":"Ce dimanche soir, une dizaine de triathl\u00e9tes se sont rendus \u00e0 Chalon pour la traditionnelle corrida de No\u00ebl, avec un nouveau parcours de 9,3kms entre les quais de Sa\u00f4ne et l\u2019ile Saint-Laurent. Tous les r\u00e9sultats :\u00a0 Course jeunes : (41 participants) Jeanne RONDIER : 13\u00ba scratch \/ 2\u00b0 POF \/\u2026","rel":"","context":"Dans &quot;Non class\u00e9&quot;","img":{"alt_text":"","src":"","width":0,"height":0},"classes":[]}],"_links":{"self":[{"href":"https:\/\/www.montceautriathlon.com\/blog\/wp-json\/wp\/v2\/posts\/2558"}],"collection":[{"href":"https:\/\/www.montceautriathlon.com\/blog\/wp-json\/wp\/v2\/posts"}],"about":[{"href":"https:\/\/www.montceautriathlon.com\/blog\/wp-json\/wp\/v2\/types\/post"}],"author":[{"embeddable":true,"href":"https:\/\/www.montceautriathlon.com\/blog\/wp-json\/wp\/v2\/users\/5"}],"replies":[{"embeddable":true,"href":"https:\/\/www.montceautriathlon.com\/blog\/wp-json\/wp\/v2\/comments?post=2558"}],"version-history":[{"count":5,"href":"https:\/\/www.montceautriathlon.com\/blog\/wp-json\/wp\/v2\/posts\/2558\/revisions"}],"predecessor-version":[{"id":2565,"href":"https:\/\/www.montceautriathlon.com\/blog\/wp-json\/wp\/v2\/posts\/2558\/revisions\/2565"}],"wp:attachment":[{"href":"https:\/\/www.montceautriathlon.com\/blog\/wp-json\/wp\/v2\/media?parent=2558"}],"wp:term":[{"taxonomy":"category","embeddable":true,"href":"https:\/\/www.montceautriathlon.com\/blog\/wp-json\/wp\/v2\/categories?post=2558"},{"taxonomy":"post_tag","embeddable":true,"href":"https:\/\/www.montceautriathlon.com\/blog\/wp-json\/wp\/v2\/tags?post=2558"}],"curies":[{"name":"wp","href":"https:\/\/api.w.org\/{rel}","templated":true}]}}