{"id":2543,"date":"2018-12-03T09:58:58","date_gmt":"2018-12-03T08:58:58","guid":{"rendered":"http:\/\/montceautriathlon.com\/blog\/?p=2543"},"modified":"2018-12-03T09:58:58","modified_gmt":"2018-12-03T08:58:58","slug":"1er-decembre-2018-saintelyon-pluie-et-boue-au-rendez-vous","status":"publish","type":"post","link":"https:\/\/www.montceautriathlon.com\/blog\/2018\/12\/03\/1er-decembre-2018-saintelyon-pluie-et-boue-au-rendez-vous\/","title":{"rendered":"1er d\u00e9cembre 2018: Saint\u00e9Lyon, pluie et boue au rendez-vous !"},"content":{"rendered":"<p><a href=\"http:\/\/montceautriathlon.com\/blog\/wp-content\/uploads\/2018\/12\/saint\u00e9lyon-1.jpg\"><img data-attachment-id=\"2544\" data-permalink=\"https:\/\/www.montceautriathlon.com\/blog\/2018\/12\/03\/1er-decembre-2018-saintelyon-pluie-et-boue-au-rendez-vous\/saintelyon-1\/\" data-orig-file=\"https:\/\/www.montceautriathlon.com\/blog\/wp-content\/uploads\/2018\/12\/saint\u00e9lyon-1.jpg\" data-orig-size=\"940,620\" data-comments-opened=\"1\" data-image-meta=\"{&quot;aperture&quot;:&quot;0&quot;,&quot;credit&quot;:&quot;&quot;,&quot;camera&quot;:&quot;&quot;,&quot;caption&quot;:&quot;&quot;,&quot;created_timestamp&quot;:&quot;0&quot;,&quot;copyright&quot;:&quot;&quot;,&quot;focal_length&quot;:&quot;0&quot;,&quot;iso&quot;:&quot;0&quot;,&quot;shutter_speed&quot;:&quot;0&quot;,&quot;title&quot;:&quot;&quot;,&quot;orientation&quot;:&quot;0&quot;}\" data-image-title=\"saint\u00e9lyon 1\" data-image-description=\"\" data-image-caption=\"\" data-medium-file=\"https:\/\/www.montceautriathlon.com\/blog\/wp-content\/uploads\/2018\/12\/saint\u00e9lyon-1-300x198.jpg\" data-large-file=\"https:\/\/www.montceautriathlon.com\/blog\/wp-content\/uploads\/2018\/12\/saint\u00e9lyon-1.jpg\" loading=\"lazy\" class=\"wp-image-2544 alignleft\" src=\"http:\/\/montceautriathlon.com\/blog\/wp-content\/uploads\/2018\/12\/saint\u00e9lyon-1-300x198.jpg\" alt=\"\" width=\"169\" height=\"111\" srcset=\"https:\/\/www.montceautriathlon.com\/blog\/wp-content\/uploads\/2018\/12\/saint\u00e9lyon-1-300x198.jpg 300w, https:\/\/www.montceautriathlon.com\/blog\/wp-content\/uploads\/2018\/12\/saint\u00e9lyon-1-768x507.jpg 768w, https:\/\/www.montceautriathlon.com\/blog\/wp-content\/uploads\/2018\/12\/saint\u00e9lyon-1.jpg 940w\" sizes=\"(max-width: 169px) 100vw, 169px\" \/><\/a>La 65\u00e8me \u00e9dition de la mythique Saint\u00e9Lyon avec un\u00a0 <strong>Cyrille B\u00e9rarda<\/strong>n toujours au top sur un parcours de 81km et 2100D+ en nocturne et avec <strong>Jo\u00ebl Fran\u00e7ois<\/strong> sur la Saintexpress ! 45km quand m\u00eame et 1200D+ !<\/p>\n<p>Bravo aux courageux noctambules !<\/p>\n<p>&nbsp;<\/p>\n<p><strong>Saint\u00e9Lyon<\/strong> : 81km &#8211;\u00a0 2100D+ \u00a0 &#8211;\u00a0 5204 finishers &#8211; d\u00e9part 23h30 ! &#8211; 65%chemins,35%routes<\/p>\n<ul>\n<li>Cyrille B\u00e9radan\u00a0 89\u00e8me scratch\u00a0 8h30&rsquo;31\u00a0 66\u00e8me SEH<a href=\"http:\/\/montceautriathlon.com\/blog\/wp-content\/uploads\/2018\/12\/saint\u00e9lyon-2.jpg\"><img data-attachment-id=\"2545\" data-permalink=\"https:\/\/www.montceautriathlon.com\/blog\/2018\/12\/03\/1er-decembre-2018-saintelyon-pluie-et-boue-au-rendez-vous\/saintelyon-2\/\" data-orig-file=\"https:\/\/www.montceautriathlon.com\/blog\/wp-content\/uploads\/2018\/12\/saint\u00e9lyon-2.jpg\" data-orig-size=\"940,620\" data-comments-opened=\"1\" data-image-meta=\"{&quot;aperture&quot;:&quot;0&quot;,&quot;credit&quot;:&quot;&quot;,&quot;camera&quot;:&quot;&quot;,&quot;caption&quot;:&quot;&quot;,&quot;created_timestamp&quot;:&quot;0&quot;,&quot;copyright&quot;:&quot;&quot;,&quot;focal_length&quot;:&quot;0&quot;,&quot;iso&quot;:&quot;0&quot;,&quot;shutter_speed&quot;:&quot;0&quot;,&quot;title&quot;:&quot;&quot;,&quot;orientation&quot;:&quot;0&quot;}\" data-image-title=\"saint\u00e9lyon 2\" data-image-description=\"\" data-image-caption=\"\" data-medium-file=\"https:\/\/www.montceautriathlon.com\/blog\/wp-content\/uploads\/2018\/12\/saint\u00e9lyon-2-300x198.jpg\" data-large-file=\"https:\/\/www.montceautriathlon.com\/blog\/wp-content\/uploads\/2018\/12\/saint\u00e9lyon-2.jpg\" loading=\"lazy\" class=\"wp-image-2545 alignright\" src=\"http:\/\/montceautriathlon.com\/blog\/wp-content\/uploads\/2018\/12\/saint\u00e9lyon-2-300x198.jpg\" alt=\"\" width=\"179\" height=\"118\" srcset=\"https:\/\/www.montceautriathlon.com\/blog\/wp-content\/uploads\/2018\/12\/saint\u00e9lyon-2-300x198.jpg 300w, https:\/\/www.montceautriathlon.com\/blog\/wp-content\/uploads\/2018\/12\/saint\u00e9lyon-2-768x507.jpg 768w, https:\/\/www.montceautriathlon.com\/blog\/wp-content\/uploads\/2018\/12\/saint\u00e9lyon-2.jpg 940w\" sizes=\"(max-width: 179px) 100vw, 179px\" \/><\/a><\/li>\n<\/ul>\n<p><strong>Saintexpress :<\/strong> 45km \u00a0 &#8211; 1200D+ \u00a0 &#8211;\u00a0\u00a0\u00a0 3250 finishers<\/p>\n<ul>\n<li>Jo\u00ebl Fran\u00e7ois\u00a0 844\u00e8me scratch\u00a0 5h39&rsquo;42\u00a0 58\u00e8me VEH<\/li>\n<\/ul>\n","protected":false},"excerpt":{"rendered":"<p>La 65\u00e8me \u00e9dition de la mythique Saint\u00e9Lyon avec un\u00a0 Cyrille B\u00e9rardan toujours au top sur un parcours de 81km et 2100D+ en nocturne et avec Jo\u00ebl Fran\u00e7ois sur la Saintexpress ! 45km quand m\u00eame et 1200D+ ! Bravo aux courageux noctambules ! &nbsp; Saint\u00e9Lyon : 81km &#8211;\u00a0 2100D+ \u00a0 &#8211;\u00a0 5204 finishers &#8211; d\u00e9part 23h30 [&hellip;]<\/p>\n","protected":false},"author":5,"featured_media":0,"comment_status":"open","ping_status":"open","sticky":false,"template":"","format":"standard","meta":{"spay_email":"","jetpack_publicize_message":"","jetpack_is_tweetstorm":false},"categories":[1],"tags":[],"jetpack_featured_media_url":"","jetpack_publicize_connections":[],"jetpack_sharing_enabled":true,"jetpack_shortlink":"https:\/\/wp.me\/p8bwIy-F1","jetpack-related-posts":[{"id":8570,"url":"https:\/\/www.montceautriathlon.com\/blog\/2025\/12\/22\/29-30-novembre-saintelyon\/","url_meta":{"origin":2543,"position":0},"title":"29\/30 novembre: Saint\u00e9lyon","date":"22 d\u00e9cembre 2025","format":false,"excerpt":"La nuit de samedi \u00e0 dimanche a \u00e9t\u00e9 plus facile pour certains que pour d'autres. Alexandre Pradier a choisit la course \u00e0 pied sur un parcours exigeant et boueux entre Saint Etienne et Lyon. Il a prit le d\u00e9part de la Saint\u00e9lyon, 80km avec pas loin de 2000m de D+,\u2026","rel":"","context":"Dans &quot;Non class\u00e9&quot;","img":{"alt_text":"","src":"https:\/\/i0.wp.com\/www.montceautriathlon.com\/blog\/wp-content\/uploads\/2025\/12\/facebook_1766417565231_7408892259519402768.jpg?resize=350%2C200&ssl=1","width":350,"height":200},"classes":[]},{"id":4765,"url":"https:\/\/www.montceautriathlon.com\/blog\/2021\/11\/29\/la-saintelyon-78km-de-nuit-et-dans-le-froid-bonnet-bas-les-gars\/","url_meta":{"origin":2543,"position":1},"title":"La Saint\u00e9Lyon : 78km de nuit et dans le froid, bonnet bas les gars !","date":"29 novembre 2021","format":false,"excerpt":"Ils \u00e9taient deux samedi soir \u00e0 rejoindre la patrie des Verts pour rejoindre la cit\u00e9 des Gones \u00e0 travers routes et sentiers, en montant \u00e0 pr\u00e8s de 1000 m\u00e8tres du c\u00f4t\u00e9 de Sainte Catherine ! Bien entra\u00een\u00e9s( d\u00e9j\u00e0 finishers il ya peu de la maxi race du lac d'Annecy), bien\u2026","rel":"","context":"Dans &quot;Non class\u00e9&quot;","img":{"alt_text":"","src":"https:\/\/i2.wp.com\/www.montceautriathlon.com\/blog\/wp-content\/uploads\/2021\/11\/stl1.jpg?resize=350%2C200&ssl=1","width":350,"height":200},"classes":[]},{"id":4767,"url":"https:\/\/www.montceautriathlon.com\/blog\/2021\/11\/29\/dans-la-famille-ghesquiere-je-demande-euh-le-pere-la-mere-le-fils\/","url_meta":{"origin":2543,"position":2},"title":"Dans la famille Ghesqui\u00e8re, je demande&#8230;euh&#8230; le p\u00e8re ? la m\u00e8re ? le fils ?","date":"29 novembre 2021","format":false,"excerpt":"Fred, habitu\u00e9 de triathlons longue distance, vient de s'illustrer comme finisher de la Saint\u00e9Lyon, il avait termin\u00e9 le 30 octobre dernier la Maxi race du Lac d'Annecy, (tiens tiens, d\u00e9j\u00e0 avec Beno\u00eet), et avec Sandrine notre coach CAP adepte du trail longue distance qui aurait certainement bien eu envie de\u2026","rel":"","context":"Dans &quot;Non class\u00e9&quot;","img":{"alt_text":"","src":"https:\/\/i0.wp.com\/www.montceautriathlon.com\/blog\/wp-content\/uploads\/2021\/11\/IMG-20211106-WA0005.jpg?resize=350%2C200&ssl=1","width":350,"height":200},"classes":[]},{"id":6520,"url":"https:\/\/www.montceautriathlon.com\/blog\/2023\/12\/06\/week-end-fort-en-competitions\/","url_meta":{"origin":2543,"position":3},"title":"Week-end fort en comp\u00e9titions","date":"6 d\u00e9cembre 2023","format":false,"excerpt":"Saint\u00e9Lyon Herv\u00e9 Pluchot s'est lanc\u00e9 ce week-end sur la Saintexpress de 44km. Il termine 1078\u00e8me en 5h22. Course des sapins Jules Aerts a parcouru 10km en 46min21, il se place 50\u00e8me au scratch et 3\u00e8me cadet. Corrida Du c\u00f4t\u00e9 de Chalon-sur-Sa\u00f4ne, nos triathl\u00e8tes ont effectu\u00e9 le 10km : Jean Luc\u2026","rel":"","context":"Dans &quot;Non class\u00e9&quot;","img":{"alt_text":"","src":"https:\/\/i2.wp.com\/www.montceautriathlon.com\/blog\/wp-content\/uploads\/2023\/12\/c2a3faac-e37b-4512-98e2-e26ef8d10a0a.jpg?resize=350%2C200&ssl=1","width":350,"height":200},"classes":[]},{"id":8679,"url":"https:\/\/www.montceautriathlon.com\/blog\/2026\/03\/17\/mois-de-fevrier-2026\/","url_meta":{"origin":2543,"position":4},"title":"Mois de F\u00e9vrier 2026","date":"17 mars 2026","format":false,"excerpt":"Tout au long du mois de f\u00e9vrier, plusieurs licenci\u00e9s se sont d\u00e9plac\u00e9s en Chartreuse, dans le Sud, \u00e0 Mornay, \u00e0 la Clayette. Le 1r f\u00e9vrier, Sammy Marc a pris le d\u00e9part du Half Winter Trail (15km) au d\u00e9part de saint Pierre de Chartreuse. Il boucle la distance en 2h01 (202e\u2026","rel":"","context":"Dans &quot;Non class\u00e9&quot;","img":{"alt_text":"","src":"https:\/\/i1.wp.com\/www.montceautriathlon.com\/blog\/wp-content\/uploads\/2026\/03\/645722133_18334680517301262_8636482174715244398_n.jpg?resize=350%2C200&ssl=1","width":350,"height":200},"classes":[]},{"id":1971,"url":"https:\/\/www.montceautriathlon.com\/blog\/2018\/05\/29\/du-cote-des-trailers\/","url_meta":{"origin":2543,"position":5},"title":"Du c\u00f4t\u00e9 des trailers","date":"29 mai 2018","format":false,"excerpt":"27 mai 2018 : A noter l'excellente performance de Cyril B\u00e9rardan sur l'ultratrial de C\u00f4te d'or \u00e0 Marsannay sur la distance des 65km (1750D+)en 7h06'01\" avec une 3\u00e8me place au scratch et une 1\u00e8re en SM. 20 mai 2018 Un groupe de v\u00e9t\u00e9rans s'est d\u00e9plac\u00e9 \u00e9galement le 20 mai sur\u2026","rel":"","context":"Dans &quot;Non class\u00e9&quot;","img":{"alt_text":"","src":"","width":0,"height":0},"classes":[]}],"_links":{"self":[{"href":"https:\/\/www.montceautriathlon.com\/blog\/wp-json\/wp\/v2\/posts\/2543"}],"collection":[{"href":"https:\/\/www.montceautriathlon.com\/blog\/wp-json\/wp\/v2\/posts"}],"about":[{"href":"https:\/\/www.montceautriathlon.com\/blog\/wp-json\/wp\/v2\/types\/post"}],"author":[{"embeddable":true,"href":"https:\/\/www.montceautriathlon.com\/blog\/wp-json\/wp\/v2\/users\/5"}],"replies":[{"embeddable":true,"href":"https:\/\/www.montceautriathlon.com\/blog\/wp-json\/wp\/v2\/comments?post=2543"}],"version-history":[{"count":2,"href":"https:\/\/www.montceautriathlon.com\/blog\/wp-json\/wp\/v2\/posts\/2543\/revisions"}],"predecessor-version":[{"id":2547,"href":"https:\/\/www.montceautriathlon.com\/blog\/wp-json\/wp\/v2\/posts\/2543\/revisions\/2547"}],"wp:attachment":[{"href":"https:\/\/www.montceautriathlon.com\/blog\/wp-json\/wp\/v2\/media?parent=2543"}],"wp:term":[{"taxonomy":"category","embeddable":true,"href":"https:\/\/www.montceautriathlon.com\/blog\/wp-json\/wp\/v2\/categories?post=2543"},{"taxonomy":"post_tag","embeddable":true,"href":"https:\/\/www.montceautriathlon.com\/blog\/wp-json\/wp\/v2\/tags?post=2543"}],"curies":[{"name":"wp","href":"https:\/\/api.w.org\/{rel}","templated":true}]}}