{"id":2535,"date":"2018-11-27T10:12:09","date_gmt":"2018-11-27T09:12:09","guid":{"rendered":"http:\/\/montceautriathlon.com\/blog\/?p=2535"},"modified":"2018-11-27T10:12:09","modified_gmt":"2018-11-27T09:12:09","slug":"bike-run-de-dole-25-11-18-une-petite-delegation-en-deplacement","status":"publish","type":"post","link":"https:\/\/www.montceautriathlon.com\/blog\/2018\/11\/27\/bike-run-de-dole-25-11-18-une-petite-delegation-en-deplacement\/","title":{"rendered":"Bike &#038; Run de Dole. 25\/11\/18 : une petite d\u00e9l\u00e9gation en d\u00e9placement !"},"content":{"rendered":"<p>Merci aux encadrants , bin\u00f4me\u00a0d&rsquo;un jour, bien l\u00e0 et pas las du tout\u00a0 !<\/p>\n<p><strong>r\u00e9sultats\u00a0 J 1<\/strong> : 16 \u00e9quipes<strong><a href=\"http:\/\/montceautriathlon.com\/blog\/wp-content\/uploads\/2018\/11\/181029_163637.jpg\"><img data-attachment-id=\"2536\" data-permalink=\"https:\/\/www.montceautriathlon.com\/blog\/2018\/11\/27\/bike-run-de-dole-25-11-18-une-petite-delegation-en-deplacement\/181029_163637\/\" data-orig-file=\"https:\/\/www.montceautriathlon.com\/blog\/wp-content\/uploads\/2018\/11\/181029_163637.jpg\" data-orig-size=\"500,706\" data-comments-opened=\"1\" data-image-meta=\"{&quot;aperture&quot;:&quot;0&quot;,&quot;credit&quot;:&quot;&quot;,&quot;camera&quot;:&quot;&quot;,&quot;caption&quot;:&quot;&quot;,&quot;created_timestamp&quot;:&quot;0&quot;,&quot;copyright&quot;:&quot;&quot;,&quot;focal_length&quot;:&quot;0&quot;,&quot;iso&quot;:&quot;0&quot;,&quot;shutter_speed&quot;:&quot;0&quot;,&quot;title&quot;:&quot;&quot;,&quot;orientation&quot;:&quot;0&quot;}\" data-image-title=\"181029_163637\" data-image-description=\"\" data-image-caption=\"\" data-medium-file=\"https:\/\/www.montceautriathlon.com\/blog\/wp-content\/uploads\/2018\/11\/181029_163637-212x300.jpg\" data-large-file=\"https:\/\/www.montceautriathlon.com\/blog\/wp-content\/uploads\/2018\/11\/181029_163637.jpg\" loading=\"lazy\" class=\"wp-image-2536 alignright\" src=\"http:\/\/montceautriathlon.com\/blog\/wp-content\/uploads\/2018\/11\/181029_163637-212x300.jpg\" alt=\"\" width=\"100\" height=\"142\" srcset=\"https:\/\/www.montceautriathlon.com\/blog\/wp-content\/uploads\/2018\/11\/181029_163637-212x300.jpg 212w, https:\/\/www.montceautriathlon.com\/blog\/wp-content\/uploads\/2018\/11\/181029_163637.jpg 500w\" sizes=\"(max-width: 100px) 100vw, 100px\" \/><\/a><\/strong><\/p>\n<ul>\n<li>Zo\u00e9 Da Eira\/Lou Grivault\u00a0\u00a0\u00a0\u00a0\u00a0\u00a0\u00a0\u00a0\u00a0\u00a0\u00a0\u00a0\u00a0\u00a0\u00a0\u00a0\u00a0 9&rsquo;42\u00a0\u00a0\u00a0\u00a0\u00a0\u00a0\u00a0\u00a0\u00a0\u00a0\u00a0 15\u00e8mes scratch\u00a0\u00a0\u00a0 2\u00e8me F<\/li>\n<\/ul>\n<p><strong>r\u00e9sultats J2<\/strong> : 30 \u00e9quipes<\/p>\n<ul>\n<li>Jules Gouraud\/Mathieu Perrous\u00a0\u00a0\u00a0\u00a0\u00a0 13&rsquo;09\u00a0\u00a0\u00a0\u00a0\u00a0\u00a0\u00a0 5\u00e8messcratch\u00a0\u00a0\u00a0 3\u00e8me M<\/li>\n<li>Marine Da Eira\/ Marius Grivault\u00a0\u00a0\u00a0\u00a0\u00a0 13&rsquo;18\u00a0\u00a0\u00a0\u00a0\u00a0\u00a0\u00a0 7\u00e8mes scratch\u00a0\u00a0\u00a0 3\u00e8me Mix<\/li>\n<li>No\u00e9mie Magnien\/Antoine Gauthier\u00a0 17&rsquo;53\u00a0\u00a0\u00a0\u00a0\u00a0 29\u00e8mes scratch\u00a0 9\u00e8me Mix<\/li>\n<\/ul>\n<p><strong>r\u00e9sultats XS<\/strong> : 47 \u00e9quipes :<\/p>\n<ul>\n<li>Sophie Rousseau\/Laurent Magnien 1h08&rsquo;42\u00a0\u00a0 24\u00e8mes scratch\u00a0 2\u00e8mes VE Mix<\/li>\n<\/ul>\n","protected":false},"excerpt":{"rendered":"<p>Merci aux encadrants , bin\u00f4me\u00a0d&rsquo;un jour, bien l\u00e0 et pas las du tout\u00a0 ! r\u00e9sultats\u00a0 J 1 : 16 \u00e9quipes Zo\u00e9 Da Eira\/Lou Grivault\u00a0\u00a0\u00a0\u00a0\u00a0\u00a0\u00a0\u00a0\u00a0\u00a0\u00a0\u00a0\u00a0\u00a0\u00a0\u00a0\u00a0 9&rsquo;42\u00a0\u00a0\u00a0\u00a0\u00a0\u00a0\u00a0\u00a0\u00a0\u00a0\u00a0 15\u00e8mes scratch\u00a0\u00a0\u00a0 2\u00e8me F r\u00e9sultats J2 : 30 \u00e9quipes Jules Gouraud\/Mathieu Perrous\u00a0\u00a0\u00a0\u00a0\u00a0 13&rsquo;09\u00a0\u00a0\u00a0\u00a0\u00a0\u00a0\u00a0 5\u00e8messcratch\u00a0\u00a0\u00a0 3\u00e8me M Marine Da Eira\/ Marius Grivault\u00a0\u00a0\u00a0\u00a0\u00a0 13&rsquo;18\u00a0\u00a0\u00a0\u00a0\u00a0\u00a0\u00a0 7\u00e8mes scratch\u00a0\u00a0\u00a0 3\u00e8me Mix No\u00e9mie Magnien\/Antoine Gauthier\u00a0 17&rsquo;53\u00a0\u00a0\u00a0\u00a0\u00a0 [&hellip;]<\/p>\n","protected":false},"author":5,"featured_media":0,"comment_status":"open","ping_status":"open","sticky":false,"template":"","format":"standard","meta":{"spay_email":"","jetpack_publicize_message":"","jetpack_is_tweetstorm":false},"categories":[1],"tags":[],"jetpack_featured_media_url":"","jetpack_publicize_connections":[],"jetpack_sharing_enabled":true,"jetpack_shortlink":"https:\/\/wp.me\/p8bwIy-ET","jetpack-related-posts":[{"id":2610,"url":"https:\/\/www.montceautriathlon.com\/blog\/2019\/02\/06\/3-02-2019-bike-run-dautun-les-jeunes-au-train\/","url_meta":{"origin":2535,"position":0},"title":"3\/02\/2019, Bike &#038; Run d&rsquo;Autun : les jeunes au train !","date":"6 f\u00e9vrier 2019","format":false,"excerpt":"Sept \u00e9quipes jeunes engag\u00e9es et cinq podiums ! Joli tir group\u00e9 de notre \u00e9cole de triathlon qui, ce dimanche \u00e0 Autun (sans \u00eatre hautain), n'a pas usurp\u00e9 sa septi\u00e8me place du classement 2018 des 26 \u00e9coles de triathlon de la r\u00e9gion. Bravo les jeunes et good job Sophie ! Quant\u2026","rel":"","context":"Dans &quot;Non class\u00e9&quot;","img":{"alt_text":"","src":"https:\/\/i2.wp.com\/montceautriathlon.com\/blog\/wp-content\/uploads\/2019\/02\/autun-pleins-feux-sur-le-bike-and-run-d-autun-triathlon-125438-300x200.jpg?resize=350%2C200","width":350,"height":200},"classes":[]},{"id":2506,"url":"https:\/\/www.montceautriathlon.com\/blog\/2018\/11\/12\/11-11-18-bike-run-a-chenove-on-ne-pedale-pas-dans-la-guimauve\/","url_meta":{"origin":2535,"position":1},"title":"11\/11\/18 Bike &#038; run. A Chen\u00f4ve, on ne p\u00e9dale pas dans la guimauve !","date":"12 novembre 2018","format":false,"excerpt":"16 \u00e9quipes du club ont\u00a0 donc fait le d\u00e9placement sur les hauteurs dijonnaises et plusieurs \u00e9quipes sont mont\u00e9es sur le podium. Belle premi\u00e8re place pour nos jeunes Marine et Juliette qui savourent leur deuxi\u00e8me victoire dans leur cat\u00e9gorie en 2 \u00e9preuves, 1\u00e8res f\u00e9minines en J2.\u00a0 Aude et Catherine n'ont rien\u2026","rel":"","context":"Dans &quot;Non class\u00e9&quot;","img":{"alt_text":"","src":"https:\/\/i0.wp.com\/montceautriathlon.com\/blog\/wp-content\/uploads\/2018\/11\/Chenove-2-300x200.jpg?resize=350%2C200","width":350,"height":200},"classes":[]},{"id":1737,"url":"https:\/\/www.montceautriathlon.com\/blog\/2018\/01\/16\/resultats-br-bourbon-14-janvier-2018\/","url_meta":{"origin":2535,"position":2},"title":"RESULTATS B&#038;R BOURBON 14 janvier 2018","date":"16 janvier 2018","format":false,"excerpt":"14 \u00e9quipes du club ont effectu\u00e9 le d\u00e9placement \u00e0 Bourbon , 14 \u00e9quipes sur 48 engag\u00e9es pour le XS ! Et 4 \u00e9quipes jeunes! Une belle participation ! Et sous le soleil ! Sans la boue !\u00a0 Les r\u00e9sultats complets en suivant le lien et les r\u00e9sultats du club ci-dessous\u2026","rel":"","context":"Dans &quot;Non class\u00e9&quot;","img":{"alt_text":"","src":"https:\/\/i0.wp.com\/montceautriathlon.com\/blog\/wp-content\/uploads\/2018\/01\/babeth-300x225.jpg?resize=350%2C200","width":350,"height":200},"classes":[]},{"id":2497,"url":"https:\/\/www.montceautriathlon.com\/blog\/2018\/11\/05\/4-11-18-bike-run-de-chalon-le-club-en-nombre\/","url_meta":{"origin":2535,"position":3},"title":"4\/11\/18 Bike &#038; Run de chalon : le club en nombre","date":"5 novembre 2018","format":false,"excerpt":"D\u00e9but de la saison hivernale\u00a0 bike and run ce dimanche \u00e0 Chalon et de nombreuses \u00e9quipes du club en course : 10 \u00e9quipes en J1 et J2 et 14 sur la course XS, soit\u00a0 48 triathl\u00e8tes montcelliens en selle dans la roseraie. Une belle entame\u00a0 de bonne augure pour le\u2026","rel":"","context":"Dans &quot;Non class\u00e9&quot;","img":{"alt_text":"","src":"https:\/\/i1.wp.com\/www.montceautriathlon.com\/blog\/wp-content\/uploads\/2018\/11\/club-chalon.jpg?resize=350%2C200&ssl=1","width":350,"height":200},"classes":[]},{"id":1749,"url":"https:\/\/www.montceautriathlon.com\/blog\/2018\/02\/05\/bikerun-autun-4-fevrier-2018\/","url_meta":{"origin":2535,"position":4},"title":"BIKE&#038;RUN AUTUN    4 f\u00e9vrier 2018","date":"5 f\u00e9vrier 2018","format":false,"excerpt":"Une forte participation du club avec 14 \u00e9quipes adultes et 8 \u00e9quipes jeunes \u00e0 cette huiti\u00e8me \u00e9tape du circuit Bike&Run et de belles performances \u00e0 la cl\u00e9. les r\u00e9sultats ci-dessous : course XS : 49 \u00e9quipes au d\u00e9part BONGRAND Camille LECAT Jason 1\u00e8reSE \/Homme 00:46:41 2\u00e8me\/scratch LEQUIN Ludivine GALARATTI Nicolas\u2026","rel":"","context":"Dans &quot;Non class\u00e9&quot;","img":{"alt_text":"","src":"","width":0,"height":0},"classes":[]},{"id":2600,"url":"https:\/\/www.montceautriathlon.com\/blog\/2019\/01\/22\/bike-run-bourbon-20-01-2019-avec-ou-sans-glace\/","url_meta":{"origin":2535,"position":5},"title":"Bike &#038; Run Bourbon 20\/01\/2019: Avec ou sans glace ?","date":"22 janvier 2019","format":false,"excerpt":"L'ann\u00e9e derni\u00e8re, le club s'\u00e9tait d\u00e9plac\u00e9 en masse. Cette ann\u00e9e, seules trois \u00e9quipes adultes ont fait le d\u00e9placement. Dommage ! Le froid, la crainte de routes verglac\u00e9es et la pr\u00e9sence de plusieurs triathl\u00e8tes sur l'Oxyrace expliquent peut-\u00eatre cette d\u00e9saffection. 25 \u00e9quipages ont pris le d\u00e9part.\u00a0 N\u00e9anmoins, victoire de l'\u00e9quipe f\u00e9minine\u2026","rel":"","context":"Dans &quot;Non class\u00e9&quot;","img":{"alt_text":"","src":"https:\/\/i1.wp.com\/montceautriathlon.com\/blog\/wp-content\/uploads\/2019\/01\/BR-Bourbon-213x300.jpg?resize=350%2C200","width":350,"height":200},"classes":[]}],"_links":{"self":[{"href":"https:\/\/www.montceautriathlon.com\/blog\/wp-json\/wp\/v2\/posts\/2535"}],"collection":[{"href":"https:\/\/www.montceautriathlon.com\/blog\/wp-json\/wp\/v2\/posts"}],"about":[{"href":"https:\/\/www.montceautriathlon.com\/blog\/wp-json\/wp\/v2\/types\/post"}],"author":[{"embeddable":true,"href":"https:\/\/www.montceautriathlon.com\/blog\/wp-json\/wp\/v2\/users\/5"}],"replies":[{"embeddable":true,"href":"https:\/\/www.montceautriathlon.com\/blog\/wp-json\/wp\/v2\/comments?post=2535"}],"version-history":[{"count":3,"href":"https:\/\/www.montceautriathlon.com\/blog\/wp-json\/wp\/v2\/posts\/2535\/revisions"}],"predecessor-version":[{"id":2539,"href":"https:\/\/www.montceautriathlon.com\/blog\/wp-json\/wp\/v2\/posts\/2535\/revisions\/2539"}],"wp:attachment":[{"href":"https:\/\/www.montceautriathlon.com\/blog\/wp-json\/wp\/v2\/media?parent=2535"}],"wp:term":[{"taxonomy":"category","embeddable":true,"href":"https:\/\/www.montceautriathlon.com\/blog\/wp-json\/wp\/v2\/categories?post=2535"},{"taxonomy":"post_tag","embeddable":true,"href":"https:\/\/www.montceautriathlon.com\/blog\/wp-json\/wp\/v2\/tags?post=2535"}],"curies":[{"name":"wp","href":"https:\/\/api.w.org\/{rel}","templated":true}]}}