{"id":2528,"date":"2018-11-19T16:12:03","date_gmt":"2018-11-19T15:12:03","guid":{"rendered":"http:\/\/montceautriathlon.com\/blog\/?p=2528"},"modified":"2018-11-19T16:12:03","modified_gmt":"2018-11-19T15:12:03","slug":"17-11-18-marathon-du-beaujolais-ne-pas-se-mettre-dans-le-rouge","status":"publish","type":"post","link":"https:\/\/www.montceautriathlon.com\/blog\/2018\/11\/19\/17-11-18-marathon-du-beaujolais-ne-pas-se-mettre-dans-le-rouge\/","title":{"rendered":"17\/11\/18 : Marathon du Beaujolais, ne pas se mettre dans le  rouge !"},"content":{"rendered":"<p><a href=\"http:\/\/montceautriathlon.com\/blog\/wp-content\/uploads\/2018\/11\/MARATHON-2018-Personnage_femme_seules_sansmap.png\"><img data-attachment-id=\"2529\" data-permalink=\"https:\/\/www.montceautriathlon.com\/blog\/2018\/11\/19\/17-11-18-marathon-du-beaujolais-ne-pas-se-mettre-dans-le-rouge\/marathon-2018-personnage_femme_seules_sansmap\/\" data-orig-file=\"https:\/\/www.montceautriathlon.com\/blog\/wp-content\/uploads\/2018\/11\/MARATHON-2018-Personnage_femme_seules_sansmap.png\" data-orig-size=\"771,1920\" data-comments-opened=\"1\" data-image-meta=\"{&quot;aperture&quot;:&quot;0&quot;,&quot;credit&quot;:&quot;&quot;,&quot;camera&quot;:&quot;&quot;,&quot;caption&quot;:&quot;&quot;,&quot;created_timestamp&quot;:&quot;0&quot;,&quot;copyright&quot;:&quot;&quot;,&quot;focal_length&quot;:&quot;0&quot;,&quot;iso&quot;:&quot;0&quot;,&quot;shutter_speed&quot;:&quot;0&quot;,&quot;title&quot;:&quot;&quot;,&quot;orientation&quot;:&quot;0&quot;}\" data-image-title=\"MARATHON-2018-Personnage_femme_seules_sansmap\" data-image-description=\"\" data-image-caption=\"\" data-medium-file=\"https:\/\/www.montceautriathlon.com\/blog\/wp-content\/uploads\/2018\/11\/MARATHON-2018-Personnage_femme_seules_sansmap-120x300.png\" data-large-file=\"https:\/\/www.montceautriathlon.com\/blog\/wp-content\/uploads\/2018\/11\/MARATHON-2018-Personnage_femme_seules_sansmap-411x1024.png\" loading=\"lazy\" class=\"wp-image-2529 alignleft\" src=\"http:\/\/montceautriathlon.com\/blog\/wp-content\/uploads\/2018\/11\/MARATHON-2018-Personnage_femme_seules_sansmap-120x300.png\" alt=\"\" width=\"65\" height=\"163\" srcset=\"https:\/\/www.montceautriathlon.com\/blog\/wp-content\/uploads\/2018\/11\/MARATHON-2018-Personnage_femme_seules_sansmap-120x300.png 120w, https:\/\/www.montceautriathlon.com\/blog\/wp-content\/uploads\/2018\/11\/MARATHON-2018-Personnage_femme_seules_sansmap-768x1913.png 768w, https:\/\/www.montceautriathlon.com\/blog\/wp-content\/uploads\/2018\/11\/MARATHON-2018-Personnage_femme_seules_sansmap-411x1024.png 411w, https:\/\/www.montceautriathlon.com\/blog\/wp-content\/uploads\/2018\/11\/MARATHON-2018-Personnage_femme_seules_sansmap.png 771w\" sizes=\"(max-width: 65px) 100vw, 65px\" \/><\/a>\u00a0 Bravo Alice !<\/p>\n<ul>\n<li>Alice Vaury \u00a0 \u00a0 \u00a0 \u00a0 \u00a0\u00a0 en 4h02&rsquo;39 \u00a0\u00a0 636\u00e8me scratch\u00a0\u00a0\u00a0 78\u00e8me f\u00e9minine\u00a0 sur 2226 participants<\/li>\n<\/ul>\n","protected":false},"excerpt":{"rendered":"<p>\u00a0 Bravo Alice ! Alice Vaury \u00a0 \u00a0 \u00a0 \u00a0 \u00a0\u00a0 en 4h02&rsquo;39 \u00a0\u00a0 636\u00e8me scratch\u00a0\u00a0\u00a0 78\u00e8me f\u00e9minine\u00a0 sur 2226 participants<\/p>\n","protected":false},"author":5,"featured_media":0,"comment_status":"open","ping_status":"open","sticky":false,"template":"","format":"standard","meta":{"spay_email":"","jetpack_publicize_message":"","jetpack_is_tweetstorm":false},"categories":[1],"tags":[],"jetpack_featured_media_url":"","jetpack_publicize_connections":[],"jetpack_sharing_enabled":true,"jetpack_shortlink":"https:\/\/wp.me\/p8bwIy-EM","jetpack-related-posts":[{"id":6122,"url":"https:\/\/www.montceautriathlon.com\/blog\/2023\/08\/23\/20-08-23-ironman-de-vichy-alice-vaury-nouvelle-dame-de-fer-au-club\/","url_meta":{"origin":2528,"position":0},"title":"20\/08\/23 : Ironman de Vichy. Alice Vaury, nouvelle dame de fer au club !","date":"23 ao\u00fbt 2023","format":false,"excerpt":"Enormissime performance d'Alice qui boucle son 1er ironman \u00e0 moins de 30 ans sous une chaleur accablante et caniculaire \u00e0 Vichy ce dimanche 23 ao\u00fbt. C'est un peu avant 7h00 du matin qu'Alice s'\u00e9lance parmi 550 triathl\u00e8tes dans les eaux de l'Allier.1h24'11\" pour boucler les 3800m de natation ! Il\u2026","rel":"","context":"Dans &quot;Non class\u00e9&quot;","img":{"alt_text":"","src":"https:\/\/i2.wp.com\/www.montceautriathlon.com\/blog\/wp-content\/uploads\/2023\/08\/Sans-titre-2.jpg?resize=350%2C200&ssl=1","width":350,"height":200},"classes":[]},{"id":3004,"url":"https:\/\/www.montceautriathlon.com\/blog\/2019\/07\/01\/30-juin-2019-triathlon-du-lac-dannecy-chaud-mais-reussi\/","url_meta":{"origin":2528,"position":1},"title":"30 juin 2019, triathlon du lac d&rsquo;Annecy : chaud mais r\u00e9ussi !","date":"1 juillet 2019","format":false,"excerpt":"Alice\u00a0 en solitaire du c\u00f4t\u00e9 d'Annecy ! M\u00eame sous la canicule, un bon chrono sur ce magnifique site autour du lac ! et avec la nouvelle tenue ! format M : Alice Vaury : 508\u00e8me scratch en 3h17'12\" sur 954 class\u00e9s et une quarantaine de DNF.","rel":"","context":"Dans &quot;Non class\u00e9&quot;","img":{"alt_text":"","src":"https:\/\/i1.wp.com\/montceautriathlon.com\/blog\/wp-content\/uploads\/2019\/07\/IMG_1072-e1562002286786-225x300.jpg?resize=350%2C200","width":350,"height":200},"classes":[]},{"id":1953,"url":"https:\/\/www.montceautriathlon.com\/blog\/2018\/05\/15\/ironman-70-3-pays-daix-13-mai-2018\/","url_meta":{"origin":2528,"position":2},"title":"IRONMAN 70.3 Pays d&rsquo;Aix 13 mai 2018","date":"15 mai 2018","format":false,"excerpt":"Juste un petit coucou \u00e0 nos cinq triathl\u00e8tes montcelliens qui ont pris part \u00e0 ce difficile et r\u00e9put\u00e9 half du Pays d'Aix. Pas de chance avec une m\u00e9t\u00e9o ex\u00e9crable. Il ne manquait plus que la neige ! Des conditions dantesques de froid, de pluie et de vent ont g\u00e2ch\u00e9 la\u2026","rel":"","context":"Dans &quot;Non class\u00e9&quot;","img":{"alt_text":"","src":"","width":0,"height":0},"classes":[]},{"id":8563,"url":"https:\/\/www.montceautriathlon.com\/blog\/2025\/12\/22\/7-decembre-corrida-de-chalon\/","url_meta":{"origin":2528,"position":3},"title":"7 d\u00e9cembre: Corrida de Chalon","date":"22 d\u00e9cembre 2025","format":false,"excerpt":"Ce dimanche soir avait lieu la traditionnelle corrida de Chalon organis\u00e9 par Eca Athl\u00e9tisme. Des courses sur tout l'apr\u00e8s midi, une ambiance de folie et des triathl\u00e8tes montcelliens sur la ligne de d\u00e9part. Voici les r\u00e9sultats: Sur les courses jeunes, Louis Vinck monte sur la 3e marche du podium \u00e0\u2026","rel":"","context":"Dans &quot;Non class\u00e9&quot;","img":{"alt_text":"","src":"https:\/\/i2.wp.com\/www.montceautriathlon.com\/blog\/wp-content\/uploads\/2025\/12\/594962011_1526999218340797_1754400551291899295_n.jpg?resize=350%2C200&ssl=1","width":350,"height":200},"classes":[]},{"id":4503,"url":"https:\/\/www.montceautriathlon.com\/blog\/2021\/09\/16\/foulees-de-blanzy-une-belle-action\/","url_meta":{"origin":2528,"position":4},"title":"Foul\u00e9es de Blanzy : une belle action.","date":"16 septembre 2021","format":false,"excerpt":"C'\u00e9tait enfin la reprise pour cette traditionnelle course du Bassin Minier. Quelques triathl\u00e8tes du club ont particip\u00e9 \u00e0 cette course dont les recettes sont vers\u00e9es au Centre L\u00e9on B\u00e9rard de Lyon pour la recherche contre les cancers p\u00e9diatriques. Une belle action. Alice r\u00e9compens\u00e9e en tant que 5\u00e8me f\u00e9minine !","rel":"","context":"Dans &quot;Non class\u00e9&quot;","img":{"alt_text":"","src":"https:\/\/i0.wp.com\/www.montceautriathlon.com\/blog\/wp-content\/uploads\/2021\/09\/blanzy-2.jpg?resize=350%2C200&ssl=1","width":350,"height":200},"classes":[]},{"id":5208,"url":"https:\/\/www.montceautriathlon.com\/blog\/2022\/09\/05\/triathlon-passy-mont-blanc-nos-licencies-ont-ils-atteint-des-sommets\/","url_meta":{"origin":2528,"position":5},"title":"triathlon Passy Mont-Blanc : Nos licenci\u00e9s ont-ils atteint des sommets ?","date":"5 septembre 2022","format":false,"excerpt":"Une d\u00e9l\u00e9gation montcellienne s'est d\u00e9plac\u00e9e le week end du 20 et 21 aout au pied du Mont Blanc pour le triathlon international Passy Mont Blanc.Le samedi, m\u00e8re et fils (Isabelle et Pierre\u00a0 Vaury) ont particip\u00e9 au triathlon M. Pierre boucle la distance (1.5km de natation dans le lac de Passy,\u2026","rel":"","context":"Dans &quot;Non class\u00e9&quot;","img":{"alt_text":"","src":"https:\/\/i0.wp.com\/www.montceautriathlon.com\/blog\/wp-content\/uploads\/2022\/09\/IMG-20220821-WA0017.jpg?resize=350%2C200&ssl=1","width":350,"height":200},"classes":[]}],"_links":{"self":[{"href":"https:\/\/www.montceautriathlon.com\/blog\/wp-json\/wp\/v2\/posts\/2528"}],"collection":[{"href":"https:\/\/www.montceautriathlon.com\/blog\/wp-json\/wp\/v2\/posts"}],"about":[{"href":"https:\/\/www.montceautriathlon.com\/blog\/wp-json\/wp\/v2\/types\/post"}],"author":[{"embeddable":true,"href":"https:\/\/www.montceautriathlon.com\/blog\/wp-json\/wp\/v2\/users\/5"}],"replies":[{"embeddable":true,"href":"https:\/\/www.montceautriathlon.com\/blog\/wp-json\/wp\/v2\/comments?post=2528"}],"version-history":[{"count":1,"href":"https:\/\/www.montceautriathlon.com\/blog\/wp-json\/wp\/v2\/posts\/2528\/revisions"}],"predecessor-version":[{"id":2530,"href":"https:\/\/www.montceautriathlon.com\/blog\/wp-json\/wp\/v2\/posts\/2528\/revisions\/2530"}],"wp:attachment":[{"href":"https:\/\/www.montceautriathlon.com\/blog\/wp-json\/wp\/v2\/media?parent=2528"}],"wp:term":[{"taxonomy":"category","embeddable":true,"href":"https:\/\/www.montceautriathlon.com\/blog\/wp-json\/wp\/v2\/categories?post=2528"},{"taxonomy":"post_tag","embeddable":true,"href":"https:\/\/www.montceautriathlon.com\/blog\/wp-json\/wp\/v2\/tags?post=2528"}],"curies":[{"name":"wp","href":"https:\/\/api.w.org\/{rel}","templated":true}]}}