{"id":2522,"date":"2018-11-19T15:48:52","date_gmt":"2018-11-19T14:48:52","guid":{"rendered":"http:\/\/montceautriathlon.com\/blog\/?p=2522"},"modified":"2018-11-19T22:39:16","modified_gmt":"2018-11-19T21:39:16","slug":"18-11-18-a-laise-la-charolaise-tous-balaises","status":"publish","type":"post","link":"https:\/\/www.montceautriathlon.com\/blog\/2018\/11\/19\/18-11-18-a-laise-la-charolaise-tous-balaises\/","title":{"rendered":"18\/11\/18 :  a l&rsquo;aise la Charolaise, tous balaises !"},"content":{"rendered":"<p><strong><a href=\"http:\/\/montceautriathlon.com\/blog\/wp-content\/uploads\/2018\/11\/podium-Aude.jpg\"><img data-attachment-id=\"2525\" data-permalink=\"https:\/\/www.montceautriathlon.com\/blog\/2018\/11\/19\/18-11-18-a-laise-la-charolaise-tous-balaises\/podium-aude\/\" data-orig-file=\"https:\/\/www.montceautriathlon.com\/blog\/wp-content\/uploads\/2018\/11\/podium-Aude.jpg\" data-orig-size=\"940,660\" data-comments-opened=\"1\" data-image-meta=\"{&quot;aperture&quot;:&quot;0&quot;,&quot;credit&quot;:&quot;&quot;,&quot;camera&quot;:&quot;&quot;,&quot;caption&quot;:&quot;&quot;,&quot;created_timestamp&quot;:&quot;0&quot;,&quot;copyright&quot;:&quot;&quot;,&quot;focal_length&quot;:&quot;0&quot;,&quot;iso&quot;:&quot;0&quot;,&quot;shutter_speed&quot;:&quot;0&quot;,&quot;title&quot;:&quot;&quot;,&quot;orientation&quot;:&quot;0&quot;}\" data-image-title=\"podium Aude\" data-image-description=\"\" data-image-caption=\"\" data-medium-file=\"https:\/\/www.montceautriathlon.com\/blog\/wp-content\/uploads\/2018\/11\/podium-Aude-300x211.jpg\" data-large-file=\"https:\/\/www.montceautriathlon.com\/blog\/wp-content\/uploads\/2018\/11\/podium-Aude.jpg\" loading=\"lazy\" class=\"size-medium wp-image-2525 alignleft\" src=\"http:\/\/montceautriathlon.com\/blog\/wp-content\/uploads\/2018\/11\/podium-Aude-300x211.jpg\" alt=\"\" width=\"300\" height=\"211\" srcset=\"https:\/\/www.montceautriathlon.com\/blog\/wp-content\/uploads\/2018\/11\/podium-Aude-300x211.jpg 300w, https:\/\/www.montceautriathlon.com\/blog\/wp-content\/uploads\/2018\/11\/podium-Aude-768x539.jpg 768w, https:\/\/www.montceautriathlon.com\/blog\/wp-content\/uploads\/2018\/11\/podium-Aude.jpg 940w\" sizes=\"(max-width: 300px) 100vw, 300px\" \/><\/a>r\u00e9sultats du semi<\/strong>: 123 class\u00e9s et un podium pour Aude 3\u00e8me f\u00e9minine !<\/p>\n<ul>\n<li><strong>Aude Demorti\u00e8re<\/strong>\u00a0\u00a0\u00a0 50\u00e8me scratch\u00a0 1h46&rsquo;21<\/li>\n<li>Bertrand de sars\u00a0\u00a0\u00a0\u00a0\u00a0\u00a0 53\u00e8me scratch 1h47&rsquo;29<\/li>\n<li>Charline Berthier \u00a0 \u00a0 \u00a0 65\u00e8me scratch 1h51&rsquo;00<\/li>\n<li>Kamel Boukhitine\u00a0\u00a0\u00a0\u00a0 87\u00e8me scratch 1h59&rsquo;18<\/li>\n<li>Laurence De Sars\u00a0\u00a0 102\u00e8me scratch\u00a0 2h05&rsquo;08<\/li>\n<li>M-Pierre Berthier\u00a0\u00a0\u00a0 106\u00e8me scratch\u00a0 2h06&rsquo;58<\/li>\n<li>Anne Lamborot\u00a0\u00a0\u00a0\u00a0\u00a0\u00a0\u00a0 113\u00e8me scratch\u00a0\u00a0 2h11&rsquo;01<\/li>\n<li>M-Agn\u00e8s Pelin\u00a0\u00a0\u00a0\u00a0\u00a0\u00a0\u00a0\u00a0\u00a0 113\u00e8me scratch\u00a0 2h11&prime; 01<\/li>\n<\/ul>\n<p><strong><a href=\"http:\/\/montceautriathlon.com\/blog\/wp-content\/uploads\/2018\/11\/podium-lulu.jpg\"><img data-attachment-id=\"2524\" data-permalink=\"https:\/\/www.montceautriathlon.com\/blog\/2018\/11\/19\/18-11-18-a-laise-la-charolaise-tous-balaises\/podium-lulu\/\" data-orig-file=\"https:\/\/www.montceautriathlon.com\/blog\/wp-content\/uploads\/2018\/11\/podium-lulu.jpg\" data-orig-size=\"940,660\" data-comments-opened=\"1\" data-image-meta=\"{&quot;aperture&quot;:&quot;0&quot;,&quot;credit&quot;:&quot;&quot;,&quot;camera&quot;:&quot;&quot;,&quot;caption&quot;:&quot;&quot;,&quot;created_timestamp&quot;:&quot;0&quot;,&quot;copyright&quot;:&quot;&quot;,&quot;focal_length&quot;:&quot;0&quot;,&quot;iso&quot;:&quot;0&quot;,&quot;shutter_speed&quot;:&quot;0&quot;,&quot;title&quot;:&quot;&quot;,&quot;orientation&quot;:&quot;0&quot;}\" data-image-title=\"podium lulu\" data-image-description=\"\" data-image-caption=\"\" data-medium-file=\"https:\/\/www.montceautriathlon.com\/blog\/wp-content\/uploads\/2018\/11\/podium-lulu-300x211.jpg\" data-large-file=\"https:\/\/www.montceautriathlon.com\/blog\/wp-content\/uploads\/2018\/11\/podium-lulu.jpg\" loading=\"lazy\" class=\"size-medium wp-image-2524 alignleft\" src=\"http:\/\/montceautriathlon.com\/blog\/wp-content\/uploads\/2018\/11\/podium-lulu-300x211.jpg\" alt=\"\" width=\"300\" height=\"211\" srcset=\"https:\/\/www.montceautriathlon.com\/blog\/wp-content\/uploads\/2018\/11\/podium-lulu-300x211.jpg 300w, https:\/\/www.montceautriathlon.com\/blog\/wp-content\/uploads\/2018\/11\/podium-lulu-768x539.jpg 768w, https:\/\/www.montceautriathlon.com\/blog\/wp-content\/uploads\/2018\/11\/podium-lulu.jpg 940w\" sizes=\"(max-width: 300px) 100vw, 300px\" \/><\/a><\/strong><\/p>\n<p><strong>r\u00e9sultats du 10km<\/strong> : 234 class\u00e9s et un podium pour Ludivine, 3\u00e8me f\u00e9minine ! Et Eric dans le top 10 !<\/p>\n<ul>\n<li>Eric Vaudelin\u00a0\u00a0\u00a0\u00a0\u00a0\u00a0\u00a0\u00a0\u00a0\u00a0\u00a0 8\u00e8me scratch\u00a0 39&rsquo;30<\/li>\n<li>Nicolas Gallarati\u00a0\u00a0\u00a0\u00a0\u00a0\u00a0 23\u00e8me scratch 42&rsquo;46<\/li>\n<li>Ludovic Ballico\u00a0\u00a0\u00a0\u00a0\u00a0\u00a0\u00a0\u00a0 24\u00e8me scratch\u00a0\u00a0 43&rsquo;02<\/li>\n<li>Nicolas Fichet\u00a0\u00a0\u00a0\u00a0\u00a0\u00a0\u00a0\u00a0\u00a0 30\u00e8me scratch\u00a0 44&rsquo;39<\/li>\n<li>R\u00e9my demorti\u00e8re\u00a0\u00a0\u00a0\u00a0 56\u00e8me scratch\u00a0 47&rsquo;52<\/li>\n<li><strong>Ludivine Lequin<\/strong>\u00a0\u00a0\u00a0 62\u00e8me scratch\u00a0 48&rsquo;35<\/li>\n<li>Maryl\u00e8ne Lequin\u00a0\u00a0\u00a0\u00a0\u00a0 69\u00e8me scratch\u00a0 50&rsquo;35<\/li>\n<li>David Michel\u00a0\u00a0\u00a0\u00a0\u00a0\u00a0\u00a0\u00a0\u00a0\u00a0\u00a0 79\u00e8me scratch\u00a0 52&rsquo;28<\/li>\n<li>Philippe Renard\u00a0\u00a0\u00a0\u00a0\u00a0\u00a0 81\u00e8me scratch 52&rsquo;34<\/li>\n<li>Fabienne Vaudelin\u00a0 86\u00e8me scratch 53&rsquo;09<\/li>\n<li>M\u00e9lodie Fichet\u00a0\u00a0\u00a0\u00a0\u00a0\u00a0\u00a0 109\u00e8me scratch\u00a0 55&rsquo;03<\/li>\n<li>Emile Fichet\u00a0\u00a0\u00a0\u00a0\u00a0\u00a0\u00a0\u00a0\u00a0\u00a0\u00a0 124\u00e8me scratch\u00a0 57&rsquo;20<\/li>\n<\/ul>\n","protected":false},"excerpt":{"rendered":"<p>r\u00e9sultats du semi: 123 class\u00e9s et un podium pour Aude 3\u00e8me f\u00e9minine ! Aude Demorti\u00e8re\u00a0\u00a0\u00a0 50\u00e8me scratch\u00a0 1h46&rsquo;21 Bertrand de sars\u00a0\u00a0\u00a0\u00a0\u00a0\u00a0 53\u00e8me scratch 1h47&rsquo;29 Charline Berthier \u00a0 \u00a0 \u00a0 65\u00e8me scratch 1h51&rsquo;00 Kamel Boukhitine\u00a0\u00a0\u00a0\u00a0 87\u00e8me scratch 1h59&rsquo;18 Laurence De Sars\u00a0\u00a0 102\u00e8me scratch\u00a0 2h05&rsquo;08 M-Pierre Berthier\u00a0\u00a0\u00a0 106\u00e8me scratch\u00a0 2h06&rsquo;58 Anne Lamborot\u00a0\u00a0\u00a0\u00a0\u00a0\u00a0\u00a0 113\u00e8me scratch\u00a0\u00a0 2h11&rsquo;01 M-Agn\u00e8s Pelin\u00a0\u00a0\u00a0\u00a0\u00a0\u00a0\u00a0\u00a0\u00a0 [&hellip;]<\/p>\n","protected":false},"author":5,"featured_media":0,"comment_status":"open","ping_status":"open","sticky":false,"template":"","format":"standard","meta":{"spay_email":"","jetpack_publicize_message":"","jetpack_is_tweetstorm":false},"categories":[1],"tags":[],"jetpack_featured_media_url":"","jetpack_publicize_connections":[],"jetpack_sharing_enabled":true,"jetpack_shortlink":"https:\/\/wp.me\/p8bwIy-EG","jetpack-related-posts":[{"id":1971,"url":"https:\/\/www.montceautriathlon.com\/blog\/2018\/05\/29\/du-cote-des-trailers\/","url_meta":{"origin":2522,"position":0},"title":"Du c\u00f4t\u00e9 des trailers","date":"29 mai 2018","format":false,"excerpt":"27 mai 2018 : A noter l'excellente performance de Cyril B\u00e9rardan sur l'ultratrial de C\u00f4te d'or \u00e0 Marsannay sur la distance des 65km (1750D+)en 7h06'01\" avec une 3\u00e8me place au scratch et une 1\u00e8re en SM. 20 mai 2018 Un groupe de v\u00e9t\u00e9rans s'est d\u00e9plac\u00e9 \u00e9galement le 20 mai sur\u2026","rel":"","context":"Dans &quot;Non class\u00e9&quot;","img":{"alt_text":"","src":"","width":0,"height":0},"classes":[]},{"id":2594,"url":"https:\/\/www.montceautriathlon.com\/blog\/2019\/01\/21\/19-01-2019-oxyrace-du-jura\/","url_meta":{"origin":2522,"position":1},"title":"19\/01\/2019 : OXYRACE du Jura \u00e0 Lamoura","date":"21 janvier 2019","format":false,"excerpt":"Pas grand chose \u00e0 se mettre sous la langue ces derniers temps si ce n'est une marche des soupes il y a une semaine du c\u00f4t\u00e9 de Marigny o\u00f9 quelques membres du club avaient fait le d\u00e9placement. Mais fin de la disette, les comp\u00e9titions reprennent avec notamment cet Oxyrace du\u2026","rel":"","context":"Dans &quot;Non class\u00e9&quot;","img":{"alt_text":"","src":"https:\/\/i2.wp.com\/montceautriathlon.com\/blog\/wp-content\/uploads\/2019\/01\/oxyrace-2019-300x300.jpg?resize=350%2C200","width":350,"height":200},"classes":[]},{"id":1496,"url":"https:\/\/www.montceautriathlon.com\/blog\/2017\/09\/11\/triathlon-dauxonne-10-septembre-2017\/","url_meta":{"origin":2522,"position":2},"title":"Triathlon d&rsquo;Auxonne (10 septembre 2017)","date":"11 septembre 2017","format":false,"excerpt":"Tous les r\u00e9sultats: Epreuve\u00a0Jeunes\u00a08\/11 ans\u00a0: (36 participants) Marie DEMORTIERE\u00a0: 2\u00b0 scratch\u00a0\/ 1\u00b0\u00a0PUF \/ 00:14:03 Coralie BEAUGEY : 28\u00b0 \/ 9\u00b0 PUF \/ 00:19:00 \u00a0 Epreuve\u00a0Jeunes\u00a012\/19 ans\u00a0: (34 participants) Alexis DEMORTIERE : 10\u00b0 scratch\u00a0\/ 9\u00b0\u00a0MIH \/ 00:29:21 Epreuve\u00a0S : (216 participants) Ludivine\u00a0LEQUIN : 42\u00b0 scratch\u00a0\/ 1\u00b0\u00a0CAF \/ 01:09:11 Maryl\u00e8ne LEQUIN :\u2026","rel":"","context":"Dans &quot;Non class\u00e9&quot;","img":{"alt_text":"","src":"https:\/\/i0.wp.com\/www.montceautriathlon.com\/blog\/wp-content\/uploads\/2017\/09\/20170910_180326.jpg?resize=350%2C200&ssl=1","width":350,"height":200},"classes":[]},{"id":1683,"url":"https:\/\/www.montceautriathlon.com\/blog\/2017\/11\/27\/resultats-bikerun-dole\/","url_meta":{"origin":2522,"position":3},"title":"RESULTATS BIKE&#038;RUN DOLE","date":"27 novembre 2017","format":false,"excerpt":"Tous les r\u00e9sultats dans le fichier joint :\u00a0\u00a0\u00a0\u00a0\u00a0\u00a0\u00a0\u00a0\u00a0\u00a0\u00a0\u00a0\u00a0\u00a0 RESULTATS Bike and run _DOLE_ 2017 Premi\u00e8re manche du circuit plus d\u00e9licate avec de vraies difficult\u00e9s : boue, d\u00e9nivel\u00e9, et singles \u00e0 la queue leu leu ! Bravo les courageux ! r\u00e9sultats jeunes 1\u00a0\u00a0\u00a0\u00a0\u00a0\u00a0\u00a0\u00a0\u00a0 2\u00a0km\u00a0\u00a0\u00a0\u00a0\u00a0\u00a0\u00a0 25 participants Zo\u00e9 Da Eira\/Lou Grivaut\u00a0\u00a0\u00a0\u00a0\u00a0\u00a0\u00a0\u00a0\u00a0\u00a0\u00a0\u00a0\u00a0\u00a0 \u00a0\u2026","rel":"","context":"Dans &quot;Non class\u00e9&quot;","img":{"alt_text":"","src":"","width":0,"height":0},"classes":[]},{"id":3342,"url":"https:\/\/www.montceautriathlon.com\/blog\/2019\/11\/18\/au-menu-ce-week-end-une-escapade-charolaise-avec-une-cote-de-beaune\/","url_meta":{"origin":2522,"position":4},"title":"Au menu ce week-end : une escapade charolaise  avec une c\u00f4te de Beaune","date":"18 novembre 2019","format":false,"excerpt":"Samedi, c'\u00e9tait le semi-marathon de Beaune et huit licenci\u00e9s avaient d\u00e9cid\u00e9 de se m\u00ealer \u00e0 la foule. 2140 coureurs sur la ligne de d\u00e9part ! les r\u00e9sultats : Olivier Grivault\u00a0\u00a0\u00a0\u00a0 1h45'00\u00a0\u00a0\u00a0 545\u00e8me scratch Arnaud Rondier \u00a0\u00a0 1h45'02\u00a0\u00a0 546\u00e8me scratch Laurent Magnien\u00a0 1h45'02\u00a0\u00a0\u00a0 547\u00e8me scratch Bertrand De Sars\u00a0 1h51'28\u00a0\u00a0\u00a0 828\u00e8me scratch\u2026","rel":"","context":"Dans &quot;Non class\u00e9&quot;","img":{"alt_text":"","src":"","width":0,"height":0},"classes":[]},{"id":1773,"url":"https:\/\/www.montceautriathlon.com\/blog\/2018\/03\/05\/trail-des-trois-chateaux-le-creusot-3-et-4-mars-2018\/","url_meta":{"origin":2522,"position":5},"title":"Trail des trois Ch\u00e2teaux le Creusot 3 et 4 mars 2018","date":"5 mars 2018","format":false,"excerpt":"Belle participation du club aux diff\u00e9rentes \u00e9preuves de ce week-end Creusotin. Mention sp\u00e9ciale aux f\u00e9minines avec la 1\u00e8re place de Sandrine Ghesqui\u00e8re sur le combin\u00e9(18+30KM) et la seconde de Sandrine Marchand en V1 F. Belle premi\u00e8re place aussi pour Catherine Mauro en V1F sur la nocturne du 18km.(3\u00e8me f\u00e9minine) Podium\u2026","rel":"","context":"Dans &quot;Non class\u00e9&quot;","img":{"alt_text":"","src":"","width":0,"height":0},"classes":[]}],"_links":{"self":[{"href":"https:\/\/www.montceautriathlon.com\/blog\/wp-json\/wp\/v2\/posts\/2522"}],"collection":[{"href":"https:\/\/www.montceautriathlon.com\/blog\/wp-json\/wp\/v2\/posts"}],"about":[{"href":"https:\/\/www.montceautriathlon.com\/blog\/wp-json\/wp\/v2\/types\/post"}],"author":[{"embeddable":true,"href":"https:\/\/www.montceautriathlon.com\/blog\/wp-json\/wp\/v2\/users\/5"}],"replies":[{"embeddable":true,"href":"https:\/\/www.montceautriathlon.com\/blog\/wp-json\/wp\/v2\/comments?post=2522"}],"version-history":[{"count":5,"href":"https:\/\/www.montceautriathlon.com\/blog\/wp-json\/wp\/v2\/posts\/2522\/revisions"}],"predecessor-version":[{"id":2532,"href":"https:\/\/www.montceautriathlon.com\/blog\/wp-json\/wp\/v2\/posts\/2522\/revisions\/2532"}],"wp:attachment":[{"href":"https:\/\/www.montceautriathlon.com\/blog\/wp-json\/wp\/v2\/media?parent=2522"}],"wp:term":[{"taxonomy":"category","embeddable":true,"href":"https:\/\/www.montceautriathlon.com\/blog\/wp-json\/wp\/v2\/categories?post=2522"},{"taxonomy":"post_tag","embeddable":true,"href":"https:\/\/www.montceautriathlon.com\/blog\/wp-json\/wp\/v2\/tags?post=2522"}],"curies":[{"name":"wp","href":"https:\/\/api.w.org\/{rel}","templated":true}]}}