{"id":2515,"date":"2018-11-19T15:17:02","date_gmt":"2018-11-19T14:17:02","guid":{"rendered":"http:\/\/montceautriathlon.com\/blog\/?p=2515"},"modified":"2019-04-03T10:06:13","modified_gmt":"2019-04-03T09:06:13","slug":"17-11-18-semi-marathon-de-beaune-ou-ne-pas-courir-en-vain-sur-la-cote","status":"publish","type":"post","link":"https:\/\/www.montceautriathlon.com\/blog\/2018\/11\/19\/17-11-18-semi-marathon-de-beaune-ou-ne-pas-courir-en-vain-sur-la-cote\/","title":{"rendered":"17\/11\/18 : semi marathon de Beaune ou ne pas courir en vain sur la c\u00f4te !"},"content":{"rendered":"<p><a href=\"http:\/\/montceautriathlon.com\/blog\/wp-content\/uploads\/2018\/11\/Laurent-Cyrille.jpg\"><img data-attachment-id=\"2517\" data-permalink=\"https:\/\/www.montceautriathlon.com\/blog\/2018\/11\/19\/17-11-18-semi-marathon-de-beaune-ou-ne-pas-courir-en-vain-sur-la-cote\/laurent-cyrille\/\" data-orig-file=\"https:\/\/www.montceautriathlon.com\/blog\/wp-content\/uploads\/2018\/11\/Laurent-Cyrille.jpg\" data-orig-size=\"4608,3456\" data-comments-opened=\"1\" data-image-meta=\"{&quot;aperture&quot;:&quot;1.7&quot;,&quot;credit&quot;:&quot;&quot;,&quot;camera&quot;:&quot;SM-A530F&quot;,&quot;caption&quot;:&quot;&quot;,&quot;created_timestamp&quot;:&quot;1542468665&quot;,&quot;copyright&quot;:&quot;&quot;,&quot;focal_length&quot;:&quot;3.93&quot;,&quot;iso&quot;:&quot;40&quot;,&quot;shutter_speed&quot;:&quot;0.008&quot;,&quot;title&quot;:&quot;&quot;,&quot;orientation&quot;:&quot;1&quot;}\" data-image-title=\"Laurent &#038; Cyrille\" data-image-description=\"\" data-image-caption=\"\" data-medium-file=\"https:\/\/www.montceautriathlon.com\/blog\/wp-content\/uploads\/2018\/11\/Laurent-Cyrille-300x225.jpg\" data-large-file=\"https:\/\/www.montceautriathlon.com\/blog\/wp-content\/uploads\/2018\/11\/Laurent-Cyrille-1024x768.jpg\" loading=\"lazy\" class=\" wp-image-2517 alignleft\" src=\"http:\/\/montceautriathlon.com\/blog\/wp-content\/uploads\/2018\/11\/Laurent-Cyrille-300x225.jpg\" alt=\"\" width=\"220\" height=\"165\" srcset=\"https:\/\/www.montceautriathlon.com\/blog\/wp-content\/uploads\/2018\/11\/Laurent-Cyrille-300x225.jpg 300w, https:\/\/www.montceautriathlon.com\/blog\/wp-content\/uploads\/2018\/11\/Laurent-Cyrille-768x576.jpg 768w, https:\/\/www.montceautriathlon.com\/blog\/wp-content\/uploads\/2018\/11\/Laurent-Cyrille-1024x768.jpg 1024w\" sizes=\"(max-width: 220px) 100vw, 220px\" \/><\/a><strong>R\u00e9sultats du semi : 2288 class\u00e9s.<\/strong><\/p>\n<ul>\n<li>Laurent Magnien\u00a0\u00a0\u00a0\u00a0\u00a0 55\u00e8me scratch\u00a0\u00a0 17\u00e8me\u00a0\u00a0 VH1\u00a0 1h24&rsquo;29<\/li>\n<li>Cyrille B\u00e9rardan\u00a0\u00a0\u00a0\u00a0\u00a0\u00a0 58\u00e8me scratch\u00a0\u00a0 31\u00e8me\u00a0\u00a0\u00a0 SH\u00a0 1h24&rsquo;49<\/li>\n<li>Beno\u00eet Thierry\u00a0\u00a0\u00a0\u00a0\u00a0\u00a0\u00a0\u00a0\u00a0\u00a0 189\u00e8me scratch\u00a0 62\u00e8me\u00a0\u00a0 VH1\u00a0 1h33&rsquo;28<\/li>\n<li>Arnaud Rondier\u00a0\u00a0\u00a0\u00a0\u00a0\u00a0\u00a0 192\u00e8me scratch 64\u00e8me\u00a0\u00a0 VH1 1h33&rsquo;28<\/li>\n<li>Olivier Grivault \u00a0 \u00a0 \u00a0 \u00a0\u00a0 911\u00e8me scratch\u00a0 278\u00e8me VH1\u00a0 1h50&rsquo;44<\/li>\n<li>Jean Da Eira\u00a0\u00a0\u00a0\u00a0\u00a0\u00a0\u00a0\u00a0\u00a0\u00a0 1233\u00e8me scratch 365\u00e8me VH1 1h57&rsquo;35<\/li>\n<\/ul>\n<p>&nbsp;<\/p>\n<p><a href=\"http:\/\/montceautriathlon.com\/blog\/wp-content\/uploads\/2018\/11\/groupe-Beaune.jpg\"><img data-attachment-id=\"2516\" data-permalink=\"https:\/\/www.montceautriathlon.com\/blog\/2018\/11\/19\/17-11-18-semi-marathon-de-beaune-ou-ne-pas-courir-en-vain-sur-la-cote\/groupe-beaune\/\" data-orig-file=\"https:\/\/www.montceautriathlon.com\/blog\/wp-content\/uploads\/2018\/11\/groupe-Beaune.jpg\" data-orig-size=\"4608,3456\" data-comments-opened=\"1\" data-image-meta=\"{&quot;aperture&quot;:&quot;1.7&quot;,&quot;credit&quot;:&quot;&quot;,&quot;camera&quot;:&quot;SM-A530F&quot;,&quot;caption&quot;:&quot;&quot;,&quot;created_timestamp&quot;:&quot;1542460044&quot;,&quot;copyright&quot;:&quot;&quot;,&quot;focal_length&quot;:&quot;3.93&quot;,&quot;iso&quot;:&quot;80&quot;,&quot;shutter_speed&quot;:&quot;0.02&quot;,&quot;title&quot;:&quot;&quot;,&quot;orientation&quot;:&quot;1&quot;}\" data-image-title=\"groupe Beaune\" data-image-description=\"\" data-image-caption=\"\" data-medium-file=\"https:\/\/www.montceautriathlon.com\/blog\/wp-content\/uploads\/2018\/11\/groupe-Beaune-300x225.jpg\" data-large-file=\"https:\/\/www.montceautriathlon.com\/blog\/wp-content\/uploads\/2018\/11\/groupe-Beaune-1024x768.jpg\" loading=\"lazy\" class=\" wp-image-2516 alignright\" src=\"http:\/\/montceautriathlon.com\/blog\/wp-content\/uploads\/2018\/11\/groupe-Beaune-300x225.jpg\" alt=\"\" width=\"206\" height=\"154\" srcset=\"https:\/\/www.montceautriathlon.com\/blog\/wp-content\/uploads\/2018\/11\/groupe-Beaune-300x225.jpg 300w, https:\/\/www.montceautriathlon.com\/blog\/wp-content\/uploads\/2018\/11\/groupe-Beaune-768x576.jpg 768w, https:\/\/www.montceautriathlon.com\/blog\/wp-content\/uploads\/2018\/11\/groupe-Beaune-1024x768.jpg 1024w\" sizes=\"(max-width: 206px) 100vw, 206px\" \/><\/a><\/p>\n<p>&nbsp;<\/p>\n<p><strong>R\u00e9sultats du 10,4km. 1896 class\u00e9s<\/strong><\/p>\n<ul>\n<li>Laurent Xypolitas\u00a0 61\u00e8me scratch 5\u00e8me VH2 44&rsquo;14<\/li>\n<\/ul>\n<p>&nbsp;<\/p>\n<p>&nbsp;<\/p>\n","protected":false},"excerpt":{"rendered":"<p>R\u00e9sultats du semi : 2288 class\u00e9s. Laurent Magnien\u00a0\u00a0\u00a0\u00a0\u00a0 55\u00e8me scratch\u00a0\u00a0 17\u00e8me\u00a0\u00a0 VH1\u00a0 1h24&rsquo;29 Cyrille B\u00e9rardan\u00a0\u00a0\u00a0\u00a0\u00a0\u00a0 58\u00e8me scratch\u00a0\u00a0 31\u00e8me\u00a0\u00a0\u00a0 SH\u00a0 1h24&rsquo;49 Beno\u00eet Thierry\u00a0\u00a0\u00a0\u00a0\u00a0\u00a0\u00a0\u00a0\u00a0\u00a0 189\u00e8me scratch\u00a0 62\u00e8me\u00a0\u00a0 VH1\u00a0 1h33&rsquo;28 Arnaud Rondier\u00a0\u00a0\u00a0\u00a0\u00a0\u00a0\u00a0 192\u00e8me scratch 64\u00e8me\u00a0\u00a0 VH1 1h33&rsquo;28 Olivier Grivault \u00a0 \u00a0 \u00a0 \u00a0\u00a0 911\u00e8me scratch\u00a0 278\u00e8me VH1\u00a0 1h50&rsquo;44 Jean Da Eira\u00a0\u00a0\u00a0\u00a0\u00a0\u00a0\u00a0\u00a0\u00a0\u00a0 1233\u00e8me scratch 365\u00e8me VH1 1h57&rsquo;35 &nbsp; &nbsp; [&hellip;]<\/p>\n","protected":false},"author":5,"featured_media":0,"comment_status":"open","ping_status":"open","sticky":false,"template":"","format":"standard","meta":{"spay_email":"","jetpack_publicize_message":"","jetpack_is_tweetstorm":false},"categories":[1],"tags":[],"jetpack_featured_media_url":"","jetpack_publicize_connections":[],"jetpack_sharing_enabled":true,"jetpack_shortlink":"https:\/\/wp.me\/p8bwIy-Ez","jetpack-related-posts":[{"id":2681,"url":"https:\/\/www.montceautriathlon.com\/blog\/2019\/04\/01\/30-03-19-semi-marathon-de-la-cote-chalonnaise-avec-moderation\/","url_meta":{"origin":2515,"position":0},"title":"30\/03\/19, semi-marathon de la c\u00f4te chalonnaise : avec mod\u00e9ration&#8230;","date":"1 avril 2019","format":false,"excerpt":"Quelques triathl\u00e8tes du club ont donc fait le d\u00e9placement ce week-end du c\u00f4t\u00e9 de Givry. A noter la\u00a0 jolie performance de K\u00e9vin Dorkel sur un\u00a0 10km tr\u00e8s relev\u00e9 avec une belle 10\u00e8me place au scratch ! Et aussi la belle 17\u00e8me place de Cyrille B\u00e9rardan\u00a0 sur le marathon ! Bravo\u2026","rel":"","context":"Dans &quot;Non class\u00e9&quot;","img":{"alt_text":"","src":"https:\/\/i0.wp.com\/montceautriathlon.com\/blog\/wp-content\/uploads\/2019\/04\/pancarte.jpg?resize=350%2C200","width":350,"height":200},"classes":[]},{"id":2522,"url":"https:\/\/www.montceautriathlon.com\/blog\/2018\/11\/19\/18-11-18-a-laise-la-charolaise-tous-balaises\/","url_meta":{"origin":2515,"position":1},"title":"18\/11\/18 :  a l&rsquo;aise la Charolaise, tous balaises !","date":"19 novembre 2018","format":false,"excerpt":"r\u00e9sultats du semi: 123 class\u00e9s et un podium pour Aude 3\u00e8me f\u00e9minine ! Aude Demorti\u00e8re\u00a0\u00a0\u00a0 50\u00e8me scratch\u00a0 1h46'21 Bertrand de sars\u00a0\u00a0\u00a0\u00a0\u00a0\u00a0 53\u00e8me scratch 1h47'29 Charline Berthier \u00a0 \u00a0 \u00a0 65\u00e8me scratch 1h51'00 Kamel Boukhitine\u00a0\u00a0\u00a0\u00a0 87\u00e8me scratch 1h59'18 Laurence De Sars\u00a0\u00a0 102\u00e8me scratch\u00a0 2h05'08 M-Pierre Berthier\u00a0\u00a0\u00a0 106\u00e8me scratch\u00a0 2h06'58 Anne Lamborot\u00a0\u00a0\u00a0\u00a0\u00a0\u00a0\u00a0\u2026","rel":"","context":"Dans &quot;Non class\u00e9&quot;","img":{"alt_text":"","src":"https:\/\/i0.wp.com\/montceautriathlon.com\/blog\/wp-content\/uploads\/2018\/11\/podium-Aude-300x211.jpg?resize=350%2C200","width":350,"height":200},"classes":[]},{"id":1868,"url":"https:\/\/www.montceautriathlon.com\/blog\/2018\/04\/04\/marathon-de-la-cote-chalonnaise-31-03-2018\/","url_meta":{"origin":2515,"position":2},"title":"marathon de la C\u00f4te Chalonnaise 31\/03\/2018","date":"4 avril 2018","format":false,"excerpt":"Ce week-end Pascal aura \u00e9t\u00e9 charg\u00e9 en \u00e9v\u00e8nements et plusieurs licenci\u00e9s du club ont fait le d\u00e9placement en C\u00f4te Chalonnaise. On peut noter les excellentes performances sur le marathon de Cyrille B\u00e9rardian et de notre coach Beno\u00eet Thierry qui avaient vraisemblablement peur de rater le train. Fred Ghesqui\u00e8re n'aura pas\u2026","rel":"","context":"Dans &quot;Non class\u00e9&quot;","img":{"alt_text":"","src":"https:\/\/i1.wp.com\/montceautriathlon.com\/blog\/wp-content\/uploads\/2018\/04\/beno\u00c3\u00aet-1-300x277.jpg?resize=350%2C200","width":350,"height":200},"classes":[]},{"id":2487,"url":"https:\/\/www.montceautriathlon.com\/blog\/2018\/11\/04\/3-11-18-semi-marathon-du-charolais-une-douzaine-de-licencies-au-top-depart\/","url_meta":{"origin":2515,"position":3},"title":"3\/11\/18  semi marathon du Charolais : une douzaine de licenci\u00e9s au top d\u00e9part !","date":"4 novembre 2018","format":false,"excerpt":"\u00a0 \u00a0 \u00a0 \u00a0 \u00a0 250 class\u00e9s\u00a0 dont onze triathl\u00e8tes du club et une nouvelle belle perf de Laurent de Souza avec sa 7\u00e8me place au scratch et 1er v\u00e9t\u00e9ran et jolie 6\u00e8me place en VEF pour C\u00e9line sa douce et tendre.\u00a0 Bravo \u00e0 tous les participants ! Sur le\u2026","rel":"","context":"Dans &quot;Non class\u00e9&quot;","img":{"alt_text":"","src":"","width":0,"height":0},"classes":[]},{"id":1927,"url":"https:\/\/www.montceautriathlon.com\/blog\/2018\/04\/30\/triathlon-metal-valley-montbard-29-04-2018\/","url_meta":{"origin":2515,"position":4},"title":"Triathlon M\u00e9tal Valley MONTBARD 29\/04\/2018","date":"30 avril 2018","format":false,"excerpt":"Une forte et jeune \u00e9quipe du club s'est d\u00e9plac\u00e9e ce week-end \u00e0 Montbard. Une belle colonie de benjamin(e)s et de pupilles avec pour certains leur premier vrai triathlon. De beaux r\u00e9sultats ! Mention sp\u00e9ciale \u00e0 Marius Grivault 3\u00e8me Benjamin sur le XS avec une belle 16\u00e8me place au scratch sur\u2026","rel":"","context":"Dans &quot;Non class\u00e9&quot;","img":{"alt_text":"","src":"","width":0,"height":0},"classes":[]},{"id":3035,"url":"https:\/\/www.montceautriathlon.com\/blog\/2019\/07\/09\/7-juillet-2019-triathlon-de-macon-un-triathlon-fecond\/","url_meta":{"origin":2515,"position":5},"title":"7 juillet 2019, triathlon de M\u00e2con: un triathlon f\u00e9cond !","date":"9 juillet 2019","format":false,"excerpt":"Ce dimanche 7 juillet, ce n'est pas le rubicond qu'il fallait franchir \u00e0 M\u00e2con mais plut\u00f4t la chaleur le long de la Sa\u00f4ne comme un peu partout sur les triathlons. C'est donc 27 courageux triathl\u00e8tes du club dont 13 jeunes de l'\u00e9cole de tri qui se sont align\u00e9s sur les\u2026","rel":"","context":"Dans &quot;Non class\u00e9&quot;","img":{"alt_text":"","src":"","width":0,"height":0},"classes":[]}],"_links":{"self":[{"href":"https:\/\/www.montceautriathlon.com\/blog\/wp-json\/wp\/v2\/posts\/2515"}],"collection":[{"href":"https:\/\/www.montceautriathlon.com\/blog\/wp-json\/wp\/v2\/posts"}],"about":[{"href":"https:\/\/www.montceautriathlon.com\/blog\/wp-json\/wp\/v2\/types\/post"}],"author":[{"embeddable":true,"href":"https:\/\/www.montceautriathlon.com\/blog\/wp-json\/wp\/v2\/users\/5"}],"replies":[{"embeddable":true,"href":"https:\/\/www.montceautriathlon.com\/blog\/wp-json\/wp\/v2\/comments?post=2515"}],"version-history":[{"count":5,"href":"https:\/\/www.montceautriathlon.com\/blog\/wp-json\/wp\/v2\/posts\/2515\/revisions"}],"predecessor-version":[{"id":2533,"href":"https:\/\/www.montceautriathlon.com\/blog\/wp-json\/wp\/v2\/posts\/2515\/revisions\/2533"}],"wp:attachment":[{"href":"https:\/\/www.montceautriathlon.com\/blog\/wp-json\/wp\/v2\/media?parent=2515"}],"wp:term":[{"taxonomy":"category","embeddable":true,"href":"https:\/\/www.montceautriathlon.com\/blog\/wp-json\/wp\/v2\/categories?post=2515"},{"taxonomy":"post_tag","embeddable":true,"href":"https:\/\/www.montceautriathlon.com\/blog\/wp-json\/wp\/v2\/tags?post=2515"}],"curies":[{"name":"wp","href":"https:\/\/api.w.org\/{rel}","templated":true}]}}