{"id":2506,"date":"2018-11-12T19:00:19","date_gmt":"2018-11-12T18:00:19","guid":{"rendered":"http:\/\/montceautriathlon.com\/blog\/?p=2506"},"modified":"2018-11-13T15:48:26","modified_gmt":"2018-11-13T14:48:26","slug":"11-11-18-bike-run-a-chenove-on-ne-pedale-pas-dans-la-guimauve","status":"publish","type":"post","link":"https:\/\/www.montceautriathlon.com\/blog\/2018\/11\/12\/11-11-18-bike-run-a-chenove-on-ne-pedale-pas-dans-la-guimauve\/","title":{"rendered":"11\/11\/18 Bike &#038; run. A Chen\u00f4ve, on ne p\u00e9dale pas dans la guimauve !"},"content":{"rendered":"<p><a href=\"http:\/\/montceautriathlon.com\/blog\/wp-content\/uploads\/2018\/11\/Chenove-2.jpg\"><img data-attachment-id=\"2511\" data-permalink=\"https:\/\/www.montceautriathlon.com\/blog\/2018\/11\/12\/11-11-18-bike-run-a-chenove-on-ne-pedale-pas-dans-la-guimauve\/chenove-2\/\" data-orig-file=\"https:\/\/www.montceautriathlon.com\/blog\/wp-content\/uploads\/2018\/11\/Chenove-2.jpg\" data-orig-size=\"1280,854\" data-comments-opened=\"1\" data-image-meta=\"{&quot;aperture&quot;:&quot;0&quot;,&quot;credit&quot;:&quot;&quot;,&quot;camera&quot;:&quot;&quot;,&quot;caption&quot;:&quot;&quot;,&quot;created_timestamp&quot;:&quot;0&quot;,&quot;copyright&quot;:&quot;&quot;,&quot;focal_length&quot;:&quot;0&quot;,&quot;iso&quot;:&quot;0&quot;,&quot;shutter_speed&quot;:&quot;0&quot;,&quot;title&quot;:&quot;&quot;,&quot;orientation&quot;:&quot;0&quot;}\" data-image-title=\"Chenove 2\" data-image-description=\"\" data-image-caption=\"\" data-medium-file=\"https:\/\/www.montceautriathlon.com\/blog\/wp-content\/uploads\/2018\/11\/Chenove-2-300x200.jpg\" data-large-file=\"https:\/\/www.montceautriathlon.com\/blog\/wp-content\/uploads\/2018\/11\/Chenove-2-1024x683.jpg\" loading=\"lazy\" class=\"size-medium wp-image-2511 alignleft\" src=\"http:\/\/montceautriathlon.com\/blog\/wp-content\/uploads\/2018\/11\/Chenove-2-300x200.jpg\" alt=\"\" width=\"300\" height=\"200\" srcset=\"https:\/\/www.montceautriathlon.com\/blog\/wp-content\/uploads\/2018\/11\/Chenove-2-300x200.jpg 300w, https:\/\/www.montceautriathlon.com\/blog\/wp-content\/uploads\/2018\/11\/Chenove-2-768x512.jpg 768w, https:\/\/www.montceautriathlon.com\/blog\/wp-content\/uploads\/2018\/11\/Chenove-2-1024x683.jpg 1024w, https:\/\/www.montceautriathlon.com\/blog\/wp-content\/uploads\/2018\/11\/Chenove-2.jpg 1280w\" sizes=\"(max-width: 300px) 100vw, 300px\" \/><\/a>16 \u00e9quipes du club ont\u00a0 donc fait le d\u00e9placement sur les hauteurs dijonnaises et plusieurs \u00e9quipes sont mont\u00e9es sur le podium. Belle premi\u00e8re place pour nos jeunes Marine et Juliette qui savourent leur deuxi\u00e8me victoire dans leur cat\u00e9gorie en 2 \u00e9preuves, 1\u00e8res f\u00e9minines en J2.\u00a0 Aude et Catherine n&rsquo;ont rien pu faire face aux filles du CTC et\u00a0 obtiennent un jolie deuxi\u00e8me place en f\u00e9minines. A noter la disqualification malheureuse de notre duo de choc Laurent et Cyrille*(qui a remplac\u00e9 Eric Vaudelin malade) cons\u00e9cutive \u00e0 un changement de v\u00e9lo apr\u00e8s crevaison. Non class\u00e9s, ils auraient pu finir sur le podium v\u00e9t\u00e9rans si Cyrille avait \u00e9t\u00e9 v\u00e9t\u00e9ran comme Eric !!!!* Arnaud et Beno\u00eet en profitent(quand m\u00eame* ) et\u00a0 sont r\u00e9compens\u00e9s de leur constance en montant sur la 3\u00e8me marche en V\u00e9t\u00e9rans masculins. Bravo \u00e0 tous les autres et \u00e0 l&rsquo;\u00e9cole de tri qui a encore d\u00e9plac\u00e9 18 jeunes sur cette comp\u00e9tition.<a href=\"http:\/\/montceautriathlon.com\/blog\/wp-content\/uploads\/2018\/11\/Chenove-1.jpg\"><img data-attachment-id=\"2512\" data-permalink=\"https:\/\/www.montceautriathlon.com\/blog\/2018\/11\/12\/11-11-18-bike-run-a-chenove-on-ne-pedale-pas-dans-la-guimauve\/chenove-1\/\" data-orig-file=\"https:\/\/www.montceautriathlon.com\/blog\/wp-content\/uploads\/2018\/11\/Chenove-1.jpg\" data-orig-size=\"1280,854\" data-comments-opened=\"1\" data-image-meta=\"{&quot;aperture&quot;:&quot;0&quot;,&quot;credit&quot;:&quot;&quot;,&quot;camera&quot;:&quot;&quot;,&quot;caption&quot;:&quot;&quot;,&quot;created_timestamp&quot;:&quot;0&quot;,&quot;copyright&quot;:&quot;&quot;,&quot;focal_length&quot;:&quot;0&quot;,&quot;iso&quot;:&quot;0&quot;,&quot;shutter_speed&quot;:&quot;0&quot;,&quot;title&quot;:&quot;&quot;,&quot;orientation&quot;:&quot;0&quot;}\" data-image-title=\"Chenove 1\" data-image-description=\"\" data-image-caption=\"\" data-medium-file=\"https:\/\/www.montceautriathlon.com\/blog\/wp-content\/uploads\/2018\/11\/Chenove-1-300x200.jpg\" data-large-file=\"https:\/\/www.montceautriathlon.com\/blog\/wp-content\/uploads\/2018\/11\/Chenove-1-1024x683.jpg\" loading=\"lazy\" class=\"wp-image-2512 alignright\" src=\"http:\/\/montceautriathlon.com\/blog\/wp-content\/uploads\/2018\/11\/Chenove-1-300x200.jpg\" alt=\"\" width=\"233\" height=\"155\" srcset=\"https:\/\/www.montceautriathlon.com\/blog\/wp-content\/uploads\/2018\/11\/Chenove-1-300x200.jpg 300w, https:\/\/www.montceautriathlon.com\/blog\/wp-content\/uploads\/2018\/11\/Chenove-1-768x512.jpg 768w, https:\/\/www.montceautriathlon.com\/blog\/wp-content\/uploads\/2018\/11\/Chenove-1-1024x683.jpg 1024w, https:\/\/www.montceautriathlon.com\/blog\/wp-content\/uploads\/2018\/11\/Chenove-1.jpg 1280w\" sizes=\"(max-width: 233px) 100vw, 233px\" \/><\/a><\/p>\n<p>* : les joies du r\u00e9sum\u00e9 corrig\u00e9 lorsque l&rsquo;auteur \u00e9tait absent ! (comme souvent !)<\/p>\n<p><strong>les r\u00e9sultats complets<\/strong> en suivant le lien :<a href=\"http:\/\/montceautriathlon.com\/blog\/wp-content\/uploads\/2018\/11\/RESULTATS-Bike-and-run-chenove-2018-diffusion-site.xls\">RESULTATS Bike and run chenove 2018 &#8211; diffusion site<\/a><\/p>\n<p><strong>les photos de Christelle<\/strong> : <a href=\"https:\/\/photos.google.com\/share\/AF1QipOwucySdxY-XXI-6UbnCjs_GY9XCpY-Kg-VI4kii3sivMvub5KaRTmaMNlZBMIAxw?key=eGwybllVWnlfUHlZajBOb0RiZGYwNGZHYWJtajl3\">https:\/\/photos.google.com\/share\/AF1QipOwucySdxY-XXI-6UbnCjs_GY9XCpY-Kg-VI4kii3sivMvub5KaRTmaMNlZBMIAxw?key=eGwybllVWnlfUHlZajBOb0RiZGYwNGZHYWJtajl3<\/a><\/p>\n<p><strong>course J1<\/strong> : 12 \u00e9quipes<\/p>\n<ul>\n<li><strong>Julie Demorti\u00e8re\/ El\u00e9a B\u00e9rardan<\/strong>\u00a0\u00a0\u00a0 9\u00e8mes scratch\u00a0\u00a0 en 10&rsquo;31 \u00a0\u00a0 <strong>2\u00e8me F<\/strong><\/li>\n<li><strong>Zo\u00e9 Da Eira\/Lou Grivault<\/strong>\u00a0\u00a0\u00a0\u00a0\u00a0\u00a0\u00a0\u00a0\u00a0\u00a0\u00a0\u00a0\u00a0\u00a0 10\u00e8mes scratch\u00a0 en 11&rsquo;42\u00a0\u00a0\u00a0\u00a0 <strong>3\u00e8me F\u00e8ne <\/strong><\/li>\n<li>Axelle Da Eira\/Colombe Leboeuf\u00a0\u00a0\u00a0\u00a0\u00a0\u00a0\u00a0 12\u00e8mes scratch\u00a0 en 13&rsquo;15<\/li>\n<\/ul>\n<p><strong>course J2<\/strong> : 26 \u00e9quipes<\/p>\n<ul>\n<li>Marius Grivault\/Louis Renard\u00a0\u00a0\u00a0\u00a0\u00a0\u00a0\u00a0\u00a0\u00a0\u00a0\u00a0 10\u00e8mes scratch\u00a0 en 19&rsquo;05<\/li>\n<li>Antoine Ballet\/Marie Demorti\u00e8re\u00a0\u00a0\u00a0\u00a0\u00a0\u00a0 14\u00e8mes scratch en 19&rsquo;21<\/li>\n<li><strong>Marine Da Eira \/Juliette Bey<\/strong>\u00a0\u00a0\u00a0\u00a0\u00a0\u00a0\u00a0\u00a0\u00a0 17\u00e8mes scratch en 20&rsquo;02\u00a0 <strong>1\u00e8res F<\/strong><\/li>\n<li>Anthonin Gauthier\/Neige Leboeuf\u00a0\u00a0\u00a0\u00a0 24\u00e8mes scratch en 26&rsquo;23<\/li>\n<li>No\u00e9mie Magnien\/Garance Bey\u00a0\u00a0\u00a0\u00a0\u00a0\u00a0\u00a0\u00a0\u00a0 25\u00e8mes scratch\u00a0 en 27&rsquo;27<\/li>\n<\/ul>\n<p><strong>course XS<\/strong> : 58 \u00e9quipes<\/p>\n<ul>\n<li><strong>Arnaud Rondier\/Thierry Beno\u00eet<\/strong>\u00a0\u00a0\u00a0 \u00a0 \u00a0 14\u00e8mes scratch\u00a0 en 55&rsquo;21\u00a0 \u00a0 \u00a0 \u00a0\u00a0<strong> 3\u00e8mes VEM<\/strong><\/li>\n<li><strong>Marjolaine Dangeuil\/Pierre Ledey\u00a0<\/strong>\u00a0\u00a0 25\u00e8mes scratch\u00a0 en 1h01&rsquo;26\u00a0\u00a0\u00a0\u00a0<strong> 2\u00e8mes Ca\/Ju mix<\/strong><\/li>\n<li>Sandrine Marchand\/Olivier Grivault\u00a0\u00a0\u00a0\u00a0\u00a0\u00a0 33\u00e8mes scratch\u00a0 en 1h05&rsquo;03<\/li>\n<li><strong>Aude Demorti\u00e8re\/Catherine Mauro<\/strong> 36\u00e8mes scratch\u00a0 en 1h06&rsquo;08\u00a0 \u00a0 \u00a0<strong> 2\u00e8mes F<\/strong><\/li>\n<li>Jean DaEira\/Vincent Touillon\u00a0\u00a0\u00a0\u00a0\u00a0\u00a0\u00a0\u00a0\u00a0\u00a0 \u00a0 \u00a0 \u00a0 41\u00e8mes scratch\u00a0 en 1h09&rsquo;14<\/li>\n<li>Nadine Dorme\/Philippe Renard\u00a0\u00a0\u00a0\u00a0\u00a0\u00a0\u00a0\u00a0\u00a0\u00a0\u00a0\u00a0 50\u00e8mes scratch\u00a0 en 1h13&rsquo;04<\/li>\n<li>Sophie Rousseau\/H\u00e9l\u00e8ne Touillon\u00a0\u00a0\u00a0\u00a0\u00a0\u00a0\u00a0\u00a0\u00a0 51\u00e8mes scratch\u00a0 en 1h13&rsquo;17<\/li>\n<li>Cyrille B\u00e9rardan\/ Laurent Magnien\u00a0\u00a0\u00a0\u00a0\u00a0\u00a0\u00a0\u00a0\u00a0\u00a0\u00a0 DSQ<\/li>\n<\/ul>\n<p>&nbsp;<\/p>\n","protected":false},"excerpt":{"rendered":"<p>16 \u00e9quipes du club ont\u00a0 donc fait le d\u00e9placement sur les hauteurs dijonnaises et plusieurs \u00e9quipes sont mont\u00e9es sur le podium. Belle premi\u00e8re place pour nos jeunes Marine et Juliette qui savourent leur deuxi\u00e8me victoire dans leur cat\u00e9gorie en 2 \u00e9preuves, 1\u00e8res f\u00e9minines en J2.\u00a0 Aude et Catherine n&rsquo;ont rien pu faire face aux filles [&hellip;]<\/p>\n","protected":false},"author":5,"featured_media":0,"comment_status":"open","ping_status":"open","sticky":false,"template":"","format":"standard","meta":{"spay_email":"","jetpack_publicize_message":"","jetpack_is_tweetstorm":false},"categories":[1],"tags":[],"jetpack_featured_media_url":"","jetpack_publicize_connections":[],"jetpack_sharing_enabled":true,"jetpack_shortlink":"https:\/\/wp.me\/p8bwIy-Eq","jetpack-related-posts":[{"id":6146,"url":"https:\/\/www.montceautriathlon.com\/blog\/2023\/09\/06\/6146\/","url_meta":{"origin":2506,"position":0},"title":"Triathlon de Chalon : une belle d\u00e9l\u00e9gation montcellienne.","date":"6 septembre 2023","format":false,"excerpt":"Le club de Chalon organisait son triathlon le dimanche 3 septembre. Le club de Montceau \u00e9tait repr\u00e9sent\u00e9 sur toutes les courses jeunes et adultes. Les premi\u00e8res ( XS, 6\/9 ans et 10\/13 ans) se sont d\u00e9roul\u00e9es dans la piscine. par contre la course S avait lieu dans la Sa\u00f4ne avec\u2026","rel":"","context":"Dans &quot;Non class\u00e9&quot;","img":{"alt_text":"","src":"https:\/\/i2.wp.com\/www.montceautriathlon.com\/blog\/wp-content\/uploads\/2023\/09\/chalon.jpg?resize=350%2C200&ssl=1","width":350,"height":200},"classes":[]},{"id":7292,"url":"https:\/\/www.montceautriathlon.com\/blog\/2025\/01\/20\/bike-and-run-bourbon-lancy\/","url_meta":{"origin":2506,"position":1},"title":"Bike and run Bourbon Lancy","date":"20 janvier 2025","format":false,"excerpt":"Malgr\u00e9 le froid, les montcelliens se sont d\u00e9plac\u00e9s \u00e0 Bourbon Lancy ce dimanche 19 janvier pour le bike and run organis\u00e9 d'une main de maitre par Yohan et tous les b\u00e9n\u00e9voles du club. Les bin\u00f4mes de jeunes et d'adultes se sont align\u00e9s sur les 3 courses propos\u00e9es. Voici les r\u00e9sultats:\u2026","rel":"","context":"Dans &quot;Non class\u00e9&quot;","img":{"alt_text":"","src":"https:\/\/i1.wp.com\/www.montceautriathlon.com\/blog\/wp-content\/uploads\/2025\/01\/IMG-20250119-WA0004.jpg?resize=350%2C200&ssl=1","width":350,"height":200},"classes":[]},{"id":832,"url":"https:\/\/www.montceautriathlon.com\/blog\/2016\/09\/14\/resultats-du-championnat-de-france-d3-1011-septembre-2016\/","url_meta":{"origin":2506,"position":2},"title":"R\u00e9sultats du championnat de France D3 (10&#038;11 septembre 2016)","date":"14 septembre 2016","format":false,"excerpt":"Ce weekend s\u2019est d\u00e9roul\u00e9 la finale des championnats de France de D3 \u00e0 Saint Gilles Crois de Vie sur laquelle quatre de nos f\u00e9minines participaient apr\u00e8s avoir durement gagn\u00e9 leur s\u00e9lection \u00e0 Besan\u00e7on. L\u2019\u00e9quipe de la finale \u00e9tait compos\u00e9e de\u00a0: Ludivine et Maryl\u00e8ne LEQUIN, Aude DEMORTIERE et Marion RACLOT. C\u2019est\u2026","rel":"","context":"Dans &quot;slide show&quot;","img":{"alt_text":"","src":"https:\/\/i2.wp.com\/www.montceautriathlon.com\/blog\/wp-content\/uploads\/2016\/09\/20160910_152803.jpg?resize=350%2C200&ssl=1","width":350,"height":200},"classes":[]},{"id":7151,"url":"https:\/\/www.montceautriathlon.com\/blog\/2024\/12\/04\/10-novembre-2024-bike-and-run-de-beaune\/","url_meta":{"origin":2506,"position":3},"title":"10 novembre 2024: bike and run de Beaune","date":"4 d\u00e9cembre 2024","format":false,"excerpt":"Rougeot Beaune Triathlon organisait ce week end leur bike and run des Etangs d'Or. Les montcelliens ont fait le d\u00e9placement: Course jeune 1: les fr\u00e8res Jules et Louis Vinck montent sur la 2e marche du podium (2e \u00e9quipe masculine et 4e \u00e9quipe au scratch) Course jeune 2: Titouan Rondier avec\u2026","rel":"","context":"Dans &quot;Non class\u00e9&quot;","img":{"alt_text":"","src":"https:\/\/i2.wp.com\/www.montceautriathlon.com\/blog\/wp-content\/uploads\/2024\/12\/beaune.jpg?resize=350%2C200&ssl=1","width":350,"height":200},"classes":[]},{"id":8014,"url":"https:\/\/www.montceautriathlon.com\/blog\/2025\/07\/31\/20-juillet-triathlon-de-dole\/","url_meta":{"origin":2506,"position":4},"title":"20 juillet: triathlon de Dole","date":"31 juillet 2025","format":false,"excerpt":"Le triathlon S de Dole, habituellement en format contre la montre, s'est transform\u00e9 en format mass start en raison des conditions m\u00e9t\u00e9o. Les jeunes ont pu faire les \u00e9preuves normalement le matin. Voici les r\u00e9sultats: Sur la course 6\/9 ans (duathlon), Louis Vinck monte sur la plus haute marche du\u2026","rel":"","context":"Dans &quot;Non class\u00e9&quot;","img":{"alt_text":"","src":"https:\/\/i2.wp.com\/www.montceautriathlon.com\/blog\/wp-content\/uploads\/2025\/07\/20250720_092926-scaled.jpg?resize=350%2C200&ssl=1","width":350,"height":200},"classes":[]},{"id":7463,"url":"https:\/\/www.montceautriathlon.com\/blog\/2025\/05\/04\/les-triathletes-courent-2\/","url_meta":{"origin":2506,"position":5},"title":"Les triathl\u00e8tes courent&#8230;.","date":"4 mai 2025","format":false,"excerpt":"Plusieurs triathl\u00e8tes montcelliens se sont retrouv\u00e9s sur les diff\u00e9rentes \u00e9preuves du Marathon des Vins de la C\u00f4te Chalonnaise. Sur le marathon, Cyrille B\u00e9rardan fini cette course en 3h14'01 en 41e position du g\u00e9n\u00e9ral et 5e\/133 Master 2. Jean Christophe Bernigaud le suit en 3h22'10 (70e et top 10 des master1).\u2026","rel":"","context":"Dans &quot;Non class\u00e9&quot;","img":{"alt_text":"","src":"https:\/\/i0.wp.com\/www.montceautriathlon.com\/blog\/wp-content\/uploads\/2025\/05\/marathon-vins.jpg?resize=350%2C200&ssl=1","width":350,"height":200},"classes":[]}],"_links":{"self":[{"href":"https:\/\/www.montceautriathlon.com\/blog\/wp-json\/wp\/v2\/posts\/2506"}],"collection":[{"href":"https:\/\/www.montceautriathlon.com\/blog\/wp-json\/wp\/v2\/posts"}],"about":[{"href":"https:\/\/www.montceautriathlon.com\/blog\/wp-json\/wp\/v2\/types\/post"}],"author":[{"embeddable":true,"href":"https:\/\/www.montceautriathlon.com\/blog\/wp-json\/wp\/v2\/users\/5"}],"replies":[{"embeddable":true,"href":"https:\/\/www.montceautriathlon.com\/blog\/wp-json\/wp\/v2\/comments?post=2506"}],"version-history":[{"count":4,"href":"https:\/\/www.montceautriathlon.com\/blog\/wp-json\/wp\/v2\/posts\/2506\/revisions"}],"predecessor-version":[{"id":2513,"href":"https:\/\/www.montceautriathlon.com\/blog\/wp-json\/wp\/v2\/posts\/2506\/revisions\/2513"}],"wp:attachment":[{"href":"https:\/\/www.montceautriathlon.com\/blog\/wp-json\/wp\/v2\/media?parent=2506"}],"wp:term":[{"taxonomy":"category","embeddable":true,"href":"https:\/\/www.montceautriathlon.com\/blog\/wp-json\/wp\/v2\/categories?post=2506"},{"taxonomy":"post_tag","embeddable":true,"href":"https:\/\/www.montceautriathlon.com\/blog\/wp-json\/wp\/v2\/tags?post=2506"}],"curies":[{"name":"wp","href":"https:\/\/api.w.org\/{rel}","templated":true}]}}