{"id":2487,"date":"2018-11-04T22:10:50","date_gmt":"2018-11-04T21:10:50","guid":{"rendered":"http:\/\/montceautriathlon.com\/blog\/?p=2487"},"modified":"2018-11-04T22:10:50","modified_gmt":"2018-11-04T21:10:50","slug":"3-11-18-semi-marathon-du-charolais-une-douzaine-de-licencies-au-top-depart","status":"publish","type":"post","link":"https:\/\/www.montceautriathlon.com\/blog\/2018\/11\/04\/3-11-18-semi-marathon-du-charolais-une-douzaine-de-licencies-au-top-depart\/","title":{"rendered":"3\/11\/18  semi marathon du Charolais : une douzaine de licenci\u00e9s au top d\u00e9part !"},"content":{"rendered":"<p><a href=\"http:\/\/montceautriathlon.com\/blog\/wp-content\/uploads\/2018\/11\/charollais-2.jpg\"><img data-attachment-id=\"2489\" data-permalink=\"https:\/\/www.montceautriathlon.com\/blog\/2018\/11\/04\/3-11-18-semi-marathon-du-charolais-une-douzaine-de-licencies-au-top-depart\/charollais-2\/\" data-orig-file=\"https:\/\/www.montceautriathlon.com\/blog\/wp-content\/uploads\/2018\/11\/charollais-2.jpg\" data-orig-size=\"3081,2304\" data-comments-opened=\"1\" data-image-meta=\"{&quot;aperture&quot;:&quot;2.2&quot;,&quot;credit&quot;:&quot;&quot;,&quot;camera&quot;:&quot;ASUS_X008D&quot;,&quot;caption&quot;:&quot;&quot;,&quot;created_timestamp&quot;:&quot;1541249283&quot;,&quot;copyright&quot;:&quot;&quot;,&quot;focal_length&quot;:&quot;3.5&quot;,&quot;iso&quot;:&quot;201&quot;,&quot;shutter_speed&quot;:&quot;0.009999&quot;,&quot;title&quot;:&quot;&quot;,&quot;orientation&quot;:&quot;1&quot;}\" data-image-title=\"charollais 2\" data-image-description=\"\" data-image-caption=\"\" data-medium-file=\"https:\/\/www.montceautriathlon.com\/blog\/wp-content\/uploads\/2018\/11\/charollais-2-300x224.jpg\" data-large-file=\"https:\/\/www.montceautriathlon.com\/blog\/wp-content\/uploads\/2018\/11\/charollais-2-1024x766.jpg\" loading=\"lazy\" class=\" wp-image-2489 alignleft\" src=\"http:\/\/montceautriathlon.com\/blog\/wp-content\/uploads\/2018\/11\/charollais-2-300x224.jpg\" alt=\"\" width=\"263\" height=\"196\" srcset=\"https:\/\/www.montceautriathlon.com\/blog\/wp-content\/uploads\/2018\/11\/charollais-2-300x224.jpg 300w, https:\/\/www.montceautriathlon.com\/blog\/wp-content\/uploads\/2018\/11\/charollais-2-768x574.jpg 768w, https:\/\/www.montceautriathlon.com\/blog\/wp-content\/uploads\/2018\/11\/charollais-2-1024x766.jpg 1024w\" sizes=\"(max-width: 263px) 100vw, 263px\" \/><\/a> <a href=\"http:\/\/montceautriathlon.com\/blog\/wp-content\/uploads\/2018\/11\/charollais-1.jpg\"><img data-attachment-id=\"2490\" data-permalink=\"https:\/\/www.montceautriathlon.com\/blog\/2018\/11\/04\/3-11-18-semi-marathon-du-charolais-une-douzaine-de-licencies-au-top-depart\/charollais-1\/\" data-orig-file=\"https:\/\/www.montceautriathlon.com\/blog\/wp-content\/uploads\/2018\/11\/charollais-1.jpg\" data-orig-size=\"4096,2304\" data-comments-opened=\"1\" data-image-meta=\"{&quot;aperture&quot;:&quot;2.2&quot;,&quot;credit&quot;:&quot;&quot;,&quot;camera&quot;:&quot;ASUS_X008D&quot;,&quot;caption&quot;:&quot;&quot;,&quot;created_timestamp&quot;:&quot;1541250455&quot;,&quot;copyright&quot;:&quot;&quot;,&quot;focal_length&quot;:&quot;3.5&quot;,&quot;iso&quot;:&quot;135&quot;,&quot;shutter_speed&quot;:&quot;0.019998&quot;,&quot;title&quot;:&quot;&quot;,&quot;orientation&quot;:&quot;1&quot;}\" data-image-title=\"charollais 1\" data-image-description=\"\" data-image-caption=\"\" data-medium-file=\"https:\/\/www.montceautriathlon.com\/blog\/wp-content\/uploads\/2018\/11\/charollais-1-300x169.jpg\" data-large-file=\"https:\/\/www.montceautriathlon.com\/blog\/wp-content\/uploads\/2018\/11\/charollais-1-1024x576.jpg\" loading=\"lazy\" class=\" wp-image-2490 alignright\" src=\"http:\/\/montceautriathlon.com\/blog\/wp-content\/uploads\/2018\/11\/charollais-1-300x169.jpg\" alt=\"\" width=\"273\" height=\"154\" srcset=\"https:\/\/www.montceautriathlon.com\/blog\/wp-content\/uploads\/2018\/11\/charollais-1-300x169.jpg 300w, https:\/\/www.montceautriathlon.com\/blog\/wp-content\/uploads\/2018\/11\/charollais-1-768x432.jpg 768w, https:\/\/www.montceautriathlon.com\/blog\/wp-content\/uploads\/2018\/11\/charollais-1-1024x576.jpg 1024w\" sizes=\"(max-width: 273px) 100vw, 273px\" \/><\/a><\/p>\n<p>&nbsp;<\/p>\n<p>&nbsp;<\/p>\n<p>&nbsp;<\/p>\n<p>&nbsp;<\/p>\n<p>&nbsp;<\/p>\n<p>250 class\u00e9s\u00a0 dont onze triathl\u00e8tes du club et une nouvelle belle perf de<strong> Laurent de Souza<\/strong> avec sa 7\u00e8me place au scratch et <strong>1er v\u00e9t\u00e9ran<\/strong> et jolie 6\u00e8me place en VEF pour C\u00e9line sa douce et tendre.\u00a0 Bravo \u00e0 tous les participants ! Sur le 10km o\u00f9 185 runners s&rsquo;\u00e9lan\u00e7aient, notons la belle course d&rsquo;un autre Laurent, Laurent Xypolitas avec sa 16\u00e8me place au scratch et seul engag\u00e9 du club sur cette distance. les r\u00e9sultats ci-dessous :<\/p>\n<p><strong>sur le semi :<\/strong><\/p>\n<ul>\n<li><strong>Laurent de Souza\u00a0\u00a0\u00a0\u00a0\u00a0\u00a0 7\u00e8me scratch\u00a0\u00a0 1h21&rsquo;10\u00a0\u00bb\u00a0\u00a0\u00a0\u00a0\u00a0\u00a0 1er VEH<\/strong><\/li>\n<li>Christophe Couturier\u00a0\u00a0\u00a0\u00a0 39\u00e8me scratch 1h30&rsquo;32\u00a0\u00bb<\/li>\n<li>Patrick Monnery\u00a0\u00a0\u00a0\u00a0\u00a0\u00a0\u00a0\u00a0\u00a0\u00a0\u00a0\u00a0 41\u00e8me scratch 1h31&rsquo;07\u00a0\u00bb<\/li>\n<li>Christophe Delblouwe\u00a0\u00a0 51\u00e8me scratch 1h34&rsquo;07\u00a0\u00bb<\/li>\n<li>Fred\u00e9ric Ghesqui\u00e8re\u00a0\u00a0\u00a0\u00a0 93\u00e8me scratch 1h43&rsquo;17\u00a0\u00bb<\/li>\n<li>J-Charles Noseda\u00a0\u00a0\u00a0\u00a0\u00a0\u00a0\u00a0\u00a0 94\u00e8me scratch 1h43&rsquo;17\u00a0\u00bb<\/li>\n<li>C\u00e9line de Souza\u00a0\u00a0\u00a0\u00a0\u00a0\u00a0\u00a0\u00a0\u00a0\u00a0\u00a0 122\u00e8me scratch 1h48&rsquo;31\u00a0\u00bb<\/li>\n<li>Pascal Jusseau\u00a0\u00a0\u00a0\u00a0\u00a0\u00a0\u00a0\u00a0\u00a0\u00a0\u00a0\u00a0 131\u00e8me scratch 1h50&rsquo;08\u00a0\u00bb<\/li>\n<li>Nadine Delblouwe\u00a0\u00a0\u00a0\u00a0\u00a0\u00a0\u00a0\u00a0 221\u00e8me scratch 2h01&rsquo;56\u00a0\u00bb<\/li>\n<li>Alice Vaury\u00a0\u00a0\u00a0\u00a0\u00a0\u00a0\u00a0\u00a0\u00a0\u00a0\u00a0\u00a0\u00a0\u00a0\u00a0\u00a0\u00a0\u00a0\u00a0\u00a0 222\u00e8me scratch 2h02&rsquo;07\u00a0\u00bb<\/li>\n<li>M-Pierre Berthier\u00a0\u00a0\u00a0\u00a0\u00a0\u00a0\u00a0\u00a0\u00a0\u00a0 232\u00e8me scratch 2h04&rsquo;09\u00a0\u00bb<\/li>\n<\/ul>\n<p><strong>Sur le 10km :<\/strong><\/p>\n<ul>\n<li>Laurent Xypolitas 16\u00e8me scratch 41&rsquo;58<\/li>\n<\/ul>\n","protected":false},"excerpt":{"rendered":"<p>&nbsp; &nbsp; &nbsp; &nbsp; &nbsp; 250 class\u00e9s\u00a0 dont onze triathl\u00e8tes du club et une nouvelle belle perf de Laurent de Souza avec sa 7\u00e8me place au scratch et 1er v\u00e9t\u00e9ran et jolie 6\u00e8me place en VEF pour C\u00e9line sa douce et tendre.\u00a0 Bravo \u00e0 tous les participants ! Sur le 10km o\u00f9 185 runners s&rsquo;\u00e9lan\u00e7aient, [&hellip;]<\/p>\n","protected":false},"author":5,"featured_media":0,"comment_status":"open","ping_status":"open","sticky":false,"template":"","format":"standard","meta":{"spay_email":"","jetpack_publicize_message":"","jetpack_is_tweetstorm":false},"categories":[1],"tags":[],"jetpack_featured_media_url":"","jetpack_publicize_connections":[],"jetpack_sharing_enabled":true,"jetpack_shortlink":"https:\/\/wp.me\/p8bwIy-E7","jetpack-related-posts":[{"id":5360,"url":"https:\/\/www.montceautriathlon.com\/blog\/2022\/10\/07\/finisher-de-liron-man-world-championship-a-hawai-laurent-de-sousa-au-bout-de-son-reve\/","url_meta":{"origin":2487,"position":0},"title":"Finisher de l\u2019IRON MAN World Championship \u00e0 Hawa\u00ef\u00a0! Laurent De Sousa au bout de son r\u00eave.","date":"7 octobre 2022","format":false,"excerpt":"Il l'a fait ! Volont\u00e9, courage et pers\u00e9v\u00e9rance ont pouss\u00e9 Laurent \u00e0 r\u00e9aliser son r\u00eave. 11h 30'32\" d'effort, 248\u00e8me dans sa cat\u00e9gorie sur 592, 421\u00e8me masculin sur 1177 et 733\u00e8me sur 2423 qualifi\u00e9s venus du monde entier. Dans le premier tiers des concurrents. Une belle performance suivie par de nombreux\u2026","rel":"","context":"Dans &quot;Non class\u00e9&quot;","img":{"alt_text":"","src":"https:\/\/i1.wp.com\/www.montceautriathlon.com\/blog\/wp-content\/uploads\/2022\/10\/finish.jpg?resize=350%2C200&ssl=1","width":350,"height":200},"classes":[]},{"id":1983,"url":"https:\/\/www.montceautriathlon.com\/blog\/2018\/06\/06\/week-end-du-2-et-3-juin\/","url_meta":{"origin":2487,"position":1},"title":"week-end du 2 et 3 juin","date":"6 juin 2018","format":false,"excerpt":"Week-end omnisport au programme avec des triathl\u00e8tes sur tous les fronts : du triathlon,\u00a0 du\u00a0 Raid \u00e0 Autun(rien \u00e0 voir avec le GIGN) et une 4\u00e8me place en mixte pour Sammy Marc et Catherine Mauro , de la course p\u00e9destre \u00e0 Paray et du swimrun\u00a0 \u00e0 Montrevel ! Certains de\u2026","rel":"","context":"Dans &quot;Non class\u00e9&quot;","img":{"alt_text":"","src":"","width":0,"height":0},"classes":[]},{"id":2610,"url":"https:\/\/www.montceautriathlon.com\/blog\/2019\/02\/06\/3-02-2019-bike-run-dautun-les-jeunes-au-train\/","url_meta":{"origin":2487,"position":2},"title":"3\/02\/2019, Bike &#038; Run d&rsquo;Autun : les jeunes au train !","date":"6 f\u00e9vrier 2019","format":false,"excerpt":"Sept \u00e9quipes jeunes engag\u00e9es et cinq podiums ! Joli tir group\u00e9 de notre \u00e9cole de triathlon qui, ce dimanche \u00e0 Autun (sans \u00eatre hautain), n'a pas usurp\u00e9 sa septi\u00e8me place du classement 2018 des 26 \u00e9coles de triathlon de la r\u00e9gion. Bravo les jeunes et good job Sophie ! Quant\u2026","rel":"","context":"Dans &quot;Non class\u00e9&quot;","img":{"alt_text":"","src":"https:\/\/i2.wp.com\/montceautriathlon.com\/blog\/wp-content\/uploads\/2019\/02\/autun-pleins-feux-sur-le-bike-and-run-d-autun-triathlon-125438-300x200.jpg?resize=350%2C200","width":350,"height":200},"classes":[]},{"id":2761,"url":"https:\/\/www.montceautriathlon.com\/blog\/2019\/04\/07\/6-04-19-la-morvandelle-une-belle-cyclo-en-guise-de-preparation\/","url_meta":{"origin":2487,"position":3},"title":"6\/04\/19, La Morvandelle : une belle cyclo en guise de pr\u00e9paration.","date":"7 avril 2019","format":false,"excerpt":"Ce samedi \u00e9tait jour de la traditionnelle cyclosportive, La Morvandelle. Une belle \u00e9preuve cycliste pour cyclos bien entra\u00een\u00e9s au coeur du Morvan avec passage au Mont Beuvray, au Mont Pr\u00e9nelay ou au Haut Folin, culminant tous autour des 800 \u00e0 900m d'altitude. Donc un bon exercice d'entra\u00eenement pour nos triathl\u00e8tes\u2026","rel":"","context":"Dans &quot;Non class\u00e9&quot;","img":{"alt_text":"","src":"https:\/\/i1.wp.com\/montceautriathlon.com\/blog\/wp-content\/uploads\/2019\/04\/la-morvandelle-300x200.jpg?resize=350%2C200","width":350,"height":200},"classes":[]},{"id":4556,"url":"https:\/\/www.montceautriathlon.com\/blog\/2021\/09\/26\/sur-tous-les-fronts-dans-les-episodes-precedents\/","url_meta":{"origin":2487,"position":4},"title":"Sur tous les fronts : dans les \u00e9pisodes pr\u00e9c\u00e9dents !","date":"26 septembre 2021","format":false,"excerpt":"Peut-\u00eatre n'avez vous pas suivi l'actualit\u00e9 de nos licenci\u00e9s engag\u00e9s sur les comp\u00e9titions du W-E dernier et de ce dernier samedi : petit patchwork de r\u00e9sultats et d'images ! Le triathlon de Seurre dimanche dernier s'est transform\u00e9 en duathlon et quelques jeunes \u00e9taient engag\u00e9s en J2; Belle performance d'Oscar Turpin\u2026","rel":"","context":"Dans &quot;Non class\u00e9&quot;","img":{"alt_text":"","src":"https:\/\/i0.wp.com\/www.montceautriathlon.com\/blog\/wp-content\/uploads\/2021\/09\/Marius.jpg?resize=350%2C200&ssl=1","width":350,"height":200},"classes":[]},{"id":6914,"url":"https:\/\/www.montceautriathlon.com\/blog\/2024\/06\/20\/triathlon-de-vichy\/","url_meta":{"origin":2487,"position":5},"title":"Triathlon de Vichy","date":"20 juin 2024","format":false,"excerpt":"Nos triathl\u00e8tes \u00e9taient sur tous les fronts ce week-end. Tout d'abord sur le triathlon de Vichy : Samedi avait lieu les CHAMPIONNATS DE FRANCE longue distance : Laurent Magnien, cl\u00f4ture ce longue distance en 5h16, prenant la 185, 27eMaster 2 Mickael Verdu, fini en 5h33, en 275e position , 41e\u2026","rel":"","context":"Dans &quot;Non class\u00e9&quot;","img":{"alt_text":"","src":"https:\/\/i2.wp.com\/www.montceautriathlon.com\/blog\/wp-content\/uploads\/2024\/06\/448175809_1132571504450239_864155686867222727_n.jpg?resize=350%2C200&ssl=1","width":350,"height":200},"classes":[]}],"_links":{"self":[{"href":"https:\/\/www.montceautriathlon.com\/blog\/wp-json\/wp\/v2\/posts\/2487"}],"collection":[{"href":"https:\/\/www.montceautriathlon.com\/blog\/wp-json\/wp\/v2\/posts"}],"about":[{"href":"https:\/\/www.montceautriathlon.com\/blog\/wp-json\/wp\/v2\/types\/post"}],"author":[{"embeddable":true,"href":"https:\/\/www.montceautriathlon.com\/blog\/wp-json\/wp\/v2\/users\/5"}],"replies":[{"embeddable":true,"href":"https:\/\/www.montceautriathlon.com\/blog\/wp-json\/wp\/v2\/comments?post=2487"}],"version-history":[{"count":7,"href":"https:\/\/www.montceautriathlon.com\/blog\/wp-json\/wp\/v2\/posts\/2487\/revisions"}],"predecessor-version":[{"id":2496,"href":"https:\/\/www.montceautriathlon.com\/blog\/wp-json\/wp\/v2\/posts\/2487\/revisions\/2496"}],"wp:attachment":[{"href":"https:\/\/www.montceautriathlon.com\/blog\/wp-json\/wp\/v2\/media?parent=2487"}],"wp:term":[{"taxonomy":"category","embeddable":true,"href":"https:\/\/www.montceautriathlon.com\/blog\/wp-json\/wp\/v2\/categories?post=2487"},{"taxonomy":"post_tag","embeddable":true,"href":"https:\/\/www.montceautriathlon.com\/blog\/wp-json\/wp\/v2\/tags?post=2487"}],"curies":[{"name":"wp","href":"https:\/\/api.w.org\/{rel}","templated":true}]}}