{"id":2479,"date":"2018-11-04T15:24:27","date_gmt":"2018-11-04T14:24:27","guid":{"rendered":"http:\/\/montceautriathlon.com\/blog\/?p=2479"},"modified":"2018-11-04T15:24:27","modified_gmt":"2018-11-04T14:24:27","slug":"trail-nocturne-31-10-18-nos-triathletes-avaient-fiere-aluze","status":"publish","type":"post","link":"https:\/\/www.montceautriathlon.com\/blog\/2018\/11\/04\/trail-nocturne-31-10-18-nos-triathletes-avaient-fiere-aluze\/","title":{"rendered":"Trail nocturne 31\/10\/18 : nos triathl\u00e8tes avaient fi\u00e8re aluze !"},"content":{"rendered":"<p><a href=\"http:\/\/montceautriathlon.com\/blog\/wp-content\/uploads\/2018\/11\/Roc-dAluze-2018.png\"><img data-attachment-id=\"2480\" data-permalink=\"https:\/\/www.montceautriathlon.com\/blog\/2018\/11\/04\/trail-nocturne-31-10-18-nos-triathletes-avaient-fiere-aluze\/roc-daluze-2018\/\" data-orig-file=\"https:\/\/www.montceautriathlon.com\/blog\/wp-content\/uploads\/2018\/11\/Roc-dAluze-2018.png\" data-orig-size=\"250,387\" data-comments-opened=\"1\" data-image-meta=\"{&quot;aperture&quot;:&quot;0&quot;,&quot;credit&quot;:&quot;&quot;,&quot;camera&quot;:&quot;&quot;,&quot;caption&quot;:&quot;&quot;,&quot;created_timestamp&quot;:&quot;0&quot;,&quot;copyright&quot;:&quot;&quot;,&quot;focal_length&quot;:&quot;0&quot;,&quot;iso&quot;:&quot;0&quot;,&quot;shutter_speed&quot;:&quot;0&quot;,&quot;title&quot;:&quot;&quot;,&quot;orientation&quot;:&quot;0&quot;}\" data-image-title=\"Roc-dAluze-2018\" data-image-description=\"\" data-image-caption=\"\" data-medium-file=\"https:\/\/www.montceautriathlon.com\/blog\/wp-content\/uploads\/2018\/11\/Roc-dAluze-2018-194x300.png\" data-large-file=\"https:\/\/www.montceautriathlon.com\/blog\/wp-content\/uploads\/2018\/11\/Roc-dAluze-2018.png\" loading=\"lazy\" class=\" wp-image-2480 alignleft\" src=\"http:\/\/montceautriathlon.com\/blog\/wp-content\/uploads\/2018\/11\/Roc-dAluze-2018-194x300.png\" alt=\"\" width=\"159\" height=\"246\" srcset=\"https:\/\/www.montceautriathlon.com\/blog\/wp-content\/uploads\/2018\/11\/Roc-dAluze-2018-194x300.png 194w, https:\/\/www.montceautriathlon.com\/blog\/wp-content\/uploads\/2018\/11\/Roc-dAluze-2018.png 250w\" sizes=\"(max-width: 159px) 100vw, 159px\" \/><\/a><strong>ROC D&rsquo;ALUZE<\/strong> : Trail de nuit du c\u00f4t\u00e9 de Rully et Bouzeron ! D\u00e9part 20h00 !<\/p>\n<p>Frontale de mise pour la dizaine de triathl\u00e8tes pr\u00e9sents sur les 11 et 17km propos\u00e9s<a href=\"http:\/\/montceautriathlon.com\/blog\/wp-content\/uploads\/2018\/11\/aluze-2.jpg\"><img data-attachment-id=\"2484\" data-permalink=\"https:\/\/www.montceautriathlon.com\/blog\/2018\/11\/04\/trail-nocturne-31-10-18-nos-triathletes-avaient-fiere-aluze\/aluze-2\/\" data-orig-file=\"https:\/\/www.montceautriathlon.com\/blog\/wp-content\/uploads\/2018\/11\/aluze-2.jpg\" data-orig-size=\"2560,1920\" data-comments-opened=\"1\" data-image-meta=\"{&quot;aperture&quot;:&quot;2.4&quot;,&quot;credit&quot;:&quot;&quot;,&quot;camera&quot;:&quot;ASUS_X008D&quot;,&quot;caption&quot;:&quot;&quot;,&quot;created_timestamp&quot;:&quot;1541026540&quot;,&quot;copyright&quot;:&quot;&quot;,&quot;focal_length&quot;:&quot;3.5&quot;,&quot;iso&quot;:&quot;2421&quot;,&quot;shutter_speed&quot;:&quot;0.119992&quot;,&quot;title&quot;:&quot;&quot;,&quot;orientation&quot;:&quot;1&quot;}\" data-image-title=\"aluze 2\" data-image-description=\"\" data-image-caption=\"\" data-medium-file=\"https:\/\/www.montceautriathlon.com\/blog\/wp-content\/uploads\/2018\/11\/aluze-2-300x225.jpg\" data-large-file=\"https:\/\/www.montceautriathlon.com\/blog\/wp-content\/uploads\/2018\/11\/aluze-2-1024x768.jpg\" loading=\"lazy\" class=\"wp-image-2484 alignright\" src=\"http:\/\/montceautriathlon.com\/blog\/wp-content\/uploads\/2018\/11\/aluze-2-300x225.jpg\" alt=\"\" width=\"153\" height=\"115\" srcset=\"https:\/\/www.montceautriathlon.com\/blog\/wp-content\/uploads\/2018\/11\/aluze-2-300x225.jpg 300w, https:\/\/www.montceautriathlon.com\/blog\/wp-content\/uploads\/2018\/11\/aluze-2-768x576.jpg 768w, https:\/\/www.montceautriathlon.com\/blog\/wp-content\/uploads\/2018\/11\/aluze-2-1024x768.jpg 1024w\" sizes=\"(max-width: 153px) 100vw, 153px\" \/><\/a><\/p>\n<p><strong>11km &#8211; 266 class\u00e9s :\u00a0\u00a0\u00a0\u00a0\u00a0\u00a0\u00a0\u00a0\u00a0\u00a0\u00a0\u00a0\u00a0\u00a0\u00a0\u00a0\u00a0\u00a0\u00a0\u00a0\u00a0\u00a0\u00a0\u00a0\u00a0\u00a0\u00a0\u00a0\u00a0\u00a0\u00a0\u00a0\u00a0\u00a0\u00a0\u00a0\u00a0\u00a0\u00a0\u00a0\u00a0\u00a0\u00a0\u00a0\u00a0\u00a0\u00a0\u00a0\u00a0\u00a0\u00a0\u00a0\u00a0\u00a0\u00a0\u00a0 <\/strong><\/p>\n<ul>\n<li>Beno\u00eet Thierry\u00a0\u00a0\u00a0\u00a0\u00a0\u00a0\u00a0\u00a0\u00a0\u00a0\u00a0\u00a0 29\u00e8me scratch\u00a0\u00a0\u00a0 1h01&rsquo;02\u00a0\u00bb<\/li>\n<li>Olivier Grivault\u00a0\u00a0\u00a0\u00a0\u00a0\u00a0\u00a0\u00a0\u00a0\u00a0\u00a0 28 \u00e8me scratch\u00a0\u00a0 1h01&rsquo;02\u00a0\u00bb<\/li>\n<li>Fred\u00e9ric Ghesqui\u00e8re 58\u00e8me scratch\u00a0\u00a0 1h05&rsquo;09\u00a0\u00bb<\/li>\n<li>Samy Marc\u00a0\u00a0\u00a0\u00a0\u00a0\u00a0\u00a0\u00a0\u00a0\u00a0\u00a0\u00a0\u00a0\u00a0\u00a0\u00a0\u00a0 64\u00e8me scratch\u00a0\u00a0 1h06&rsquo;02\u00a0\u00bb<\/li>\n<li>Pierre Ledey\u00a0\u00a0\u00a0\u00a0\u00a0\u00a0\u00a0\u00a0\u00a0\u00a0\u00a0\u00a0\u00a0\u00a0 85\u00e8me scratch\u00a0\u00a0 1h09&rsquo;09\u00a0\u00bb 6\u00e8me cadet<\/li>\n<li>Marjolaine Dangeuil\u00a0\u00a0 180\u00e8me scratch 1h21&rsquo;48\u00a0\u00bb 4\u00e8me cadette<\/li>\n<\/ul>\n<p><strong>17km &#8211; 209 class\u00e9s\u00a0<\/strong>\u00a0\u00a0\u00a0\u00a0\u00a0\u00a0\u00a0\u00a0\u00a0\u00a0\u00a0\u00a0\u00a0\u00a0\u00a0\u00a0\u00a0\u00a0\u00a0\u00a0\u00a0\u00a0\u00a0\u00a0\u00a0\u00a0\u00a0\u00a0\u00a0\u00a0\u00a0\u00a0\u00a0\u00a0\u00a0\u00a0\u00a0\u00a0\u00a0\u00a0\u00a0\u00a0\u00a0\u00a0\u00a0\u00a0\u00a0\u00a0\u00a0\u00a0\u00a0\u00a0\u00a0\u00a0\u00a0\u00a0\u00a0\u00a0\u00a0\u00a0\u00a0\u00a0\u00a0\u00a0\u00a0\u00a0\u00a0\u00a0\u00a0\u00a0\u00a0\u00a0\u00a0\u00a0\u00a0\u00a0\u00a0\u00a0\u00a0\u00a0\u00a0\u00a0 <a href=\"http:\/\/montceautriathlon.com\/blog\/wp-content\/uploads\/2018\/11\/Aluze.jpg\"><img data-attachment-id=\"2481\" data-permalink=\"https:\/\/www.montceautriathlon.com\/blog\/2018\/11\/04\/trail-nocturne-31-10-18-nos-triathletes-avaient-fiere-aluze\/aluze\/\" data-orig-file=\"https:\/\/www.montceautriathlon.com\/blog\/wp-content\/uploads\/2018\/11\/Aluze.jpg\" data-orig-size=\"2048,1536\" data-comments-opened=\"1\" data-image-meta=\"{&quot;aperture&quot;:&quot;0&quot;,&quot;credit&quot;:&quot;&quot;,&quot;camera&quot;:&quot;&quot;,&quot;caption&quot;:&quot;&quot;,&quot;created_timestamp&quot;:&quot;0&quot;,&quot;copyright&quot;:&quot;&quot;,&quot;focal_length&quot;:&quot;0&quot;,&quot;iso&quot;:&quot;0&quot;,&quot;shutter_speed&quot;:&quot;0&quot;,&quot;title&quot;:&quot;&quot;,&quot;orientation&quot;:&quot;1&quot;}\" data-image-title=\"Aluze\" data-image-description=\"\" data-image-caption=\"\" data-medium-file=\"https:\/\/www.montceautriathlon.com\/blog\/wp-content\/uploads\/2018\/11\/Aluze-300x225.jpg\" data-large-file=\"https:\/\/www.montceautriathlon.com\/blog\/wp-content\/uploads\/2018\/11\/Aluze-1024x768.jpg\" loading=\"lazy\" class=\" wp-image-2481 alignright\" src=\"http:\/\/montceautriathlon.com\/blog\/wp-content\/uploads\/2018\/11\/Aluze-300x225.jpg\" alt=\"\" width=\"211\" height=\"158\" srcset=\"https:\/\/www.montceautriathlon.com\/blog\/wp-content\/uploads\/2018\/11\/Aluze-300x225.jpg 300w, https:\/\/www.montceautriathlon.com\/blog\/wp-content\/uploads\/2018\/11\/Aluze-768x576.jpg 768w, https:\/\/www.montceautriathlon.com\/blog\/wp-content\/uploads\/2018\/11\/Aluze-1024x768.jpg 1024w, https:\/\/www.montceautriathlon.com\/blog\/wp-content\/uploads\/2018\/11\/Aluze.jpg 2048w\" sizes=\"(max-width: 211px) 100vw, 211px\" \/><\/a><\/p>\n<ul>\n<li>Cyrille B\u00e9rardan\u00a0\u00a0\u00a0\u00a0\u00a0\u00a0\u00a0\u00a0 19\u00e8me scratch\u00a0\u00a0\u00a0 1h22&rsquo;22\u00a0\u00bb<\/li>\n<li>Sandrine Marchand\u00a0\u00a0 170\u00e8me scratch\u00a0 1h58&rsquo;51\u00a0\u00bb<\/li>\n<li>Charline Berthier\u00a0\u00a0\u00a0\u00a0\u00a0\u00a0\u00a0 130\u00e8me scratch\u00a0 1h48&rsquo;17\u00a0\u00bb<\/li>\n<li>Sandrine Ghesqui\u00e8re171\u00e8me scratch\u00a0 1h58&rsquo;52\u00a0\u00bb<\/li>\n<\/ul>\n","protected":false},"excerpt":{"rendered":"<p>ROC D&rsquo;ALUZE : Trail de nuit du c\u00f4t\u00e9 de Rully et Bouzeron ! D\u00e9part 20h00 ! Frontale de mise pour la dizaine de triathl\u00e8tes pr\u00e9sents sur les 11 et 17km propos\u00e9s 11km &#8211; 266 class\u00e9s :\u00a0\u00a0\u00a0\u00a0\u00a0\u00a0\u00a0\u00a0\u00a0\u00a0\u00a0\u00a0\u00a0\u00a0\u00a0\u00a0\u00a0\u00a0\u00a0\u00a0\u00a0\u00a0\u00a0\u00a0\u00a0\u00a0\u00a0\u00a0\u00a0\u00a0\u00a0\u00a0\u00a0\u00a0\u00a0\u00a0\u00a0\u00a0\u00a0\u00a0\u00a0\u00a0\u00a0\u00a0\u00a0\u00a0\u00a0\u00a0\u00a0\u00a0\u00a0\u00a0\u00a0\u00a0\u00a0\u00a0 Beno\u00eet Thierry\u00a0\u00a0\u00a0\u00a0\u00a0\u00a0\u00a0\u00a0\u00a0\u00a0\u00a0\u00a0 29\u00e8me scratch\u00a0\u00a0\u00a0 1h01&rsquo;02\u00a0\u00bb Olivier Grivault\u00a0\u00a0\u00a0\u00a0\u00a0\u00a0\u00a0\u00a0\u00a0\u00a0\u00a0 28 \u00e8me scratch\u00a0\u00a0 1h01&rsquo;02\u00a0\u00bb Fred\u00e9ric Ghesqui\u00e8re 58\u00e8me scratch\u00a0\u00a0 1h05&rsquo;09\u00a0\u00bb Samy Marc\u00a0\u00a0\u00a0\u00a0\u00a0\u00a0\u00a0\u00a0\u00a0\u00a0\u00a0\u00a0\u00a0\u00a0\u00a0\u00a0\u00a0 64\u00e8me [&hellip;]<\/p>\n","protected":false},"author":5,"featured_media":0,"comment_status":"open","ping_status":"open","sticky":false,"template":"","format":"standard","meta":{"spay_email":"","jetpack_publicize_message":"","jetpack_is_tweetstorm":false},"categories":[1],"tags":[],"jetpack_featured_media_url":"","jetpack_publicize_connections":[],"jetpack_sharing_enabled":true,"jetpack_shortlink":"https:\/\/wp.me\/p8bwIy-DZ","jetpack-related-posts":[{"id":6251,"url":"https:\/\/www.montceautriathlon.com\/blog\/2023\/10\/02\/les-triathletes-montcelliens-sur-tous-les-fronts\/","url_meta":{"origin":2479,"position":0},"title":"Les triathl\u00e8tes montcelliens sur tous les fronts.","date":"2 octobre 2023","format":false,"excerpt":"Ce premier dimanche d'octobre, les triathl\u00e8tes ont particip\u00e9 \u00e0 diverses \u00e9preuves. Nous avons pu les retrouver \u00e0 Chen\u00f4ve pour le cross duathlon organis\u00e9 par le club de Chen\u00f4ve triathlon, aux Bizots pour le cyclathlon, \u00e0 Bourg en Bresse pour la cyclosportive La Bisou ou encore dans le Jura pour le\u2026","rel":"","context":"Dans &quot;Non class\u00e9&quot;","img":{"alt_text":"","src":"https:\/\/i0.wp.com\/www.montceautriathlon.com\/blog\/wp-content\/uploads\/2023\/10\/IMG_9010-scaled.jpeg?resize=350%2C200&ssl=1","width":350,"height":200},"classes":[]},{"id":6612,"url":"https:\/\/www.montceautriathlon.com\/blog\/2024\/03\/19\/trail-des-3-chateaux-et-course-des-lacs\/","url_meta":{"origin":2479,"position":1},"title":"Trail des 3 ch\u00e2teaux et course des lacs","date":"19 mars 2024","format":false,"excerpt":"Samedi 9 mars 2024, certains de nos triathl\u00e8tes se sont attel\u00e9s \u00e0 la mythique course des 3 ch\u00e2teaux : Sur le 27km : Sandrine Marchand , avec un chrono de 3h19\u201951 prend une belle 134e place au scratch ce qui la place en 23e position f\u00e9minine , et a une\u2026","rel":"","context":"Dans &quot;Non class\u00e9&quot;","img":{"alt_text":"","src":"https:\/\/i0.wp.com\/www.montceautriathlon.com\/blog\/wp-content\/uploads\/2024\/03\/course-lac-9.jpg?resize=350%2C200&ssl=1","width":350,"height":200},"classes":[]},{"id":7785,"url":"https:\/\/www.montceautriathlon.com\/blog\/2025\/06\/01\/week-end-de-lascension-les-triathletes-montcelliens-courent\/","url_meta":{"origin":2479,"position":2},"title":"Week end de l&rsquo;ascension: les triathl\u00e8tes montcelliens courent","date":"1 juin 2025","format":false,"excerpt":"Les familles Rondier et Vinck se sont retrouv\u00e9es ce jeudi de l'ascension \u00e0 Chatenoy pour les foul\u00e9es du parc. Sur les courses jeunes, Louis Vinck termine 1r et est suivi \u00e0 la 3e place par Eliott Rondier. Sur la 2e course, Jules Vinck a la m\u00e9daille en chocolat (4e). Sur\u2026","rel":"","context":"Dans &quot;Non class\u00e9&quot;","img":{"alt_text":"","src":"https:\/\/i0.wp.com\/www.montceautriathlon.com\/blog\/wp-content\/uploads\/2025\/06\/IMG-20250530-WA0006.jpg?resize=350%2C200&ssl=1","width":350,"height":200},"classes":[]},{"id":8854,"url":"https:\/\/www.montceautriathlon.com\/blog\/2026\/04\/26\/25-26-avril-trail-du-mont-dardon\/","url_meta":{"origin":2479,"position":3},"title":"25\/26 avril: Trail du Mont Dardon","date":"26 avril 2026","format":false,"excerpt":"Les triathl\u00e8tes montcelliens se sont retrouv\u00e9s sous le soleil \u00e0 Vendenesse sur Arroux pour participer au trail du Mont Dardon. Chez les jeunes, Louis Vinck gagne sur le 1km. Louis Vinck termine 4e au scratch du 3km et 1r de sa cat\u00e9gorie. Sur le 12km, Elodie Pistoia est 51e au\u2026","rel":"","context":"Dans &quot;Non class\u00e9&quot;","img":{"alt_text":"","src":"https:\/\/i2.wp.com\/www.montceautriathlon.com\/blog\/wp-content\/uploads\/2026\/04\/IMG-20260426-WA0000.jpg?resize=350%2C200&ssl=1","width":350,"height":200},"classes":[]},{"id":7160,"url":"https:\/\/www.montceautriathlon.com\/blog\/2024\/12\/04\/les-triathletes-courent\/","url_meta":{"origin":2479,"position":4},"title":"Les triathl\u00e8tes courent&#8230;","date":"4 d\u00e9cembre 2024","format":false,"excerpt":"La saison des triathlons touche \u00e0 sa fin. Les triathl\u00e8tes montcelliens se retrouvent donc sur d'autres manifestations. Ils marchent...ils courent... En octobre et novembre, les montcelliens ont particip\u00e9s: Octobre Rose: des triathl\u00e8tes f\u00e9minines se sont retrouv\u00e9es \u00e0 Blanzy le 6 octobre pour participer \u00e0 la randonn\u00e9e propos\u00e9e par la ville\u2026","rel":"","context":"Dans &quot;Non class\u00e9&quot;","img":{"alt_text":"","src":"https:\/\/i0.wp.com\/www.montceautriathlon.com\/blog\/wp-content\/uploads\/2024\/12\/octobre-rose.jpg?resize=350%2C200&ssl=1","width":350,"height":200},"classes":[]},{"id":7463,"url":"https:\/\/www.montceautriathlon.com\/blog\/2025\/05\/04\/les-triathletes-courent-2\/","url_meta":{"origin":2479,"position":5},"title":"Les triathl\u00e8tes courent&#8230;.","date":"4 mai 2025","format":false,"excerpt":"Plusieurs triathl\u00e8tes montcelliens se sont retrouv\u00e9s sur les diff\u00e9rentes \u00e9preuves du Marathon des Vins de la C\u00f4te Chalonnaise. Sur le marathon, Cyrille B\u00e9rardan fini cette course en 3h14'01 en 41e position du g\u00e9n\u00e9ral et 5e\/133 Master 2. Jean Christophe Bernigaud le suit en 3h22'10 (70e et top 10 des master1).\u2026","rel":"","context":"Dans &quot;Non class\u00e9&quot;","img":{"alt_text":"","src":"https:\/\/i0.wp.com\/www.montceautriathlon.com\/blog\/wp-content\/uploads\/2025\/05\/marathon-vins.jpg?resize=350%2C200&ssl=1","width":350,"height":200},"classes":[]}],"_links":{"self":[{"href":"https:\/\/www.montceautriathlon.com\/blog\/wp-json\/wp\/v2\/posts\/2479"}],"collection":[{"href":"https:\/\/www.montceautriathlon.com\/blog\/wp-json\/wp\/v2\/posts"}],"about":[{"href":"https:\/\/www.montceautriathlon.com\/blog\/wp-json\/wp\/v2\/types\/post"}],"author":[{"embeddable":true,"href":"https:\/\/www.montceautriathlon.com\/blog\/wp-json\/wp\/v2\/users\/5"}],"replies":[{"embeddable":true,"href":"https:\/\/www.montceautriathlon.com\/blog\/wp-json\/wp\/v2\/comments?post=2479"}],"version-history":[{"count":4,"href":"https:\/\/www.montceautriathlon.com\/blog\/wp-json\/wp\/v2\/posts\/2479\/revisions"}],"predecessor-version":[{"id":2486,"href":"https:\/\/www.montceautriathlon.com\/blog\/wp-json\/wp\/v2\/posts\/2479\/revisions\/2486"}],"wp:attachment":[{"href":"https:\/\/www.montceautriathlon.com\/blog\/wp-json\/wp\/v2\/media?parent=2479"}],"wp:term":[{"taxonomy":"category","embeddable":true,"href":"https:\/\/www.montceautriathlon.com\/blog\/wp-json\/wp\/v2\/categories?post=2479"},{"taxonomy":"post_tag","embeddable":true,"href":"https:\/\/www.montceautriathlon.com\/blog\/wp-json\/wp\/v2\/tags?post=2479"}],"curies":[{"name":"wp","href":"https:\/\/api.w.org\/{rel}","templated":true}]}}