{"id":2450,"date":"2018-10-19T15:46:55","date_gmt":"2018-10-19T14:46:55","guid":{"rendered":"http:\/\/montceautriathlon.com\/blog\/?p=2450"},"modified":"2018-10-19T18:00:22","modified_gmt":"2018-10-19T17:00:22","slug":"trail-des-templiers-100km-cyrille-berardan-en-course-vers-larrivee","status":"publish","type":"post","link":"https:\/\/www.montceautriathlon.com\/blog\/2018\/10\/19\/trail-des-templiers-100km-cyrille-berardan-en-course-vers-larrivee\/","title":{"rendered":"Trail des Templiers 100km ; Cyrille B\u00e9rardan en course vers l&rsquo;arriv\u00e9e ! ET FINISHER !"},"content":{"rendered":"<p>16h17 Cyrille a parcouru 88km et se trouve \u00e0 la 84\u00e8me place pour le moment sur 1300 engag\u00e9s !<\/p>\n<p>Tu y es presque !<\/p>\n<p>News vers 17h15 !<\/p>\n<p>\u00e0 17h22<\/p>\n<p>Plus que 6 km !\u00a0 \u00e7a se pr\u00e9cise ! Courage !<\/p>\n<h3 style=\"text-align: center;\"><span style=\"color: #ff0000;\"><strong>18h45 : FINISHER ! En 14h 29&prime; 05&Prime; 85\u00e8me au scratch \u00e0 7,42km\/h<\/strong><\/span><\/h3>\n<h3 style=\"text-align: center;\"><span style=\"color: #ff0000;\"><strong>BRAVISSIMO !<\/strong><\/span><\/h3>\n","protected":false},"excerpt":{"rendered":"<p>16h17 Cyrille a parcouru 88km et se trouve \u00e0 la 84\u00e8me place pour le moment sur 1300 engag\u00e9s ! Tu y es presque ! News vers 17h15 ! \u00e0 17h22 Plus que 6 km !\u00a0 \u00e7a se pr\u00e9cise ! Courage ! 18h45 : FINISHER ! En 14h 29&prime; 05&Prime; 85\u00e8me au scratch \u00e0 7,42km\/h BRAVISSIMO [&hellip;]<\/p>\n","protected":false},"author":5,"featured_media":0,"comment_status":"open","ping_status":"open","sticky":false,"template":"","format":"standard","meta":{"spay_email":"","jetpack_publicize_message":"","jetpack_is_tweetstorm":false},"categories":[1],"tags":[],"jetpack_featured_media_url":"","jetpack_publicize_connections":[],"jetpack_sharing_enabled":true,"jetpack_shortlink":"https:\/\/wp.me\/p8bwIy-Dw","jetpack-related-posts":[{"id":6554,"url":"https:\/\/www.montceautriathlon.com\/blog\/2023\/12\/13\/bike-and-run-de-dijon\/","url_meta":{"origin":2450,"position":0},"title":"Bike and Run de Dijon","date":"13 d\u00e9cembre 2023","format":false,"excerpt":"Ce dimanche nos triathl\u00e8tes se sont dirig\u00e9s vers Dijon et ont fait des beaux podiums : Course Jeune 2 : Aristide Moreau et Celian Schaffer Fouel : troisi\u00e8me en 16:23 Sarah Thierry Axelle Da Eira : 16eme en 20:38 Course XS : Delphine Tonnin et Cyrille Berardan : 40eme et\u2026","rel":"","context":"Dans &quot;Non class\u00e9&quot;","img":{"alt_text":"","src":"https:\/\/i2.wp.com\/www.montceautriathlon.com\/blog\/wp-content\/uploads\/2023\/12\/IMG_5650.jpg?resize=350%2C200&ssl=1","width":350,"height":200},"classes":[]},{"id":2543,"url":"https:\/\/www.montceautriathlon.com\/blog\/2018\/12\/03\/1er-decembre-2018-saintelyon-pluie-et-boue-au-rendez-vous\/","url_meta":{"origin":2450,"position":1},"title":"1er d\u00e9cembre 2018: Saint\u00e9Lyon, pluie et boue au rendez-vous !","date":"3 d\u00e9cembre 2018","format":false,"excerpt":"La 65\u00e8me \u00e9dition de la mythique Saint\u00e9Lyon avec un\u00a0 Cyrille B\u00e9rardan toujours au top sur un parcours de 81km et 2100D+ en nocturne et avec Jo\u00ebl Fran\u00e7ois sur la Saintexpress ! 45km quand m\u00eame et 1200D+ ! Bravo aux courageux noctambules ! \u00a0 Saint\u00e9Lyon : 81km -\u00a0 2100D+ \u00a0 -\u00a0\u2026","rel":"","context":"Dans &quot;Non class\u00e9&quot;","img":{"alt_text":"","src":"","width":0,"height":0},"classes":[]},{"id":1868,"url":"https:\/\/www.montceautriathlon.com\/blog\/2018\/04\/04\/marathon-de-la-cote-chalonnaise-31-03-2018\/","url_meta":{"origin":2450,"position":2},"title":"marathon de la C\u00f4te Chalonnaise 31\/03\/2018","date":"4 avril 2018","format":false,"excerpt":"Ce week-end Pascal aura \u00e9t\u00e9 charg\u00e9 en \u00e9v\u00e8nements et plusieurs licenci\u00e9s du club ont fait le d\u00e9placement en C\u00f4te Chalonnaise. On peut noter les excellentes performances sur le marathon de Cyrille B\u00e9rardian et de notre coach Beno\u00eet Thierry qui avaient vraisemblablement peur de rater le train. Fred Ghesqui\u00e8re n'aura pas\u2026","rel":"","context":"Dans &quot;Non class\u00e9&quot;","img":{"alt_text":"","src":"https:\/\/i1.wp.com\/montceautriathlon.com\/blog\/wp-content\/uploads\/2018\/04\/beno\u00c3\u00aet-1-300x277.jpg?resize=350%2C200","width":350,"height":200},"classes":[]},{"id":2506,"url":"https:\/\/www.montceautriathlon.com\/blog\/2018\/11\/12\/11-11-18-bike-run-a-chenove-on-ne-pedale-pas-dans-la-guimauve\/","url_meta":{"origin":2450,"position":3},"title":"11\/11\/18 Bike &#038; run. A Chen\u00f4ve, on ne p\u00e9dale pas dans la guimauve !","date":"12 novembre 2018","format":false,"excerpt":"16 \u00e9quipes du club ont\u00a0 donc fait le d\u00e9placement sur les hauteurs dijonnaises et plusieurs \u00e9quipes sont mont\u00e9es sur le podium. Belle premi\u00e8re place pour nos jeunes Marine et Juliette qui savourent leur deuxi\u00e8me victoire dans leur cat\u00e9gorie en 2 \u00e9preuves, 1\u00e8res f\u00e9minines en J2.\u00a0 Aude et Catherine n'ont rien\u2026","rel":"","context":"Dans &quot;Non class\u00e9&quot;","img":{"alt_text":"","src":"https:\/\/i0.wp.com\/montceautriathlon.com\/blog\/wp-content\/uploads\/2018\/11\/Chenove-2-300x200.jpg?resize=350%2C200","width":350,"height":200},"classes":[]},{"id":1899,"url":"https:\/\/www.montceautriathlon.com\/blog\/2018\/04\/24\/22-trail-du-mont-avril\/","url_meta":{"origin":2450,"position":4},"title":"22 ! Trail du Mont Avril.","date":"24 avril 2018","format":false,"excerpt":"Belle performance de Pascal Vaury sur le 27 Km. 14\u00e8me au scratch sur 118 class\u00e9s en 2h30'24\". 5\u00e8me VEM et 2\u00e8me VE2M . Joli classement \u00e9galement pour Cyrille B\u00e9rardan, 28\u00e8me en 2h39'58\" et 13\u00e8me SEM ! Bravo \u00e0 eux deux !","rel":"","context":"Dans &quot;Non class\u00e9&quot;","img":{"alt_text":"","src":"","width":0,"height":0},"classes":[]},{"id":7030,"url":"https:\/\/www.montceautriathlon.com\/blog\/2024\/09\/17\/triathlon-de-chalon-sur-saone\/","url_meta":{"origin":2450,"position":5},"title":"Triathlon de Chalon-Sur-Saone","date":"17 septembre 2024","format":false,"excerpt":"SUR LA COURSE JEUNE 1: Come Pradier, se classe 8e, 6e Po en 9\u201950 Eliott Rondier fini 17e, 11e Po en 11\u201918 SUR LA COURSE JEUNE 2: Axelle Da Eira prend la 19e position, 5eBe, en 22\u201956 Jules Vinck, 27e, 4ePu en 24\u2019 Jules Vendramini, 37e, 12e Pu en 25\u201933\u2026","rel":"","context":"Dans &quot;Non class\u00e9&quot;","img":{"alt_text":"","src":"https:\/\/i2.wp.com\/www.montceautriathlon.com\/blog\/wp-content\/uploads\/2024\/09\/458117778_1184794572561265_2187860429831655496_n.jpg?resize=350%2C200&ssl=1","width":350,"height":200},"classes":[]}],"_links":{"self":[{"href":"https:\/\/www.montceautriathlon.com\/blog\/wp-json\/wp\/v2\/posts\/2450"}],"collection":[{"href":"https:\/\/www.montceautriathlon.com\/blog\/wp-json\/wp\/v2\/posts"}],"about":[{"href":"https:\/\/www.montceautriathlon.com\/blog\/wp-json\/wp\/v2\/types\/post"}],"author":[{"embeddable":true,"href":"https:\/\/www.montceautriathlon.com\/blog\/wp-json\/wp\/v2\/users\/5"}],"replies":[{"embeddable":true,"href":"https:\/\/www.montceautriathlon.com\/blog\/wp-json\/wp\/v2\/comments?post=2450"}],"version-history":[{"count":4,"href":"https:\/\/www.montceautriathlon.com\/blog\/wp-json\/wp\/v2\/posts\/2450\/revisions"}],"predecessor-version":[{"id":2452,"href":"https:\/\/www.montceautriathlon.com\/blog\/wp-json\/wp\/v2\/posts\/2450\/revisions\/2452"}],"wp:attachment":[{"href":"https:\/\/www.montceautriathlon.com\/blog\/wp-json\/wp\/v2\/media?parent=2450"}],"wp:term":[{"taxonomy":"category","embeddable":true,"href":"https:\/\/www.montceautriathlon.com\/blog\/wp-json\/wp\/v2\/categories?post=2450"},{"taxonomy":"post_tag","embeddable":true,"href":"https:\/\/www.montceautriathlon.com\/blog\/wp-json\/wp\/v2\/tags?post=2450"}],"curies":[{"name":"wp","href":"https:\/\/api.w.org\/{rel}","templated":true}]}}