{"id":2436,"date":"2018-10-17T11:54:08","date_gmt":"2018-10-17T10:54:08","guid":{"rendered":"http:\/\/montceautriathlon.com\/blog\/?p=2436"},"modified":"2018-10-18T14:34:32","modified_gmt":"2018-10-18T13:34:32","slug":"et-dans-la-presse-aussi","status":"publish","type":"post","link":"https:\/\/www.montceautriathlon.com\/blog\/2018\/10\/17\/et-dans-la-presse-aussi\/","title":{"rendered":"Et dans la presse aussi !"},"content":{"rendered":"<p>FR3 : JT 19\/20 . Choisir le journal du 14\/10\/18 sous\u00a0 la vid\u00e9o du jour \u00e0 7&rsquo;24\u00a0\u00bb du commencement. C&rsquo;est le \u00a0 fil rouge de la page sports, plusieurs passages entre les diff\u00e9rentes rubriques . Correct !<\/p>\n<p><a href=\"https:\/\/france3-regions.francetvinfo.fr\/bourgogne-franche-comte\/emissions\/jt-1920-bourgogne\">https:\/\/france3-regions.francetvinfo.fr\/bourgogne-franche-comte\/emissions\/jt-1920-bourgogne<\/a><\/p>\n<p>Montceau News :<\/p>\n<p><a href=\"http:\/\/montceau-news.com\/montceau_et_sa_region\/494203-montceau-les-mines-coupe-de-france-des-clubs-master.html\">Montceau-les-Mines : Coupe de France des clubs Master<\/a><\/p>\n<p><a href=\"http:\/\/montceau-news.com\/montceau_et_sa_region\/493751-la-coupe-de-france-des-clubs-montceau-les-mines.html\">La Coupe de France des clubs (Montceau-les-Mines)<\/a><\/p>\n<p><a href=\"http:\/\/montceau-news.com\/montceau_et_sa_region\/493631-duathlon-et-triathlon-montceau-les-mines.html\">Duathlon et triathlon ( Montceau-les-Mines)<\/a><\/p>\n<p><a href=\"http:\/\/montceau-news.com\/montceau_et_sa_region\/494005-coupe-de-france-des-clubs-jeunes-de-triathlon-montceau-les-mines.html\">Coupe de France des clubs Jeunes de Triathlon (Montceau-les-Mines)<\/a><\/p>\n<p>JSL :<\/p>\n<p><a href=\"https:\/\/www.lejsl.com\/sport-local\/2018\/10\/14\/metz-conserve-son-bien\">https:\/\/www.lejsl.com\/sport-local\/2018\/10\/14\/metz-conserve-son-bien<\/a><\/p>\n<p>Triathl\u00e8te Magazine :<\/p>\n<p><a href=\"http:\/\/redaction.triathlete.fr\/post\/2018\/10\/14\/Coupe-de-France-des-clubs-Montceau-les-Mines-%3A-Metz-garde-ses-deux-couronnes\">http:\/\/redaction.triathlete.fr\/post\/2018\/10\/14\/Coupe-de-France-des-clubs-Montceau-les-Mines-%3A-Metz-garde-ses-deux-couronnes<\/a><\/p>\n<p>&nbsp;<\/p>\n<p>&nbsp;<\/p>\n","protected":false},"excerpt":{"rendered":"<p>FR3 : JT 19\/20 . Choisir le journal du 14\/10\/18 sous\u00a0 la vid\u00e9o du jour \u00e0 7&rsquo;24\u00a0\u00bb du commencement. C&rsquo;est le \u00a0 fil rouge de la page sports, plusieurs passages entre les diff\u00e9rentes rubriques . Correct ! https:\/\/france3-regions.francetvinfo.fr\/bourgogne-franche-comte\/emissions\/jt-1920-bourgogne Montceau News : Montceau-les-Mines : Coupe de France des clubs Master La Coupe de France des clubs [&hellip;]<\/p>\n","protected":false},"author":5,"featured_media":0,"comment_status":"open","ping_status":"open","sticky":false,"template":"","format":"standard","meta":{"spay_email":"","jetpack_publicize_message":"","jetpack_is_tweetstorm":false},"categories":[1],"tags":[],"jetpack_featured_media_url":"","jetpack_publicize_connections":[],"jetpack_sharing_enabled":true,"jetpack_shortlink":"https:\/\/wp.me\/p8bwIy-Di","jetpack-related-posts":[{"id":3856,"url":"https:\/\/www.montceautriathlon.com\/blog\/2020\/09\/21\/championnats-de-france-des-liens-des-photos-des-articles\/","url_meta":{"origin":2436,"position":0},"title":"Championnats de France : des liens, des photos, des articles !","date":"21 septembre 2020","format":false,"excerpt":"A vous tous triathl\u00e8tes venus de toute la France, jeunes et moins jeunes, champions ou anonymes, ces photos des diff\u00e9rentes courses du week-end vous sont d\u00e9di\u00e9es . Encore mille mercis pour la confiance que vous nous avez accord\u00e9e par votre venue \u00e0 Montceau en ces temps compliqu\u00e9s. Bravo \u00e0 tous\u2026","rel":"","context":"Dans &quot;Non class\u00e9&quot;","img":{"alt_text":"","src":"https:\/\/i1.wp.com\/www.montceautriathlon.com\/blog\/wp-content\/uploads\/2020\/09\/IMG_7280.jpg?resize=350%2C200&ssl=1","width":350,"height":200},"classes":[]},{"id":8515,"url":"https:\/\/www.montceautriathlon.com\/blog\/2025\/12\/05\/relevez-le-defi\/","url_meta":{"origin":2436,"position":1},"title":"Relevez le d\u00e9fi!","date":"5 d\u00e9cembre 2025","format":false,"excerpt":"Montceau Triathlon vous lance un challenge : 24 heures de v\u00e9lo sur home-trainer, pour parcourir un maximum de kilom\u00e8tres au profit du T\u00e9l\u00e9thon ! Que vous soyez licenci\u00e9 du club, passionn\u00e9 de sport, simple curieux ou juste quelqu\u2019un qui souhaite faire une bonne action, vous \u00eates les bienvenus! Pas besoin\u2026","rel":"","context":"Dans &quot;Non class\u00e9&quot;","img":{"alt_text":"","src":"https:\/\/i0.wp.com\/www.montceautriathlon.com\/blog\/wp-content\/uploads\/2025\/12\/telethon.jpg?resize=350%2C200&ssl=1","width":350,"height":200},"classes":[]},{"id":7548,"url":"https:\/\/www.montceautriathlon.com\/blog\/2025\/05\/22\/11-mai-2025-aquathlon-de-montceau-les-mines\/","url_meta":{"origin":2436,"position":2},"title":"11 mai 2025: aquathlon de Montceau les Mines","date":"22 mai 2025","format":false,"excerpt":"L'\u00e9quipe de Montceau triathlon a organis\u00e9 sont traditionnel aquathlon ce dimanche 11 mai sur le site du Plessis. Cette \u00e9preuve a \u00e9t\u00e9 comme les ann\u00e9es pr\u00e9c\u00e9dentes s\u00e9lective pour les championnats de France jeune d'aquathlon qui auront lieu le 5 juillet \u00e0 Angoul\u00eame. Cette nouvelle \u00e9dition s\u2019est d\u00e9roul\u00e9e sous un beau\u2026","rel":"","context":"Dans &quot;Non class\u00e9&quot;","img":{"alt_text":"","src":"https:\/\/i2.wp.com\/www.montceautriathlon.com\/blog\/wp-content\/uploads\/2025\/05\/IMG_2196-scaled.jpg?resize=350%2C200&ssl=1","width":350,"height":200},"classes":[]},{"id":2091,"url":"https:\/\/www.montceautriathlon.com\/blog\/2018\/07\/13\/ouverture-des-inscriptions-pour-la-coupe-de-france-des-clubs-2018\/","url_meta":{"origin":2436,"position":3},"title":"Ouverture des inscriptions pour la Coupe de France des Clubs de Duathlon &#038; Triathlon 2018","date":"13 juillet 2018","format":false,"excerpt":"Vous pouvez dor\u00e9navant vous inscrire pour la Coupe de France des Clubs de Duathlon & Triathlon qui auront lieu les 13 & 14 octobre 2018, \u00e0 Montceau-les-Mines. \u00a0","rel":"","context":"Dans &quot;Non class\u00e9&quot;","img":{"alt_text":"","src":"https:\/\/i2.wp.com\/montceautriathlon.com\/blog\/wp-content\/uploads\/2018\/06\/Affiche-cdf2018_Artboard-1-e1530097882310-717x1024.jpg?resize=350%2C200","width":350,"height":200},"classes":[]},{"id":6782,"url":"https:\/\/www.montceautriathlon.com\/blog\/2024\/05\/14\/belle-reussite-de-laquathlon-photos-et-resultats\/","url_meta":{"origin":2436,"position":4},"title":"Belle r\u00e9ussite de l&rsquo;aquathlon ! photos et r\u00e9sultats","date":"14 mai 2024","format":false,"excerpt":"Les clubs qui ont r\u00e9pondu pr\u00e9sent, la m\u00e9t\u00e9o inesp\u00e9r\u00e9e il y a encore dix jours, une eau pas trop fraiche, une organisation r\u00e9ussie , des partenaires et des b\u00e9n\u00e9voles au top ont fait de cet aquathlon une nouvelle et belle r\u00e9ussite. En attendant les photos du club (qu'il faut un\u2026","rel":"","context":"Dans &quot;Non class\u00e9&quot;","img":{"alt_text":"","src":"https:\/\/i1.wp.com\/www.montceautriathlon.com\/blog\/wp-content\/uploads\/2024\/05\/5969630170670648666.jpg?resize=350%2C200&ssl=1","width":350,"height":200},"classes":[]},{"id":92,"url":"https:\/\/www.montceautriathlon.com\/blog\/2016\/03\/10\/clip-de-la-12-finale-du-championnat-de-france-triathlon-jeunes-2015-a-montceau-les-mines\/","url_meta":{"origin":2436,"position":5},"title":"Clip de la 1\/2 finale du Championnat de France Triathlon Jeunes 2015 \u00e0 Montceau-les-Mines","date":"10 mars 2016","format":false,"excerpt":"","rel":"","context":"Dans &quot;Non class\u00e9&quot;","img":{"alt_text":"","src":"","width":0,"height":0},"classes":[]}],"_links":{"self":[{"href":"https:\/\/www.montceautriathlon.com\/blog\/wp-json\/wp\/v2\/posts\/2436"}],"collection":[{"href":"https:\/\/www.montceautriathlon.com\/blog\/wp-json\/wp\/v2\/posts"}],"about":[{"href":"https:\/\/www.montceautriathlon.com\/blog\/wp-json\/wp\/v2\/types\/post"}],"author":[{"embeddable":true,"href":"https:\/\/www.montceautriathlon.com\/blog\/wp-json\/wp\/v2\/users\/5"}],"replies":[{"embeddable":true,"href":"https:\/\/www.montceautriathlon.com\/blog\/wp-json\/wp\/v2\/comments?post=2436"}],"version-history":[{"count":7,"href":"https:\/\/www.montceautriathlon.com\/blog\/wp-json\/wp\/v2\/posts\/2436\/revisions"}],"predecessor-version":[{"id":2443,"href":"https:\/\/www.montceautriathlon.com\/blog\/wp-json\/wp\/v2\/posts\/2436\/revisions\/2443"}],"wp:attachment":[{"href":"https:\/\/www.montceautriathlon.com\/blog\/wp-json\/wp\/v2\/media?parent=2436"}],"wp:term":[{"taxonomy":"category","embeddable":true,"href":"https:\/\/www.montceautriathlon.com\/blog\/wp-json\/wp\/v2\/categories?post=2436"},{"taxonomy":"post_tag","embeddable":true,"href":"https:\/\/www.montceautriathlon.com\/blog\/wp-json\/wp\/v2\/tags?post=2436"}],"curies":[{"name":"wp","href":"https:\/\/api.w.org\/{rel}","templated":true}]}}