{"id":2430,"date":"2018-10-17T09:28:23","date_gmt":"2018-10-17T08:28:23","guid":{"rendered":"http:\/\/montceautriathlon.com\/blog\/?p=2430"},"modified":"2018-10-18T14:51:23","modified_gmt":"2018-10-18T13:51:23","slug":"photos-de-la-coupe-de-france-des-clubs-2018","status":"publish","type":"post","link":"https:\/\/www.montceautriathlon.com\/blog\/2018\/10\/17\/photos-de-la-coupe-de-france-des-clubs-2018\/","title":{"rendered":"Galerie photos de la Coupe de France des Clubs 2018"},"content":{"rendered":"<ul>\n<li><a href=\"https:\/\/drive.google.com\/drive\/folders\/1dqejXssQeyRTSGvnyyd7fP_ThDbVP3PY?usp=sharing_eip&amp;ts=5bc4bae1\" target=\"_blank\" rel=\"noopener\">Photos de Yohan COQUET<\/a><\/li>\n<li><a href=\"https:\/\/www.facebook.com\/FFTRI\/photos\/ms.c.eJxFVMmNRTEI62jEvvTf2OjBx7lamGAbwtneqplkIe7xxwtUaLZX0Q9gl2Rps7wK5q~_i3X~_A6VL0KKL8UTTqKK3ziqEiVLODSA8onaZ1gMpQgo9iItOD~_SjcH5BsR4mYirhJiadHCwHw71nx12OaphxARFMR8CNtDeoDaBwLuQrxXC1XQUrzLMTpThpvUtfPILHrQfV5GlznKeUCfQCTTQwPEB8grymnzBwNQHIrBBU~_av1yEVmKHUUsBoBj4uMHMdRSrWMOyvYQ9Iie9N861AKIkio~_wBnp7xYGtlC6hkIISifbaGyh7~_LmG2wco7jBtOcVeTF8rkpLXFC2Whxa3GcLE4PRACEAfNfSoIV3UsOkntMj~_ijmMueB9G13PetVjEGM87Ca~;WC47jZqtQDEjK5Qax~;ne~_WyddpJEQPZXKUjfdetIAJlDjkDwAZFT76NhYRr8FhAAfCKc4jr~_T~_YLjnbMzWcqa44f~_J4FpdK4HrtpFCbNq~_0QP5q6fddrB8KtT1Xqab~;m~_MEnQ~-~-.bps.a.1795929857129614\/1795933770462556\/?type=3&amp;theater\" target=\"_blank\" rel=\"noopener\">Photos sur Facebook de la FFTri<\/a><\/li>\n<li><a href=\"https:\/\/photos.google.com\/share\/AF1QipNRVA4OIp2ad5ncgOeBmIGEC5Sr7347oadxqKBQod1rH2wtG0s0VaD5V-42TxuZHA?key=UjJLaVA0M1hvMml6bFRZMnI0UWV0aVFEVGg0R0x3\" target=\"_blank\" rel=\"noopener\">Photos de Daniel CHEVALIER<\/a><\/li>\n<li><a href=\"https:\/\/www.dropbox.com\/sh\/7ytuvb1sgyg74jh\/AADmoLKU4ODkre2aUxlEUmbCa?dl=0\">Photos C Poutissou<\/a><\/li>\n<\/ul>\n","protected":false},"excerpt":{"rendered":"<p>Photos de Yohan COQUET Photos sur Facebook de la FFTri Photos de Daniel CHEVALIER Photos C Poutissou<\/p>\n","protected":false},"author":1,"featured_media":0,"comment_status":"open","ping_status":"open","sticky":false,"template":"","format":"standard","meta":{"spay_email":"","jetpack_publicize_message":"","jetpack_is_tweetstorm":false},"categories":[1],"tags":[],"jetpack_featured_media_url":"","jetpack_publicize_connections":[],"jetpack_sharing_enabled":true,"jetpack_shortlink":"https:\/\/wp.me\/p8bwIy-Dc","jetpack-related-posts":[{"id":2458,"url":"https:\/\/www.montceautriathlon.com\/blog\/2018\/10\/22\/coupe-de-france-des-clubs-de-duathlon-triathlon-2018\/","url_meta":{"origin":2430,"position":0},"title":"Coupe de France des Clubs de Duathlon &#038; Triathlon 2018","date":"22 octobre 2018","format":false,"excerpt":"On l'attendait avec impatience, le r\u00e9sum\u00e9 complet de la Coupe de France des Clubs de Duathlon & Triathlon 2018: https:\/\/www.facebook.com\/FFTRI\/videos\/182405505998564\/","rel":"","context":"Dans &quot;Non class\u00e9&quot;","img":{"alt_text":"","src":"","width":0,"height":0},"classes":[]},{"id":608,"url":"https:\/\/www.montceautriathlon.com\/blog\/2016\/06\/06\/resultats-du-championnat-de-france-triathlon-jeunes-2016\/","url_meta":{"origin":2430,"position":1},"title":"R\u00e9sultats du Championnat de France Triathlon Jeunes 2016","date":"6 juin 2016","format":false,"excerpt":"Vous pouvez retrouver tous les r\u00e9sultats du Championnat de France Jeunes 2016, en cliquant sur le bouton ci-dessous : Quelques articles parus aujourd'hui : Site de la FFTri Le Journal de Sa\u00f4ne et Loire (JSL) Montceau News Trimes Triathl\u00e8te Magazine Un grand merci \u00e0 Daniel CHAVALIER pour toutes ces photos\u2026","rel":"","context":"Dans &quot;Non class\u00e9&quot;","img":{"alt_text":"","src":"https:\/\/i1.wp.com\/www.montceautriathlon.com\/blog\/wp-content\/uploads\/2016\/05\/affiche_sponsors.jpg?resize=350%2C200&ssl=1","width":350,"height":200},"classes":[]},{"id":2091,"url":"https:\/\/www.montceautriathlon.com\/blog\/2018\/07\/13\/ouverture-des-inscriptions-pour-la-coupe-de-france-des-clubs-2018\/","url_meta":{"origin":2430,"position":2},"title":"Ouverture des inscriptions pour la Coupe de France des Clubs de Duathlon &#038; Triathlon 2018","date":"13 juillet 2018","format":false,"excerpt":"Vous pouvez dor\u00e9navant vous inscrire pour la Coupe de France des Clubs de Duathlon & Triathlon qui auront lieu les 13 & 14 octobre 2018, \u00e0 Montceau-les-Mines. \u00a0","rel":"","context":"Dans &quot;Non class\u00e9&quot;","img":{"alt_text":"","src":"https:\/\/i2.wp.com\/montceautriathlon.com\/blog\/wp-content\/uploads\/2018\/06\/Affiche-cdf2018_Artboard-1-e1530097882310-717x1024.jpg?resize=350%2C200","width":350,"height":200},"classes":[]},{"id":2353,"url":"https:\/\/www.montceautriathlon.com\/blog\/2018\/10\/11\/dernieres-news-pour-la-coupe-de-france-des-clubs-2018\/","url_meta":{"origin":2430,"position":3},"title":"Derni\u00e8res news pour la Coupe de France des Clubs 2018","date":"11 octobre 2018","format":false,"excerpt":"La start list avec les temps de d\u00e9part vient de sortir : cliquez ici N'oubliez pas de lire le briefing avec toutes les infos utiles : cliquez ici \u00a0 \u00c7a bosse dur pour vous accueillir et sous un soleil prometteur !\u00a0 A tr\u00e8s vite !","rel":"","context":"Dans &quot;Non class\u00e9&quot;","img":{"alt_text":"","src":"https:\/\/i1.wp.com\/montceautriathlon.com\/blog\/wp-content\/uploads\/2018\/10\/20181011_162737-300x225.jpg?resize=350%2C200","width":350,"height":200},"classes":[]},{"id":3271,"url":"https:\/\/www.montceautriathlon.com\/blog\/2019\/10\/18\/coupe-de-france-a-montlucon-le-club-bien-represente\/","url_meta":{"origin":2430,"position":4},"title":"Coupe de France \u00e0 Montlu\u00e7on : le club bien repr\u00e9sent\u00e9","date":"18 octobre 2019","format":false,"excerpt":"La Coupe de France, on connait bien, grosse organisation et manifestation la plus importante de la f\u00e9d\u00e9ration qui marque la fin de la saison. La belle r\u00e9ussite de cette \u00e9preuve \u00e0 Montceau l'ann\u00e9e derni\u00e8re explique certainement le nombre d'\u00e9quipes engag\u00e9es sur le triathlon cette ann\u00e9e. Ce sont donc 5 \u00e9quipes\u2026","rel":"","context":"Dans &quot;Non class\u00e9&quot;","img":{"alt_text":"","src":"https:\/\/i2.wp.com\/montceautriathlon.com\/blog\/wp-content\/uploads\/2019\/10\/montlu\u00c3\u00a7on-1-300x231.jpg?resize=350%2C200","width":350,"height":200},"classes":[]},{"id":2436,"url":"https:\/\/www.montceautriathlon.com\/blog\/2018\/10\/17\/et-dans-la-presse-aussi\/","url_meta":{"origin":2430,"position":5},"title":"Et dans la presse aussi !","date":"17 octobre 2018","format":false,"excerpt":"FR3 : JT 19\/20 . Choisir le journal du 14\/10\/18 sous\u00a0 la vid\u00e9o du jour \u00e0 7'24\" du commencement. C'est le \u00a0 fil rouge de la page sports, plusieurs passages entre les diff\u00e9rentes rubriques . Correct ! https:\/\/france3-regions.francetvinfo.fr\/bourgogne-franche-comte\/emissions\/jt-1920-bourgogne Montceau News : Montceau-les-Mines : Coupe de France des clubs Master La\u2026","rel":"","context":"Dans &quot;Non class\u00e9&quot;","img":{"alt_text":"","src":"","width":0,"height":0},"classes":[]}],"_links":{"self":[{"href":"https:\/\/www.montceautriathlon.com\/blog\/wp-json\/wp\/v2\/posts\/2430"}],"collection":[{"href":"https:\/\/www.montceautriathlon.com\/blog\/wp-json\/wp\/v2\/posts"}],"about":[{"href":"https:\/\/www.montceautriathlon.com\/blog\/wp-json\/wp\/v2\/types\/post"}],"author":[{"embeddable":true,"href":"https:\/\/www.montceautriathlon.com\/blog\/wp-json\/wp\/v2\/users\/1"}],"replies":[{"embeddable":true,"href":"https:\/\/www.montceautriathlon.com\/blog\/wp-json\/wp\/v2\/comments?post=2430"}],"version-history":[{"count":7,"href":"https:\/\/www.montceautriathlon.com\/blog\/wp-json\/wp\/v2\/posts\/2430\/revisions"}],"predecessor-version":[{"id":2445,"href":"https:\/\/www.montceautriathlon.com\/blog\/wp-json\/wp\/v2\/posts\/2430\/revisions\/2445"}],"wp:attachment":[{"href":"https:\/\/www.montceautriathlon.com\/blog\/wp-json\/wp\/v2\/media?parent=2430"}],"wp:term":[{"taxonomy":"category","embeddable":true,"href":"https:\/\/www.montceautriathlon.com\/blog\/wp-json\/wp\/v2\/categories?post=2430"},{"taxonomy":"post_tag","embeddable":true,"href":"https:\/\/www.montceautriathlon.com\/blog\/wp-json\/wp\/v2\/tags?post=2430"}],"curies":[{"name":"wp","href":"https:\/\/api.w.org\/{rel}","templated":true}]}}