{"id":2378,"date":"2018-10-15T13:55:30","date_gmt":"2018-10-15T12:55:30","guid":{"rendered":"http:\/\/montceautriathlon.com\/blog\/?p=2378"},"modified":"2018-10-15T21:46:03","modified_gmt":"2018-10-15T20:46:03","slug":"coupe-de-france-deux-petites-videos-deja","status":"publish","type":"post","link":"https:\/\/www.montceautriathlon.com\/blog\/2018\/10\/15\/coupe-de-france-deux-petites-videos-deja\/","title":{"rendered":"Coupe de France ! Trois petites vid\u00e9os d\u00e9j\u00e0 !"},"content":{"rendered":"<p>Trois petites vid\u00e9os par drone qui embellissent notre site et montrent les athl\u00e8tes en plein effort.<\/p>\n<p>&nbsp;<\/p>\n<div class=\"fb-video\" data-allowfullscreen=\"true\" data-href=\"https:\/\/www.facebook.com\/FFTRI\/videos\/304854767009969\/\"><\/div>\n<p>&nbsp;<\/p>\n<div class=\"fb-video\" data-allowfullscreen=\"true\" data-href=\"https:\/\/www.facebook.com\/FFTRI\/videos\/2058483867797747\/\"><\/div>\n<p>&nbsp;<\/p>\n<div class=\"fb-video\" data-allowfullscreen=\"true\" data-href=\"https:\/\/www.facebook.com\/FFTRI\/videos\/1430033810462297\/\"><\/div>\n<p>&nbsp;<\/p>\n","protected":false},"excerpt":{"rendered":"<p>Trois petites vid\u00e9os par drone qui embellissent notre site et montrent les athl\u00e8tes en plein effort. &nbsp; &nbsp; &nbsp; &nbsp;<\/p>\n","protected":false},"author":5,"featured_media":0,"comment_status":"open","ping_status":"open","sticky":false,"template":"","format":"standard","meta":{"spay_email":"","jetpack_publicize_message":"","jetpack_is_tweetstorm":false},"categories":[1],"tags":[],"jetpack_featured_media_url":"","jetpack_publicize_connections":[],"jetpack_sharing_enabled":true,"jetpack_shortlink":"https:\/\/wp.me\/p8bwIy-Cm","jetpack-related-posts":[{"id":2458,"url":"https:\/\/www.montceautriathlon.com\/blog\/2018\/10\/22\/coupe-de-france-des-clubs-de-duathlon-triathlon-2018\/","url_meta":{"origin":2378,"position":0},"title":"Coupe de France des Clubs de Duathlon &#038; Triathlon 2018","date":"22 octobre 2018","format":false,"excerpt":"On l'attendait avec impatience, le r\u00e9sum\u00e9 complet de la Coupe de France des Clubs de Duathlon & Triathlon 2018: https:\/\/www.facebook.com\/FFTRI\/videos\/182405505998564\/","rel":"","context":"Dans &quot;Non class\u00e9&quot;","img":{"alt_text":"","src":"","width":0,"height":0},"classes":[]},{"id":2430,"url":"https:\/\/www.montceautriathlon.com\/blog\/2018\/10\/17\/photos-de-la-coupe-de-france-des-clubs-2018\/","url_meta":{"origin":2378,"position":1},"title":"Galerie photos de la Coupe de France des Clubs 2018","date":"17 octobre 2018","format":false,"excerpt":"Photos de Yohan COQUET Photos sur Facebook de la FFTri Photos de Daniel CHEVALIER Photos C Poutissou","rel":"","context":"Dans &quot;Non class\u00e9&quot;","img":{"alt_text":"","src":"","width":0,"height":0},"classes":[]},{"id":578,"url":"https:\/\/www.montceautriathlon.com\/blog\/2016\/06\/01\/a-3-jours-du-championnats-de-france-triathlon-jeunes\/","url_meta":{"origin":2378,"position":2},"title":"A J-3 des Championnats de France Triathlon Jeunes 2016","date":"1 juin 2016","format":false,"excerpt":"La start-list a \u00e9t\u00e9 d\u00e9voil\u00e9e par la FFTri, vous pouvez la consulter en cliquant sur le bouton ci-dessous. Pour informations: Temp\u00e9rature du lac du Plessis : 16\u00b0C Pr\u00e9vision M\u00e9t\u00e9o France pour ce week-end: Rares averses (12\u00b0C\/22\u00b0C)","rel":"","context":"Dans &quot;Non class\u00e9&quot;","img":{"alt_text":"","src":"https:\/\/i1.wp.com\/www.montceautriathlon.com\/blog\/wp-content\/uploads\/2016\/05\/affiche_sponsors.jpg?resize=350%2C200&ssl=1","width":350,"height":200},"classes":[]},{"id":608,"url":"https:\/\/www.montceautriathlon.com\/blog\/2016\/06\/06\/resultats-du-championnat-de-france-triathlon-jeunes-2016\/","url_meta":{"origin":2378,"position":3},"title":"R\u00e9sultats du Championnat de France Triathlon Jeunes 2016","date":"6 juin 2016","format":false,"excerpt":"Vous pouvez retrouver tous les r\u00e9sultats du Championnat de France Jeunes 2016, en cliquant sur le bouton ci-dessous : Quelques articles parus aujourd'hui : Site de la FFTri Le Journal de Sa\u00f4ne et Loire (JSL) Montceau News Trimes Triathl\u00e8te Magazine Un grand merci \u00e0 Daniel CHAVALIER pour toutes ces photos\u2026","rel":"","context":"Dans &quot;Non class\u00e9&quot;","img":{"alt_text":"","src":"https:\/\/i1.wp.com\/www.montceautriathlon.com\/blog\/wp-content\/uploads\/2016\/05\/affiche_sponsors.jpg?resize=350%2C200&ssl=1","width":350,"height":200},"classes":[]},{"id":4109,"url":"https:\/\/www.montceautriathlon.com\/blog\/2021\/05\/26\/aquathlon-ouverture-des-inscriptions\/","url_meta":{"origin":2378,"position":4},"title":"AQUATHLON : Ouverture des inscriptions","date":"26 mai 2021","format":false,"excerpt":"L'aquathlon, c'est dans un mois ! ce sera le premier aquathlon r\u00e9gional et la troisi\u00e8me comp\u00e9tition post confinement ! Et les inscriptions sont ouvertes depuis ce lundi 24 mai ! Pour les courses jeunes s\u00e9lectives au Championnat de France seulement pour le moment. Pour les courses open, attendre le lundi\u2026","rel":"","context":"Dans &quot;Non class\u00e9&quot;","img":{"alt_text":"","src":"https:\/\/i2.wp.com\/www.montceautriathlon.com\/blog\/wp-content\/uploads\/2021\/03\/affiche-aquathlon-couleur-avec-combine.jpg?resize=350%2C200&ssl=1","width":350,"height":200},"classes":[]},{"id":3871,"url":"https:\/\/www.montceautriathlon.com\/blog\/2020\/09\/26\/championnats-de-france-une-belle-video-du-club-du-mans-a-partager\/","url_meta":{"origin":2378,"position":5},"title":"Championnats de France : une belle vid\u00e9o du club du Mans \u00e0 partager","date":"26 septembre 2020","format":false,"excerpt":"Une vid\u00e9o en immersion du club du Mans sur ces championnats en lien direct. Sympa ! Belle production ! https:\/\/www.facebook.com\/LeMansTriathlon\/videos\/2939972419437263\/ copier ce lien dans votre barre de recherche","rel":"","context":"Dans &quot;Non class\u00e9&quot;","img":{"alt_text":"","src":"https:\/\/i2.wp.com\/www.montceautriathlon.com\/blog\/wp-content\/uploads\/2020\/09\/IMG_8843.jpg?resize=350%2C200&ssl=1","width":350,"height":200},"classes":[]}],"_links":{"self":[{"href":"https:\/\/www.montceautriathlon.com\/blog\/wp-json\/wp\/v2\/posts\/2378"}],"collection":[{"href":"https:\/\/www.montceautriathlon.com\/blog\/wp-json\/wp\/v2\/posts"}],"about":[{"href":"https:\/\/www.montceautriathlon.com\/blog\/wp-json\/wp\/v2\/types\/post"}],"author":[{"embeddable":true,"href":"https:\/\/www.montceautriathlon.com\/blog\/wp-json\/wp\/v2\/users\/5"}],"replies":[{"embeddable":true,"href":"https:\/\/www.montceautriathlon.com\/blog\/wp-json\/wp\/v2\/comments?post=2378"}],"version-history":[{"count":17,"href":"https:\/\/www.montceautriathlon.com\/blog\/wp-json\/wp\/v2\/posts\/2378\/revisions"}],"predecessor-version":[{"id":2427,"href":"https:\/\/www.montceautriathlon.com\/blog\/wp-json\/wp\/v2\/posts\/2378\/revisions\/2427"}],"wp:attachment":[{"href":"https:\/\/www.montceautriathlon.com\/blog\/wp-json\/wp\/v2\/media?parent=2378"}],"wp:term":[{"taxonomy":"category","embeddable":true,"href":"https:\/\/www.montceautriathlon.com\/blog\/wp-json\/wp\/v2\/categories?post=2378"},{"taxonomy":"post_tag","embeddable":true,"href":"https:\/\/www.montceautriathlon.com\/blog\/wp-json\/wp\/v2\/tags?post=2378"}],"curies":[{"name":"wp","href":"https:\/\/api.w.org\/{rel}","templated":true}]}}