{"id":2353,"date":"2018-10-11T16:05:18","date_gmt":"2018-10-11T15:05:18","guid":{"rendered":"http:\/\/montceautriathlon.com\/blog\/?p=2353"},"modified":"2018-10-11T21:15:13","modified_gmt":"2018-10-11T20:15:13","slug":"dernieres-news-pour-la-coupe-de-france-des-clubs-2018","status":"publish","type":"post","link":"https:\/\/www.montceautriathlon.com\/blog\/2018\/10\/11\/dernieres-news-pour-la-coupe-de-france-des-clubs-2018\/","title":{"rendered":"Derni\u00e8res news pour la Coupe de France des Clubs 2018"},"content":{"rendered":"<p>La start list avec les temps de d\u00e9part vient de sortir : <a href=\"http:\/\/montceautriathlon.com\/blog\/wp-content\/uploads\/2018\/10\/Start_List_CdF_2018_Chrono.pdf\" target=\"_blank\" rel=\"noopener\">cliquez ici<\/a><\/p>\n<p>N&rsquo;oubliez pas de lire le briefing avec toutes les infos utiles : <a href=\"http:\/\/montceautriathlon.com\/blog\/wp-content\/uploads\/2018\/10\/FFTRI-Montceau-Les-Mines-2018-version-3.pdf\" target=\"_blank\" rel=\"noopener\">cliquez ici<\/a><\/p>\n<p>&nbsp;<\/p>\n<p>\u00c7a bosse dur pour vous accueillir et sous un soleil prometteur !\u00a0 A tr\u00e8s vite !<\/p>\n<p><a href=\"http:\/\/montceautriathlon.com\/blog\/wp-content\/uploads\/2018\/10\/20181011_162737.jpg\"><img data-attachment-id=\"2374\" data-permalink=\"https:\/\/www.montceautriathlon.com\/blog\/2018\/10\/11\/dernieres-news-pour-la-coupe-de-france-des-clubs-2018\/20181011_162737\/\" data-orig-file=\"https:\/\/www.montceautriathlon.com\/blog\/wp-content\/uploads\/2018\/10\/20181011_162737.jpg\" data-orig-size=\"3264,2448\" data-comments-opened=\"1\" data-image-meta=\"{&quot;aperture&quot;:&quot;2.2&quot;,&quot;credit&quot;:&quot;&quot;,&quot;camera&quot;:&quot;GT-I9505&quot;,&quot;caption&quot;:&quot;&quot;,&quot;created_timestamp&quot;:&quot;1539275256&quot;,&quot;copyright&quot;:&quot;&quot;,&quot;focal_length&quot;:&quot;4.2&quot;,&quot;iso&quot;:&quot;50&quot;,&quot;shutter_speed&quot;:&quot;0.0019607843137255&quot;,&quot;title&quot;:&quot;&quot;,&quot;orientation&quot;:&quot;1&quot;}\" data-image-title=\"20181011_162737\" data-image-description=\"\" data-image-caption=\"\" data-medium-file=\"https:\/\/www.montceautriathlon.com\/blog\/wp-content\/uploads\/2018\/10\/20181011_162737-300x225.jpg\" data-large-file=\"https:\/\/www.montceautriathlon.com\/blog\/wp-content\/uploads\/2018\/10\/20181011_162737-1024x768.jpg\" loading=\"lazy\" class=\"alignnone size-medium wp-image-2374\" src=\"http:\/\/montceautriathlon.com\/blog\/wp-content\/uploads\/2018\/10\/20181011_162737-300x225.jpg\" alt=\"\" width=\"300\" height=\"225\" srcset=\"https:\/\/www.montceautriathlon.com\/blog\/wp-content\/uploads\/2018\/10\/20181011_162737-300x225.jpg 300w, https:\/\/www.montceautriathlon.com\/blog\/wp-content\/uploads\/2018\/10\/20181011_162737-768x576.jpg 768w, https:\/\/www.montceautriathlon.com\/blog\/wp-content\/uploads\/2018\/10\/20181011_162737-1024x768.jpg 1024w\" sizes=\"(max-width: 300px) 100vw, 300px\" \/><\/a> <a href=\"http:\/\/montceautriathlon.com\/blog\/wp-content\/uploads\/2018\/10\/20181011_144716-1.jpg\"><img data-attachment-id=\"2375\" data-permalink=\"https:\/\/www.montceautriathlon.com\/blog\/2018\/10\/11\/dernieres-news-pour-la-coupe-de-france-des-clubs-2018\/20181011_144716-2\/\" data-orig-file=\"https:\/\/www.montceautriathlon.com\/blog\/wp-content\/uploads\/2018\/10\/20181011_144716-1.jpg\" data-orig-size=\"2448,3264\" data-comments-opened=\"1\" data-image-meta=\"{&quot;aperture&quot;:&quot;2.2&quot;,&quot;credit&quot;:&quot;&quot;,&quot;camera&quot;:&quot;GT-I9505&quot;,&quot;caption&quot;:&quot;&quot;,&quot;created_timestamp&quot;:&quot;1539269236&quot;,&quot;copyright&quot;:&quot;&quot;,&quot;focal_length&quot;:&quot;4.2&quot;,&quot;iso&quot;:&quot;50&quot;,&quot;shutter_speed&quot;:&quot;0.0015243902439024&quot;,&quot;title&quot;:&quot;&quot;,&quot;orientation&quot;:&quot;0&quot;}\" data-image-title=\"20181011_144716\" data-image-description=\"\" data-image-caption=\"\" data-medium-file=\"https:\/\/www.montceautriathlon.com\/blog\/wp-content\/uploads\/2018\/10\/20181011_144716-1-225x300.jpg\" data-large-file=\"https:\/\/www.montceautriathlon.com\/blog\/wp-content\/uploads\/2018\/10\/20181011_144716-1-768x1024.jpg\" loading=\"lazy\" class=\"alignnone size-medium wp-image-2375\" src=\"http:\/\/montceautriathlon.com\/blog\/wp-content\/uploads\/2018\/10\/20181011_144716-1-225x300.jpg\" alt=\"\" width=\"225\" height=\"300\" srcset=\"https:\/\/www.montceautriathlon.com\/blog\/wp-content\/uploads\/2018\/10\/20181011_144716-1-225x300.jpg 225w, https:\/\/www.montceautriathlon.com\/blog\/wp-content\/uploads\/2018\/10\/20181011_144716-1-768x1024.jpg 768w\" sizes=\"(max-width: 225px) 100vw, 225px\" \/><\/a> <a href=\"http:\/\/montceautriathlon.com\/blog\/wp-content\/uploads\/2018\/10\/20181011_153032.jpg\"><img data-attachment-id=\"2373\" data-permalink=\"https:\/\/www.montceautriathlon.com\/blog\/2018\/10\/11\/dernieres-news-pour-la-coupe-de-france-des-clubs-2018\/20181011_153032\/\" data-orig-file=\"https:\/\/www.montceautriathlon.com\/blog\/wp-content\/uploads\/2018\/10\/20181011_153032.jpg\" data-orig-size=\"3264,2448\" data-comments-opened=\"1\" data-image-meta=\"{&quot;aperture&quot;:&quot;2.2&quot;,&quot;credit&quot;:&quot;&quot;,&quot;camera&quot;:&quot;GT-I9505&quot;,&quot;caption&quot;:&quot;&quot;,&quot;created_timestamp&quot;:&quot;1539271832&quot;,&quot;copyright&quot;:&quot;&quot;,&quot;focal_length&quot;:&quot;4.2&quot;,&quot;iso&quot;:&quot;64&quot;,&quot;shutter_speed&quot;:&quot;0.01&quot;,&quot;title&quot;:&quot;&quot;,&quot;orientation&quot;:&quot;1&quot;}\" data-image-title=\"20181011_153032\" data-image-description=\"\" data-image-caption=\"\" data-medium-file=\"https:\/\/www.montceautriathlon.com\/blog\/wp-content\/uploads\/2018\/10\/20181011_153032-300x225.jpg\" data-large-file=\"https:\/\/www.montceautriathlon.com\/blog\/wp-content\/uploads\/2018\/10\/20181011_153032-1024x768.jpg\" loading=\"lazy\" class=\"alignnone size-medium wp-image-2373\" src=\"http:\/\/montceautriathlon.com\/blog\/wp-content\/uploads\/2018\/10\/20181011_153032-300x225.jpg\" alt=\"\" width=\"300\" height=\"225\" srcset=\"https:\/\/www.montceautriathlon.com\/blog\/wp-content\/uploads\/2018\/10\/20181011_153032-300x225.jpg 300w, https:\/\/www.montceautriathlon.com\/blog\/wp-content\/uploads\/2018\/10\/20181011_153032-768x576.jpg 768w, https:\/\/www.montceautriathlon.com\/blog\/wp-content\/uploads\/2018\/10\/20181011_153032-1024x768.jpg 1024w\" sizes=\"(max-width: 300px) 100vw, 300px\" \/><\/a> <a href=\"http:\/\/montceautriathlon.com\/blog\/wp-content\/uploads\/2018\/10\/20181011_162902.jpg\"><img data-attachment-id=\"2370\" data-permalink=\"https:\/\/www.montceautriathlon.com\/blog\/2018\/10\/11\/dernieres-news-pour-la-coupe-de-france-des-clubs-2018\/20181011_162902\/\" data-orig-file=\"https:\/\/www.montceautriathlon.com\/blog\/wp-content\/uploads\/2018\/10\/20181011_162902.jpg\" data-orig-size=\"3264,2448\" data-comments-opened=\"1\" data-image-meta=\"{&quot;aperture&quot;:&quot;2.2&quot;,&quot;credit&quot;:&quot;&quot;,&quot;camera&quot;:&quot;GT-I9505&quot;,&quot;caption&quot;:&quot;&quot;,&quot;created_timestamp&quot;:&quot;1539275342&quot;,&quot;copyright&quot;:&quot;&quot;,&quot;focal_length&quot;:&quot;4.2&quot;,&quot;iso&quot;:&quot;50&quot;,&quot;shutter_speed&quot;:&quot;0.0065789473684211&quot;,&quot;title&quot;:&quot;&quot;,&quot;orientation&quot;:&quot;1&quot;}\" data-image-title=\"20181011_162902\" data-image-description=\"\" data-image-caption=\"\" data-medium-file=\"https:\/\/www.montceautriathlon.com\/blog\/wp-content\/uploads\/2018\/10\/20181011_162902-300x225.jpg\" data-large-file=\"https:\/\/www.montceautriathlon.com\/blog\/wp-content\/uploads\/2018\/10\/20181011_162902-1024x768.jpg\" loading=\"lazy\" class=\"alignnone size-medium wp-image-2370\" src=\"http:\/\/montceautriathlon.com\/blog\/wp-content\/uploads\/2018\/10\/20181011_162902-300x225.jpg\" alt=\"\" width=\"300\" height=\"225\" srcset=\"https:\/\/www.montceautriathlon.com\/blog\/wp-content\/uploads\/2018\/10\/20181011_162902-300x225.jpg 300w, https:\/\/www.montceautriathlon.com\/blog\/wp-content\/uploads\/2018\/10\/20181011_162902-768x576.jpg 768w, https:\/\/www.montceautriathlon.com\/blog\/wp-content\/uploads\/2018\/10\/20181011_162902-1024x768.jpg 1024w\" sizes=\"(max-width: 300px) 100vw, 300px\" \/><\/a><\/p>\n","protected":false},"excerpt":{"rendered":"<p>La start list avec les temps de d\u00e9part vient de sortir : cliquez ici N&rsquo;oubliez pas de lire le briefing avec toutes les infos utiles : cliquez ici &nbsp; \u00c7a bosse dur pour vous accueillir et sous un soleil prometteur !\u00a0 A tr\u00e8s vite !<\/p>\n","protected":false},"author":1,"featured_media":0,"comment_status":"open","ping_status":"open","sticky":false,"template":"","format":"standard","meta":{"spay_email":"","jetpack_publicize_message":"","jetpack_is_tweetstorm":false},"categories":[1],"tags":[],"jetpack_featured_media_url":"","jetpack_publicize_connections":[],"jetpack_sharing_enabled":true,"jetpack_shortlink":"https:\/\/wp.me\/p8bwIy-BX","jetpack-related-posts":[{"id":2814,"url":"https:\/\/www.montceautriathlon.com\/blog\/2019\/05\/17\/12-mai-2019-triathlon-dautun-matin-chagrin\/","url_meta":{"origin":2353,"position":0},"title":"12 mai 2019, Triathlon d&rsquo;Autun : matin chagrin !","date":"17 mai 2019","format":false,"excerpt":"L'eau du plan d'eau du Vallon \u00e0 Autun \u00e9tait particuli\u00e8rement fraiche pour ne pas dire froide(proche des 10\u00b0 !) avec pour cons\u00e9quence la transformation du triathlon S en duathlon et de\u00a0 la premi\u00e8re \u00e9preuve (benjamines et minimes F)\u00a0 des demi-finales jeunes de triathlon zone grand Est qualificatives pour les Championnats\u2026","rel":"","context":"Dans &quot;Non class\u00e9&quot;","img":{"alt_text":"","src":"https:\/\/i1.wp.com\/montceautriathlon.com\/blog\/wp-content\/uploads\/2019\/05\/Autun-12-mai-300x225.jpg?resize=350%2C200","width":350,"height":200},"classes":[]},{"id":5048,"url":"https:\/\/www.montceautriathlon.com\/blog\/2022\/05\/19\/aquathlon-de-montceau-pour-toi-patrick\/","url_meta":{"origin":2353,"position":1},"title":"Aquathlon de Montceau  : Pour toi Patrick.","date":"19 mai 2022","format":false,"excerpt":"Toi qui as organis\u00e9 tant d'aquathlons les premi\u00e8res ann\u00e9es du club, pris tant de responsabilit\u00e9s dans les organisations pr\u00e9c\u00e9dentes, toujours fid\u00e8le, toujours pr\u00e9sent, disponible et jovial et encore dimanche... Tu nous as brutalement quitt\u00e9 mardi soir victime d'un foudroyant arr\u00eat cardiaque. L'aquathlon, le club te doivent tant. C'est gr\u00e2ce \u00e0\u2026","rel":"","context":"Dans &quot;Non class\u00e9&quot;","img":{"alt_text":"","src":"https:\/\/i0.wp.com\/www.montceautriathlon.com\/blog\/wp-content\/uploads\/2022\/05\/P3.jpg?resize=350%2C200&ssl=1","width":350,"height":200},"classes":[]},{"id":2902,"url":"https:\/\/www.montceautriathlon.com\/blog\/2019\/06\/06\/2-06-19-triathlon-des-lacs-de-laube-laube-dun-ironman-pour-nos-gueugnonnais\/","url_meta":{"origin":2353,"position":2},"title":"2\/06\/19, triathlon des Lacs de l&rsquo;Aube : l&rsquo;Aube d&rsquo;un Ironman pour nos gueugnonnais !","date":"6 juin 2019","format":false,"excerpt":"Ce dimanche\u00a0 2 juin, sur la plage de Lusigny\/Barse, la temp\u00e9rature \u00e9tait caniculaire. Cela n'a pas emp\u00each\u00e9 nos deux couples gueugnonnais de terminer ce triathlon distance L \u00e0 la diff\u00e9rence de nombreux triathl\u00e8tes engag\u00e9s. De bonne augure , un mois avant leur objectif de la saison (pour Christophe, Laurent et\u2026","rel":"","context":"Dans &quot;Non class\u00e9&quot;","img":{"alt_text":"","src":"","width":0,"height":0},"classes":[]},{"id":3329,"url":"https:\/\/www.montceautriathlon.com\/blog\/2019\/11\/07\/3-11-19-bike-run-chalon-et-cest-reparti-pour-cette-nouvelle-saison\/","url_meta":{"origin":2353,"position":3},"title":"3\/11\/19, Bike &#038; Run Chalon : Et c&rsquo;est reparti pour cette nouvelle saison !","date":"7 novembre 2019","format":false,"excerpt":"La saison de bike an run est lanc\u00e9e. La premi\u00e8re \u00e9tape avait lieu \u00e0 Chalon sous la pluie qui n'a pas d\u00e9courag\u00e9 la quinzaine d'\u00e9quipages montceliens. Les plus jeunes ont bien tir\u00e9 leur \u00e9pingle du jeu avec deux victoires au scratch. Titouan et El\u00e9a en J1 et Marine et Marius\u2026","rel":"","context":"Dans &quot;Non class\u00e9&quot;","img":{"alt_text":"","src":"","width":0,"height":0},"classes":[]},{"id":3582,"url":"https:\/\/www.montceautriathlon.com\/blog\/2020\/04\/11\/resultats-challenge-bikerun-regional-bon-pour-le-moral\/","url_meta":{"origin":2353,"position":4},"title":"r\u00e9sultats challenge Bike&#038;Run r\u00e9gional : Bon pour le moral !","date":"11 avril 2020","format":false,"excerpt":"A l'heure o\u00f9 les comp\u00e9titions sont \u00e0 l'arr\u00eat, o\u00f9 l'avenir de l'ensemble de nos comp\u00e9titions \u00e0 venir ( \u00e0 proche et moyen terme pour \u00eatre optimiste) semble compromis, les r\u00e9sultats du Challenge R\u00e9gional Bourgogne\/Franche Comt\u00e9 toutes cat\u00e9gories sont tomb\u00e9s. Et ils font chaud au coeur avec notamment les victoire au\u2026","rel":"","context":"Dans &quot;Non class\u00e9&quot;","img":{"alt_text":"","src":"https:\/\/i2.wp.com\/montceautriathlon.com\/blog\/wp-content\/uploads\/2020\/04\/15650166230-213x300.jpg?resize=350%2C200","width":350,"height":200},"classes":[]},{"id":3783,"url":"https:\/\/www.montceautriathlon.com\/blog\/2020\/09\/09\/6-09-2020-triathlon-du-pilon-3-minimes-du-club-qualifies-aux-france\/","url_meta":{"origin":2353,"position":5},"title":"6\/09\/2020, triathlon du Pilon : 3 minimes du club qualifi\u00e9s aux France !","date":"9 septembre 2020","format":false,"excerpt":"Ce dimanche avaient lieu les \u00e9preuves s\u00e9lectives aux championnats de France jeunes de triathlon le 20 septembre prochain chez nous ! Nos jeunes \u00e9taient engag\u00e9s sur les formats XS et S des \u00e9preuves creusotines. F\u00e9licitations \u00e0 Marius Grivault, Antoine Ballet et Marine Da Eira qui se qualifient en minimes avec\u2026","rel":"","context":"Dans &quot;Non class\u00e9&quot;","img":{"alt_text":"","src":"https:\/\/i0.wp.com\/montceautriathlon.com\/blog\/wp-content\/uploads\/2020\/09\/Creusot-3-300x200.jpg?resize=350%2C200","width":350,"height":200},"classes":[]}],"_links":{"self":[{"href":"https:\/\/www.montceautriathlon.com\/blog\/wp-json\/wp\/v2\/posts\/2353"}],"collection":[{"href":"https:\/\/www.montceautriathlon.com\/blog\/wp-json\/wp\/v2\/posts"}],"about":[{"href":"https:\/\/www.montceautriathlon.com\/blog\/wp-json\/wp\/v2\/types\/post"}],"author":[{"embeddable":true,"href":"https:\/\/www.montceautriathlon.com\/blog\/wp-json\/wp\/v2\/users\/1"}],"replies":[{"embeddable":true,"href":"https:\/\/www.montceautriathlon.com\/blog\/wp-json\/wp\/v2\/comments?post=2353"}],"version-history":[{"count":8,"href":"https:\/\/www.montceautriathlon.com\/blog\/wp-json\/wp\/v2\/posts\/2353\/revisions"}],"predecessor-version":[{"id":2376,"href":"https:\/\/www.montceautriathlon.com\/blog\/wp-json\/wp\/v2\/posts\/2353\/revisions\/2376"}],"wp:attachment":[{"href":"https:\/\/www.montceautriathlon.com\/blog\/wp-json\/wp\/v2\/media?parent=2353"}],"wp:term":[{"taxonomy":"category","embeddable":true,"href":"https:\/\/www.montceautriathlon.com\/blog\/wp-json\/wp\/v2\/categories?post=2353"},{"taxonomy":"post_tag","embeddable":true,"href":"https:\/\/www.montceautriathlon.com\/blog\/wp-json\/wp\/v2\/tags?post=2353"}],"curies":[{"name":"wp","href":"https:\/\/api.w.org\/{rel}","templated":true}]}}